{"id":27322,"date":"2022-09-14T13:42:17","date_gmt":"2022-09-14T13:42:17","guid":{"rendered":"https:\/\/www.africa-press.net\/cameroun\/politique\/cameroun-yaounde-va-abriter-des-demain-14-septembre-un-forum-de-deux-jours-sur-la-transformation-digitale"},"modified":"2022-09-14T16:30:36","modified_gmt":"2022-09-14T16:30:36","slug":"cameroun-yaounde-va-abriter-des-demain-14-septembre-un-forum-de-deux-jours-sur-la-transformation-digitale","status":"publish","type":"post","link":"https:\/\/www.africa-press.net\/cameroun\/economie\/cameroun-yaounde-va-abriter-des-demain-14-septembre-un-forum-de-deux-jours-sur-la-transformation-digitale","title":{"rendered":"Cameroun: Yaound\u00e9 va abriter d\u00e8s demain 14 septembre, un forum de deux jours sur la transformation digitale"},"content":{"rendered":"<p><span style=\"color: #ff6600\"><strong>Africa-Press &#8211; Cameroun. <\/strong><\/span>A l\u2019instar d\u2019autres pays de la sous-r\u00e9gion Afrique Centrale, le Cameroun rencontre encore quelques difficult\u00e9s dans le d\u00e9veloppement de ses infrastructures de communication. N\u00e9anmoins, le pays travaille \u00e0 renforcer les syst\u00e8mes d\u2019\u00e9ducation pour doter la main-d\u2019\u0153uvre des comp\u00e9tences ad\u00e9quates, afin de tirer parti des technologies digitales pour promouvoir l\u2019entrepreneuriat et favoriser la transformation digitale des cha\u00eenes de valeur r\u00e9gionales.<\/p>\n<p>C\u2019est dans ce contexte que l&rsquo;Agence nationale des technologies de l&rsquo;information et de la communication (ANTIC) va organiser d\u00e8s demain mercredi 14 septembre, un forum de deux jours sur la transformation digitale \u00e0 Yaound\u00e9. La cr\u00e9ation de startups t\u00e9moigne d\u2019un fort potentiel de cr\u00e9ativit\u00e9 chez les jeunes au Cameroun.<\/p>\n<p>La cr\u00e9ation de p\u00f4les technologiques communautaires constitue un compl\u00e9ment important aux strat\u00e9gies nationales et s\u2019inscrit en soutien au d\u00e9veloppement de startups digitales. Selon l\u2019ANTIC, les cyber-attaques s\u2019av\u00e8rent multiples, \u00e0 l\u2019instar de installation de programmes-espions, programmes pirates, vol d\u2019informations, destructions de sites, fraude li\u00e9e \u00e0 la carte de cr\u00e9dit, usurpation d\u2019identit\u00e9s, fraude commerciale, abus de confiance et escroqueries diverses.<\/p>\n<p>Les experts indiquent que les \u00e9conomies d\u2019Afrique Centrale connaissent un lent progr\u00e8s en mati\u00e8re de cr\u00e9ation d\u2019emplois par le digital, en raison de fortes contraintes structurelles. Moins de 48 personnes sur 100 ont acc\u00e8s \u00e0 l\u2019\u00e9lectricit\u00e9, tandis que le taux d\u2019abonnement au t\u00e9l\u00e9phone mobile (66.9 %) reste inf\u00e9rieur de 10 points \u00e0 la moyenne africaine.<\/p>\n<p>Seules 9 personnes sur 100 utilisent un ordinateur en Afrique centrale, r\u00e9gion dont le tiers (34.2 %) du territoire est couvert par la 4G. Le co\u00fbt \u00e9lev\u00e9 des abonnements explique le faible taux de p\u00e9n\u00e9tration d\u2019Internet, \u00e0 26 % contre 35 % en moyenne en Afrique, ainsi que le peu d\u2019emplois cr\u00e9\u00e9s par le digital.<\/p>\n<p>Conform\u00e9ment au d\u00e9cret n\u00b0 2012\/180 du 10 avril 2012 portant Organisation et fonctionnement de l\u2019ANTIC assure plusieurs missions pour le compte de l\u2019Etat. La promotion et le suivi de l\u2019action des pouvoirs publics en mati\u00e8re de TIC, la r\u00e9gulation, le contr\u00f4le et le suivi des activit\u00e9s li\u00e9es \u00e0 la s\u00e9curit\u00e9 des syst\u00e8mes d\u2019information et des r\u00e9seaux de communications \u00e9lectroniques ainsi qu\u2019\u00e0 la certification \u00e9lectronique, en collaboration avec l\u2019Agence de R\u00e9gulation des T\u00e9l\u00e9communications(ART).<\/p>\n<p><b>Jean Daniel Obama<\/b><\/p>\n<p><strong>Pour plus d&rsquo;informations et d&rsquo;analyses sur la <a href=\"https:\/\/www.africa-press.net\/cameroun\">Cameroun<\/a>, suivez <a href=\"https:\/\/www.africa-press.net\/\">Africa-Press<\/a><\/strong><\/p>\n","protected":false},"excerpt":{"rendered":"<p>Africa-Press &#8211; Cameroun. A l\u2019instar d\u2019autres pays de la sous-r\u00e9gion Afrique Centrale, le Cameroun rencontre encore quelques difficult\u00e9s dans le d\u00e9veloppement de ses infrastructures de communication. N\u00e9anmoins, le pays travaille \u00e0 renforcer les syst\u00e8mes d\u2019\u00e9ducation pour doter la main-d\u2019\u0153uvre des comp\u00e9tences ad\u00e9quates, afin de tirer parti des technologies digitales pour promouvoir l\u2019entrepreneuriat et favoriser la [&hellip;]<\/p>\n","protected":false},"author":82,"featured_media":27321,"comment_status":"open","ping_status":"closed","sticky":false,"template":"","format":"standard","meta":{"footnotes":""},"categories":[3,11,10],"tags":[36,50,49],"class_list":["post-27322","post","type-post","status-publish","format-standard","has-post-thumbnail","hentry","category-economie","category-homepage-french","category-toutes-les-actualites","tag-africa-press","tag-africa-press-cameroun","tag-cameroun"],"yoast_head":"<!-- This site is optimized with the Yoast SEO Premium plugin v26.1 (Yoast SEO v27.0) - https:\/\/yoast.com\/product\/yoast-seo-premium-wordpress\/ -->\n<title>Cameroun: Yaound\u00e9 va abriter d\u00e8s demain 14 septembre, un forum de deux jours sur la transformation digitale - Cameroun<\/title>\n<meta name=\"description\" content=\"A l\u2019instar d\u2019autres pays de la sous-r\u00e9gion Afrique Centrale, le Cameroun rencontre encore quelques difficult\u00e9s dans le d ...\" \/>\n<meta name=\"robots\" content=\"index, follow, max-snippet:-1, max-image-preview:large, max-video-preview:-1\" \/>\n<link rel=\"canonical\" href=\"https:\/\/www.africa-press.net\/cameroun\/economie\/cameroun-yaounde-va-abriter-des-demain-14-septembre-un-forum-de-deux-jours-sur-la-transformation-digitale\" \/>\n<meta property=\"og:locale\" content=\"fr_FR\" \/>\n<meta property=\"og:type\" content=\"article\" \/>\n<meta property=\"og:title\" content=\"Cameroun: Yaound\u00e9 va abriter d\u00e8s demain 14 septembre, un forum de deux jours sur la transformation digitale\" \/>\n<meta property=\"og:description\" content=\"A l\u2019instar d\u2019autres pays de la sous-r\u00e9gion Afrique Centrale, le Cameroun rencontre encore quelques difficult\u00e9s dans le d ...\" \/>\n<meta property=\"og:url\" content=\"https:\/\/www.africa-press.net\/cameroun\/economie\/cameroun-yaounde-va-abriter-des-demain-14-septembre-un-forum-de-deux-jours-sur-la-transformation-digitale\" \/>\n<meta property=\"og:site_name\" content=\"Cameroun\" \/>\n<meta property=\"article:published_time\" content=\"2022-09-14T13:42:17+00:00\" \/>\n<meta property=\"article:modified_time\" content=\"2022-09-14T16:30:36+00:00\" \/>\n<meta property=\"og:image\" content=\"https:\/\/static.africa-press.net\/cameroun\/sites\/57\/2022\/09\/img-632201989fb57.jpg\" \/>\n\t<meta property=\"og:image:width\" content=\"800\" \/>\n\t<meta property=\"og:image:height\" content=\"400\" \/>\n\t<meta property=\"og:image:type\" content=\"image\/jpeg\" \/>\n<meta name=\"author\" content=\"cfeditorfr\" \/>\n<meta name=\"twitter:card\" content=\"summary_large_image\" \/>\n<meta name=\"twitter:label1\" content=\"\u00c9crit par\" \/>\n\t<meta name=\"twitter:data1\" content=\"cfeditorfr\" \/>\n\t<meta name=\"twitter:label2\" content=\"Dur\u00e9e de lecture estim\u00e9e\" \/>\n\t<meta name=\"twitter:data2\" content=\"2 minutes\" \/>\n<script type=\"application\/ld+json\" class=\"yoast-schema-graph\">{\"@context\":\"https:\/\/schema.org\",\"@graph\":[{\"@type\":\"Article\",\"@id\":\"https:\/\/www.africa-press.net\/cameroun\/economie\/cameroun-yaounde-va-abriter-des-demain-14-septembre-un-forum-de-deux-jours-sur-la-transformation-digitale#article\",\"isPartOf\":{\"@id\":\"https:\/\/www.africa-press.net\/cameroun\/economie\/cameroun-yaounde-va-abriter-des-demain-14-septembre-un-forum-de-deux-jours-sur-la-transformation-digitale\"},\"author\":{\"name\":\"cfeditorfr\",\"@id\":\"https:\/\/www.africa-press.net\/cameroun\/#\/schema\/person\/2b1cf3cd81a31e3cd26889ca66d677f1\"},\"headline\":\"Cameroun: Yaound\u00e9 va abriter d\u00e8s demain 14 septembre, un forum de deux jours sur la transformation digitale\",\"datePublished\":\"2022-09-14T13:42:17+00:00\",\"dateModified\":\"2022-09-14T16:30:36+00:00\",\"mainEntityOfPage\":{\"@id\":\"https:\/\/www.africa-press.net\/cameroun\/economie\/cameroun-yaounde-va-abriter-des-demain-14-septembre-un-forum-de-deux-jours-sur-la-transformation-digitale\"},\"wordCount\":432,\"commentCount\":0,\"image\":{\"@id\":\"https:\/\/www.africa-press.net\/cameroun\/economie\/cameroun-yaounde-va-abriter-des-demain-14-septembre-un-forum-de-deux-jours-sur-la-transformation-digitale#primaryimage\"},\"thumbnailUrl\":\"https:\/\/static.africa-press.net\/cameroun\/sites\/57\/2022\/09\/img-632201989fb57.jpg\",\"keywords\":[\"Africa Press\",\"Africa Press-Cameroun\",\"Cameroun\"],\"articleSection\":[\"\u00c9conomie\",\"homepage-french\",\"Toutes les actualit\u00e9s\"],\"inLanguage\":\"fr-FR\",\"potentialAction\":[{\"@type\":\"CommentAction\",\"name\":\"Comment\",\"target\":[\"https:\/\/www.africa-press.net\/cameroun\/economie\/cameroun-yaounde-va-abriter-des-demain-14-septembre-un-forum-de-deux-jours-sur-la-transformation-digitale#respond\"]}]},{\"@type\":\"WebPage\",\"@id\":\"https:\/\/www.africa-press.net\/cameroun\/economie\/cameroun-yaounde-va-abriter-des-demain-14-septembre-un-forum-de-deux-jours-sur-la-transformation-digitale\",\"url\":\"https:\/\/www.africa-press.net\/cameroun\/economie\/cameroun-yaounde-va-abriter-des-demain-14-septembre-un-forum-de-deux-jours-sur-la-transformation-digitale\",\"name\":\"Cameroun: Yaound\u00e9 va abriter d\u00e8s demain 14 septembre, un forum de deux jours sur la transformation digitale - Cameroun\",\"isPartOf\":{\"@id\":\"https:\/\/www.africa-press.net\/cameroun\/#website\"},\"primaryImageOfPage\":{\"@id\":\"https:\/\/www.africa-press.net\/cameroun\/economie\/cameroun-yaounde-va-abriter-des-demain-14-septembre-un-forum-de-deux-jours-sur-la-transformation-digitale#primaryimage\"},\"image\":{\"@id\":\"https:\/\/www.africa-press.net\/cameroun\/economie\/cameroun-yaounde-va-abriter-des-demain-14-septembre-un-forum-de-deux-jours-sur-la-transformation-digitale#primaryimage\"},\"thumbnailUrl\":\"https:\/\/static.africa-press.net\/cameroun\/sites\/57\/2022\/09\/img-632201989fb57.jpg\",\"datePublished\":\"2022-09-14T13:42:17+00:00\",\"dateModified\":\"2022-09-14T16:30:36+00:00\",\"author\":{\"@id\":\"https:\/\/www.africa-press.net\/cameroun\/#\/schema\/person\/2b1cf3cd81a31e3cd26889ca66d677f1\"},\"description\":\"A l\u2019instar d\u2019autres pays de la sous-r\u00e9gion Afrique Centrale, le Cameroun rencontre encore quelques difficult\u00e9s dans le d ...\",\"breadcrumb\":{\"@id\":\"https:\/\/www.africa-press.net\/cameroun\/economie\/cameroun-yaounde-va-abriter-des-demain-14-septembre-un-forum-de-deux-jours-sur-la-transformation-digitale#breadcrumb\"},\"inLanguage\":\"fr-FR\",\"potentialAction\":[{\"@type\":\"ReadAction\",\"target\":[\"https:\/\/www.africa-press.net\/cameroun\/economie\/cameroun-yaounde-va-abriter-des-demain-14-septembre-un-forum-de-deux-jours-sur-la-transformation-digitale\"]}]},{\"@type\":\"ImageObject\",\"inLanguage\":\"fr-FR\",\"@id\":\"https:\/\/www.africa-press.net\/cameroun\/economie\/cameroun-yaounde-va-abriter-des-demain-14-septembre-un-forum-de-deux-jours-sur-la-transformation-digitale#primaryimage\",\"url\":\"https:\/\/static.africa-press.net\/cameroun\/sites\/57\/2022\/09\/img-632201989fb57.jpg\",\"contentUrl\":\"https:\/\/static.africa-press.net\/cameroun\/sites\/57\/2022\/09\/img-632201989fb57.jpg\",\"width\":800,\"height\":400,\"caption\":\"Cameroun: Yaound\u00e9 va abriter d\u00e8s demain 14 septembre, un forum de deux jours sur la transformation digitale\"},{\"@type\":\"BreadcrumbList\",\"@id\":\"https:\/\/www.africa-press.net\/cameroun\/economie\/cameroun-yaounde-va-abriter-des-demain-14-septembre-un-forum-de-deux-jours-sur-la-transformation-digitale#breadcrumb\",\"itemListElement\":[{\"@type\":\"ListItem\",\"position\":1,\"name\":\"Accueil\",\"item\":\"https:\/\/www.africa-press.net\/cameroun\/\"},{\"@type\":\"ListItem\",\"position\":2,\"name\":\"Cameroun: Yaound\u00e9 va abriter d\u00e8s demain 14 septembre, un forum de deux jours sur la transformation digitale\"}]},{\"@type\":\"WebSite\",\"@id\":\"https:\/\/www.africa-press.net\/cameroun\/#website\",\"url\":\"https:\/\/www.africa-press.net\/cameroun\/\",\"name\":\"Cameroun\",\"description\":\"Just another Africa News Agency Sites site\",\"potentialAction\":[{\"@type\":\"SearchAction\",\"target\":{\"@type\":\"EntryPoint\",\"urlTemplate\":\"https:\/\/www.africa-press.net\/cameroun\/?s={search_term_string}\"},\"query-input\":{\"@type\":\"PropertyValueSpecification\",\"valueRequired\":true,\"valueName\":\"search_term_string\"}}],\"inLanguage\":\"fr-FR\"},{\"@type\":\"Person\",\"@id\":\"https:\/\/www.africa-press.net\/cameroun\/#\/schema\/person\/2b1cf3cd81a31e3cd26889ca66d677f1\",\"name\":\"cfeditorfr\"}]}<\/script>\n<!-- \/ Yoast SEO Premium plugin. -->","yoast_head_json":{"title":"Cameroun: Yaound\u00e9 va abriter d\u00e8s demain 14 septembre, un forum de deux jours sur la transformation digitale - Cameroun","description":"A l\u2019instar d\u2019autres pays de la sous-r\u00e9gion Afrique Centrale, le Cameroun rencontre encore quelques difficult\u00e9s dans le d ...","robots":{"index":"index","follow":"follow","max-snippet":"max-snippet:-1","max-image-preview":"max-image-preview:large","max-video-preview":"max-video-preview:-1"},"canonical":"https:\/\/www.africa-press.net\/cameroun\/economie\/cameroun-yaounde-va-abriter-des-demain-14-septembre-un-forum-de-deux-jours-sur-la-transformation-digitale","og_locale":"fr_FR","og_type":"article","og_title":"Cameroun: Yaound\u00e9 va abriter d\u00e8s demain 14 septembre, un forum de deux jours sur la transformation digitale","og_description":"A l\u2019instar d\u2019autres pays de la sous-r\u00e9gion Afrique Centrale, le Cameroun rencontre encore quelques difficult\u00e9s dans le d ...","og_url":"https:\/\/www.africa-press.net\/cameroun\/economie\/cameroun-yaounde-va-abriter-des-demain-14-septembre-un-forum-de-deux-jours-sur-la-transformation-digitale","og_site_name":"Cameroun","article_published_time":"2022-09-14T13:42:17+00:00","article_modified_time":"2022-09-14T16:30:36+00:00","og_image":[{"width":800,"height":400,"url":"https:\/\/static.africa-press.net\/cameroun\/sites\/57\/2022\/09\/img-632201989fb57.jpg","type":"image\/jpeg"}],"author":"cfeditorfr","twitter_card":"summary_large_image","twitter_misc":{"\u00c9crit par":"cfeditorfr","Dur\u00e9e de lecture estim\u00e9e":"2 minutes"},"schema":{"@context":"https:\/\/schema.org","@graph":[{"@type":"Article","@id":"https:\/\/www.africa-press.net\/cameroun\/economie\/cameroun-yaounde-va-abriter-des-demain-14-septembre-un-forum-de-deux-jours-sur-la-transformation-digitale#article","isPartOf":{"@id":"https:\/\/www.africa-press.net\/cameroun\/economie\/cameroun-yaounde-va-abriter-des-demain-14-septembre-un-forum-de-deux-jours-sur-la-transformation-digitale"},"author":{"name":"cfeditorfr","@id":"https:\/\/www.africa-press.net\/cameroun\/#\/schema\/person\/2b1cf3cd81a31e3cd26889ca66d677f1"},"headline":"Cameroun: Yaound\u00e9 va abriter d\u00e8s demain 14 septembre, un forum de deux jours sur la transformation digitale","datePublished":"2022-09-14T13:42:17+00:00","dateModified":"2022-09-14T16:30:36+00:00","mainEntityOfPage":{"@id":"https:\/\/www.africa-press.net\/cameroun\/economie\/cameroun-yaounde-va-abriter-des-demain-14-septembre-un-forum-de-deux-jours-sur-la-transformation-digitale"},"wordCount":432,"commentCount":0,"image":{"@id":"https:\/\/www.africa-press.net\/cameroun\/economie\/cameroun-yaounde-va-abriter-des-demain-14-septembre-un-forum-de-deux-jours-sur-la-transformation-digitale#primaryimage"},"thumbnailUrl":"https:\/\/static.africa-press.net\/cameroun\/sites\/57\/2022\/09\/img-632201989fb57.jpg","keywords":["Africa Press","Africa Press-Cameroun","Cameroun"],"articleSection":["\u00c9conomie","homepage-french","Toutes les actualit\u00e9s"],"inLanguage":"fr-FR","potentialAction":[{"@type":"CommentAction","name":"Comment","target":["https:\/\/www.africa-press.net\/cameroun\/economie\/cameroun-yaounde-va-abriter-des-demain-14-septembre-un-forum-de-deux-jours-sur-la-transformation-digitale#respond"]}]},{"@type":"WebPage","@id":"https:\/\/www.africa-press.net\/cameroun\/economie\/cameroun-yaounde-va-abriter-des-demain-14-septembre-un-forum-de-deux-jours-sur-la-transformation-digitale","url":"https:\/\/www.africa-press.net\/cameroun\/economie\/cameroun-yaounde-va-abriter-des-demain-14-septembre-un-forum-de-deux-jours-sur-la-transformation-digitale","name":"Cameroun: Yaound\u00e9 va abriter d\u00e8s demain 14 septembre, un forum de deux jours sur la transformation digitale - Cameroun","isPartOf":{"@id":"https:\/\/www.africa-press.net\/cameroun\/#website"},"primaryImageOfPage":{"@id":"https:\/\/www.africa-press.net\/cameroun\/economie\/cameroun-yaounde-va-abriter-des-demain-14-septembre-un-forum-de-deux-jours-sur-la-transformation-digitale#primaryimage"},"image":{"@id":"https:\/\/www.africa-press.net\/cameroun\/economie\/cameroun-yaounde-va-abriter-des-demain-14-septembre-un-forum-de-deux-jours-sur-la-transformation-digitale#primaryimage"},"thumbnailUrl":"https:\/\/static.africa-press.net\/cameroun\/sites\/57\/2022\/09\/img-632201989fb57.jpg","datePublished":"2022-09-14T13:42:17+00:00","dateModified":"2022-09-14T16:30:36+00:00","author":{"@id":"https:\/\/www.africa-press.net\/cameroun\/#\/schema\/person\/2b1cf3cd81a31e3cd26889ca66d677f1"},"description":"A l\u2019instar d\u2019autres pays de la sous-r\u00e9gion Afrique Centrale, le Cameroun rencontre encore quelques difficult\u00e9s dans le d ...","breadcrumb":{"@id":"https:\/\/www.africa-press.net\/cameroun\/economie\/cameroun-yaounde-va-abriter-des-demain-14-septembre-un-forum-de-deux-jours-sur-la-transformation-digitale#breadcrumb"},"inLanguage":"fr-FR","potentialAction":[{"@type":"ReadAction","target":["https:\/\/www.africa-press.net\/cameroun\/economie\/cameroun-yaounde-va-abriter-des-demain-14-septembre-un-forum-de-deux-jours-sur-la-transformation-digitale"]}]},{"@type":"ImageObject","inLanguage":"fr-FR","@id":"https:\/\/www.africa-press.net\/cameroun\/economie\/cameroun-yaounde-va-abriter-des-demain-14-septembre-un-forum-de-deux-jours-sur-la-transformation-digitale#primaryimage","url":"https:\/\/static.africa-press.net\/cameroun\/sites\/57\/2022\/09\/img-632201989fb57.jpg","contentUrl":"https:\/\/static.africa-press.net\/cameroun\/sites\/57\/2022\/09\/img-632201989fb57.jpg","width":800,"height":400,"caption":"Cameroun: Yaound\u00e9 va abriter d\u00e8s demain 14 septembre, un forum de deux jours sur la transformation digitale"},{"@type":"BreadcrumbList","@id":"https:\/\/www.africa-press.net\/cameroun\/economie\/cameroun-yaounde-va-abriter-des-demain-14-septembre-un-forum-de-deux-jours-sur-la-transformation-digitale#breadcrumb","itemListElement":[{"@type":"ListItem","position":1,"name":"Accueil","item":"https:\/\/www.africa-press.net\/cameroun\/"},{"@type":"ListItem","position":2,"name":"Cameroun: Yaound\u00e9 va abriter d\u00e8s demain 14 septembre, un forum de deux jours sur la transformation digitale"}]},{"@type":"WebSite","@id":"https:\/\/www.africa-press.net\/cameroun\/#website","url":"https:\/\/www.africa-press.net\/cameroun\/","name":"Cameroun","description":"Just another Africa News Agency Sites site","potentialAction":[{"@type":"SearchAction","target":{"@type":"EntryPoint","urlTemplate":"https:\/\/www.africa-press.net\/cameroun\/?s={search_term_string}"},"query-input":{"@type":"PropertyValueSpecification","valueRequired":true,"valueName":"search_term_string"}}],"inLanguage":"fr-FR"},{"@type":"Person","@id":"https:\/\/www.africa-press.net\/cameroun\/#\/schema\/person\/2b1cf3cd81a31e3cd26889ca66d677f1","name":"cfeditorfr"}]}},"_links":{"self":[{"href":"https:\/\/www.africa-press.net\/cameroun\/wp-json\/wp\/v2\/posts\/27322","targetHints":{"allow":["GET"]}}],"collection":[{"href":"https:\/\/www.africa-press.net\/cameroun\/wp-json\/wp\/v2\/posts"}],"about":[{"href":"https:\/\/www.africa-press.net\/cameroun\/wp-json\/wp\/v2\/types\/post"}],"author":[{"embeddable":true,"href":"https:\/\/www.africa-press.net\/cameroun\/wp-json\/wp\/v2\/users\/82"}],"replies":[{"embeddable":true,"href":"https:\/\/www.africa-press.net\/cameroun\/wp-json\/wp\/v2\/comments?post=27322"}],"version-history":[{"count":0,"href":"https:\/\/www.africa-press.net\/cameroun\/wp-json\/wp\/v2\/posts\/27322\/revisions"}],"wp:featuredmedia":[{"embeddable":true,"href":"https:\/\/www.africa-press.net\/cameroun\/wp-json\/wp\/v2\/media\/27321"}],"wp:attachment":[{"href":"https:\/\/www.africa-press.net\/cameroun\/wp-json\/wp\/v2\/media?parent=27322"}],"wp:term":[{"taxonomy":"category","embeddable":true,"href":"https:\/\/www.africa-press.net\/cameroun\/wp-json\/wp\/v2\/categories?post=27322"},{"taxonomy":"post_tag","embeddable":true,"href":"https:\/\/www.africa-press.net\/cameroun\/wp-json\/wp\/v2\/tags?post=27322"}],"curies":[{"name":"wp","href":"https:\/\/api.w.org\/{rel}","templated":true}]}}