{"id":27325,"date":"2022-09-14T13:49:45","date_gmt":"2022-09-14T13:49:45","guid":{"rendered":"https:\/\/www.africa-press.net\/cameroun\/politique\/regionalisme-le-journaliste-guibai-gatama-murit-lidee-dun-forum-du-grand-nord-en-2023-pour-adresser-les-defis-structurels-du-septentrion"},"modified":"2022-09-14T16:31:05","modified_gmt":"2022-09-14T16:31:05","slug":"regionalisme-le-journaliste-guibai-gatama-murit-lidee-dun-forum-du-grand-nord-en-2023-pour-adresser-les-defis-structurels-du-septentrion","status":"publish","type":"post","link":"https:\/\/www.africa-press.net\/cameroun\/toutes-les-actualites\/regionalisme-le-journaliste-guibai-gatama-murit-lidee-dun-forum-du-grand-nord-en-2023-pour-adresser-les-defis-structurels-du-septentrion","title":{"rendered":"R\u00e9gionalisme: Le journaliste Guiba\u00ef Gatama murit l\u2019id\u00e9e d\u2019un \u00abForum du Grand Nord\u00bb en 2023 pour adresser les d\u00e9fis structurels du septentrion"},"content":{"rendered":"<p><span style=\"color: #ff6600\"><strong>Africa-Press &#8211; Cameroun. <\/strong><\/span>La soci\u00e9t\u00e9 civile du septentrion, \u00e0 l\u2019initiative de son porte-parole le journaliste Guiba\u00ef Gatama, veut \u0153uvrer \u00e0 une meilleure repr\u00e9sentativit\u00e9 des r\u00e9gions de l\u2019Adamaoua, du Nord et de l\u2019Extr\u00eame-Nord dans la vie politique camerounaise. Le coordonnateur du \u00ab <b>Mouvement 10 millions de nordistes<\/b> \u00bb, une organisation de d\u00e9fense des int\u00e9r\u00eats des populations des trois r\u00e9gions sus-\u00e9voqu\u00e9es, murit depuis peu l\u2019id\u00e9e de la tenue d\u2019un grand man\u00e8ge du savoir d\u00e9nomm\u00e9 \u00ab <b>Forum du Grand Nord <\/b>\u00bb. Ce rendez-vous est pr\u00e9vu 2023, et devra r\u00e9unir les fils et filles des trois r\u00e9gions r\u00e9sidant au Cameroun et \u00e0 l\u2019\u00e9tranger, afin <b>\u00ab d\u2019adresser les d\u00e9fis structurels du Cameroun \u00bb. <\/b><\/p>\n<p>Dans une note d\u2019information publi\u00e9e sur son compte Facebook ce mercredi 14 septembre 2022, Guiba\u00ef Gatama rend compte des pr\u00e9paratifs de cette rencontre. \u00ab <b>Une large consultation va \u00eatre lanc\u00e9e au cours des prochaines semaines. Elle permettra aux s\u0153urs et fr\u00e8res des r\u00e9gions de l\u2019Extr\u00eame-Nord, du Nord, de l\u2019Adamaoua ainsi que de notre dynamique et forte diaspora de formuler des propositions d\u2019axes th\u00e9matiques et de modalit\u00e9s d\u2019organisation pour le succ\u00e8s de cet \u00e9v\u00e8nement \u00bb, <\/b>\u00e9crit-il.<\/p>\n<p>Les choses semblent d\u2019ailleurs se pr\u00e9ciser, avec la conception et la validation du logo de cet \u00e9v\u00e9nement, qu\u2019il appelle par ailleurs \u00e0 une large diffusion. \u00ab <b>Le Logo retenu est en libre acc\u00e8s et a vocation \u00e0 \u00eatre repris par tous pour assurer la permanence de ce rendez-vous que nous projetons. Nous vous invitons donc \u00e0 ne pas faire l\u2019\u00e9conomie de son d\u00e9ploiement sur les supports : tee-shirts, casquettes, banni\u00e8re web, profils facebook\/Twitter\/instagram et autres \u2026 <\/b>\u00bb, ajoute Guiba\u00ef Gatama.<\/p>\n<p><strong>Pour plus d&rsquo;informations et d&rsquo;analyses sur la <a href=\"https:\/\/www.africa-press.net\/cameroun\">Cameroun<\/a>, suivez <a href=\"https:\/\/www.africa-press.net\/\">Africa-Press<\/a><\/strong><\/p>\n","protected":false},"excerpt":{"rendered":"<p>Africa-Press &#8211; Cameroun. La soci\u00e9t\u00e9 civile du septentrion, \u00e0 l\u2019initiative de son porte-parole le journaliste Guiba\u00ef Gatama, veut \u0153uvrer \u00e0 une meilleure repr\u00e9sentativit\u00e9 des r\u00e9gions de l\u2019Adamaoua, du Nord et de l\u2019Extr\u00eame-Nord dans la vie politique camerounaise. Le coordonnateur du \u00ab Mouvement 10 millions de nordistes \u00bb, une organisation de d\u00e9fense des int\u00e9r\u00eats des populations [&hellip;]<\/p>\n","protected":false},"author":82,"featured_media":27324,"comment_status":"open","ping_status":"closed","sticky":false,"template":"","format":"standard","meta":{"footnotes":""},"categories":[21,11,10],"tags":[36,50,49],"class_list":["post-27325","post","type-post","status-publish","format-standard","has-post-thumbnail","hentry","category-communaute","category-homepage-french","category-toutes-les-actualites","tag-africa-press","tag-africa-press-cameroun","tag-cameroun"],"yoast_head":"<!-- This site is optimized with the Yoast SEO Premium plugin v26.1 (Yoast SEO v27.0) - https:\/\/yoast.com\/product\/yoast-seo-premium-wordpress\/ -->\n<title>R\u00e9gionalisme: Le journaliste Guiba\u00ef Gatama murit l\u2019id\u00e9e d\u2019un \u00abForum du Grand Nord\u00bb en 2023 pour adresser les d\u00e9fis structurels du septentrion - Cameroun<\/title>\n<meta name=\"description\" content=\"La soci\u00e9t\u00e9 civile du septentrion, \u00e0 l\u2019initiative de son porte-parole le journaliste Guiba\u00ef Gatama, veut \u0153uvrer \u00e0 une mei ...\" \/>\n<meta name=\"robots\" content=\"index, follow, max-snippet:-1, max-image-preview:large, max-video-preview:-1\" \/>\n<link rel=\"canonical\" href=\"https:\/\/www.africa-press.net\/cameroun\/toutes-les-actualites\/regionalisme-le-journaliste-guibai-gatama-murit-lidee-dun-forum-du-grand-nord-en-2023-pour-adresser-les-defis-structurels-du-septentrion\" \/>\n<meta property=\"og:locale\" content=\"fr_FR\" \/>\n<meta property=\"og:type\" content=\"article\" \/>\n<meta property=\"og:title\" content=\"R\u00e9gionalisme: Le journaliste Guiba\u00ef Gatama murit l\u2019id\u00e9e d\u2019un \u00abForum du Grand Nord\u00bb en 2023 pour adresser les d\u00e9fis structurels du septentrion\" \/>\n<meta property=\"og:description\" content=\"La soci\u00e9t\u00e9 civile du septentrion, \u00e0 l\u2019initiative de son porte-parole le journaliste Guiba\u00ef Gatama, veut \u0153uvrer \u00e0 une mei ...\" \/>\n<meta property=\"og:url\" content=\"https:\/\/www.africa-press.net\/cameroun\/toutes-les-actualites\/regionalisme-le-journaliste-guibai-gatama-murit-lidee-dun-forum-du-grand-nord-en-2023-pour-adresser-les-defis-structurels-du-septentrion\" \/>\n<meta property=\"og:site_name\" content=\"Cameroun\" \/>\n<meta property=\"article:published_time\" content=\"2022-09-14T13:49:45+00:00\" \/>\n<meta property=\"article:modified_time\" content=\"2022-09-14T16:31:05+00:00\" \/>\n<meta property=\"og:image\" content=\"https:\/\/static.africa-press.net\/cameroun\/sites\/57\/2022\/09\/img-632201b4b0925.jpg\" \/>\n\t<meta property=\"og:image:width\" content=\"800\" \/>\n\t<meta property=\"og:image:height\" content=\"533\" \/>\n\t<meta property=\"og:image:type\" content=\"image\/jpeg\" \/>\n<meta name=\"author\" content=\"cfeditorfr\" \/>\n<meta name=\"twitter:card\" content=\"summary_large_image\" \/>\n<meta name=\"twitter:label1\" content=\"\u00c9crit par\" \/>\n\t<meta name=\"twitter:data1\" content=\"cfeditorfr\" \/>\n\t<meta name=\"twitter:label2\" content=\"Dur\u00e9e de lecture estim\u00e9e\" \/>\n\t<meta name=\"twitter:data2\" content=\"2 minutes\" \/>\n<script type=\"application\/ld+json\" class=\"yoast-schema-graph\">{\"@context\":\"https:\/\/schema.org\",\"@graph\":[{\"@type\":\"Article\",\"@id\":\"https:\/\/www.africa-press.net\/cameroun\/toutes-les-actualites\/regionalisme-le-journaliste-guibai-gatama-murit-lidee-dun-forum-du-grand-nord-en-2023-pour-adresser-les-defis-structurels-du-septentrion#article\",\"isPartOf\":{\"@id\":\"https:\/\/www.africa-press.net\/cameroun\/toutes-les-actualites\/regionalisme-le-journaliste-guibai-gatama-murit-lidee-dun-forum-du-grand-nord-en-2023-pour-adresser-les-defis-structurels-du-septentrion\"},\"author\":{\"name\":\"cfeditorfr\",\"@id\":\"https:\/\/www.africa-press.net\/cameroun\/#\/schema\/person\/2b1cf3cd81a31e3cd26889ca66d677f1\"},\"headline\":\"R\u00e9gionalisme: Le journaliste Guiba\u00ef Gatama murit l\u2019id\u00e9e d\u2019un \u00abForum du Grand Nord\u00bb en 2023 pour adresser les d\u00e9fis structurels du septentrion\",\"datePublished\":\"2022-09-14T13:49:45+00:00\",\"dateModified\":\"2022-09-14T16:31:05+00:00\",\"mainEntityOfPage\":{\"@id\":\"https:\/\/www.africa-press.net\/cameroun\/toutes-les-actualites\/regionalisme-le-journaliste-guibai-gatama-murit-lidee-dun-forum-du-grand-nord-en-2023-pour-adresser-les-defis-structurels-du-septentrion\"},\"wordCount\":329,\"commentCount\":0,\"image\":{\"@id\":\"https:\/\/www.africa-press.net\/cameroun\/toutes-les-actualites\/regionalisme-le-journaliste-guibai-gatama-murit-lidee-dun-forum-du-grand-nord-en-2023-pour-adresser-les-defis-structurels-du-septentrion#primaryimage\"},\"thumbnailUrl\":\"https:\/\/static.africa-press.net\/cameroun\/sites\/57\/2022\/09\/img-632201b4b0925.jpg\",\"keywords\":[\"Africa Press\",\"Africa Press-Cameroun\",\"Cameroun\"],\"articleSection\":[\"Communaut\u00e9\",\"homepage-french\",\"Toutes les actualit\u00e9s\"],\"inLanguage\":\"fr-FR\",\"potentialAction\":[{\"@type\":\"CommentAction\",\"name\":\"Comment\",\"target\":[\"https:\/\/www.africa-press.net\/cameroun\/toutes-les-actualites\/regionalisme-le-journaliste-guibai-gatama-murit-lidee-dun-forum-du-grand-nord-en-2023-pour-adresser-les-defis-structurels-du-septentrion#respond\"]}]},{\"@type\":\"WebPage\",\"@id\":\"https:\/\/www.africa-press.net\/cameroun\/toutes-les-actualites\/regionalisme-le-journaliste-guibai-gatama-murit-lidee-dun-forum-du-grand-nord-en-2023-pour-adresser-les-defis-structurels-du-septentrion\",\"url\":\"https:\/\/www.africa-press.net\/cameroun\/toutes-les-actualites\/regionalisme-le-journaliste-guibai-gatama-murit-lidee-dun-forum-du-grand-nord-en-2023-pour-adresser-les-defis-structurels-du-septentrion\",\"name\":\"R\u00e9gionalisme: Le journaliste Guiba\u00ef Gatama murit l\u2019id\u00e9e d\u2019un \u00abForum du Grand Nord\u00bb en 2023 pour adresser les d\u00e9fis structurels du septentrion - Cameroun\",\"isPartOf\":{\"@id\":\"https:\/\/www.africa-press.net\/cameroun\/#website\"},\"primaryImageOfPage\":{\"@id\":\"https:\/\/www.africa-press.net\/cameroun\/toutes-les-actualites\/regionalisme-le-journaliste-guibai-gatama-murit-lidee-dun-forum-du-grand-nord-en-2023-pour-adresser-les-defis-structurels-du-septentrion#primaryimage\"},\"image\":{\"@id\":\"https:\/\/www.africa-press.net\/cameroun\/toutes-les-actualites\/regionalisme-le-journaliste-guibai-gatama-murit-lidee-dun-forum-du-grand-nord-en-2023-pour-adresser-les-defis-structurels-du-septentrion#primaryimage\"},\"thumbnailUrl\":\"https:\/\/static.africa-press.net\/cameroun\/sites\/57\/2022\/09\/img-632201b4b0925.jpg\",\"datePublished\":\"2022-09-14T13:49:45+00:00\",\"dateModified\":\"2022-09-14T16:31:05+00:00\",\"author\":{\"@id\":\"https:\/\/www.africa-press.net\/cameroun\/#\/schema\/person\/2b1cf3cd81a31e3cd26889ca66d677f1\"},\"description\":\"La soci\u00e9t\u00e9 civile du septentrion, \u00e0 l\u2019initiative de son porte-parole le journaliste Guiba\u00ef Gatama, veut \u0153uvrer \u00e0 une mei ...\",\"breadcrumb\":{\"@id\":\"https:\/\/www.africa-press.net\/cameroun\/toutes-les-actualites\/regionalisme-le-journaliste-guibai-gatama-murit-lidee-dun-forum-du-grand-nord-en-2023-pour-adresser-les-defis-structurels-du-septentrion#breadcrumb\"},\"inLanguage\":\"fr-FR\",\"potentialAction\":[{\"@type\":\"ReadAction\",\"target\":[\"https:\/\/www.africa-press.net\/cameroun\/toutes-les-actualites\/regionalisme-le-journaliste-guibai-gatama-murit-lidee-dun-forum-du-grand-nord-en-2023-pour-adresser-les-defis-structurels-du-septentrion\"]}]},{\"@type\":\"ImageObject\",\"inLanguage\":\"fr-FR\",\"@id\":\"https:\/\/www.africa-press.net\/cameroun\/toutes-les-actualites\/regionalisme-le-journaliste-guibai-gatama-murit-lidee-dun-forum-du-grand-nord-en-2023-pour-adresser-les-defis-structurels-du-septentrion#primaryimage\",\"url\":\"https:\/\/static.africa-press.net\/cameroun\/sites\/57\/2022\/09\/img-632201b4b0925.jpg\",\"contentUrl\":\"https:\/\/static.africa-press.net\/cameroun\/sites\/57\/2022\/09\/img-632201b4b0925.jpg\",\"width\":800,\"height\":533,\"caption\":\"R\u00e9gionalisme: Le journaliste Guiba\u00ef Gatama murit l\u2019id\u00e9e d\u2019un \u00abForum du Grand Nord\u00bb en 2023 pour adresser les d\u00e9fis structurels du septentrion\"},{\"@type\":\"BreadcrumbList\",\"@id\":\"https:\/\/www.africa-press.net\/cameroun\/toutes-les-actualites\/regionalisme-le-journaliste-guibai-gatama-murit-lidee-dun-forum-du-grand-nord-en-2023-pour-adresser-les-defis-structurels-du-septentrion#breadcrumb\",\"itemListElement\":[{\"@type\":\"ListItem\",\"position\":1,\"name\":\"Accueil\",\"item\":\"https:\/\/www.africa-press.net\/cameroun\/\"},{\"@type\":\"ListItem\",\"position\":2,\"name\":\"R\u00e9gionalisme: Le journaliste Guiba\u00ef Gatama murit l\u2019id\u00e9e d\u2019un \u00abForum du Grand Nord\u00bb en 2023 pour adresser les d\u00e9fis structurels du septentrion\"}]},{\"@type\":\"WebSite\",\"@id\":\"https:\/\/www.africa-press.net\/cameroun\/#website\",\"url\":\"https:\/\/www.africa-press.net\/cameroun\/\",\"name\":\"Cameroun\",\"description\":\"Just another Africa News Agency Sites site\",\"potentialAction\":[{\"@type\":\"SearchAction\",\"target\":{\"@type\":\"EntryPoint\",\"urlTemplate\":\"https:\/\/www.africa-press.net\/cameroun\/?s={search_term_string}\"},\"query-input\":{\"@type\":\"PropertyValueSpecification\",\"valueRequired\":true,\"valueName\":\"search_term_string\"}}],\"inLanguage\":\"fr-FR\"},{\"@type\":\"Person\",\"@id\":\"https:\/\/www.africa-press.net\/cameroun\/#\/schema\/person\/2b1cf3cd81a31e3cd26889ca66d677f1\",\"name\":\"cfeditorfr\"}]}<\/script>\n<!-- \/ Yoast SEO Premium plugin. -->","yoast_head_json":{"title":"R\u00e9gionalisme: Le journaliste Guiba\u00ef Gatama murit l\u2019id\u00e9e d\u2019un \u00abForum du Grand Nord\u00bb en 2023 pour adresser les d\u00e9fis structurels du septentrion - Cameroun","description":"La soci\u00e9t\u00e9 civile du septentrion, \u00e0 l\u2019initiative de son porte-parole le journaliste Guiba\u00ef Gatama, veut \u0153uvrer \u00e0 une mei ...","robots":{"index":"index","follow":"follow","max-snippet":"max-snippet:-1","max-image-preview":"max-image-preview:large","max-video-preview":"max-video-preview:-1"},"canonical":"https:\/\/www.africa-press.net\/cameroun\/toutes-les-actualites\/regionalisme-le-journaliste-guibai-gatama-murit-lidee-dun-forum-du-grand-nord-en-2023-pour-adresser-les-defis-structurels-du-septentrion","og_locale":"fr_FR","og_type":"article","og_title":"R\u00e9gionalisme: Le journaliste Guiba\u00ef Gatama murit l\u2019id\u00e9e d\u2019un \u00abForum du Grand Nord\u00bb en 2023 pour adresser les d\u00e9fis structurels du septentrion","og_description":"La soci\u00e9t\u00e9 civile du septentrion, \u00e0 l\u2019initiative de son porte-parole le journaliste Guiba\u00ef Gatama, veut \u0153uvrer \u00e0 une mei ...","og_url":"https:\/\/www.africa-press.net\/cameroun\/toutes-les-actualites\/regionalisme-le-journaliste-guibai-gatama-murit-lidee-dun-forum-du-grand-nord-en-2023-pour-adresser-les-defis-structurels-du-septentrion","og_site_name":"Cameroun","article_published_time":"2022-09-14T13:49:45+00:00","article_modified_time":"2022-09-14T16:31:05+00:00","og_image":[{"width":800,"height":533,"url":"https:\/\/static.africa-press.net\/cameroun\/sites\/57\/2022\/09\/img-632201b4b0925.jpg","type":"image\/jpeg"}],"author":"cfeditorfr","twitter_card":"summary_large_image","twitter_misc":{"\u00c9crit par":"cfeditorfr","Dur\u00e9e de lecture estim\u00e9e":"2 minutes"},"schema":{"@context":"https:\/\/schema.org","@graph":[{"@type":"Article","@id":"https:\/\/www.africa-press.net\/cameroun\/toutes-les-actualites\/regionalisme-le-journaliste-guibai-gatama-murit-lidee-dun-forum-du-grand-nord-en-2023-pour-adresser-les-defis-structurels-du-septentrion#article","isPartOf":{"@id":"https:\/\/www.africa-press.net\/cameroun\/toutes-les-actualites\/regionalisme-le-journaliste-guibai-gatama-murit-lidee-dun-forum-du-grand-nord-en-2023-pour-adresser-les-defis-structurels-du-septentrion"},"author":{"name":"cfeditorfr","@id":"https:\/\/www.africa-press.net\/cameroun\/#\/schema\/person\/2b1cf3cd81a31e3cd26889ca66d677f1"},"headline":"R\u00e9gionalisme: Le journaliste Guiba\u00ef Gatama murit l\u2019id\u00e9e d\u2019un \u00abForum du Grand Nord\u00bb en 2023 pour adresser les d\u00e9fis structurels du septentrion","datePublished":"2022-09-14T13:49:45+00:00","dateModified":"2022-09-14T16:31:05+00:00","mainEntityOfPage":{"@id":"https:\/\/www.africa-press.net\/cameroun\/toutes-les-actualites\/regionalisme-le-journaliste-guibai-gatama-murit-lidee-dun-forum-du-grand-nord-en-2023-pour-adresser-les-defis-structurels-du-septentrion"},"wordCount":329,"commentCount":0,"image":{"@id":"https:\/\/www.africa-press.net\/cameroun\/toutes-les-actualites\/regionalisme-le-journaliste-guibai-gatama-murit-lidee-dun-forum-du-grand-nord-en-2023-pour-adresser-les-defis-structurels-du-septentrion#primaryimage"},"thumbnailUrl":"https:\/\/static.africa-press.net\/cameroun\/sites\/57\/2022\/09\/img-632201b4b0925.jpg","keywords":["Africa Press","Africa Press-Cameroun","Cameroun"],"articleSection":["Communaut\u00e9","homepage-french","Toutes les actualit\u00e9s"],"inLanguage":"fr-FR","potentialAction":[{"@type":"CommentAction","name":"Comment","target":["https:\/\/www.africa-press.net\/cameroun\/toutes-les-actualites\/regionalisme-le-journaliste-guibai-gatama-murit-lidee-dun-forum-du-grand-nord-en-2023-pour-adresser-les-defis-structurels-du-septentrion#respond"]}]},{"@type":"WebPage","@id":"https:\/\/www.africa-press.net\/cameroun\/toutes-les-actualites\/regionalisme-le-journaliste-guibai-gatama-murit-lidee-dun-forum-du-grand-nord-en-2023-pour-adresser-les-defis-structurels-du-septentrion","url":"https:\/\/www.africa-press.net\/cameroun\/toutes-les-actualites\/regionalisme-le-journaliste-guibai-gatama-murit-lidee-dun-forum-du-grand-nord-en-2023-pour-adresser-les-defis-structurels-du-septentrion","name":"R\u00e9gionalisme: Le journaliste Guiba\u00ef Gatama murit l\u2019id\u00e9e d\u2019un \u00abForum du Grand Nord\u00bb en 2023 pour adresser les d\u00e9fis structurels du septentrion - Cameroun","isPartOf":{"@id":"https:\/\/www.africa-press.net\/cameroun\/#website"},"primaryImageOfPage":{"@id":"https:\/\/www.africa-press.net\/cameroun\/toutes-les-actualites\/regionalisme-le-journaliste-guibai-gatama-murit-lidee-dun-forum-du-grand-nord-en-2023-pour-adresser-les-defis-structurels-du-septentrion#primaryimage"},"image":{"@id":"https:\/\/www.africa-press.net\/cameroun\/toutes-les-actualites\/regionalisme-le-journaliste-guibai-gatama-murit-lidee-dun-forum-du-grand-nord-en-2023-pour-adresser-les-defis-structurels-du-septentrion#primaryimage"},"thumbnailUrl":"https:\/\/static.africa-press.net\/cameroun\/sites\/57\/2022\/09\/img-632201b4b0925.jpg","datePublished":"2022-09-14T13:49:45+00:00","dateModified":"2022-09-14T16:31:05+00:00","author":{"@id":"https:\/\/www.africa-press.net\/cameroun\/#\/schema\/person\/2b1cf3cd81a31e3cd26889ca66d677f1"},"description":"La soci\u00e9t\u00e9 civile du septentrion, \u00e0 l\u2019initiative de son porte-parole le journaliste Guiba\u00ef Gatama, veut \u0153uvrer \u00e0 une mei ...","breadcrumb":{"@id":"https:\/\/www.africa-press.net\/cameroun\/toutes-les-actualites\/regionalisme-le-journaliste-guibai-gatama-murit-lidee-dun-forum-du-grand-nord-en-2023-pour-adresser-les-defis-structurels-du-septentrion#breadcrumb"},"inLanguage":"fr-FR","potentialAction":[{"@type":"ReadAction","target":["https:\/\/www.africa-press.net\/cameroun\/toutes-les-actualites\/regionalisme-le-journaliste-guibai-gatama-murit-lidee-dun-forum-du-grand-nord-en-2023-pour-adresser-les-defis-structurels-du-septentrion"]}]},{"@type":"ImageObject","inLanguage":"fr-FR","@id":"https:\/\/www.africa-press.net\/cameroun\/toutes-les-actualites\/regionalisme-le-journaliste-guibai-gatama-murit-lidee-dun-forum-du-grand-nord-en-2023-pour-adresser-les-defis-structurels-du-septentrion#primaryimage","url":"https:\/\/static.africa-press.net\/cameroun\/sites\/57\/2022\/09\/img-632201b4b0925.jpg","contentUrl":"https:\/\/static.africa-press.net\/cameroun\/sites\/57\/2022\/09\/img-632201b4b0925.jpg","width":800,"height":533,"caption":"R\u00e9gionalisme: Le journaliste Guiba\u00ef Gatama murit l\u2019id\u00e9e d\u2019un \u00abForum du Grand Nord\u00bb en 2023 pour adresser les d\u00e9fis structurels du septentrion"},{"@type":"BreadcrumbList","@id":"https:\/\/www.africa-press.net\/cameroun\/toutes-les-actualites\/regionalisme-le-journaliste-guibai-gatama-murit-lidee-dun-forum-du-grand-nord-en-2023-pour-adresser-les-defis-structurels-du-septentrion#breadcrumb","itemListElement":[{"@type":"ListItem","position":1,"name":"Accueil","item":"https:\/\/www.africa-press.net\/cameroun\/"},{"@type":"ListItem","position":2,"name":"R\u00e9gionalisme: Le journaliste Guiba\u00ef Gatama murit l\u2019id\u00e9e d\u2019un \u00abForum du Grand Nord\u00bb en 2023 pour adresser les d\u00e9fis structurels du septentrion"}]},{"@type":"WebSite","@id":"https:\/\/www.africa-press.net\/cameroun\/#website","url":"https:\/\/www.africa-press.net\/cameroun\/","name":"Cameroun","description":"Just another Africa News Agency Sites site","potentialAction":[{"@type":"SearchAction","target":{"@type":"EntryPoint","urlTemplate":"https:\/\/www.africa-press.net\/cameroun\/?s={search_term_string}"},"query-input":{"@type":"PropertyValueSpecification","valueRequired":true,"valueName":"search_term_string"}}],"inLanguage":"fr-FR"},{"@type":"Person","@id":"https:\/\/www.africa-press.net\/cameroun\/#\/schema\/person\/2b1cf3cd81a31e3cd26889ca66d677f1","name":"cfeditorfr"}]}},"_links":{"self":[{"href":"https:\/\/www.africa-press.net\/cameroun\/wp-json\/wp\/v2\/posts\/27325","targetHints":{"allow":["GET"]}}],"collection":[{"href":"https:\/\/www.africa-press.net\/cameroun\/wp-json\/wp\/v2\/posts"}],"about":[{"href":"https:\/\/www.africa-press.net\/cameroun\/wp-json\/wp\/v2\/types\/post"}],"author":[{"embeddable":true,"href":"https:\/\/www.africa-press.net\/cameroun\/wp-json\/wp\/v2\/users\/82"}],"replies":[{"embeddable":true,"href":"https:\/\/www.africa-press.net\/cameroun\/wp-json\/wp\/v2\/comments?post=27325"}],"version-history":[{"count":0,"href":"https:\/\/www.africa-press.net\/cameroun\/wp-json\/wp\/v2\/posts\/27325\/revisions"}],"wp:featuredmedia":[{"embeddable":true,"href":"https:\/\/www.africa-press.net\/cameroun\/wp-json\/wp\/v2\/media\/27324"}],"wp:attachment":[{"href":"https:\/\/www.africa-press.net\/cameroun\/wp-json\/wp\/v2\/media?parent=27325"}],"wp:term":[{"taxonomy":"category","embeddable":true,"href":"https:\/\/www.africa-press.net\/cameroun\/wp-json\/wp\/v2\/categories?post=27325"},{"taxonomy":"post_tag","embeddable":true,"href":"https:\/\/www.africa-press.net\/cameroun\/wp-json\/wp\/v2\/tags?post=27325"}],"curies":[{"name":"wp","href":"https:\/\/api.w.org\/{rel}","templated":true}]}}