{"id":27328,"date":"2022-09-14T13:53:15","date_gmt":"2022-09-14T13:53:15","guid":{"rendered":"https:\/\/www.africa-press.net\/cameroun\/politique\/collectivites-territoriales-les-conseillers-municipaux-de-maroua-3e-extreme-nord-veulent-la-tete-du-maire-hamidou-sadou"},"modified":"2022-09-14T16:31:34","modified_gmt":"2022-09-14T16:31:34","slug":"collectivites-territoriales-les-conseillers-municipaux-de-maroua-3e-extreme-nord-veulent-la-tete-du-maire-hamidou-sadou","status":"publish","type":"post","link":"https:\/\/www.africa-press.net\/cameroun\/toutes-les-actualites\/collectivites-territoriales-les-conseillers-municipaux-de-maroua-3e-extreme-nord-veulent-la-tete-du-maire-hamidou-sadou","title":{"rendered":"Collectivit\u00e9s territoriales: Les conseillers municipaux de Maroua 3e (Extr\u00eame-Nord) veulent la t\u00eate du maire Hamidou Sadou"},"content":{"rendered":"<p><span style=\"color: #ff6600\"><strong>Africa-Press &#8211; Cameroun. <\/strong><\/span>Le maire de la commune de Maroua 3e, Hamidou Sadou, est sur le gril des conseillers municipaux de cette municipalit\u00e9 de l\u2019Extr\u00eame-Nord qui revendiquent sa t\u00eate. Ils ont saisi le Pr\u00e9fet du Diamar\u00e9, Jean-Marc Ekoa Mbarga, pour d\u00e9noncer la gestion opaque du maire et son absent\u00e9isme exag\u00e9r\u00e9 au sein de sa commune. Le quotidien <b>Le Jour<\/b> indique dans sa parution de ce mercredi 14 septembre 2022 que l\u2019homme \u00e0 la man\u0153uvre est le conseiller Mahamat Abouya, qui s\u2019est r\u00e9uni avec la vingtaine de conseillers municipaux de la commune de Maroua 3e pour exiger la tenue d\u2019une session extraordinaire du conseil municipal, afin d\u2019examiner la gestion du maire depuis son \u00e9lection en f\u00e9vrier 2020.<\/p>\n<p>\u00ab <b>Figurez-vous aujourd&rsquo;hui que le maire ait tenu \u00e0 l&rsquo;\u00e9cart certains de ses adjoints pour se rapprocher d&rsquo;un conseiller en la personne d&rsquo;Ahmadou Toukour qui le repr\u00e9sente m\u00eame parfois lors des c\u00e9r\u00e9monies, alors que tous ses adjoints sont l\u00e0 \u00e0 ronger leurs freins<\/b> \u00bb, \u00e9crivent les conseillers au pr\u00e9fet du Diamar\u00e9. <b>\u00ab Si vous l&rsquo;avez remarqu\u00e9 lors de la c\u00e9r\u00e9monie de remise des fournitures scolaires aux \u00e9l\u00e8ves et certains dons \u00e0 la population, aucun conseiller municipal n&rsquo;\u00e9tait pr\u00e9sent encore moins ses adjoints <\/b>\u00bb, rench\u00e9rissent-ils.<\/p>\n<p>Ces conseillers municipaux disent avoir saisi le comit\u00e9 central du Rassemblement D\u00e9mocratique du Peuple Camerounais (RDPC) au contr\u00f4le de cette commune, pour d\u00e9noncer les griefs qui sont reproch\u00e9s au maire Hamidou Sadou. Ce dernier a r\u00e9agi \u00e0 ces accusations dans les colonnes du journal <b>Le Jour<\/b>, et d\u00e9plore une manipulation orchestr\u00e9e par certains conseillers municipaux jaloux. \u00ab <b>C\u2019est un ancien collaborateur qui fournit des fausses informations aux conseillers municipaux contre moi. Il a \u00e9t\u00e9 chass\u00e9 par moi de la commune. J\u2019ai \u00e9t\u00e9 \u00e9lu par tous les conseillers municipaux, m\u00eame ceux de l\u2019opposition. Je n\u2019ai pas peur de repartir aux urnes \u00bb<\/b>, a d\u00e9clar\u00e9 Hamidou Sadou.<\/p>\n<p><strong>Pour plus d&rsquo;informations et d&rsquo;analyses sur la <a href=\"https:\/\/www.africa-press.net\/cameroun\">Cameroun<\/a>, suivez <a href=\"https:\/\/www.africa-press.net\/\">Africa-Press<\/a><\/strong><\/p>\n","protected":false},"excerpt":{"rendered":"<p>Africa-Press &#8211; Cameroun. Le maire de la commune de Maroua 3e, Hamidou Sadou, est sur le gril des conseillers municipaux de cette municipalit\u00e9 de l\u2019Extr\u00eame-Nord qui revendiquent sa t\u00eate. Ils ont saisi le Pr\u00e9fet du Diamar\u00e9, Jean-Marc Ekoa Mbarga, pour d\u00e9noncer la gestion opaque du maire et son absent\u00e9isme exag\u00e9r\u00e9 au sein de sa commune. [&hellip;]<\/p>\n","protected":false},"author":82,"featured_media":27327,"comment_status":"open","ping_status":"closed","sticky":false,"template":"","format":"standard","meta":{"footnotes":""},"categories":[21,11,10],"tags":[36,50,49],"class_list":["post-27328","post","type-post","status-publish","format-standard","has-post-thumbnail","hentry","category-communaute","category-homepage-french","category-toutes-les-actualites","tag-africa-press","tag-africa-press-cameroun","tag-cameroun"],"yoast_head":"<!-- This site is optimized with the Yoast SEO Premium plugin v26.1 (Yoast SEO v27.0) - https:\/\/yoast.com\/product\/yoast-seo-premium-wordpress\/ -->\n<title>Collectivit\u00e9s territoriales: Les conseillers municipaux de Maroua 3e (Extr\u00eame-Nord) veulent la t\u00eate du maire Hamidou Sadou - Cameroun<\/title>\n<meta name=\"description\" content=\"Le maire de la commune de Maroua 3e, Hamidou Sadou, est sur le gril des conseillers municipaux de cette municipalit\u00e9 de ...\" \/>\n<meta name=\"robots\" content=\"index, follow, max-snippet:-1, max-image-preview:large, max-video-preview:-1\" \/>\n<link rel=\"canonical\" href=\"https:\/\/www.africa-press.net\/cameroun\/toutes-les-actualites\/collectivites-territoriales-les-conseillers-municipaux-de-maroua-3e-extreme-nord-veulent-la-tete-du-maire-hamidou-sadou\" \/>\n<meta property=\"og:locale\" content=\"fr_FR\" \/>\n<meta property=\"og:type\" content=\"article\" \/>\n<meta property=\"og:title\" content=\"Collectivit\u00e9s territoriales: Les conseillers municipaux de Maroua 3e (Extr\u00eame-Nord) veulent la t\u00eate du maire Hamidou Sadou\" \/>\n<meta property=\"og:description\" content=\"Le maire de la commune de Maroua 3e, Hamidou Sadou, est sur le gril des conseillers municipaux de cette municipalit\u00e9 de ...\" \/>\n<meta property=\"og:url\" content=\"https:\/\/www.africa-press.net\/cameroun\/toutes-les-actualites\/collectivites-territoriales-les-conseillers-municipaux-de-maroua-3e-extreme-nord-veulent-la-tete-du-maire-hamidou-sadou\" \/>\n<meta property=\"og:site_name\" content=\"Cameroun\" \/>\n<meta property=\"article:published_time\" content=\"2022-09-14T13:53:15+00:00\" \/>\n<meta property=\"article:modified_time\" content=\"2022-09-14T16:31:34+00:00\" \/>\n<meta property=\"og:image\" content=\"https:\/\/static.africa-press.net\/cameroun\/sites\/57\/2022\/09\/img-632201d281190.jpg\" \/>\n\t<meta property=\"og:image:width\" content=\"800\" \/>\n\t<meta property=\"og:image:height\" content=\"599\" \/>\n\t<meta property=\"og:image:type\" content=\"image\/jpeg\" \/>\n<meta name=\"author\" content=\"cfeditorfr\" \/>\n<meta name=\"twitter:card\" content=\"summary_large_image\" \/>\n<meta name=\"twitter:label1\" content=\"\u00c9crit par\" \/>\n\t<meta name=\"twitter:data1\" content=\"cfeditorfr\" \/>\n\t<meta name=\"twitter:label2\" content=\"Dur\u00e9e de lecture estim\u00e9e\" \/>\n\t<meta name=\"twitter:data2\" content=\"2 minutes\" \/>\n<script type=\"application\/ld+json\" class=\"yoast-schema-graph\">{\"@context\":\"https:\/\/schema.org\",\"@graph\":[{\"@type\":\"Article\",\"@id\":\"https:\/\/www.africa-press.net\/cameroun\/toutes-les-actualites\/collectivites-territoriales-les-conseillers-municipaux-de-maroua-3e-extreme-nord-veulent-la-tete-du-maire-hamidou-sadou#article\",\"isPartOf\":{\"@id\":\"https:\/\/www.africa-press.net\/cameroun\/toutes-les-actualites\/collectivites-territoriales-les-conseillers-municipaux-de-maroua-3e-extreme-nord-veulent-la-tete-du-maire-hamidou-sadou\"},\"author\":{\"name\":\"cfeditorfr\",\"@id\":\"https:\/\/www.africa-press.net\/cameroun\/#\/schema\/person\/2b1cf3cd81a31e3cd26889ca66d677f1\"},\"headline\":\"Collectivit\u00e9s territoriales: Les conseillers municipaux de Maroua 3e (Extr\u00eame-Nord) veulent la t\u00eate du maire Hamidou Sadou\",\"datePublished\":\"2022-09-14T13:53:15+00:00\",\"dateModified\":\"2022-09-14T16:31:34+00:00\",\"mainEntityOfPage\":{\"@id\":\"https:\/\/www.africa-press.net\/cameroun\/toutes-les-actualites\/collectivites-territoriales-les-conseillers-municipaux-de-maroua-3e-extreme-nord-veulent-la-tete-du-maire-hamidou-sadou\"},\"wordCount\":365,\"commentCount\":0,\"image\":{\"@id\":\"https:\/\/www.africa-press.net\/cameroun\/toutes-les-actualites\/collectivites-territoriales-les-conseillers-municipaux-de-maroua-3e-extreme-nord-veulent-la-tete-du-maire-hamidou-sadou#primaryimage\"},\"thumbnailUrl\":\"https:\/\/static.africa-press.net\/cameroun\/sites\/57\/2022\/09\/img-632201d281190.jpg\",\"keywords\":[\"Africa Press\",\"Africa Press-Cameroun\",\"Cameroun\"],\"articleSection\":[\"Communaut\u00e9\",\"homepage-french\",\"Toutes les actualit\u00e9s\"],\"inLanguage\":\"fr-FR\",\"potentialAction\":[{\"@type\":\"CommentAction\",\"name\":\"Comment\",\"target\":[\"https:\/\/www.africa-press.net\/cameroun\/toutes-les-actualites\/collectivites-territoriales-les-conseillers-municipaux-de-maroua-3e-extreme-nord-veulent-la-tete-du-maire-hamidou-sadou#respond\"]}]},{\"@type\":\"WebPage\",\"@id\":\"https:\/\/www.africa-press.net\/cameroun\/toutes-les-actualites\/collectivites-territoriales-les-conseillers-municipaux-de-maroua-3e-extreme-nord-veulent-la-tete-du-maire-hamidou-sadou\",\"url\":\"https:\/\/www.africa-press.net\/cameroun\/toutes-les-actualites\/collectivites-territoriales-les-conseillers-municipaux-de-maroua-3e-extreme-nord-veulent-la-tete-du-maire-hamidou-sadou\",\"name\":\"Collectivit\u00e9s territoriales: Les conseillers municipaux de Maroua 3e (Extr\u00eame-Nord) veulent la t\u00eate du maire Hamidou Sadou - Cameroun\",\"isPartOf\":{\"@id\":\"https:\/\/www.africa-press.net\/cameroun\/#website\"},\"primaryImageOfPage\":{\"@id\":\"https:\/\/www.africa-press.net\/cameroun\/toutes-les-actualites\/collectivites-territoriales-les-conseillers-municipaux-de-maroua-3e-extreme-nord-veulent-la-tete-du-maire-hamidou-sadou#primaryimage\"},\"image\":{\"@id\":\"https:\/\/www.africa-press.net\/cameroun\/toutes-les-actualites\/collectivites-territoriales-les-conseillers-municipaux-de-maroua-3e-extreme-nord-veulent-la-tete-du-maire-hamidou-sadou#primaryimage\"},\"thumbnailUrl\":\"https:\/\/static.africa-press.net\/cameroun\/sites\/57\/2022\/09\/img-632201d281190.jpg\",\"datePublished\":\"2022-09-14T13:53:15+00:00\",\"dateModified\":\"2022-09-14T16:31:34+00:00\",\"author\":{\"@id\":\"https:\/\/www.africa-press.net\/cameroun\/#\/schema\/person\/2b1cf3cd81a31e3cd26889ca66d677f1\"},\"description\":\"Le maire de la commune de Maroua 3e, Hamidou Sadou, est sur le gril des conseillers municipaux de cette municipalit\u00e9 de ...\",\"breadcrumb\":{\"@id\":\"https:\/\/www.africa-press.net\/cameroun\/toutes-les-actualites\/collectivites-territoriales-les-conseillers-municipaux-de-maroua-3e-extreme-nord-veulent-la-tete-du-maire-hamidou-sadou#breadcrumb\"},\"inLanguage\":\"fr-FR\",\"potentialAction\":[{\"@type\":\"ReadAction\",\"target\":[\"https:\/\/www.africa-press.net\/cameroun\/toutes-les-actualites\/collectivites-territoriales-les-conseillers-municipaux-de-maroua-3e-extreme-nord-veulent-la-tete-du-maire-hamidou-sadou\"]}]},{\"@type\":\"ImageObject\",\"inLanguage\":\"fr-FR\",\"@id\":\"https:\/\/www.africa-press.net\/cameroun\/toutes-les-actualites\/collectivites-territoriales-les-conseillers-municipaux-de-maroua-3e-extreme-nord-veulent-la-tete-du-maire-hamidou-sadou#primaryimage\",\"url\":\"https:\/\/static.africa-press.net\/cameroun\/sites\/57\/2022\/09\/img-632201d281190.jpg\",\"contentUrl\":\"https:\/\/static.africa-press.net\/cameroun\/sites\/57\/2022\/09\/img-632201d281190.jpg\",\"width\":800,\"height\":599,\"caption\":\"Collectivit\u00e9s territoriales: Les conseillers municipaux de Maroua 3e (Extr\u00eame-Nord) veulent la t\u00eate du maire Hamidou Sadou\"},{\"@type\":\"BreadcrumbList\",\"@id\":\"https:\/\/www.africa-press.net\/cameroun\/toutes-les-actualites\/collectivites-territoriales-les-conseillers-municipaux-de-maroua-3e-extreme-nord-veulent-la-tete-du-maire-hamidou-sadou#breadcrumb\",\"itemListElement\":[{\"@type\":\"ListItem\",\"position\":1,\"name\":\"Accueil\",\"item\":\"https:\/\/www.africa-press.net\/cameroun\/\"},{\"@type\":\"ListItem\",\"position\":2,\"name\":\"Collectivit\u00e9s territoriales: Les conseillers municipaux de Maroua 3e (Extr\u00eame-Nord) veulent la t\u00eate du maire Hamidou Sadou\"}]},{\"@type\":\"WebSite\",\"@id\":\"https:\/\/www.africa-press.net\/cameroun\/#website\",\"url\":\"https:\/\/www.africa-press.net\/cameroun\/\",\"name\":\"Cameroun\",\"description\":\"Just another Africa News Agency Sites site\",\"potentialAction\":[{\"@type\":\"SearchAction\",\"target\":{\"@type\":\"EntryPoint\",\"urlTemplate\":\"https:\/\/www.africa-press.net\/cameroun\/?s={search_term_string}\"},\"query-input\":{\"@type\":\"PropertyValueSpecification\",\"valueRequired\":true,\"valueName\":\"search_term_string\"}}],\"inLanguage\":\"fr-FR\"},{\"@type\":\"Person\",\"@id\":\"https:\/\/www.africa-press.net\/cameroun\/#\/schema\/person\/2b1cf3cd81a31e3cd26889ca66d677f1\",\"name\":\"cfeditorfr\"}]}<\/script>\n<!-- \/ Yoast SEO Premium plugin. -->","yoast_head_json":{"title":"Collectivit\u00e9s territoriales: Les conseillers municipaux de Maroua 3e (Extr\u00eame-Nord) veulent la t\u00eate du maire Hamidou Sadou - Cameroun","description":"Le maire de la commune de Maroua 3e, Hamidou Sadou, est sur le gril des conseillers municipaux de cette municipalit\u00e9 de ...","robots":{"index":"index","follow":"follow","max-snippet":"max-snippet:-1","max-image-preview":"max-image-preview:large","max-video-preview":"max-video-preview:-1"},"canonical":"https:\/\/www.africa-press.net\/cameroun\/toutes-les-actualites\/collectivites-territoriales-les-conseillers-municipaux-de-maroua-3e-extreme-nord-veulent-la-tete-du-maire-hamidou-sadou","og_locale":"fr_FR","og_type":"article","og_title":"Collectivit\u00e9s territoriales: Les conseillers municipaux de Maroua 3e (Extr\u00eame-Nord) veulent la t\u00eate du maire Hamidou Sadou","og_description":"Le maire de la commune de Maroua 3e, Hamidou Sadou, est sur le gril des conseillers municipaux de cette municipalit\u00e9 de ...","og_url":"https:\/\/www.africa-press.net\/cameroun\/toutes-les-actualites\/collectivites-territoriales-les-conseillers-municipaux-de-maroua-3e-extreme-nord-veulent-la-tete-du-maire-hamidou-sadou","og_site_name":"Cameroun","article_published_time":"2022-09-14T13:53:15+00:00","article_modified_time":"2022-09-14T16:31:34+00:00","og_image":[{"width":800,"height":599,"url":"https:\/\/static.africa-press.net\/cameroun\/sites\/57\/2022\/09\/img-632201d281190.jpg","type":"image\/jpeg"}],"author":"cfeditorfr","twitter_card":"summary_large_image","twitter_misc":{"\u00c9crit par":"cfeditorfr","Dur\u00e9e de lecture estim\u00e9e":"2 minutes"},"schema":{"@context":"https:\/\/schema.org","@graph":[{"@type":"Article","@id":"https:\/\/www.africa-press.net\/cameroun\/toutes-les-actualites\/collectivites-territoriales-les-conseillers-municipaux-de-maroua-3e-extreme-nord-veulent-la-tete-du-maire-hamidou-sadou#article","isPartOf":{"@id":"https:\/\/www.africa-press.net\/cameroun\/toutes-les-actualites\/collectivites-territoriales-les-conseillers-municipaux-de-maroua-3e-extreme-nord-veulent-la-tete-du-maire-hamidou-sadou"},"author":{"name":"cfeditorfr","@id":"https:\/\/www.africa-press.net\/cameroun\/#\/schema\/person\/2b1cf3cd81a31e3cd26889ca66d677f1"},"headline":"Collectivit\u00e9s territoriales: Les conseillers municipaux de Maroua 3e (Extr\u00eame-Nord) veulent la t\u00eate du maire Hamidou Sadou","datePublished":"2022-09-14T13:53:15+00:00","dateModified":"2022-09-14T16:31:34+00:00","mainEntityOfPage":{"@id":"https:\/\/www.africa-press.net\/cameroun\/toutes-les-actualites\/collectivites-territoriales-les-conseillers-municipaux-de-maroua-3e-extreme-nord-veulent-la-tete-du-maire-hamidou-sadou"},"wordCount":365,"commentCount":0,"image":{"@id":"https:\/\/www.africa-press.net\/cameroun\/toutes-les-actualites\/collectivites-territoriales-les-conseillers-municipaux-de-maroua-3e-extreme-nord-veulent-la-tete-du-maire-hamidou-sadou#primaryimage"},"thumbnailUrl":"https:\/\/static.africa-press.net\/cameroun\/sites\/57\/2022\/09\/img-632201d281190.jpg","keywords":["Africa Press","Africa Press-Cameroun","Cameroun"],"articleSection":["Communaut\u00e9","homepage-french","Toutes les actualit\u00e9s"],"inLanguage":"fr-FR","potentialAction":[{"@type":"CommentAction","name":"Comment","target":["https:\/\/www.africa-press.net\/cameroun\/toutes-les-actualites\/collectivites-territoriales-les-conseillers-municipaux-de-maroua-3e-extreme-nord-veulent-la-tete-du-maire-hamidou-sadou#respond"]}]},{"@type":"WebPage","@id":"https:\/\/www.africa-press.net\/cameroun\/toutes-les-actualites\/collectivites-territoriales-les-conseillers-municipaux-de-maroua-3e-extreme-nord-veulent-la-tete-du-maire-hamidou-sadou","url":"https:\/\/www.africa-press.net\/cameroun\/toutes-les-actualites\/collectivites-territoriales-les-conseillers-municipaux-de-maroua-3e-extreme-nord-veulent-la-tete-du-maire-hamidou-sadou","name":"Collectivit\u00e9s territoriales: Les conseillers municipaux de Maroua 3e (Extr\u00eame-Nord) veulent la t\u00eate du maire Hamidou Sadou - Cameroun","isPartOf":{"@id":"https:\/\/www.africa-press.net\/cameroun\/#website"},"primaryImageOfPage":{"@id":"https:\/\/www.africa-press.net\/cameroun\/toutes-les-actualites\/collectivites-territoriales-les-conseillers-municipaux-de-maroua-3e-extreme-nord-veulent-la-tete-du-maire-hamidou-sadou#primaryimage"},"image":{"@id":"https:\/\/www.africa-press.net\/cameroun\/toutes-les-actualites\/collectivites-territoriales-les-conseillers-municipaux-de-maroua-3e-extreme-nord-veulent-la-tete-du-maire-hamidou-sadou#primaryimage"},"thumbnailUrl":"https:\/\/static.africa-press.net\/cameroun\/sites\/57\/2022\/09\/img-632201d281190.jpg","datePublished":"2022-09-14T13:53:15+00:00","dateModified":"2022-09-14T16:31:34+00:00","author":{"@id":"https:\/\/www.africa-press.net\/cameroun\/#\/schema\/person\/2b1cf3cd81a31e3cd26889ca66d677f1"},"description":"Le maire de la commune de Maroua 3e, Hamidou Sadou, est sur le gril des conseillers municipaux de cette municipalit\u00e9 de ...","breadcrumb":{"@id":"https:\/\/www.africa-press.net\/cameroun\/toutes-les-actualites\/collectivites-territoriales-les-conseillers-municipaux-de-maroua-3e-extreme-nord-veulent-la-tete-du-maire-hamidou-sadou#breadcrumb"},"inLanguage":"fr-FR","potentialAction":[{"@type":"ReadAction","target":["https:\/\/www.africa-press.net\/cameroun\/toutes-les-actualites\/collectivites-territoriales-les-conseillers-municipaux-de-maroua-3e-extreme-nord-veulent-la-tete-du-maire-hamidou-sadou"]}]},{"@type":"ImageObject","inLanguage":"fr-FR","@id":"https:\/\/www.africa-press.net\/cameroun\/toutes-les-actualites\/collectivites-territoriales-les-conseillers-municipaux-de-maroua-3e-extreme-nord-veulent-la-tete-du-maire-hamidou-sadou#primaryimage","url":"https:\/\/static.africa-press.net\/cameroun\/sites\/57\/2022\/09\/img-632201d281190.jpg","contentUrl":"https:\/\/static.africa-press.net\/cameroun\/sites\/57\/2022\/09\/img-632201d281190.jpg","width":800,"height":599,"caption":"Collectivit\u00e9s territoriales: Les conseillers municipaux de Maroua 3e (Extr\u00eame-Nord) veulent la t\u00eate du maire Hamidou Sadou"},{"@type":"BreadcrumbList","@id":"https:\/\/www.africa-press.net\/cameroun\/toutes-les-actualites\/collectivites-territoriales-les-conseillers-municipaux-de-maroua-3e-extreme-nord-veulent-la-tete-du-maire-hamidou-sadou#breadcrumb","itemListElement":[{"@type":"ListItem","position":1,"name":"Accueil","item":"https:\/\/www.africa-press.net\/cameroun\/"},{"@type":"ListItem","position":2,"name":"Collectivit\u00e9s territoriales: Les conseillers municipaux de Maroua 3e (Extr\u00eame-Nord) veulent la t\u00eate du maire Hamidou Sadou"}]},{"@type":"WebSite","@id":"https:\/\/www.africa-press.net\/cameroun\/#website","url":"https:\/\/www.africa-press.net\/cameroun\/","name":"Cameroun","description":"Just another Africa News Agency Sites site","potentialAction":[{"@type":"SearchAction","target":{"@type":"EntryPoint","urlTemplate":"https:\/\/www.africa-press.net\/cameroun\/?s={search_term_string}"},"query-input":{"@type":"PropertyValueSpecification","valueRequired":true,"valueName":"search_term_string"}}],"inLanguage":"fr-FR"},{"@type":"Person","@id":"https:\/\/www.africa-press.net\/cameroun\/#\/schema\/person\/2b1cf3cd81a31e3cd26889ca66d677f1","name":"cfeditorfr"}]}},"_links":{"self":[{"href":"https:\/\/www.africa-press.net\/cameroun\/wp-json\/wp\/v2\/posts\/27328","targetHints":{"allow":["GET"]}}],"collection":[{"href":"https:\/\/www.africa-press.net\/cameroun\/wp-json\/wp\/v2\/posts"}],"about":[{"href":"https:\/\/www.africa-press.net\/cameroun\/wp-json\/wp\/v2\/types\/post"}],"author":[{"embeddable":true,"href":"https:\/\/www.africa-press.net\/cameroun\/wp-json\/wp\/v2\/users\/82"}],"replies":[{"embeddable":true,"href":"https:\/\/www.africa-press.net\/cameroun\/wp-json\/wp\/v2\/comments?post=27328"}],"version-history":[{"count":0,"href":"https:\/\/www.africa-press.net\/cameroun\/wp-json\/wp\/v2\/posts\/27328\/revisions"}],"wp:featuredmedia":[{"embeddable":true,"href":"https:\/\/www.africa-press.net\/cameroun\/wp-json\/wp\/v2\/media\/27327"}],"wp:attachment":[{"href":"https:\/\/www.africa-press.net\/cameroun\/wp-json\/wp\/v2\/media?parent=27328"}],"wp:term":[{"taxonomy":"category","embeddable":true,"href":"https:\/\/www.africa-press.net\/cameroun\/wp-json\/wp\/v2\/categories?post=27328"},{"taxonomy":"post_tag","embeddable":true,"href":"https:\/\/www.africa-press.net\/cameroun\/wp-json\/wp\/v2\/tags?post=27328"}],"curies":[{"name":"wp","href":"https:\/\/api.w.org\/{rel}","templated":true}]}}