{"id":27346,"date":"2022-09-14T14:38:56","date_gmt":"2022-09-14T14:38:56","guid":{"rendered":"https:\/\/www.africa-press.net\/cameroun\/politique\/partenariat-public-prive-une-delegation-de-lafd-en-mission-au-cameroun"},"modified":"2022-09-14T16:35:27","modified_gmt":"2022-09-14T16:35:27","slug":"partenariat-public-prive-une-delegation-de-lafd-en-mission-au-cameroun","status":"publish","type":"post","link":"https:\/\/www.africa-press.net\/cameroun\/toutes-les-actualites\/partenariat-public-prive-une-delegation-de-lafd-en-mission-au-cameroun","title":{"rendered":"Partenariat public-priv\u00e9\u00a0: une d\u00e9l\u00e9gation de l\u2019AFD en mission au Cameroun"},"content":{"rendered":"<p><span style=\"color: #ff6600\"><strong>Africa-Press &#8211; Cameroun. <\/strong><\/span>Une \u00e9quipe conjointe Agence Fran\u00e7aise de D\u00e9veloppement-Expertise France s\u00e9journe au Cameroun.<\/p>\n<p>L\u2019AFD veut accompagner le Cameroun dans le d\u00e9veloppement du Partenariat public-priv\u00e9 (PPP). C\u2019est l\u2019objectif de la mission qu\u2019effectue au Cameroun du 12 au 23 septembre 2022, l\u2019\u00e9quipe conjointe Agence Fran\u00e7aise de D\u00e9veloppement-Expertise France.<\/p>\n<p>Cette mission s\u2019inscrit dans le cadre des activit\u00e9s du Projet \u00ab <b>Facilit\u00e9 multi-pays pour l\u2019appui au d\u00e9veloppement des PPP<\/b> \u00bb, initi\u00e9 par l\u2019AFD. Elle entend rencontrer les responsables du Conseil d\u2019Appui \u00e0 la R\u00e9alisation des Contrats de Partenariat (Unit\u00e9 PPP du Cameroun) et les responsables des administrations sectorielles porteuses des projets susceptibles d\u2019\u00eatre r\u00e9alis\u00e9s en mode Partenariat Public-Priv\u00e9.<\/p>\n<p>La d\u00e9l\u00e9gation conduite par Assiba Djemaoun et Carole Devidal, respectivement Coordonnatrice PPP de l\u2019AFD et R\u00e9f\u00e9rente PPP pour Expertise France, a \u00e9t\u00e9 re\u00e7ue par le Minepat, en sa qualit\u00e9 de tutelle technique de l\u2019Unit\u00e9 PPP du Cameroun.<\/p>\n<p>Au cours de cette rencontre, Alamine Ousmane MEY et ses h\u00f4tes ont \u00e9chang\u00e9 sur les contours et enjeux du Projet \u00ab <b>Facilit\u00e9 multi-pays pour l\u2019appui au d\u00e9veloppement des PPP<\/b> \u00bb.<\/p>\n<p>Selon la Coordonnatrice PPP de l\u2019AFD, ce projet vise globalement \u00e0 accompagner certains pays africains partenaires de la France, dans le d\u00e9veloppement des Partenariats Public-Priv\u00e9. De mani\u00e8re sp\u00e9cifique, il est question de soutenir ces pays \u00e0 travers deux grandes composantes.<\/p>\n<p>La premi\u00e8re porte sur l\u2019identification et la s\u00e9lection des projets pour la constitution d\u2019un pipeline de projets susceptibles d\u2019\u00eatre r\u00e9alis\u00e9s en mode PPP. La deuxi\u00e8me composante a trait au renforcement des capacit\u00e9s des acteurs publics op\u00e9rant dans le domaine des PPP, \u00e0 l\u2019effet de garantir une meilleure pr\u00e9paration et ex\u00e9cution des projets.<\/p>\n<p>\u00ab <b>Dans le cadre de cette mission, il s\u2019agit de prioriser ces projets, afin d\u2019en retenir 2 ou 3 qui feraient l\u2019objet d\u2019une \u00e9tude de pr\u00e9faisabilit\u00e9 et d\u2019une contractualisation en mode PPP (\u2026). L\u2019id\u00e9e ici \u00e9tant de parvenir \u00e0 des projets qui pr\u00e9sentent un r\u00e9el app\u00e9tit pour le secteur priv\u00e9<\/b> \u00bb, a fait savoir le pr\u00e9sident du CARPA.<\/p>\n<p><strong>Pour plus d&rsquo;informations et d&rsquo;analyses sur la <a href=\"https:\/\/www.africa-press.net\/cameroun\">Cameroun<\/a>, suivez <a href=\"https:\/\/www.africa-press.net\/\">Africa-Press<\/a><\/strong><\/p>\n","protected":false},"excerpt":{"rendered":"<p>Africa-Press &#8211; Cameroun. Une \u00e9quipe conjointe Agence Fran\u00e7aise de D\u00e9veloppement-Expertise France s\u00e9journe au Cameroun. L\u2019AFD veut accompagner le Cameroun dans le d\u00e9veloppement du Partenariat public-priv\u00e9 (PPP). C\u2019est l\u2019objectif de la mission qu\u2019effectue au Cameroun du 12 au 23 septembre 2022, l\u2019\u00e9quipe conjointe Agence Fran\u00e7aise de D\u00e9veloppement-Expertise France. Cette mission s\u2019inscrit dans le cadre des activit\u00e9s [&hellip;]<\/p>\n","protected":false},"author":82,"featured_media":27345,"comment_status":"open","ping_status":"closed","sticky":false,"template":"","format":"standard","meta":{"footnotes":""},"categories":[21,11,10],"tags":[36,50,49],"class_list":["post-27346","post","type-post","status-publish","format-standard","has-post-thumbnail","hentry","category-communaute","category-homepage-french","category-toutes-les-actualites","tag-africa-press","tag-africa-press-cameroun","tag-cameroun"],"yoast_head":"<!-- This site is optimized with the Yoast SEO Premium plugin v26.1 (Yoast SEO v27.0) - https:\/\/yoast.com\/product\/yoast-seo-premium-wordpress\/ -->\n<title>Partenariat public-priv\u00e9\u00a0: une d\u00e9l\u00e9gation de l\u2019AFD en mission au Cameroun - Cameroun<\/title>\n<meta name=\"description\" content=\"Une \u00e9quipe conjointe Agence Fran\u00e7aise de D\u00e9veloppement-Expertise France s\u00e9journe au Cameroun. L\u2019AFD veut accompagne ...\" \/>\n<meta name=\"robots\" content=\"index, follow, max-snippet:-1, max-image-preview:large, max-video-preview:-1\" \/>\n<link rel=\"canonical\" href=\"https:\/\/www.africa-press.net\/cameroun\/toutes-les-actualites\/partenariat-public-prive-une-delegation-de-lafd-en-mission-au-cameroun\" \/>\n<meta property=\"og:locale\" content=\"fr_FR\" \/>\n<meta property=\"og:type\" content=\"article\" \/>\n<meta property=\"og:title\" content=\"Partenariat public-priv\u00e9\u00a0: une d\u00e9l\u00e9gation de l\u2019AFD en mission au Cameroun\" \/>\n<meta property=\"og:description\" content=\"Une \u00e9quipe conjointe Agence Fran\u00e7aise de D\u00e9veloppement-Expertise France s\u00e9journe au Cameroun. L\u2019AFD veut accompagne ...\" \/>\n<meta property=\"og:url\" content=\"https:\/\/www.africa-press.net\/cameroun\/toutes-les-actualites\/partenariat-public-prive-une-delegation-de-lafd-en-mission-au-cameroun\" \/>\n<meta property=\"og:site_name\" content=\"Cameroun\" \/>\n<meta property=\"article:published_time\" content=\"2022-09-14T14:38:56+00:00\" \/>\n<meta property=\"article:modified_time\" content=\"2022-09-14T16:35:27+00:00\" \/>\n<meta property=\"og:image\" content=\"https:\/\/static.africa-press.net\/cameroun\/sites\/57\/2022\/09\/img-632202aae2faa.jpg\" \/>\n\t<meta property=\"og:image:width\" content=\"750\" \/>\n\t<meta property=\"og:image:height\" content=\"350\" \/>\n\t<meta property=\"og:image:type\" content=\"image\/jpeg\" \/>\n<meta name=\"author\" content=\"cfeditorfr\" \/>\n<meta name=\"twitter:card\" content=\"summary_large_image\" \/>\n<meta name=\"twitter:label1\" content=\"\u00c9crit par\" \/>\n\t<meta name=\"twitter:data1\" content=\"cfeditorfr\" \/>\n\t<meta name=\"twitter:label2\" content=\"Dur\u00e9e de lecture estim\u00e9e\" \/>\n\t<meta name=\"twitter:data2\" content=\"2 minutes\" \/>\n<script type=\"application\/ld+json\" class=\"yoast-schema-graph\">{\"@context\":\"https:\/\/schema.org\",\"@graph\":[{\"@type\":\"Article\",\"@id\":\"https:\/\/www.africa-press.net\/cameroun\/toutes-les-actualites\/partenariat-public-prive-une-delegation-de-lafd-en-mission-au-cameroun#article\",\"isPartOf\":{\"@id\":\"https:\/\/www.africa-press.net\/cameroun\/toutes-les-actualites\/partenariat-public-prive-une-delegation-de-lafd-en-mission-au-cameroun\"},\"author\":{\"name\":\"cfeditorfr\",\"@id\":\"https:\/\/www.africa-press.net\/cameroun\/#\/schema\/person\/2b1cf3cd81a31e3cd26889ca66d677f1\"},\"headline\":\"Partenariat public-priv\u00e9\u00a0: une d\u00e9l\u00e9gation de l\u2019AFD en mission au Cameroun\",\"datePublished\":\"2022-09-14T14:38:56+00:00\",\"dateModified\":\"2022-09-14T16:35:27+00:00\",\"mainEntityOfPage\":{\"@id\":\"https:\/\/www.africa-press.net\/cameroun\/toutes-les-actualites\/partenariat-public-prive-une-delegation-de-lafd-en-mission-au-cameroun\"},\"wordCount\":390,\"commentCount\":0,\"image\":{\"@id\":\"https:\/\/www.africa-press.net\/cameroun\/toutes-les-actualites\/partenariat-public-prive-une-delegation-de-lafd-en-mission-au-cameroun#primaryimage\"},\"thumbnailUrl\":\"https:\/\/static.africa-press.net\/cameroun\/sites\/57\/2022\/09\/img-632202aae2faa.jpg\",\"keywords\":[\"Africa Press\",\"Africa Press-Cameroun\",\"Cameroun\"],\"articleSection\":[\"Communaut\u00e9\",\"homepage-french\",\"Toutes les actualit\u00e9s\"],\"inLanguage\":\"fr-FR\",\"potentialAction\":[{\"@type\":\"CommentAction\",\"name\":\"Comment\",\"target\":[\"https:\/\/www.africa-press.net\/cameroun\/toutes-les-actualites\/partenariat-public-prive-une-delegation-de-lafd-en-mission-au-cameroun#respond\"]}]},{\"@type\":\"WebPage\",\"@id\":\"https:\/\/www.africa-press.net\/cameroun\/toutes-les-actualites\/partenariat-public-prive-une-delegation-de-lafd-en-mission-au-cameroun\",\"url\":\"https:\/\/www.africa-press.net\/cameroun\/toutes-les-actualites\/partenariat-public-prive-une-delegation-de-lafd-en-mission-au-cameroun\",\"name\":\"Partenariat public-priv\u00e9\u00a0: une d\u00e9l\u00e9gation de l\u2019AFD en mission au Cameroun - Cameroun\",\"isPartOf\":{\"@id\":\"https:\/\/www.africa-press.net\/cameroun\/#website\"},\"primaryImageOfPage\":{\"@id\":\"https:\/\/www.africa-press.net\/cameroun\/toutes-les-actualites\/partenariat-public-prive-une-delegation-de-lafd-en-mission-au-cameroun#primaryimage\"},\"image\":{\"@id\":\"https:\/\/www.africa-press.net\/cameroun\/toutes-les-actualites\/partenariat-public-prive-une-delegation-de-lafd-en-mission-au-cameroun#primaryimage\"},\"thumbnailUrl\":\"https:\/\/static.africa-press.net\/cameroun\/sites\/57\/2022\/09\/img-632202aae2faa.jpg\",\"datePublished\":\"2022-09-14T14:38:56+00:00\",\"dateModified\":\"2022-09-14T16:35:27+00:00\",\"author\":{\"@id\":\"https:\/\/www.africa-press.net\/cameroun\/#\/schema\/person\/2b1cf3cd81a31e3cd26889ca66d677f1\"},\"description\":\"Une \u00e9quipe conjointe Agence Fran\u00e7aise de D\u00e9veloppement-Expertise France s\u00e9journe au Cameroun. L\u2019AFD veut accompagne ...\",\"breadcrumb\":{\"@id\":\"https:\/\/www.africa-press.net\/cameroun\/toutes-les-actualites\/partenariat-public-prive-une-delegation-de-lafd-en-mission-au-cameroun#breadcrumb\"},\"inLanguage\":\"fr-FR\",\"potentialAction\":[{\"@type\":\"ReadAction\",\"target\":[\"https:\/\/www.africa-press.net\/cameroun\/toutes-les-actualites\/partenariat-public-prive-une-delegation-de-lafd-en-mission-au-cameroun\"]}]},{\"@type\":\"ImageObject\",\"inLanguage\":\"fr-FR\",\"@id\":\"https:\/\/www.africa-press.net\/cameroun\/toutes-les-actualites\/partenariat-public-prive-une-delegation-de-lafd-en-mission-au-cameroun#primaryimage\",\"url\":\"https:\/\/static.africa-press.net\/cameroun\/sites\/57\/2022\/09\/img-632202aae2faa.jpg\",\"contentUrl\":\"https:\/\/static.africa-press.net\/cameroun\/sites\/57\/2022\/09\/img-632202aae2faa.jpg\",\"width\":750,\"height\":350,\"caption\":\"Partenariat public-priv\u00e9\u00a0: une d\u00e9l\u00e9gation de l\u2019AFD en mission au Cameroun\"},{\"@type\":\"BreadcrumbList\",\"@id\":\"https:\/\/www.africa-press.net\/cameroun\/toutes-les-actualites\/partenariat-public-prive-une-delegation-de-lafd-en-mission-au-cameroun#breadcrumb\",\"itemListElement\":[{\"@type\":\"ListItem\",\"position\":1,\"name\":\"Accueil\",\"item\":\"https:\/\/www.africa-press.net\/cameroun\/\"},{\"@type\":\"ListItem\",\"position\":2,\"name\":\"Partenariat public-priv\u00e9\u00a0: une d\u00e9l\u00e9gation de l\u2019AFD en mission au Cameroun\"}]},{\"@type\":\"WebSite\",\"@id\":\"https:\/\/www.africa-press.net\/cameroun\/#website\",\"url\":\"https:\/\/www.africa-press.net\/cameroun\/\",\"name\":\"Cameroun\",\"description\":\"Just another Africa News Agency Sites site\",\"potentialAction\":[{\"@type\":\"SearchAction\",\"target\":{\"@type\":\"EntryPoint\",\"urlTemplate\":\"https:\/\/www.africa-press.net\/cameroun\/?s={search_term_string}\"},\"query-input\":{\"@type\":\"PropertyValueSpecification\",\"valueRequired\":true,\"valueName\":\"search_term_string\"}}],\"inLanguage\":\"fr-FR\"},{\"@type\":\"Person\",\"@id\":\"https:\/\/www.africa-press.net\/cameroun\/#\/schema\/person\/2b1cf3cd81a31e3cd26889ca66d677f1\",\"name\":\"cfeditorfr\"}]}<\/script>\n<!-- \/ Yoast SEO Premium plugin. -->","yoast_head_json":{"title":"Partenariat public-priv\u00e9\u00a0: une d\u00e9l\u00e9gation de l\u2019AFD en mission au Cameroun - Cameroun","description":"Une \u00e9quipe conjointe Agence Fran\u00e7aise de D\u00e9veloppement-Expertise France s\u00e9journe au Cameroun. L\u2019AFD veut accompagne ...","robots":{"index":"index","follow":"follow","max-snippet":"max-snippet:-1","max-image-preview":"max-image-preview:large","max-video-preview":"max-video-preview:-1"},"canonical":"https:\/\/www.africa-press.net\/cameroun\/toutes-les-actualites\/partenariat-public-prive-une-delegation-de-lafd-en-mission-au-cameroun","og_locale":"fr_FR","og_type":"article","og_title":"Partenariat public-priv\u00e9\u00a0: une d\u00e9l\u00e9gation de l\u2019AFD en mission au Cameroun","og_description":"Une \u00e9quipe conjointe Agence Fran\u00e7aise de D\u00e9veloppement-Expertise France s\u00e9journe au Cameroun. L\u2019AFD veut accompagne ...","og_url":"https:\/\/www.africa-press.net\/cameroun\/toutes-les-actualites\/partenariat-public-prive-une-delegation-de-lafd-en-mission-au-cameroun","og_site_name":"Cameroun","article_published_time":"2022-09-14T14:38:56+00:00","article_modified_time":"2022-09-14T16:35:27+00:00","og_image":[{"width":750,"height":350,"url":"https:\/\/static.africa-press.net\/cameroun\/sites\/57\/2022\/09\/img-632202aae2faa.jpg","type":"image\/jpeg"}],"author":"cfeditorfr","twitter_card":"summary_large_image","twitter_misc":{"\u00c9crit par":"cfeditorfr","Dur\u00e9e de lecture estim\u00e9e":"2 minutes"},"schema":{"@context":"https:\/\/schema.org","@graph":[{"@type":"Article","@id":"https:\/\/www.africa-press.net\/cameroun\/toutes-les-actualites\/partenariat-public-prive-une-delegation-de-lafd-en-mission-au-cameroun#article","isPartOf":{"@id":"https:\/\/www.africa-press.net\/cameroun\/toutes-les-actualites\/partenariat-public-prive-une-delegation-de-lafd-en-mission-au-cameroun"},"author":{"name":"cfeditorfr","@id":"https:\/\/www.africa-press.net\/cameroun\/#\/schema\/person\/2b1cf3cd81a31e3cd26889ca66d677f1"},"headline":"Partenariat public-priv\u00e9\u00a0: une d\u00e9l\u00e9gation de l\u2019AFD en mission au Cameroun","datePublished":"2022-09-14T14:38:56+00:00","dateModified":"2022-09-14T16:35:27+00:00","mainEntityOfPage":{"@id":"https:\/\/www.africa-press.net\/cameroun\/toutes-les-actualites\/partenariat-public-prive-une-delegation-de-lafd-en-mission-au-cameroun"},"wordCount":390,"commentCount":0,"image":{"@id":"https:\/\/www.africa-press.net\/cameroun\/toutes-les-actualites\/partenariat-public-prive-une-delegation-de-lafd-en-mission-au-cameroun#primaryimage"},"thumbnailUrl":"https:\/\/static.africa-press.net\/cameroun\/sites\/57\/2022\/09\/img-632202aae2faa.jpg","keywords":["Africa Press","Africa Press-Cameroun","Cameroun"],"articleSection":["Communaut\u00e9","homepage-french","Toutes les actualit\u00e9s"],"inLanguage":"fr-FR","potentialAction":[{"@type":"CommentAction","name":"Comment","target":["https:\/\/www.africa-press.net\/cameroun\/toutes-les-actualites\/partenariat-public-prive-une-delegation-de-lafd-en-mission-au-cameroun#respond"]}]},{"@type":"WebPage","@id":"https:\/\/www.africa-press.net\/cameroun\/toutes-les-actualites\/partenariat-public-prive-une-delegation-de-lafd-en-mission-au-cameroun","url":"https:\/\/www.africa-press.net\/cameroun\/toutes-les-actualites\/partenariat-public-prive-une-delegation-de-lafd-en-mission-au-cameroun","name":"Partenariat public-priv\u00e9\u00a0: une d\u00e9l\u00e9gation de l\u2019AFD en mission au Cameroun - Cameroun","isPartOf":{"@id":"https:\/\/www.africa-press.net\/cameroun\/#website"},"primaryImageOfPage":{"@id":"https:\/\/www.africa-press.net\/cameroun\/toutes-les-actualites\/partenariat-public-prive-une-delegation-de-lafd-en-mission-au-cameroun#primaryimage"},"image":{"@id":"https:\/\/www.africa-press.net\/cameroun\/toutes-les-actualites\/partenariat-public-prive-une-delegation-de-lafd-en-mission-au-cameroun#primaryimage"},"thumbnailUrl":"https:\/\/static.africa-press.net\/cameroun\/sites\/57\/2022\/09\/img-632202aae2faa.jpg","datePublished":"2022-09-14T14:38:56+00:00","dateModified":"2022-09-14T16:35:27+00:00","author":{"@id":"https:\/\/www.africa-press.net\/cameroun\/#\/schema\/person\/2b1cf3cd81a31e3cd26889ca66d677f1"},"description":"Une \u00e9quipe conjointe Agence Fran\u00e7aise de D\u00e9veloppement-Expertise France s\u00e9journe au Cameroun. L\u2019AFD veut accompagne ...","breadcrumb":{"@id":"https:\/\/www.africa-press.net\/cameroun\/toutes-les-actualites\/partenariat-public-prive-une-delegation-de-lafd-en-mission-au-cameroun#breadcrumb"},"inLanguage":"fr-FR","potentialAction":[{"@type":"ReadAction","target":["https:\/\/www.africa-press.net\/cameroun\/toutes-les-actualites\/partenariat-public-prive-une-delegation-de-lafd-en-mission-au-cameroun"]}]},{"@type":"ImageObject","inLanguage":"fr-FR","@id":"https:\/\/www.africa-press.net\/cameroun\/toutes-les-actualites\/partenariat-public-prive-une-delegation-de-lafd-en-mission-au-cameroun#primaryimage","url":"https:\/\/static.africa-press.net\/cameroun\/sites\/57\/2022\/09\/img-632202aae2faa.jpg","contentUrl":"https:\/\/static.africa-press.net\/cameroun\/sites\/57\/2022\/09\/img-632202aae2faa.jpg","width":750,"height":350,"caption":"Partenariat public-priv\u00e9\u00a0: une d\u00e9l\u00e9gation de l\u2019AFD en mission au Cameroun"},{"@type":"BreadcrumbList","@id":"https:\/\/www.africa-press.net\/cameroun\/toutes-les-actualites\/partenariat-public-prive-une-delegation-de-lafd-en-mission-au-cameroun#breadcrumb","itemListElement":[{"@type":"ListItem","position":1,"name":"Accueil","item":"https:\/\/www.africa-press.net\/cameroun\/"},{"@type":"ListItem","position":2,"name":"Partenariat public-priv\u00e9\u00a0: une d\u00e9l\u00e9gation de l\u2019AFD en mission au Cameroun"}]},{"@type":"WebSite","@id":"https:\/\/www.africa-press.net\/cameroun\/#website","url":"https:\/\/www.africa-press.net\/cameroun\/","name":"Cameroun","description":"Just another Africa News Agency Sites site","potentialAction":[{"@type":"SearchAction","target":{"@type":"EntryPoint","urlTemplate":"https:\/\/www.africa-press.net\/cameroun\/?s={search_term_string}"},"query-input":{"@type":"PropertyValueSpecification","valueRequired":true,"valueName":"search_term_string"}}],"inLanguage":"fr-FR"},{"@type":"Person","@id":"https:\/\/www.africa-press.net\/cameroun\/#\/schema\/person\/2b1cf3cd81a31e3cd26889ca66d677f1","name":"cfeditorfr"}]}},"_links":{"self":[{"href":"https:\/\/www.africa-press.net\/cameroun\/wp-json\/wp\/v2\/posts\/27346","targetHints":{"allow":["GET"]}}],"collection":[{"href":"https:\/\/www.africa-press.net\/cameroun\/wp-json\/wp\/v2\/posts"}],"about":[{"href":"https:\/\/www.africa-press.net\/cameroun\/wp-json\/wp\/v2\/types\/post"}],"author":[{"embeddable":true,"href":"https:\/\/www.africa-press.net\/cameroun\/wp-json\/wp\/v2\/users\/82"}],"replies":[{"embeddable":true,"href":"https:\/\/www.africa-press.net\/cameroun\/wp-json\/wp\/v2\/comments?post=27346"}],"version-history":[{"count":0,"href":"https:\/\/www.africa-press.net\/cameroun\/wp-json\/wp\/v2\/posts\/27346\/revisions"}],"wp:featuredmedia":[{"embeddable":true,"href":"https:\/\/www.africa-press.net\/cameroun\/wp-json\/wp\/v2\/media\/27345"}],"wp:attachment":[{"href":"https:\/\/www.africa-press.net\/cameroun\/wp-json\/wp\/v2\/media?parent=27346"}],"wp:term":[{"taxonomy":"category","embeddable":true,"href":"https:\/\/www.africa-press.net\/cameroun\/wp-json\/wp\/v2\/categories?post=27346"},{"taxonomy":"post_tag","embeddable":true,"href":"https:\/\/www.africa-press.net\/cameroun\/wp-json\/wp\/v2\/tags?post=27346"}],"curies":[{"name":"wp","href":"https:\/\/api.w.org\/{rel}","templated":true}]}}