{"id":27349,"date":"2022-09-14T14:47:39","date_gmt":"2022-09-14T14:47:39","guid":{"rendered":"https:\/\/www.africa-press.net\/cameroun\/politique\/cameroun-affaires-impots-de-vision-4-paul-biya-sen-mele"},"modified":"2022-09-14T16:36:14","modified_gmt":"2022-09-14T16:36:14","slug":"cameroun-affaires-impots-de-vision-4-paul-biya-sen-mele","status":"publish","type":"post","link":"https:\/\/www.africa-press.net\/cameroun\/politique\/cameroun-affaires-impots-de-vision-4-paul-biya-sen-mele","title":{"rendered":"Cameroun-affaires imp\u00f4ts de Vision 4\u00a0: Paul Biya s\u2019en m\u00eale"},"content":{"rendered":"<p><span style=\"color: #ff6600\"><strong>Africa-Press &#8211; Cameroun. <\/strong><\/span>Les ministres des Finance et de la Justice ont re\u00e7u une note de la pr\u00e9sidence de la R\u00e9publique les 1er et 2 septembre 2022.<\/p>\n<p>La presse \u00e9crite Kalara a r\u00e9v\u00e9l\u00e9 que le Pr\u00e9sident de la R\u00e9publique a relanc\u00e9 le sujet du fisc concernant le Groupe m\u00e9dia de Amougou Belinga.<\/p>\n<p>Par des instructions transmises sous plis ferm\u00e9s respectivement le 1er et le 2 septembre 2022, les premi\u00e8res, au Garde des Sceaux, et les secondes, au ministre des Finances, le pr\u00e9sident de la R\u00e9publique a d\u00e9cid\u00e9 de remettre la balle au centre. A l\u2019un et l\u2019autre membre du gouvernement, le chef de l\u2019Etat a demand\u00e9 que la loi soit strictement respect\u00e9e dans leurs champs de comp\u00e9tence respectifs.<\/p>\n<p>Pour rappeler les faits, le feuilleton part d\u2019un redressement de pr\u00e8s de 11 milliards FCFA impos\u00e9 \u00e0 Amougou Belinga par le DG des imp\u00f4ts, Modeste Mopa suite au contr\u00f4le effectu\u00e9 par le centre des imp\u00f4ts de Yaound\u00e9.<\/p>\n<p>Saisi au moyen d\u2019un recours gracieux incomplet suite \u00e0 un redressement fiscal de 10,881 milliards de francs, le ministre des Finances a ramen\u00e9 la dette de la T\u00e9l\u00e9vision Vision 4 \u00e0 1,890 milliard de francs. Soulag\u00e9 par la d\u00e9cision du Minfi. Amougou Belinga crie de nouveau au complot en annon\u00e7ant de nouvelles poursuites judiciaires contre les responsables du fisc. Retour sur une affaire riche en rebondissements.<\/p>\n<p>A cette \u00e9poque, tout en contestant les chiffres, Amougou Belinga avait d\u00e9nonc\u00e9 un \u00ab acharnement \u00bb. Un comit\u00e9 avait alors \u00e9t\u00e9 mis sur pied. Constitu\u00e9e entres autres des repr\u00e9sentants de la DGI et des imp\u00f4ts, la commission va rendre son rapport et juge fond\u00e9e la contestation du redressement par Jean Pierre Amougou Belinga.<\/p>\n<p>Ainsi, elle va conclure que la dette fiscale du groupe Vision 4 est en r\u00e9alit\u00e9 de 1 milliard 890 167 823 FCFA au lieu de 11 milliards 121 649 178 FCFA. La commission a donc \u00e9tabli une imposition abusive de plus de 9 milliards FCFA.<\/p>\n<p>Ainsi, dans ses notes, le chef de l\u2019Etat consid\u00e8re sur la base de divers rapports re\u00e7us de ses services que le cadeau de 8,99 milliards de francs offert par le ministre des Finances au promoteur de Vision 4 T\u00e9l\u00e9vision SA \u00e0 travers sa correspondance du 3 ao\u00fbt 2022 s\u2019\u00e9tait faite en violation de la loi.<\/p>\n<p>al<\/p>\n<p><strong>Pour plus d&rsquo;informations et d&rsquo;analyses sur la <a href=\"https:\/\/www.africa-press.net\/cameroun\">Cameroun<\/a>, suivez <a href=\"https:\/\/www.africa-press.net\/\">Africa-Press<\/a><\/strong><\/p>\n","protected":false},"excerpt":{"rendered":"<p>Africa-Press &#8211; Cameroun. Les ministres des Finance et de la Justice ont re\u00e7u une note de la pr\u00e9sidence de la R\u00e9publique les 1er et 2 septembre 2022. La presse \u00e9crite Kalara a r\u00e9v\u00e9l\u00e9 que le Pr\u00e9sident de la R\u00e9publique a relanc\u00e9 le sujet du fisc concernant le Groupe m\u00e9dia de Amougou Belinga. Par des instructions [&hellip;]<\/p>\n","protected":false},"author":82,"featured_media":27348,"comment_status":"open","ping_status":"closed","sticky":false,"template":"","format":"standard","meta":{"footnotes":""},"categories":[11,2,10],"tags":[36,50,49],"class_list":["post-27349","post","type-post","status-publish","format-standard","has-post-thumbnail","hentry","category-homepage-french","category-politique","category-toutes-les-actualites","tag-africa-press","tag-africa-press-cameroun","tag-cameroun"],"yoast_head":"<!-- This site is optimized with the Yoast SEO Premium plugin v26.1 (Yoast SEO v27.0) - https:\/\/yoast.com\/product\/yoast-seo-premium-wordpress\/ -->\n<title>Cameroun-affaires imp\u00f4ts de Vision 4\u00a0: Paul Biya s\u2019en m\u00eale - Cameroun<\/title>\n<meta name=\"description\" content=\"Les ministres des Finance et de la Justice ont re\u00e7u une note de la pr\u00e9sidence de la R\u00e9publique les 1er et 2 septembre 20 ...\" \/>\n<meta name=\"robots\" content=\"index, follow, max-snippet:-1, max-image-preview:large, max-video-preview:-1\" \/>\n<link rel=\"canonical\" href=\"https:\/\/www.africa-press.net\/cameroun\/politique\/cameroun-affaires-impots-de-vision-4-paul-biya-sen-mele\" \/>\n<meta property=\"og:locale\" content=\"fr_FR\" \/>\n<meta property=\"og:type\" content=\"article\" \/>\n<meta property=\"og:title\" content=\"Cameroun-affaires imp\u00f4ts de Vision 4\u00a0: Paul Biya s\u2019en m\u00eale\" \/>\n<meta property=\"og:description\" content=\"Les ministres des Finance et de la Justice ont re\u00e7u une note de la pr\u00e9sidence de la R\u00e9publique les 1er et 2 septembre 20 ...\" \/>\n<meta property=\"og:url\" content=\"https:\/\/www.africa-press.net\/cameroun\/politique\/cameroun-affaires-impots-de-vision-4-paul-biya-sen-mele\" \/>\n<meta property=\"og:site_name\" content=\"Cameroun\" \/>\n<meta property=\"article:published_time\" content=\"2022-09-14T14:47:39+00:00\" \/>\n<meta property=\"article:modified_time\" content=\"2022-09-14T16:36:14+00:00\" \/>\n<meta property=\"og:image\" content=\"https:\/\/static.africa-press.net\/cameroun\/sites\/57\/2022\/09\/img-632202d66a582.jpg\" \/>\n\t<meta property=\"og:image:width\" content=\"720\" \/>\n\t<meta property=\"og:image:height\" content=\"479\" \/>\n\t<meta property=\"og:image:type\" content=\"image\/jpeg\" \/>\n<meta name=\"author\" content=\"cfeditorfr\" \/>\n<meta name=\"twitter:card\" content=\"summary_large_image\" \/>\n<meta name=\"twitter:label1\" content=\"\u00c9crit par\" \/>\n\t<meta name=\"twitter:data1\" content=\"cfeditorfr\" \/>\n\t<meta name=\"twitter:label2\" content=\"Dur\u00e9e de lecture estim\u00e9e\" \/>\n\t<meta name=\"twitter:data2\" content=\"2 minutes\" \/>\n<script type=\"application\/ld+json\" class=\"yoast-schema-graph\">{\"@context\":\"https:\/\/schema.org\",\"@graph\":[{\"@type\":\"Article\",\"@id\":\"https:\/\/www.africa-press.net\/cameroun\/politique\/cameroun-affaires-impots-de-vision-4-paul-biya-sen-mele#article\",\"isPartOf\":{\"@id\":\"https:\/\/www.africa-press.net\/cameroun\/politique\/cameroun-affaires-impots-de-vision-4-paul-biya-sen-mele\"},\"author\":{\"name\":\"cfeditorfr\",\"@id\":\"https:\/\/www.africa-press.net\/cameroun\/#\/schema\/person\/2b1cf3cd81a31e3cd26889ca66d677f1\"},\"headline\":\"Cameroun-affaires imp\u00f4ts de Vision 4\u00a0: Paul Biya s\u2019en m\u00eale\",\"datePublished\":\"2022-09-14T14:47:39+00:00\",\"dateModified\":\"2022-09-14T16:36:14+00:00\",\"mainEntityOfPage\":{\"@id\":\"https:\/\/www.africa-press.net\/cameroun\/politique\/cameroun-affaires-impots-de-vision-4-paul-biya-sen-mele\"},\"wordCount\":411,\"commentCount\":0,\"image\":{\"@id\":\"https:\/\/www.africa-press.net\/cameroun\/politique\/cameroun-affaires-impots-de-vision-4-paul-biya-sen-mele#primaryimage\"},\"thumbnailUrl\":\"https:\/\/static.africa-press.net\/cameroun\/sites\/57\/2022\/09\/img-632202d66a582.jpg\",\"keywords\":[\"Africa Press\",\"Africa Press-Cameroun\",\"Cameroun\"],\"articleSection\":[\"homepage-french\",\"Politique\",\"Toutes les actualit\u00e9s\"],\"inLanguage\":\"fr-FR\",\"potentialAction\":[{\"@type\":\"CommentAction\",\"name\":\"Comment\",\"target\":[\"https:\/\/www.africa-press.net\/cameroun\/politique\/cameroun-affaires-impots-de-vision-4-paul-biya-sen-mele#respond\"]}]},{\"@type\":\"WebPage\",\"@id\":\"https:\/\/www.africa-press.net\/cameroun\/politique\/cameroun-affaires-impots-de-vision-4-paul-biya-sen-mele\",\"url\":\"https:\/\/www.africa-press.net\/cameroun\/politique\/cameroun-affaires-impots-de-vision-4-paul-biya-sen-mele\",\"name\":\"Cameroun-affaires imp\u00f4ts de Vision 4\u00a0: Paul Biya s\u2019en m\u00eale - Cameroun\",\"isPartOf\":{\"@id\":\"https:\/\/www.africa-press.net\/cameroun\/#website\"},\"primaryImageOfPage\":{\"@id\":\"https:\/\/www.africa-press.net\/cameroun\/politique\/cameroun-affaires-impots-de-vision-4-paul-biya-sen-mele#primaryimage\"},\"image\":{\"@id\":\"https:\/\/www.africa-press.net\/cameroun\/politique\/cameroun-affaires-impots-de-vision-4-paul-biya-sen-mele#primaryimage\"},\"thumbnailUrl\":\"https:\/\/static.africa-press.net\/cameroun\/sites\/57\/2022\/09\/img-632202d66a582.jpg\",\"datePublished\":\"2022-09-14T14:47:39+00:00\",\"dateModified\":\"2022-09-14T16:36:14+00:00\",\"author\":{\"@id\":\"https:\/\/www.africa-press.net\/cameroun\/#\/schema\/person\/2b1cf3cd81a31e3cd26889ca66d677f1\"},\"description\":\"Les ministres des Finance et de la Justice ont re\u00e7u une note de la pr\u00e9sidence de la R\u00e9publique les 1er et 2 septembre 20 ...\",\"breadcrumb\":{\"@id\":\"https:\/\/www.africa-press.net\/cameroun\/politique\/cameroun-affaires-impots-de-vision-4-paul-biya-sen-mele#breadcrumb\"},\"inLanguage\":\"fr-FR\",\"potentialAction\":[{\"@type\":\"ReadAction\",\"target\":[\"https:\/\/www.africa-press.net\/cameroun\/politique\/cameroun-affaires-impots-de-vision-4-paul-biya-sen-mele\"]}]},{\"@type\":\"ImageObject\",\"inLanguage\":\"fr-FR\",\"@id\":\"https:\/\/www.africa-press.net\/cameroun\/politique\/cameroun-affaires-impots-de-vision-4-paul-biya-sen-mele#primaryimage\",\"url\":\"https:\/\/static.africa-press.net\/cameroun\/sites\/57\/2022\/09\/img-632202d66a582.jpg\",\"contentUrl\":\"https:\/\/static.africa-press.net\/cameroun\/sites\/57\/2022\/09\/img-632202d66a582.jpg\",\"width\":720,\"height\":479,\"caption\":\"Cameroun-affaires imp\u00f4ts de Vision 4\u00a0: Paul Biya s\u2019en m\u00eale\"},{\"@type\":\"BreadcrumbList\",\"@id\":\"https:\/\/www.africa-press.net\/cameroun\/politique\/cameroun-affaires-impots-de-vision-4-paul-biya-sen-mele#breadcrumb\",\"itemListElement\":[{\"@type\":\"ListItem\",\"position\":1,\"name\":\"Accueil\",\"item\":\"https:\/\/www.africa-press.net\/cameroun\/\"},{\"@type\":\"ListItem\",\"position\":2,\"name\":\"Cameroun-affaires imp\u00f4ts de Vision 4\u00a0: Paul Biya s\u2019en m\u00eale\"}]},{\"@type\":\"WebSite\",\"@id\":\"https:\/\/www.africa-press.net\/cameroun\/#website\",\"url\":\"https:\/\/www.africa-press.net\/cameroun\/\",\"name\":\"Cameroun\",\"description\":\"Just another Africa News Agency Sites site\",\"potentialAction\":[{\"@type\":\"SearchAction\",\"target\":{\"@type\":\"EntryPoint\",\"urlTemplate\":\"https:\/\/www.africa-press.net\/cameroun\/?s={search_term_string}\"},\"query-input\":{\"@type\":\"PropertyValueSpecification\",\"valueRequired\":true,\"valueName\":\"search_term_string\"}}],\"inLanguage\":\"fr-FR\"},{\"@type\":\"Person\",\"@id\":\"https:\/\/www.africa-press.net\/cameroun\/#\/schema\/person\/2b1cf3cd81a31e3cd26889ca66d677f1\",\"name\":\"cfeditorfr\"}]}<\/script>\n<!-- \/ Yoast SEO Premium plugin. -->","yoast_head_json":{"title":"Cameroun-affaires imp\u00f4ts de Vision 4\u00a0: Paul Biya s\u2019en m\u00eale - Cameroun","description":"Les ministres des Finance et de la Justice ont re\u00e7u une note de la pr\u00e9sidence de la R\u00e9publique les 1er et 2 septembre 20 ...","robots":{"index":"index","follow":"follow","max-snippet":"max-snippet:-1","max-image-preview":"max-image-preview:large","max-video-preview":"max-video-preview:-1"},"canonical":"https:\/\/www.africa-press.net\/cameroun\/politique\/cameroun-affaires-impots-de-vision-4-paul-biya-sen-mele","og_locale":"fr_FR","og_type":"article","og_title":"Cameroun-affaires imp\u00f4ts de Vision 4\u00a0: Paul Biya s\u2019en m\u00eale","og_description":"Les ministres des Finance et de la Justice ont re\u00e7u une note de la pr\u00e9sidence de la R\u00e9publique les 1er et 2 septembre 20 ...","og_url":"https:\/\/www.africa-press.net\/cameroun\/politique\/cameroun-affaires-impots-de-vision-4-paul-biya-sen-mele","og_site_name":"Cameroun","article_published_time":"2022-09-14T14:47:39+00:00","article_modified_time":"2022-09-14T16:36:14+00:00","og_image":[{"width":720,"height":479,"url":"https:\/\/static.africa-press.net\/cameroun\/sites\/57\/2022\/09\/img-632202d66a582.jpg","type":"image\/jpeg"}],"author":"cfeditorfr","twitter_card":"summary_large_image","twitter_misc":{"\u00c9crit par":"cfeditorfr","Dur\u00e9e de lecture estim\u00e9e":"2 minutes"},"schema":{"@context":"https:\/\/schema.org","@graph":[{"@type":"Article","@id":"https:\/\/www.africa-press.net\/cameroun\/politique\/cameroun-affaires-impots-de-vision-4-paul-biya-sen-mele#article","isPartOf":{"@id":"https:\/\/www.africa-press.net\/cameroun\/politique\/cameroun-affaires-impots-de-vision-4-paul-biya-sen-mele"},"author":{"name":"cfeditorfr","@id":"https:\/\/www.africa-press.net\/cameroun\/#\/schema\/person\/2b1cf3cd81a31e3cd26889ca66d677f1"},"headline":"Cameroun-affaires imp\u00f4ts de Vision 4\u00a0: Paul Biya s\u2019en m\u00eale","datePublished":"2022-09-14T14:47:39+00:00","dateModified":"2022-09-14T16:36:14+00:00","mainEntityOfPage":{"@id":"https:\/\/www.africa-press.net\/cameroun\/politique\/cameroun-affaires-impots-de-vision-4-paul-biya-sen-mele"},"wordCount":411,"commentCount":0,"image":{"@id":"https:\/\/www.africa-press.net\/cameroun\/politique\/cameroun-affaires-impots-de-vision-4-paul-biya-sen-mele#primaryimage"},"thumbnailUrl":"https:\/\/static.africa-press.net\/cameroun\/sites\/57\/2022\/09\/img-632202d66a582.jpg","keywords":["Africa Press","Africa Press-Cameroun","Cameroun"],"articleSection":["homepage-french","Politique","Toutes les actualit\u00e9s"],"inLanguage":"fr-FR","potentialAction":[{"@type":"CommentAction","name":"Comment","target":["https:\/\/www.africa-press.net\/cameroun\/politique\/cameroun-affaires-impots-de-vision-4-paul-biya-sen-mele#respond"]}]},{"@type":"WebPage","@id":"https:\/\/www.africa-press.net\/cameroun\/politique\/cameroun-affaires-impots-de-vision-4-paul-biya-sen-mele","url":"https:\/\/www.africa-press.net\/cameroun\/politique\/cameroun-affaires-impots-de-vision-4-paul-biya-sen-mele","name":"Cameroun-affaires imp\u00f4ts de Vision 4\u00a0: Paul Biya s\u2019en m\u00eale - Cameroun","isPartOf":{"@id":"https:\/\/www.africa-press.net\/cameroun\/#website"},"primaryImageOfPage":{"@id":"https:\/\/www.africa-press.net\/cameroun\/politique\/cameroun-affaires-impots-de-vision-4-paul-biya-sen-mele#primaryimage"},"image":{"@id":"https:\/\/www.africa-press.net\/cameroun\/politique\/cameroun-affaires-impots-de-vision-4-paul-biya-sen-mele#primaryimage"},"thumbnailUrl":"https:\/\/static.africa-press.net\/cameroun\/sites\/57\/2022\/09\/img-632202d66a582.jpg","datePublished":"2022-09-14T14:47:39+00:00","dateModified":"2022-09-14T16:36:14+00:00","author":{"@id":"https:\/\/www.africa-press.net\/cameroun\/#\/schema\/person\/2b1cf3cd81a31e3cd26889ca66d677f1"},"description":"Les ministres des Finance et de la Justice ont re\u00e7u une note de la pr\u00e9sidence de la R\u00e9publique les 1er et 2 septembre 20 ...","breadcrumb":{"@id":"https:\/\/www.africa-press.net\/cameroun\/politique\/cameroun-affaires-impots-de-vision-4-paul-biya-sen-mele#breadcrumb"},"inLanguage":"fr-FR","potentialAction":[{"@type":"ReadAction","target":["https:\/\/www.africa-press.net\/cameroun\/politique\/cameroun-affaires-impots-de-vision-4-paul-biya-sen-mele"]}]},{"@type":"ImageObject","inLanguage":"fr-FR","@id":"https:\/\/www.africa-press.net\/cameroun\/politique\/cameroun-affaires-impots-de-vision-4-paul-biya-sen-mele#primaryimage","url":"https:\/\/static.africa-press.net\/cameroun\/sites\/57\/2022\/09\/img-632202d66a582.jpg","contentUrl":"https:\/\/static.africa-press.net\/cameroun\/sites\/57\/2022\/09\/img-632202d66a582.jpg","width":720,"height":479,"caption":"Cameroun-affaires imp\u00f4ts de Vision 4\u00a0: Paul Biya s\u2019en m\u00eale"},{"@type":"BreadcrumbList","@id":"https:\/\/www.africa-press.net\/cameroun\/politique\/cameroun-affaires-impots-de-vision-4-paul-biya-sen-mele#breadcrumb","itemListElement":[{"@type":"ListItem","position":1,"name":"Accueil","item":"https:\/\/www.africa-press.net\/cameroun\/"},{"@type":"ListItem","position":2,"name":"Cameroun-affaires imp\u00f4ts de Vision 4\u00a0: Paul Biya s\u2019en m\u00eale"}]},{"@type":"WebSite","@id":"https:\/\/www.africa-press.net\/cameroun\/#website","url":"https:\/\/www.africa-press.net\/cameroun\/","name":"Cameroun","description":"Just another Africa News Agency Sites site","potentialAction":[{"@type":"SearchAction","target":{"@type":"EntryPoint","urlTemplate":"https:\/\/www.africa-press.net\/cameroun\/?s={search_term_string}"},"query-input":{"@type":"PropertyValueSpecification","valueRequired":true,"valueName":"search_term_string"}}],"inLanguage":"fr-FR"},{"@type":"Person","@id":"https:\/\/www.africa-press.net\/cameroun\/#\/schema\/person\/2b1cf3cd81a31e3cd26889ca66d677f1","name":"cfeditorfr"}]}},"_links":{"self":[{"href":"https:\/\/www.africa-press.net\/cameroun\/wp-json\/wp\/v2\/posts\/27349","targetHints":{"allow":["GET"]}}],"collection":[{"href":"https:\/\/www.africa-press.net\/cameroun\/wp-json\/wp\/v2\/posts"}],"about":[{"href":"https:\/\/www.africa-press.net\/cameroun\/wp-json\/wp\/v2\/types\/post"}],"author":[{"embeddable":true,"href":"https:\/\/www.africa-press.net\/cameroun\/wp-json\/wp\/v2\/users\/82"}],"replies":[{"embeddable":true,"href":"https:\/\/www.africa-press.net\/cameroun\/wp-json\/wp\/v2\/comments?post=27349"}],"version-history":[{"count":0,"href":"https:\/\/www.africa-press.net\/cameroun\/wp-json\/wp\/v2\/posts\/27349\/revisions"}],"wp:featuredmedia":[{"embeddable":true,"href":"https:\/\/www.africa-press.net\/cameroun\/wp-json\/wp\/v2\/media\/27348"}],"wp:attachment":[{"href":"https:\/\/www.africa-press.net\/cameroun\/wp-json\/wp\/v2\/media?parent=27349"}],"wp:term":[{"taxonomy":"category","embeddable":true,"href":"https:\/\/www.africa-press.net\/cameroun\/wp-json\/wp\/v2\/categories?post=27349"},{"taxonomy":"post_tag","embeddable":true,"href":"https:\/\/www.africa-press.net\/cameroun\/wp-json\/wp\/v2\/tags?post=27349"}],"curies":[{"name":"wp","href":"https:\/\/api.w.org\/{rel}","templated":true}]}}