{"id":27364,"date":"2022-09-14T15:27:48","date_gmt":"2022-09-14T15:27:48","guid":{"rendered":"https:\/\/www.africa-press.net\/cameroun\/politique\/cameroun-le-directeur-du-coq-sportif-recu-au-palais-detoudi"},"modified":"2022-09-14T16:40:30","modified_gmt":"2022-09-14T16:40:30","slug":"cameroun-le-directeur-du-coq-sportif-recu-au-palais-detoudi","status":"publish","type":"post","link":"https:\/\/www.africa-press.net\/cameroun\/sports\/cameroun-le-directeur-du-coq-sportif-recu-au-palais-detoudi","title":{"rendered":"Cameroun : le directeur du Coq sportif re\u00e7u au Palais d\u2019Etoudi"},"content":{"rendered":"<p><span style=\"color: #ff6600\"><strong>Africa-Press &#8211; Cameroun. <\/strong><\/span><b>Marc-Henri Beausire vient d\u2019effectuer une visite de 24h au Cameroun, laquelle l\u2019a conduit au minist\u00e8re des Sports, puis \u00e0 la pr\u00e9sidence de la R\u00e9publique.<\/b><\/p>\n<p>Sur la pelouse, la F\u00e9d\u00e9ration camerounaise de football (F\u00e9cafoot) a annonc\u00e9 la fin des relations contractuelles avec l\u2019\u00e9quipementier fran\u00e7ais, Le Coq sportif. Entre les deux, la bataille se poursuit. Mais dans les vestiaires, les rapports entre les autorit\u00e9s camerounaises et l\u2019entreprise fran\u00e7aise ne sont pas rang\u00e9s aux oubliettes. En effet, le directeur du Coq Sportif, Marc-Henri Beausire vient de quitter la terre camerounaise \u00e0 l\u2019issue d\u2019une visite effectu\u00e9e en compagnie de Yannick Noah, apprend-on de plusieurs m\u00e9dias locaux reprenant le lanceur d\u2019alerte, Boris Bertolt<\/p>\n<p>Pr\u00e9sent \u00e0 Yaound\u00e9 depuis dimanche 11 septembre, le patron du Coq a rencontr\u00e9 le ministre des Sports et de l\u2019Education physique. Face \u00e0 Narcisse Mouelle Kombi, pr\u00e9cise les sources m\u00e9diatiques, Marc-Henri Beausire a exprim\u00e9 sa volont\u00e9 d\u2019accompagner les Lions indomptables au mondial qatarien. Les deux parties ont aussi abord\u00e9 l\u2019accompagnement des athl\u00e8tes et tennismen camerounais qui travaillent avec Le Coq sportif. L\u2019entreprise fran\u00e7aise envisage s\u2019approvisionner en coton au Cameroun.<\/p>\n<p>Suite \u00e0 cette visite au minist\u00e8re des Sports et de l\u2019Education physique, le patron de l\u2019\u00e9quipementier s\u2019est rendu au Palais pr\u00e9sidentiel. Selon nos sources, il a \u00e9t\u00e9 re\u00e7u par le ministre directeur du Cabinet civil de la pr\u00e9sidence de la R\u00e9publique, Samuel Mvondo Ayolo.<\/p>\n<p>Pour rappel, apr\u00e8s la rupture du contrat avec Le Coq sportif, la F\u00e9cafoot s\u2019est engag\u00e9 avec le nouvel \u00e9quipementier One All Sports le vendredi 12 ao\u00fbt 2022. Cependant, depuis l\u2019annonce de la rupture du contrat jusqu\u2019\u00e0 l\u2019engagement de One All Sports, les responsables de Le Coq Sportif n\u2019abandonnent pas. Ils entendent tenir jusqu\u2019au rendu du verdict par \u00ab le tribunal de Nanterre \u00bb.<\/p>\n<p><strong>Pour plus d&rsquo;informations et d&rsquo;analyses sur la <a href=\"https:\/\/www.africa-press.net\/cameroun\">Cameroun<\/a>, suivez <a href=\"https:\/\/www.africa-press.net\/\">Africa-Press<\/a><\/strong><\/p>\n","protected":false},"excerpt":{"rendered":"<p>Africa-Press &#8211; Cameroun. Marc-Henri Beausire vient d\u2019effectuer une visite de 24h au Cameroun, laquelle l\u2019a conduit au minist\u00e8re des Sports, puis \u00e0 la pr\u00e9sidence de la R\u00e9publique. Sur la pelouse, la F\u00e9d\u00e9ration camerounaise de football (F\u00e9cafoot) a annonc\u00e9 la fin des relations contractuelles avec l\u2019\u00e9quipementier fran\u00e7ais, Le Coq sportif. Entre les deux, la bataille se [&hellip;]<\/p>\n","protected":false},"author":82,"featured_media":27363,"comment_status":"open","ping_status":"closed","sticky":false,"template":"","format":"standard","meta":{"footnotes":""},"categories":[11,6,10],"tags":[36,50,49],"class_list":["post-27364","post","type-post","status-publish","format-standard","has-post-thumbnail","hentry","category-homepage-french","category-sports","category-toutes-les-actualites","tag-africa-press","tag-africa-press-cameroun","tag-cameroun"],"yoast_head":"<!-- This site is optimized with the Yoast SEO Premium plugin v26.1 (Yoast SEO v27.0) - https:\/\/yoast.com\/product\/yoast-seo-premium-wordpress\/ -->\n<title>Cameroun : le directeur du Coq sportif re\u00e7u au Palais d\u2019Etoudi - Cameroun<\/title>\n<meta name=\"description\" content=\"Marc-Henri Beausire vient d\u2019effectuer une visite de 24h au Cameroun, laquelle l\u2019a conduit au minist\u00e8re des Sports, pu ...\" \/>\n<meta name=\"robots\" content=\"index, follow, max-snippet:-1, max-image-preview:large, max-video-preview:-1\" \/>\n<link rel=\"canonical\" href=\"https:\/\/www.africa-press.net\/cameroun\/sports\/cameroun-le-directeur-du-coq-sportif-recu-au-palais-detoudi\" \/>\n<meta property=\"og:locale\" content=\"fr_FR\" \/>\n<meta property=\"og:type\" content=\"article\" \/>\n<meta property=\"og:title\" content=\"Cameroun : le directeur du Coq sportif re\u00e7u au Palais d\u2019Etoudi\" \/>\n<meta property=\"og:description\" content=\"Marc-Henri Beausire vient d\u2019effectuer une visite de 24h au Cameroun, laquelle l\u2019a conduit au minist\u00e8re des Sports, pu ...\" \/>\n<meta property=\"og:url\" content=\"https:\/\/www.africa-press.net\/cameroun\/sports\/cameroun-le-directeur-du-coq-sportif-recu-au-palais-detoudi\" \/>\n<meta property=\"og:site_name\" content=\"Cameroun\" \/>\n<meta property=\"article:published_time\" content=\"2022-09-14T15:27:48+00:00\" \/>\n<meta property=\"article:modified_time\" content=\"2022-09-14T16:40:30+00:00\" \/>\n<meta property=\"og:image\" content=\"https:\/\/static.africa-press.net\/cameroun\/sites\/57\/2022\/09\/img-632203cfcfe71.jpg\" \/>\n\t<meta property=\"og:image:width\" content=\"860\" \/>\n\t<meta property=\"og:image:height\" content=\"425\" \/>\n\t<meta property=\"og:image:type\" content=\"image\/jpeg\" \/>\n<meta name=\"author\" content=\"cfeditorfr\" \/>\n<meta name=\"twitter:card\" content=\"summary_large_image\" \/>\n<meta name=\"twitter:label1\" content=\"\u00c9crit par\" \/>\n\t<meta name=\"twitter:data1\" content=\"cfeditorfr\" \/>\n\t<meta name=\"twitter:label2\" content=\"Dur\u00e9e de lecture estim\u00e9e\" \/>\n\t<meta name=\"twitter:data2\" content=\"2 minutes\" \/>\n<script type=\"application\/ld+json\" class=\"yoast-schema-graph\">{\"@context\":\"https:\/\/schema.org\",\"@graph\":[{\"@type\":\"Article\",\"@id\":\"https:\/\/www.africa-press.net\/cameroun\/sports\/cameroun-le-directeur-du-coq-sportif-recu-au-palais-detoudi#article\",\"isPartOf\":{\"@id\":\"https:\/\/www.africa-press.net\/cameroun\/sports\/cameroun-le-directeur-du-coq-sportif-recu-au-palais-detoudi\"},\"author\":{\"name\":\"cfeditorfr\",\"@id\":\"https:\/\/www.africa-press.net\/cameroun\/#\/schema\/person\/2b1cf3cd81a31e3cd26889ca66d677f1\"},\"headline\":\"Cameroun : le directeur du Coq sportif re\u00e7u au Palais d\u2019Etoudi\",\"datePublished\":\"2022-09-14T15:27:48+00:00\",\"dateModified\":\"2022-09-14T16:40:30+00:00\",\"mainEntityOfPage\":{\"@id\":\"https:\/\/www.africa-press.net\/cameroun\/sports\/cameroun-le-directeur-du-coq-sportif-recu-au-palais-detoudi\"},\"wordCount\":346,\"commentCount\":0,\"image\":{\"@id\":\"https:\/\/www.africa-press.net\/cameroun\/sports\/cameroun-le-directeur-du-coq-sportif-recu-au-palais-detoudi#primaryimage\"},\"thumbnailUrl\":\"https:\/\/static.africa-press.net\/cameroun\/sites\/57\/2022\/09\/img-632203cfcfe71.jpg\",\"keywords\":[\"Africa Press\",\"Africa Press-Cameroun\",\"Cameroun\"],\"articleSection\":[\"homepage-french\",\"Sports\",\"Toutes les actualit\u00e9s\"],\"inLanguage\":\"fr-FR\",\"potentialAction\":[{\"@type\":\"CommentAction\",\"name\":\"Comment\",\"target\":[\"https:\/\/www.africa-press.net\/cameroun\/sports\/cameroun-le-directeur-du-coq-sportif-recu-au-palais-detoudi#respond\"]}]},{\"@type\":\"WebPage\",\"@id\":\"https:\/\/www.africa-press.net\/cameroun\/sports\/cameroun-le-directeur-du-coq-sportif-recu-au-palais-detoudi\",\"url\":\"https:\/\/www.africa-press.net\/cameroun\/sports\/cameroun-le-directeur-du-coq-sportif-recu-au-palais-detoudi\",\"name\":\"Cameroun : le directeur du Coq sportif re\u00e7u au Palais d\u2019Etoudi - Cameroun\",\"isPartOf\":{\"@id\":\"https:\/\/www.africa-press.net\/cameroun\/#website\"},\"primaryImageOfPage\":{\"@id\":\"https:\/\/www.africa-press.net\/cameroun\/sports\/cameroun-le-directeur-du-coq-sportif-recu-au-palais-detoudi#primaryimage\"},\"image\":{\"@id\":\"https:\/\/www.africa-press.net\/cameroun\/sports\/cameroun-le-directeur-du-coq-sportif-recu-au-palais-detoudi#primaryimage\"},\"thumbnailUrl\":\"https:\/\/static.africa-press.net\/cameroun\/sites\/57\/2022\/09\/img-632203cfcfe71.jpg\",\"datePublished\":\"2022-09-14T15:27:48+00:00\",\"dateModified\":\"2022-09-14T16:40:30+00:00\",\"author\":{\"@id\":\"https:\/\/www.africa-press.net\/cameroun\/#\/schema\/person\/2b1cf3cd81a31e3cd26889ca66d677f1\"},\"description\":\"Marc-Henri Beausire vient d\u2019effectuer une visite de 24h au Cameroun, laquelle l\u2019a conduit au minist\u00e8re des Sports, pu ...\",\"breadcrumb\":{\"@id\":\"https:\/\/www.africa-press.net\/cameroun\/sports\/cameroun-le-directeur-du-coq-sportif-recu-au-palais-detoudi#breadcrumb\"},\"inLanguage\":\"fr-FR\",\"potentialAction\":[{\"@type\":\"ReadAction\",\"target\":[\"https:\/\/www.africa-press.net\/cameroun\/sports\/cameroun-le-directeur-du-coq-sportif-recu-au-palais-detoudi\"]}]},{\"@type\":\"ImageObject\",\"inLanguage\":\"fr-FR\",\"@id\":\"https:\/\/www.africa-press.net\/cameroun\/sports\/cameroun-le-directeur-du-coq-sportif-recu-au-palais-detoudi#primaryimage\",\"url\":\"https:\/\/static.africa-press.net\/cameroun\/sites\/57\/2022\/09\/img-632203cfcfe71.jpg\",\"contentUrl\":\"https:\/\/static.africa-press.net\/cameroun\/sites\/57\/2022\/09\/img-632203cfcfe71.jpg\",\"width\":860,\"height\":425,\"caption\":\"Cameroun : le directeur du Coq sportif re\u00e7u au Palais d\u2019Etoudi\"},{\"@type\":\"BreadcrumbList\",\"@id\":\"https:\/\/www.africa-press.net\/cameroun\/sports\/cameroun-le-directeur-du-coq-sportif-recu-au-palais-detoudi#breadcrumb\",\"itemListElement\":[{\"@type\":\"ListItem\",\"position\":1,\"name\":\"Accueil\",\"item\":\"https:\/\/www.africa-press.net\/cameroun\/\"},{\"@type\":\"ListItem\",\"position\":2,\"name\":\"Cameroun : le directeur du Coq sportif re\u00e7u au Palais d\u2019Etoudi\"}]},{\"@type\":\"WebSite\",\"@id\":\"https:\/\/www.africa-press.net\/cameroun\/#website\",\"url\":\"https:\/\/www.africa-press.net\/cameroun\/\",\"name\":\"Cameroun\",\"description\":\"Just another Africa News Agency Sites site\",\"potentialAction\":[{\"@type\":\"SearchAction\",\"target\":{\"@type\":\"EntryPoint\",\"urlTemplate\":\"https:\/\/www.africa-press.net\/cameroun\/?s={search_term_string}\"},\"query-input\":{\"@type\":\"PropertyValueSpecification\",\"valueRequired\":true,\"valueName\":\"search_term_string\"}}],\"inLanguage\":\"fr-FR\"},{\"@type\":\"Person\",\"@id\":\"https:\/\/www.africa-press.net\/cameroun\/#\/schema\/person\/2b1cf3cd81a31e3cd26889ca66d677f1\",\"name\":\"cfeditorfr\"}]}<\/script>\n<!-- \/ Yoast SEO Premium plugin. -->","yoast_head_json":{"title":"Cameroun : le directeur du Coq sportif re\u00e7u au Palais d\u2019Etoudi - Cameroun","description":"Marc-Henri Beausire vient d\u2019effectuer une visite de 24h au Cameroun, laquelle l\u2019a conduit au minist\u00e8re des Sports, pu ...","robots":{"index":"index","follow":"follow","max-snippet":"max-snippet:-1","max-image-preview":"max-image-preview:large","max-video-preview":"max-video-preview:-1"},"canonical":"https:\/\/www.africa-press.net\/cameroun\/sports\/cameroun-le-directeur-du-coq-sportif-recu-au-palais-detoudi","og_locale":"fr_FR","og_type":"article","og_title":"Cameroun : le directeur du Coq sportif re\u00e7u au Palais d\u2019Etoudi","og_description":"Marc-Henri Beausire vient d\u2019effectuer une visite de 24h au Cameroun, laquelle l\u2019a conduit au minist\u00e8re des Sports, pu ...","og_url":"https:\/\/www.africa-press.net\/cameroun\/sports\/cameroun-le-directeur-du-coq-sportif-recu-au-palais-detoudi","og_site_name":"Cameroun","article_published_time":"2022-09-14T15:27:48+00:00","article_modified_time":"2022-09-14T16:40:30+00:00","og_image":[{"width":860,"height":425,"url":"https:\/\/static.africa-press.net\/cameroun\/sites\/57\/2022\/09\/img-632203cfcfe71.jpg","type":"image\/jpeg"}],"author":"cfeditorfr","twitter_card":"summary_large_image","twitter_misc":{"\u00c9crit par":"cfeditorfr","Dur\u00e9e de lecture estim\u00e9e":"2 minutes"},"schema":{"@context":"https:\/\/schema.org","@graph":[{"@type":"Article","@id":"https:\/\/www.africa-press.net\/cameroun\/sports\/cameroun-le-directeur-du-coq-sportif-recu-au-palais-detoudi#article","isPartOf":{"@id":"https:\/\/www.africa-press.net\/cameroun\/sports\/cameroun-le-directeur-du-coq-sportif-recu-au-palais-detoudi"},"author":{"name":"cfeditorfr","@id":"https:\/\/www.africa-press.net\/cameroun\/#\/schema\/person\/2b1cf3cd81a31e3cd26889ca66d677f1"},"headline":"Cameroun : le directeur du Coq sportif re\u00e7u au Palais d\u2019Etoudi","datePublished":"2022-09-14T15:27:48+00:00","dateModified":"2022-09-14T16:40:30+00:00","mainEntityOfPage":{"@id":"https:\/\/www.africa-press.net\/cameroun\/sports\/cameroun-le-directeur-du-coq-sportif-recu-au-palais-detoudi"},"wordCount":346,"commentCount":0,"image":{"@id":"https:\/\/www.africa-press.net\/cameroun\/sports\/cameroun-le-directeur-du-coq-sportif-recu-au-palais-detoudi#primaryimage"},"thumbnailUrl":"https:\/\/static.africa-press.net\/cameroun\/sites\/57\/2022\/09\/img-632203cfcfe71.jpg","keywords":["Africa Press","Africa Press-Cameroun","Cameroun"],"articleSection":["homepage-french","Sports","Toutes les actualit\u00e9s"],"inLanguage":"fr-FR","potentialAction":[{"@type":"CommentAction","name":"Comment","target":["https:\/\/www.africa-press.net\/cameroun\/sports\/cameroun-le-directeur-du-coq-sportif-recu-au-palais-detoudi#respond"]}]},{"@type":"WebPage","@id":"https:\/\/www.africa-press.net\/cameroun\/sports\/cameroun-le-directeur-du-coq-sportif-recu-au-palais-detoudi","url":"https:\/\/www.africa-press.net\/cameroun\/sports\/cameroun-le-directeur-du-coq-sportif-recu-au-palais-detoudi","name":"Cameroun : le directeur du Coq sportif re\u00e7u au Palais d\u2019Etoudi - Cameroun","isPartOf":{"@id":"https:\/\/www.africa-press.net\/cameroun\/#website"},"primaryImageOfPage":{"@id":"https:\/\/www.africa-press.net\/cameroun\/sports\/cameroun-le-directeur-du-coq-sportif-recu-au-palais-detoudi#primaryimage"},"image":{"@id":"https:\/\/www.africa-press.net\/cameroun\/sports\/cameroun-le-directeur-du-coq-sportif-recu-au-palais-detoudi#primaryimage"},"thumbnailUrl":"https:\/\/static.africa-press.net\/cameroun\/sites\/57\/2022\/09\/img-632203cfcfe71.jpg","datePublished":"2022-09-14T15:27:48+00:00","dateModified":"2022-09-14T16:40:30+00:00","author":{"@id":"https:\/\/www.africa-press.net\/cameroun\/#\/schema\/person\/2b1cf3cd81a31e3cd26889ca66d677f1"},"description":"Marc-Henri Beausire vient d\u2019effectuer une visite de 24h au Cameroun, laquelle l\u2019a conduit au minist\u00e8re des Sports, pu ...","breadcrumb":{"@id":"https:\/\/www.africa-press.net\/cameroun\/sports\/cameroun-le-directeur-du-coq-sportif-recu-au-palais-detoudi#breadcrumb"},"inLanguage":"fr-FR","potentialAction":[{"@type":"ReadAction","target":["https:\/\/www.africa-press.net\/cameroun\/sports\/cameroun-le-directeur-du-coq-sportif-recu-au-palais-detoudi"]}]},{"@type":"ImageObject","inLanguage":"fr-FR","@id":"https:\/\/www.africa-press.net\/cameroun\/sports\/cameroun-le-directeur-du-coq-sportif-recu-au-palais-detoudi#primaryimage","url":"https:\/\/static.africa-press.net\/cameroun\/sites\/57\/2022\/09\/img-632203cfcfe71.jpg","contentUrl":"https:\/\/static.africa-press.net\/cameroun\/sites\/57\/2022\/09\/img-632203cfcfe71.jpg","width":860,"height":425,"caption":"Cameroun : le directeur du Coq sportif re\u00e7u au Palais d\u2019Etoudi"},{"@type":"BreadcrumbList","@id":"https:\/\/www.africa-press.net\/cameroun\/sports\/cameroun-le-directeur-du-coq-sportif-recu-au-palais-detoudi#breadcrumb","itemListElement":[{"@type":"ListItem","position":1,"name":"Accueil","item":"https:\/\/www.africa-press.net\/cameroun\/"},{"@type":"ListItem","position":2,"name":"Cameroun : le directeur du Coq sportif re\u00e7u au Palais d\u2019Etoudi"}]},{"@type":"WebSite","@id":"https:\/\/www.africa-press.net\/cameroun\/#website","url":"https:\/\/www.africa-press.net\/cameroun\/","name":"Cameroun","description":"Just another Africa News Agency Sites site","potentialAction":[{"@type":"SearchAction","target":{"@type":"EntryPoint","urlTemplate":"https:\/\/www.africa-press.net\/cameroun\/?s={search_term_string}"},"query-input":{"@type":"PropertyValueSpecification","valueRequired":true,"valueName":"search_term_string"}}],"inLanguage":"fr-FR"},{"@type":"Person","@id":"https:\/\/www.africa-press.net\/cameroun\/#\/schema\/person\/2b1cf3cd81a31e3cd26889ca66d677f1","name":"cfeditorfr"}]}},"_links":{"self":[{"href":"https:\/\/www.africa-press.net\/cameroun\/wp-json\/wp\/v2\/posts\/27364","targetHints":{"allow":["GET"]}}],"collection":[{"href":"https:\/\/www.africa-press.net\/cameroun\/wp-json\/wp\/v2\/posts"}],"about":[{"href":"https:\/\/www.africa-press.net\/cameroun\/wp-json\/wp\/v2\/types\/post"}],"author":[{"embeddable":true,"href":"https:\/\/www.africa-press.net\/cameroun\/wp-json\/wp\/v2\/users\/82"}],"replies":[{"embeddable":true,"href":"https:\/\/www.africa-press.net\/cameroun\/wp-json\/wp\/v2\/comments?post=27364"}],"version-history":[{"count":0,"href":"https:\/\/www.africa-press.net\/cameroun\/wp-json\/wp\/v2\/posts\/27364\/revisions"}],"wp:featuredmedia":[{"embeddable":true,"href":"https:\/\/www.africa-press.net\/cameroun\/wp-json\/wp\/v2\/media\/27363"}],"wp:attachment":[{"href":"https:\/\/www.africa-press.net\/cameroun\/wp-json\/wp\/v2\/media?parent=27364"}],"wp:term":[{"taxonomy":"category","embeddable":true,"href":"https:\/\/www.africa-press.net\/cameroun\/wp-json\/wp\/v2\/categories?post=27364"},{"taxonomy":"post_tag","embeddable":true,"href":"https:\/\/www.africa-press.net\/cameroun\/wp-json\/wp\/v2\/tags?post=27364"}],"curies":[{"name":"wp","href":"https:\/\/api.w.org\/{rel}","templated":true}]}}