{"id":27370,"date":"2022-09-14T15:44:54","date_gmt":"2022-09-14T15:44:54","guid":{"rendered":"https:\/\/www.africa-press.net\/cameroun\/politique\/cameroun-le-bresil-vise-lagro-industrie-les-forets-bois-et-le-coton-textile-cuir"},"modified":"2022-09-14T16:42:28","modified_gmt":"2022-09-14T16:42:28","slug":"cameroun-le-bresil-vise-lagro-industrie-les-forets-bois-et-le-coton-textile-cuir","status":"publish","type":"post","link":"https:\/\/www.africa-press.net\/cameroun\/economie\/cameroun-le-bresil-vise-lagro-industrie-les-forets-bois-et-le-coton-textile-cuir","title":{"rendered":"Cameroun\u00a0: le Br\u00e9sil vise l\u2019Agro-industrie, les for\u00eats-bois et le coton-textile-cuir"},"content":{"rendered":"<p><span style=\"color: #ff6600\"><strong>Africa-Press &#8211; Cameroun. <\/strong><\/span>Une d\u00e9l\u00e9gation de la F\u00e9d\u00e9ration des Industries de Rio de Janeiro (FIRJAN) au Br\u00e9sil a \u00e9t\u00e9 re\u00e7ue en audience ce 12 septembre 2022 par le Ministre des Petites et Moyennes Entreprises, de l\u2019Economie Sociale et de l\u2019Artisanat Achille Bassilekin III.<\/p>\n<p>Au cours de cette audience, il s\u2019est agi pour la d\u00e9l\u00e9gation conduite par S.E. Patricia Maria Oliveira Lima, Ambassadeur de la R\u00e9publique F\u00e9d\u00e9rative avec \u00e0 ses c\u00f4t\u00e9s Marcelo KAIUCA Vice-Pr\u00e9sident de la F\u00e9d\u00e9ration, d\u2019\u00e9changer avec le Minpmeesa dans le but de nouer des partenariats li\u00e9s \u00e0 la transformation et \u00e0 la modernisation des unit\u00e9s de production locales dans les sous-secteurs des PMEESA afin de soutenir leur comp\u00e9titivit\u00e9 et leur contribution \u00e0 la transformation structurelle de l\u2019\u00e9conomie camerounaise.<\/p>\n<p>Achille Bassilekin III a indiqu\u00e9 \u00e0 la sortie de l\u2019audience que trois secteurs au c\u0153ur de la strat\u00e9gie nationale de d\u00e9veloppement ont \u00e9t\u00e9 identifi\u00e9s au cours des \u00e9changes. Ces secteurs que sont l\u2019agro-industrie, For\u00eats-bois et coton-textile-cuir, s\u2019inscrivent en droite ligne des \u00e9tudes pr\u00e9sent\u00e9es il y a quelques jours par le Minpmeesa, et qui mettent en valeur quatre piliers devant favoriser la structuration de l\u2019\u00e9conomie nationale.<\/p>\n<p>Selon le membre du gouvernement, compte tenu du savoir-faire s\u00e9culaire du Br\u00e9sil en mati\u00e8re d\u2019agro-industrie et en rapport avec l\u2019interdiction de l\u2019importation des grumes d\u00e8s janvier 2023, ces fili\u00e8res constitueront un vivier pour impulser une dynamique en mati\u00e8re de transformation. Aussi, a-t-il d\u00e9clar\u00e9, \u00ab <b>je suis heureux de vous annoncer qu\u2019une d\u00e9l\u00e9gation des industriels camerounais se rendra \u00e0 Rio de Janeiro en novembre 2022 pour la poursuite du dialogue amorc\u00e9 ce jour<\/b> \u00bb.<\/p>\n<p>Cette visite s\u2019inscrit selon le gouvernement dans le cadre du renforcement de la coop\u00e9ration bilat\u00e9rale entre le Cameroun et le Br\u00e9sil, dans le secteur des comp\u00e9tences du Minpmeesa et la r\u00e9alisation des priorit\u00e9s du gouvernement relatives \u00e0 la SND-30.<\/p>\n<p><strong>Pour plus d&rsquo;informations et d&rsquo;analyses sur la <a href=\"https:\/\/www.africa-press.net\/cameroun\">Cameroun<\/a>, suivez <a href=\"https:\/\/www.africa-press.net\/\">Africa-Press<\/a><\/strong><\/p>\n","protected":false},"excerpt":{"rendered":"<p>Africa-Press &#8211; Cameroun. Une d\u00e9l\u00e9gation de la F\u00e9d\u00e9ration des Industries de Rio de Janeiro (FIRJAN) au Br\u00e9sil a \u00e9t\u00e9 re\u00e7ue en audience ce 12 septembre 2022 par le Ministre des Petites et Moyennes Entreprises, de l\u2019Economie Sociale et de l\u2019Artisanat Achille Bassilekin III. Au cours de cette audience, il s\u2019est agi pour la d\u00e9l\u00e9gation conduite [&hellip;]<\/p>\n","protected":false},"author":82,"featured_media":27369,"comment_status":"open","ping_status":"closed","sticky":false,"template":"","format":"standard","meta":{"footnotes":""},"categories":[3,11,10],"tags":[36,50,49],"class_list":["post-27370","post","type-post","status-publish","format-standard","has-post-thumbnail","hentry","category-economie","category-homepage-french","category-toutes-les-actualites","tag-africa-press","tag-africa-press-cameroun","tag-cameroun"],"yoast_head":"<!-- This site is optimized with the Yoast SEO Premium plugin v26.1 (Yoast SEO v27.0) - https:\/\/yoast.com\/product\/yoast-seo-premium-wordpress\/ -->\n<title>Cameroun\u00a0: le Br\u00e9sil vise l\u2019Agro-industrie, les for\u00eats-bois et le coton-textile-cuir - Cameroun<\/title>\n<meta name=\"description\" content=\"Une d\u00e9l\u00e9gation de la F\u00e9d\u00e9ration des Industries de Rio de Janeiro (FIRJAN) au Br\u00e9sil a \u00e9t\u00e9 re\u00e7ue en audience ce 12 septem ...\" \/>\n<meta name=\"robots\" content=\"index, follow, max-snippet:-1, max-image-preview:large, max-video-preview:-1\" \/>\n<link rel=\"canonical\" href=\"https:\/\/www.africa-press.net\/cameroun\/economie\/cameroun-le-bresil-vise-lagro-industrie-les-forets-bois-et-le-coton-textile-cuir\" \/>\n<meta property=\"og:locale\" content=\"fr_FR\" \/>\n<meta property=\"og:type\" content=\"article\" \/>\n<meta property=\"og:title\" content=\"Cameroun\u00a0: le Br\u00e9sil vise l\u2019Agro-industrie, les for\u00eats-bois et le coton-textile-cuir\" \/>\n<meta property=\"og:description\" content=\"Une d\u00e9l\u00e9gation de la F\u00e9d\u00e9ration des Industries de Rio de Janeiro (FIRJAN) au Br\u00e9sil a \u00e9t\u00e9 re\u00e7ue en audience ce 12 septem ...\" \/>\n<meta property=\"og:url\" content=\"https:\/\/www.africa-press.net\/cameroun\/economie\/cameroun-le-bresil-vise-lagro-industrie-les-forets-bois-et-le-coton-textile-cuir\" \/>\n<meta property=\"og:site_name\" content=\"Cameroun\" \/>\n<meta property=\"article:published_time\" content=\"2022-09-14T15:44:54+00:00\" \/>\n<meta property=\"article:modified_time\" content=\"2022-09-14T16:42:28+00:00\" \/>\n<meta property=\"og:image\" content=\"https:\/\/static.africa-press.net\/cameroun\/sites\/57\/2022\/09\/img-63220449db745.jpg\" \/>\n\t<meta property=\"og:image:width\" content=\"800\" \/>\n\t<meta property=\"og:image:height\" content=\"400\" \/>\n\t<meta property=\"og:image:type\" content=\"image\/jpeg\" \/>\n<meta name=\"author\" content=\"cfeditorfr\" \/>\n<meta name=\"twitter:card\" content=\"summary_large_image\" \/>\n<meta name=\"twitter:label1\" content=\"\u00c9crit par\" \/>\n\t<meta name=\"twitter:data1\" content=\"cfeditorfr\" \/>\n\t<meta name=\"twitter:label2\" content=\"Dur\u00e9e de lecture estim\u00e9e\" \/>\n\t<meta name=\"twitter:data2\" content=\"2 minutes\" \/>\n<script type=\"application\/ld+json\" class=\"yoast-schema-graph\">{\"@context\":\"https:\/\/schema.org\",\"@graph\":[{\"@type\":\"Article\",\"@id\":\"https:\/\/www.africa-press.net\/cameroun\/economie\/cameroun-le-bresil-vise-lagro-industrie-les-forets-bois-et-le-coton-textile-cuir#article\",\"isPartOf\":{\"@id\":\"https:\/\/www.africa-press.net\/cameroun\/economie\/cameroun-le-bresil-vise-lagro-industrie-les-forets-bois-et-le-coton-textile-cuir\"},\"author\":{\"name\":\"cfeditorfr\",\"@id\":\"https:\/\/www.africa-press.net\/cameroun\/#\/schema\/person\/2b1cf3cd81a31e3cd26889ca66d677f1\"},\"headline\":\"Cameroun\u00a0: le Br\u00e9sil vise l\u2019Agro-industrie, les for\u00eats-bois et le coton-textile-cuir\",\"datePublished\":\"2022-09-14T15:44:54+00:00\",\"dateModified\":\"2022-09-14T16:42:28+00:00\",\"mainEntityOfPage\":{\"@id\":\"https:\/\/www.africa-press.net\/cameroun\/economie\/cameroun-le-bresil-vise-lagro-industrie-les-forets-bois-et-le-coton-textile-cuir\"},\"wordCount\":365,\"commentCount\":0,\"image\":{\"@id\":\"https:\/\/www.africa-press.net\/cameroun\/economie\/cameroun-le-bresil-vise-lagro-industrie-les-forets-bois-et-le-coton-textile-cuir#primaryimage\"},\"thumbnailUrl\":\"https:\/\/static.africa-press.net\/cameroun\/sites\/57\/2022\/09\/img-63220449db745.jpg\",\"keywords\":[\"Africa Press\",\"Africa Press-Cameroun\",\"Cameroun\"],\"articleSection\":[\"\u00c9conomie\",\"homepage-french\",\"Toutes les actualit\u00e9s\"],\"inLanguage\":\"fr-FR\",\"potentialAction\":[{\"@type\":\"CommentAction\",\"name\":\"Comment\",\"target\":[\"https:\/\/www.africa-press.net\/cameroun\/economie\/cameroun-le-bresil-vise-lagro-industrie-les-forets-bois-et-le-coton-textile-cuir#respond\"]}]},{\"@type\":\"WebPage\",\"@id\":\"https:\/\/www.africa-press.net\/cameroun\/economie\/cameroun-le-bresil-vise-lagro-industrie-les-forets-bois-et-le-coton-textile-cuir\",\"url\":\"https:\/\/www.africa-press.net\/cameroun\/economie\/cameroun-le-bresil-vise-lagro-industrie-les-forets-bois-et-le-coton-textile-cuir\",\"name\":\"Cameroun\u00a0: le Br\u00e9sil vise l\u2019Agro-industrie, les for\u00eats-bois et le coton-textile-cuir - Cameroun\",\"isPartOf\":{\"@id\":\"https:\/\/www.africa-press.net\/cameroun\/#website\"},\"primaryImageOfPage\":{\"@id\":\"https:\/\/www.africa-press.net\/cameroun\/economie\/cameroun-le-bresil-vise-lagro-industrie-les-forets-bois-et-le-coton-textile-cuir#primaryimage\"},\"image\":{\"@id\":\"https:\/\/www.africa-press.net\/cameroun\/economie\/cameroun-le-bresil-vise-lagro-industrie-les-forets-bois-et-le-coton-textile-cuir#primaryimage\"},\"thumbnailUrl\":\"https:\/\/static.africa-press.net\/cameroun\/sites\/57\/2022\/09\/img-63220449db745.jpg\",\"datePublished\":\"2022-09-14T15:44:54+00:00\",\"dateModified\":\"2022-09-14T16:42:28+00:00\",\"author\":{\"@id\":\"https:\/\/www.africa-press.net\/cameroun\/#\/schema\/person\/2b1cf3cd81a31e3cd26889ca66d677f1\"},\"description\":\"Une d\u00e9l\u00e9gation de la F\u00e9d\u00e9ration des Industries de Rio de Janeiro (FIRJAN) au Br\u00e9sil a \u00e9t\u00e9 re\u00e7ue en audience ce 12 septem ...\",\"breadcrumb\":{\"@id\":\"https:\/\/www.africa-press.net\/cameroun\/economie\/cameroun-le-bresil-vise-lagro-industrie-les-forets-bois-et-le-coton-textile-cuir#breadcrumb\"},\"inLanguage\":\"fr-FR\",\"potentialAction\":[{\"@type\":\"ReadAction\",\"target\":[\"https:\/\/www.africa-press.net\/cameroun\/economie\/cameroun-le-bresil-vise-lagro-industrie-les-forets-bois-et-le-coton-textile-cuir\"]}]},{\"@type\":\"ImageObject\",\"inLanguage\":\"fr-FR\",\"@id\":\"https:\/\/www.africa-press.net\/cameroun\/economie\/cameroun-le-bresil-vise-lagro-industrie-les-forets-bois-et-le-coton-textile-cuir#primaryimage\",\"url\":\"https:\/\/static.africa-press.net\/cameroun\/sites\/57\/2022\/09\/img-63220449db745.jpg\",\"contentUrl\":\"https:\/\/static.africa-press.net\/cameroun\/sites\/57\/2022\/09\/img-63220449db745.jpg\",\"width\":800,\"height\":400,\"caption\":\"Cameroun\u00a0: le Br\u00e9sil vise l\u2019Agro-industrie, les for\u00eats-bois et le coton-textile-cuir\"},{\"@type\":\"BreadcrumbList\",\"@id\":\"https:\/\/www.africa-press.net\/cameroun\/economie\/cameroun-le-bresil-vise-lagro-industrie-les-forets-bois-et-le-coton-textile-cuir#breadcrumb\",\"itemListElement\":[{\"@type\":\"ListItem\",\"position\":1,\"name\":\"Accueil\",\"item\":\"https:\/\/www.africa-press.net\/cameroun\/\"},{\"@type\":\"ListItem\",\"position\":2,\"name\":\"Cameroun\u00a0: le Br\u00e9sil vise l\u2019Agro-industrie, les for\u00eats-bois et le coton-textile-cuir\"}]},{\"@type\":\"WebSite\",\"@id\":\"https:\/\/www.africa-press.net\/cameroun\/#website\",\"url\":\"https:\/\/www.africa-press.net\/cameroun\/\",\"name\":\"Cameroun\",\"description\":\"Just another Africa News Agency Sites site\",\"potentialAction\":[{\"@type\":\"SearchAction\",\"target\":{\"@type\":\"EntryPoint\",\"urlTemplate\":\"https:\/\/www.africa-press.net\/cameroun\/?s={search_term_string}\"},\"query-input\":{\"@type\":\"PropertyValueSpecification\",\"valueRequired\":true,\"valueName\":\"search_term_string\"}}],\"inLanguage\":\"fr-FR\"},{\"@type\":\"Person\",\"@id\":\"https:\/\/www.africa-press.net\/cameroun\/#\/schema\/person\/2b1cf3cd81a31e3cd26889ca66d677f1\",\"name\":\"cfeditorfr\"}]}<\/script>\n<!-- \/ Yoast SEO Premium plugin. -->","yoast_head_json":{"title":"Cameroun\u00a0: le Br\u00e9sil vise l\u2019Agro-industrie, les for\u00eats-bois et le coton-textile-cuir - Cameroun","description":"Une d\u00e9l\u00e9gation de la F\u00e9d\u00e9ration des Industries de Rio de Janeiro (FIRJAN) au Br\u00e9sil a \u00e9t\u00e9 re\u00e7ue en audience ce 12 septem ...","robots":{"index":"index","follow":"follow","max-snippet":"max-snippet:-1","max-image-preview":"max-image-preview:large","max-video-preview":"max-video-preview:-1"},"canonical":"https:\/\/www.africa-press.net\/cameroun\/economie\/cameroun-le-bresil-vise-lagro-industrie-les-forets-bois-et-le-coton-textile-cuir","og_locale":"fr_FR","og_type":"article","og_title":"Cameroun\u00a0: le Br\u00e9sil vise l\u2019Agro-industrie, les for\u00eats-bois et le coton-textile-cuir","og_description":"Une d\u00e9l\u00e9gation de la F\u00e9d\u00e9ration des Industries de Rio de Janeiro (FIRJAN) au Br\u00e9sil a \u00e9t\u00e9 re\u00e7ue en audience ce 12 septem ...","og_url":"https:\/\/www.africa-press.net\/cameroun\/economie\/cameroun-le-bresil-vise-lagro-industrie-les-forets-bois-et-le-coton-textile-cuir","og_site_name":"Cameroun","article_published_time":"2022-09-14T15:44:54+00:00","article_modified_time":"2022-09-14T16:42:28+00:00","og_image":[{"width":800,"height":400,"url":"https:\/\/static.africa-press.net\/cameroun\/sites\/57\/2022\/09\/img-63220449db745.jpg","type":"image\/jpeg"}],"author":"cfeditorfr","twitter_card":"summary_large_image","twitter_misc":{"\u00c9crit par":"cfeditorfr","Dur\u00e9e de lecture estim\u00e9e":"2 minutes"},"schema":{"@context":"https:\/\/schema.org","@graph":[{"@type":"Article","@id":"https:\/\/www.africa-press.net\/cameroun\/economie\/cameroun-le-bresil-vise-lagro-industrie-les-forets-bois-et-le-coton-textile-cuir#article","isPartOf":{"@id":"https:\/\/www.africa-press.net\/cameroun\/economie\/cameroun-le-bresil-vise-lagro-industrie-les-forets-bois-et-le-coton-textile-cuir"},"author":{"name":"cfeditorfr","@id":"https:\/\/www.africa-press.net\/cameroun\/#\/schema\/person\/2b1cf3cd81a31e3cd26889ca66d677f1"},"headline":"Cameroun\u00a0: le Br\u00e9sil vise l\u2019Agro-industrie, les for\u00eats-bois et le coton-textile-cuir","datePublished":"2022-09-14T15:44:54+00:00","dateModified":"2022-09-14T16:42:28+00:00","mainEntityOfPage":{"@id":"https:\/\/www.africa-press.net\/cameroun\/economie\/cameroun-le-bresil-vise-lagro-industrie-les-forets-bois-et-le-coton-textile-cuir"},"wordCount":365,"commentCount":0,"image":{"@id":"https:\/\/www.africa-press.net\/cameroun\/economie\/cameroun-le-bresil-vise-lagro-industrie-les-forets-bois-et-le-coton-textile-cuir#primaryimage"},"thumbnailUrl":"https:\/\/static.africa-press.net\/cameroun\/sites\/57\/2022\/09\/img-63220449db745.jpg","keywords":["Africa Press","Africa Press-Cameroun","Cameroun"],"articleSection":["\u00c9conomie","homepage-french","Toutes les actualit\u00e9s"],"inLanguage":"fr-FR","potentialAction":[{"@type":"CommentAction","name":"Comment","target":["https:\/\/www.africa-press.net\/cameroun\/economie\/cameroun-le-bresil-vise-lagro-industrie-les-forets-bois-et-le-coton-textile-cuir#respond"]}]},{"@type":"WebPage","@id":"https:\/\/www.africa-press.net\/cameroun\/economie\/cameroun-le-bresil-vise-lagro-industrie-les-forets-bois-et-le-coton-textile-cuir","url":"https:\/\/www.africa-press.net\/cameroun\/economie\/cameroun-le-bresil-vise-lagro-industrie-les-forets-bois-et-le-coton-textile-cuir","name":"Cameroun\u00a0: le Br\u00e9sil vise l\u2019Agro-industrie, les for\u00eats-bois et le coton-textile-cuir - Cameroun","isPartOf":{"@id":"https:\/\/www.africa-press.net\/cameroun\/#website"},"primaryImageOfPage":{"@id":"https:\/\/www.africa-press.net\/cameroun\/economie\/cameroun-le-bresil-vise-lagro-industrie-les-forets-bois-et-le-coton-textile-cuir#primaryimage"},"image":{"@id":"https:\/\/www.africa-press.net\/cameroun\/economie\/cameroun-le-bresil-vise-lagro-industrie-les-forets-bois-et-le-coton-textile-cuir#primaryimage"},"thumbnailUrl":"https:\/\/static.africa-press.net\/cameroun\/sites\/57\/2022\/09\/img-63220449db745.jpg","datePublished":"2022-09-14T15:44:54+00:00","dateModified":"2022-09-14T16:42:28+00:00","author":{"@id":"https:\/\/www.africa-press.net\/cameroun\/#\/schema\/person\/2b1cf3cd81a31e3cd26889ca66d677f1"},"description":"Une d\u00e9l\u00e9gation de la F\u00e9d\u00e9ration des Industries de Rio de Janeiro (FIRJAN) au Br\u00e9sil a \u00e9t\u00e9 re\u00e7ue en audience ce 12 septem ...","breadcrumb":{"@id":"https:\/\/www.africa-press.net\/cameroun\/economie\/cameroun-le-bresil-vise-lagro-industrie-les-forets-bois-et-le-coton-textile-cuir#breadcrumb"},"inLanguage":"fr-FR","potentialAction":[{"@type":"ReadAction","target":["https:\/\/www.africa-press.net\/cameroun\/economie\/cameroun-le-bresil-vise-lagro-industrie-les-forets-bois-et-le-coton-textile-cuir"]}]},{"@type":"ImageObject","inLanguage":"fr-FR","@id":"https:\/\/www.africa-press.net\/cameroun\/economie\/cameroun-le-bresil-vise-lagro-industrie-les-forets-bois-et-le-coton-textile-cuir#primaryimage","url":"https:\/\/static.africa-press.net\/cameroun\/sites\/57\/2022\/09\/img-63220449db745.jpg","contentUrl":"https:\/\/static.africa-press.net\/cameroun\/sites\/57\/2022\/09\/img-63220449db745.jpg","width":800,"height":400,"caption":"Cameroun\u00a0: le Br\u00e9sil vise l\u2019Agro-industrie, les for\u00eats-bois et le coton-textile-cuir"},{"@type":"BreadcrumbList","@id":"https:\/\/www.africa-press.net\/cameroun\/economie\/cameroun-le-bresil-vise-lagro-industrie-les-forets-bois-et-le-coton-textile-cuir#breadcrumb","itemListElement":[{"@type":"ListItem","position":1,"name":"Accueil","item":"https:\/\/www.africa-press.net\/cameroun\/"},{"@type":"ListItem","position":2,"name":"Cameroun\u00a0: le Br\u00e9sil vise l\u2019Agro-industrie, les for\u00eats-bois et le coton-textile-cuir"}]},{"@type":"WebSite","@id":"https:\/\/www.africa-press.net\/cameroun\/#website","url":"https:\/\/www.africa-press.net\/cameroun\/","name":"Cameroun","description":"Just another Africa News Agency Sites site","potentialAction":[{"@type":"SearchAction","target":{"@type":"EntryPoint","urlTemplate":"https:\/\/www.africa-press.net\/cameroun\/?s={search_term_string}"},"query-input":{"@type":"PropertyValueSpecification","valueRequired":true,"valueName":"search_term_string"}}],"inLanguage":"fr-FR"},{"@type":"Person","@id":"https:\/\/www.africa-press.net\/cameroun\/#\/schema\/person\/2b1cf3cd81a31e3cd26889ca66d677f1","name":"cfeditorfr"}]}},"_links":{"self":[{"href":"https:\/\/www.africa-press.net\/cameroun\/wp-json\/wp\/v2\/posts\/27370","targetHints":{"allow":["GET"]}}],"collection":[{"href":"https:\/\/www.africa-press.net\/cameroun\/wp-json\/wp\/v2\/posts"}],"about":[{"href":"https:\/\/www.africa-press.net\/cameroun\/wp-json\/wp\/v2\/types\/post"}],"author":[{"embeddable":true,"href":"https:\/\/www.africa-press.net\/cameroun\/wp-json\/wp\/v2\/users\/82"}],"replies":[{"embeddable":true,"href":"https:\/\/www.africa-press.net\/cameroun\/wp-json\/wp\/v2\/comments?post=27370"}],"version-history":[{"count":0,"href":"https:\/\/www.africa-press.net\/cameroun\/wp-json\/wp\/v2\/posts\/27370\/revisions"}],"wp:featuredmedia":[{"embeddable":true,"href":"https:\/\/www.africa-press.net\/cameroun\/wp-json\/wp\/v2\/media\/27369"}],"wp:attachment":[{"href":"https:\/\/www.africa-press.net\/cameroun\/wp-json\/wp\/v2\/media?parent=27370"}],"wp:term":[{"taxonomy":"category","embeddable":true,"href":"https:\/\/www.africa-press.net\/cameroun\/wp-json\/wp\/v2\/categories?post=27370"},{"taxonomy":"post_tag","embeddable":true,"href":"https:\/\/www.africa-press.net\/cameroun\/wp-json\/wp\/v2\/tags?post=27370"}],"curies":[{"name":"wp","href":"https:\/\/api.w.org\/{rel}","templated":true}]}}