{"id":27379,"date":"2022-09-14T16:05:00","date_gmt":"2022-09-14T16:05:00","guid":{"rendered":"https:\/\/www.africa-press.net\/cameroun\/politique\/a-douala-la-cemac-la-ceeac-et-lue-affinent-leur-synergie-pour-doper-linvestissement-prive-en-afrique-centrale"},"modified":"2022-09-14T16:44:36","modified_gmt":"2022-09-14T16:44:36","slug":"a-douala-la-cemac-la-ceeac-et-lue-affinent-leur-synergie-pour-doper-linvestissement-prive-en-afrique-centrale","status":"publish","type":"post","link":"https:\/\/www.africa-press.net\/cameroun\/economie\/a-douala-la-cemac-la-ceeac-et-lue-affinent-leur-synergie-pour-doper-linvestissement-prive-en-afrique-centrale","title":{"rendered":"\u00c0 Douala, la Cemac, la CEEAC et l\u2019UE affinent leur synergie pour doper l\u2019investissement priv\u00e9 en Afrique centrale"},"content":{"rendered":"<p><span style=\"color: #ff6600\"><strong>Africa-Press &#8211; Cameroun. <\/strong><\/span>Investir au Cameroun) &#8211; Ce 14 septembre 2022 s\u2019ach\u00e8ve \u00e0 Douala, la capitale \u00e9conomique camerounaise, l\u2019atelier d\u2019information et de concertation de deux jours organis\u00e9s par l\u2019assistance technique du Projet d\u2019appui \u00e0 l\u2019int\u00e9gration r\u00e9gionale et \u00e0 l\u2019investissement en Afrique centrale (Pairiac).<\/p>\n<p>Financ\u00e9 par l\u2019Union europ\u00e9enne (UE), ce programme mis en \u0153uvre pour une dur\u00e9e de 4 ans (2022-2026) par le consortium EGIS\/Landell Mills\/DMI, vise, apprend-on officiellement, \u00e0 renforcer l\u2019acc\u00e9l\u00e9ration de l\u2019int\u00e9gration r\u00e9gionale, d\u2019une part\u2009; et d\u2019autre part, \u00e0 accro\u00eetre les financements \u00e0 destination du secteur priv\u00e9 en Afrique centrale, en tirant parti des synergies avec le Plan d\u2019investissement ext\u00e9rieur (PIE) de l\u2019UE, et en contribuant \u00e0 la strat\u00e9gie de riposte post-Covid 19 dans les 11 pays d\u2019Afrique centrale (CEEAC et Cemac).<\/p>\n<p>Concr\u00e8tement, cet \u00ab\u2009<b>atelier d\u2019information et de concertation est organis\u00e9 (\u2026) \u00e0 la fin de la phase de d\u00e9marrage du projet, afin de partager et d\u2019affiner avec les parties prenantes participantes, le diagnostic actualis\u00e9 du contexte du projet et le plan d\u2019action propos\u00e9<\/b>\u2009\u00bb, explique l\u2019assistance technique du Pairiac.<\/p>\n<p>Les participants \u00e0 l\u2019atelier, une quarantaine au total, \u00e9taient les repr\u00e9sentants r\u00e9gionaux et nationaux de l\u2019int\u00e9gration r\u00e9gionale (pays et responsables de la CEEAC et de la Cemac)\u2009; les acteurs du secteur priv\u00e9 des pays concern\u00e9s, de l\u2019investissement et du secteur bancaire, ainsi que ceux de l\u2019UE et d\u2019autres parties prenantes impliqu\u00e9es dans la gestion des accords commerciaux (APE, Zlecaf) et des corridors de commerce r\u00e9gionaux.<\/p>\n<p><b>BRM<\/b><\/p>\n<p><strong>Pour plus d&rsquo;informations et d&rsquo;analyses sur la <a href=\"https:\/\/www.africa-press.net\/cameroun\">Cameroun<\/a>, suivez <a href=\"https:\/\/www.africa-press.net\/\">Africa-Press<\/a><\/strong><\/p>\n","protected":false},"excerpt":{"rendered":"<p>Africa-Press &#8211; Cameroun. Investir au Cameroun) &#8211; Ce 14 septembre 2022 s\u2019ach\u00e8ve \u00e0 Douala, la capitale \u00e9conomique camerounaise, l\u2019atelier d\u2019information et de concertation de deux jours organis\u00e9s par l\u2019assistance technique du Projet d\u2019appui \u00e0 l\u2019int\u00e9gration r\u00e9gionale et \u00e0 l\u2019investissement en Afrique centrale (Pairiac). Financ\u00e9 par l\u2019Union europ\u00e9enne (UE), ce programme mis en \u0153uvre pour une [&hellip;]<\/p>\n","protected":false},"author":82,"featured_media":27378,"comment_status":"open","ping_status":"closed","sticky":false,"template":"","format":"standard","meta":{"footnotes":""},"categories":[3,11,10],"tags":[36,50,49],"class_list":["post-27379","post","type-post","status-publish","format-standard","has-post-thumbnail","hentry","category-economie","category-homepage-french","category-toutes-les-actualites","tag-africa-press","tag-africa-press-cameroun","tag-cameroun"],"yoast_head":"<!-- This site is optimized with the Yoast SEO Premium plugin v26.1 (Yoast SEO v27.0) - https:\/\/yoast.com\/product\/yoast-seo-premium-wordpress\/ -->\n<title>\u00c0 Douala, la Cemac, la CEEAC et l\u2019UE affinent leur synergie pour doper l\u2019investissement priv\u00e9 en Afrique centrale - Cameroun<\/title>\n<meta name=\"description\" content=\"Investir au Cameroun) - Ce 14 septembre 2022 s\u2019ach\u00e8ve \u00e0 Douala, la capitale \u00e9conomique camerounaise, l\u2019atelier d\u2019informa ...\" \/>\n<meta name=\"robots\" content=\"index, follow, max-snippet:-1, max-image-preview:large, max-video-preview:-1\" \/>\n<link rel=\"canonical\" href=\"https:\/\/www.africa-press.net\/cameroun\/economie\/a-douala-la-cemac-la-ceeac-et-lue-affinent-leur-synergie-pour-doper-linvestissement-prive-en-afrique-centrale\" \/>\n<meta property=\"og:locale\" content=\"fr_FR\" \/>\n<meta property=\"og:type\" content=\"article\" \/>\n<meta property=\"og:title\" content=\"\u00c0 Douala, la Cemac, la CEEAC et l\u2019UE affinent leur synergie pour doper l\u2019investissement priv\u00e9 en Afrique centrale\" \/>\n<meta property=\"og:description\" content=\"Investir au Cameroun) - Ce 14 septembre 2022 s\u2019ach\u00e8ve \u00e0 Douala, la capitale \u00e9conomique camerounaise, l\u2019atelier d\u2019informa ...\" \/>\n<meta property=\"og:url\" content=\"https:\/\/www.africa-press.net\/cameroun\/economie\/a-douala-la-cemac-la-ceeac-et-lue-affinent-leur-synergie-pour-doper-linvestissement-prive-en-afrique-centrale\" \/>\n<meta property=\"og:site_name\" content=\"Cameroun\" \/>\n<meta property=\"article:published_time\" content=\"2022-09-14T16:05:00+00:00\" \/>\n<meta property=\"article:modified_time\" content=\"2022-09-14T16:44:36+00:00\" \/>\n<meta property=\"og:image\" content=\"https:\/\/static.africa-press.net\/cameroun\/sites\/57\/2022\/09\/img-632204cb10046.jpg\" \/>\n\t<meta property=\"og:image:width\" content=\"720\" \/>\n\t<meta property=\"og:image:height\" content=\"479\" \/>\n\t<meta property=\"og:image:type\" content=\"image\/jpeg\" \/>\n<meta name=\"author\" content=\"cfeditorfr\" \/>\n<meta name=\"twitter:card\" content=\"summary_large_image\" \/>\n<meta name=\"twitter:label1\" content=\"\u00c9crit par\" \/>\n\t<meta name=\"twitter:data1\" content=\"cfeditorfr\" \/>\n\t<meta name=\"twitter:label2\" content=\"Dur\u00e9e de lecture estim\u00e9e\" \/>\n\t<meta name=\"twitter:data2\" content=\"2 minutes\" \/>\n<script type=\"application\/ld+json\" class=\"yoast-schema-graph\">{\"@context\":\"https:\/\/schema.org\",\"@graph\":[{\"@type\":\"Article\",\"@id\":\"https:\/\/www.africa-press.net\/cameroun\/economie\/a-douala-la-cemac-la-ceeac-et-lue-affinent-leur-synergie-pour-doper-linvestissement-prive-en-afrique-centrale#article\",\"isPartOf\":{\"@id\":\"https:\/\/www.africa-press.net\/cameroun\/economie\/a-douala-la-cemac-la-ceeac-et-lue-affinent-leur-synergie-pour-doper-linvestissement-prive-en-afrique-centrale\"},\"author\":{\"name\":\"cfeditorfr\",\"@id\":\"https:\/\/www.africa-press.net\/cameroun\/#\/schema\/person\/2b1cf3cd81a31e3cd26889ca66d677f1\"},\"headline\":\"\u00c0 Douala, la Cemac, la CEEAC et l\u2019UE affinent leur synergie pour doper l\u2019investissement priv\u00e9 en Afrique centrale\",\"datePublished\":\"2022-09-14T16:05:00+00:00\",\"dateModified\":\"2022-09-14T16:44:36+00:00\",\"mainEntityOfPage\":{\"@id\":\"https:\/\/www.africa-press.net\/cameroun\/economie\/a-douala-la-cemac-la-ceeac-et-lue-affinent-leur-synergie-pour-doper-linvestissement-prive-en-afrique-centrale\"},\"wordCount\":300,\"commentCount\":0,\"image\":{\"@id\":\"https:\/\/www.africa-press.net\/cameroun\/economie\/a-douala-la-cemac-la-ceeac-et-lue-affinent-leur-synergie-pour-doper-linvestissement-prive-en-afrique-centrale#primaryimage\"},\"thumbnailUrl\":\"https:\/\/static.africa-press.net\/cameroun\/sites\/57\/2022\/09\/img-632204cb10046.jpg\",\"keywords\":[\"Africa Press\",\"Africa Press-Cameroun\",\"Cameroun\"],\"articleSection\":[\"\u00c9conomie\",\"homepage-french\",\"Toutes les actualit\u00e9s\"],\"inLanguage\":\"fr-FR\",\"potentialAction\":[{\"@type\":\"CommentAction\",\"name\":\"Comment\",\"target\":[\"https:\/\/www.africa-press.net\/cameroun\/economie\/a-douala-la-cemac-la-ceeac-et-lue-affinent-leur-synergie-pour-doper-linvestissement-prive-en-afrique-centrale#respond\"]}]},{\"@type\":\"WebPage\",\"@id\":\"https:\/\/www.africa-press.net\/cameroun\/economie\/a-douala-la-cemac-la-ceeac-et-lue-affinent-leur-synergie-pour-doper-linvestissement-prive-en-afrique-centrale\",\"url\":\"https:\/\/www.africa-press.net\/cameroun\/economie\/a-douala-la-cemac-la-ceeac-et-lue-affinent-leur-synergie-pour-doper-linvestissement-prive-en-afrique-centrale\",\"name\":\"\u00c0 Douala, la Cemac, la CEEAC et l\u2019UE affinent leur synergie pour doper l\u2019investissement priv\u00e9 en Afrique centrale - Cameroun\",\"isPartOf\":{\"@id\":\"https:\/\/www.africa-press.net\/cameroun\/#website\"},\"primaryImageOfPage\":{\"@id\":\"https:\/\/www.africa-press.net\/cameroun\/economie\/a-douala-la-cemac-la-ceeac-et-lue-affinent-leur-synergie-pour-doper-linvestissement-prive-en-afrique-centrale#primaryimage\"},\"image\":{\"@id\":\"https:\/\/www.africa-press.net\/cameroun\/economie\/a-douala-la-cemac-la-ceeac-et-lue-affinent-leur-synergie-pour-doper-linvestissement-prive-en-afrique-centrale#primaryimage\"},\"thumbnailUrl\":\"https:\/\/static.africa-press.net\/cameroun\/sites\/57\/2022\/09\/img-632204cb10046.jpg\",\"datePublished\":\"2022-09-14T16:05:00+00:00\",\"dateModified\":\"2022-09-14T16:44:36+00:00\",\"author\":{\"@id\":\"https:\/\/www.africa-press.net\/cameroun\/#\/schema\/person\/2b1cf3cd81a31e3cd26889ca66d677f1\"},\"description\":\"Investir au Cameroun) - Ce 14 septembre 2022 s\u2019ach\u00e8ve \u00e0 Douala, la capitale \u00e9conomique camerounaise, l\u2019atelier d\u2019informa ...\",\"breadcrumb\":{\"@id\":\"https:\/\/www.africa-press.net\/cameroun\/economie\/a-douala-la-cemac-la-ceeac-et-lue-affinent-leur-synergie-pour-doper-linvestissement-prive-en-afrique-centrale#breadcrumb\"},\"inLanguage\":\"fr-FR\",\"potentialAction\":[{\"@type\":\"ReadAction\",\"target\":[\"https:\/\/www.africa-press.net\/cameroun\/economie\/a-douala-la-cemac-la-ceeac-et-lue-affinent-leur-synergie-pour-doper-linvestissement-prive-en-afrique-centrale\"]}]},{\"@type\":\"ImageObject\",\"inLanguage\":\"fr-FR\",\"@id\":\"https:\/\/www.africa-press.net\/cameroun\/economie\/a-douala-la-cemac-la-ceeac-et-lue-affinent-leur-synergie-pour-doper-linvestissement-prive-en-afrique-centrale#primaryimage\",\"url\":\"https:\/\/static.africa-press.net\/cameroun\/sites\/57\/2022\/09\/img-632204cb10046.jpg\",\"contentUrl\":\"https:\/\/static.africa-press.net\/cameroun\/sites\/57\/2022\/09\/img-632204cb10046.jpg\",\"width\":720,\"height\":479,\"caption\":\"\u00c0 Douala, la Cemac, la CEEAC et l\u2019UE affinent leur synergie pour doper l\u2019investissement priv\u00e9 en Afrique centrale\"},{\"@type\":\"BreadcrumbList\",\"@id\":\"https:\/\/www.africa-press.net\/cameroun\/economie\/a-douala-la-cemac-la-ceeac-et-lue-affinent-leur-synergie-pour-doper-linvestissement-prive-en-afrique-centrale#breadcrumb\",\"itemListElement\":[{\"@type\":\"ListItem\",\"position\":1,\"name\":\"Accueil\",\"item\":\"https:\/\/www.africa-press.net\/cameroun\/\"},{\"@type\":\"ListItem\",\"position\":2,\"name\":\"\u00c0 Douala, la Cemac, la CEEAC et l\u2019UE affinent leur synergie pour doper l\u2019investissement priv\u00e9 en Afrique centrale\"}]},{\"@type\":\"WebSite\",\"@id\":\"https:\/\/www.africa-press.net\/cameroun\/#website\",\"url\":\"https:\/\/www.africa-press.net\/cameroun\/\",\"name\":\"Cameroun\",\"description\":\"Just another Africa News Agency Sites site\",\"potentialAction\":[{\"@type\":\"SearchAction\",\"target\":{\"@type\":\"EntryPoint\",\"urlTemplate\":\"https:\/\/www.africa-press.net\/cameroun\/?s={search_term_string}\"},\"query-input\":{\"@type\":\"PropertyValueSpecification\",\"valueRequired\":true,\"valueName\":\"search_term_string\"}}],\"inLanguage\":\"fr-FR\"},{\"@type\":\"Person\",\"@id\":\"https:\/\/www.africa-press.net\/cameroun\/#\/schema\/person\/2b1cf3cd81a31e3cd26889ca66d677f1\",\"name\":\"cfeditorfr\"}]}<\/script>\n<!-- \/ Yoast SEO Premium plugin. -->","yoast_head_json":{"title":"\u00c0 Douala, la Cemac, la CEEAC et l\u2019UE affinent leur synergie pour doper l\u2019investissement priv\u00e9 en Afrique centrale - Cameroun","description":"Investir au Cameroun) - Ce 14 septembre 2022 s\u2019ach\u00e8ve \u00e0 Douala, la capitale \u00e9conomique camerounaise, l\u2019atelier d\u2019informa ...","robots":{"index":"index","follow":"follow","max-snippet":"max-snippet:-1","max-image-preview":"max-image-preview:large","max-video-preview":"max-video-preview:-1"},"canonical":"https:\/\/www.africa-press.net\/cameroun\/economie\/a-douala-la-cemac-la-ceeac-et-lue-affinent-leur-synergie-pour-doper-linvestissement-prive-en-afrique-centrale","og_locale":"fr_FR","og_type":"article","og_title":"\u00c0 Douala, la Cemac, la CEEAC et l\u2019UE affinent leur synergie pour doper l\u2019investissement priv\u00e9 en Afrique centrale","og_description":"Investir au Cameroun) - Ce 14 septembre 2022 s\u2019ach\u00e8ve \u00e0 Douala, la capitale \u00e9conomique camerounaise, l\u2019atelier d\u2019informa ...","og_url":"https:\/\/www.africa-press.net\/cameroun\/economie\/a-douala-la-cemac-la-ceeac-et-lue-affinent-leur-synergie-pour-doper-linvestissement-prive-en-afrique-centrale","og_site_name":"Cameroun","article_published_time":"2022-09-14T16:05:00+00:00","article_modified_time":"2022-09-14T16:44:36+00:00","og_image":[{"width":720,"height":479,"url":"https:\/\/static.africa-press.net\/cameroun\/sites\/57\/2022\/09\/img-632204cb10046.jpg","type":"image\/jpeg"}],"author":"cfeditorfr","twitter_card":"summary_large_image","twitter_misc":{"\u00c9crit par":"cfeditorfr","Dur\u00e9e de lecture estim\u00e9e":"2 minutes"},"schema":{"@context":"https:\/\/schema.org","@graph":[{"@type":"Article","@id":"https:\/\/www.africa-press.net\/cameroun\/economie\/a-douala-la-cemac-la-ceeac-et-lue-affinent-leur-synergie-pour-doper-linvestissement-prive-en-afrique-centrale#article","isPartOf":{"@id":"https:\/\/www.africa-press.net\/cameroun\/economie\/a-douala-la-cemac-la-ceeac-et-lue-affinent-leur-synergie-pour-doper-linvestissement-prive-en-afrique-centrale"},"author":{"name":"cfeditorfr","@id":"https:\/\/www.africa-press.net\/cameroun\/#\/schema\/person\/2b1cf3cd81a31e3cd26889ca66d677f1"},"headline":"\u00c0 Douala, la Cemac, la CEEAC et l\u2019UE affinent leur synergie pour doper l\u2019investissement priv\u00e9 en Afrique centrale","datePublished":"2022-09-14T16:05:00+00:00","dateModified":"2022-09-14T16:44:36+00:00","mainEntityOfPage":{"@id":"https:\/\/www.africa-press.net\/cameroun\/economie\/a-douala-la-cemac-la-ceeac-et-lue-affinent-leur-synergie-pour-doper-linvestissement-prive-en-afrique-centrale"},"wordCount":300,"commentCount":0,"image":{"@id":"https:\/\/www.africa-press.net\/cameroun\/economie\/a-douala-la-cemac-la-ceeac-et-lue-affinent-leur-synergie-pour-doper-linvestissement-prive-en-afrique-centrale#primaryimage"},"thumbnailUrl":"https:\/\/static.africa-press.net\/cameroun\/sites\/57\/2022\/09\/img-632204cb10046.jpg","keywords":["Africa Press","Africa Press-Cameroun","Cameroun"],"articleSection":["\u00c9conomie","homepage-french","Toutes les actualit\u00e9s"],"inLanguage":"fr-FR","potentialAction":[{"@type":"CommentAction","name":"Comment","target":["https:\/\/www.africa-press.net\/cameroun\/economie\/a-douala-la-cemac-la-ceeac-et-lue-affinent-leur-synergie-pour-doper-linvestissement-prive-en-afrique-centrale#respond"]}]},{"@type":"WebPage","@id":"https:\/\/www.africa-press.net\/cameroun\/economie\/a-douala-la-cemac-la-ceeac-et-lue-affinent-leur-synergie-pour-doper-linvestissement-prive-en-afrique-centrale","url":"https:\/\/www.africa-press.net\/cameroun\/economie\/a-douala-la-cemac-la-ceeac-et-lue-affinent-leur-synergie-pour-doper-linvestissement-prive-en-afrique-centrale","name":"\u00c0 Douala, la Cemac, la CEEAC et l\u2019UE affinent leur synergie pour doper l\u2019investissement priv\u00e9 en Afrique centrale - Cameroun","isPartOf":{"@id":"https:\/\/www.africa-press.net\/cameroun\/#website"},"primaryImageOfPage":{"@id":"https:\/\/www.africa-press.net\/cameroun\/economie\/a-douala-la-cemac-la-ceeac-et-lue-affinent-leur-synergie-pour-doper-linvestissement-prive-en-afrique-centrale#primaryimage"},"image":{"@id":"https:\/\/www.africa-press.net\/cameroun\/economie\/a-douala-la-cemac-la-ceeac-et-lue-affinent-leur-synergie-pour-doper-linvestissement-prive-en-afrique-centrale#primaryimage"},"thumbnailUrl":"https:\/\/static.africa-press.net\/cameroun\/sites\/57\/2022\/09\/img-632204cb10046.jpg","datePublished":"2022-09-14T16:05:00+00:00","dateModified":"2022-09-14T16:44:36+00:00","author":{"@id":"https:\/\/www.africa-press.net\/cameroun\/#\/schema\/person\/2b1cf3cd81a31e3cd26889ca66d677f1"},"description":"Investir au Cameroun) - Ce 14 septembre 2022 s\u2019ach\u00e8ve \u00e0 Douala, la capitale \u00e9conomique camerounaise, l\u2019atelier d\u2019informa ...","breadcrumb":{"@id":"https:\/\/www.africa-press.net\/cameroun\/economie\/a-douala-la-cemac-la-ceeac-et-lue-affinent-leur-synergie-pour-doper-linvestissement-prive-en-afrique-centrale#breadcrumb"},"inLanguage":"fr-FR","potentialAction":[{"@type":"ReadAction","target":["https:\/\/www.africa-press.net\/cameroun\/economie\/a-douala-la-cemac-la-ceeac-et-lue-affinent-leur-synergie-pour-doper-linvestissement-prive-en-afrique-centrale"]}]},{"@type":"ImageObject","inLanguage":"fr-FR","@id":"https:\/\/www.africa-press.net\/cameroun\/economie\/a-douala-la-cemac-la-ceeac-et-lue-affinent-leur-synergie-pour-doper-linvestissement-prive-en-afrique-centrale#primaryimage","url":"https:\/\/static.africa-press.net\/cameroun\/sites\/57\/2022\/09\/img-632204cb10046.jpg","contentUrl":"https:\/\/static.africa-press.net\/cameroun\/sites\/57\/2022\/09\/img-632204cb10046.jpg","width":720,"height":479,"caption":"\u00c0 Douala, la Cemac, la CEEAC et l\u2019UE affinent leur synergie pour doper l\u2019investissement priv\u00e9 en Afrique centrale"},{"@type":"BreadcrumbList","@id":"https:\/\/www.africa-press.net\/cameroun\/economie\/a-douala-la-cemac-la-ceeac-et-lue-affinent-leur-synergie-pour-doper-linvestissement-prive-en-afrique-centrale#breadcrumb","itemListElement":[{"@type":"ListItem","position":1,"name":"Accueil","item":"https:\/\/www.africa-press.net\/cameroun\/"},{"@type":"ListItem","position":2,"name":"\u00c0 Douala, la Cemac, la CEEAC et l\u2019UE affinent leur synergie pour doper l\u2019investissement priv\u00e9 en Afrique centrale"}]},{"@type":"WebSite","@id":"https:\/\/www.africa-press.net\/cameroun\/#website","url":"https:\/\/www.africa-press.net\/cameroun\/","name":"Cameroun","description":"Just another Africa News Agency Sites site","potentialAction":[{"@type":"SearchAction","target":{"@type":"EntryPoint","urlTemplate":"https:\/\/www.africa-press.net\/cameroun\/?s={search_term_string}"},"query-input":{"@type":"PropertyValueSpecification","valueRequired":true,"valueName":"search_term_string"}}],"inLanguage":"fr-FR"},{"@type":"Person","@id":"https:\/\/www.africa-press.net\/cameroun\/#\/schema\/person\/2b1cf3cd81a31e3cd26889ca66d677f1","name":"cfeditorfr"}]}},"_links":{"self":[{"href":"https:\/\/www.africa-press.net\/cameroun\/wp-json\/wp\/v2\/posts\/27379","targetHints":{"allow":["GET"]}}],"collection":[{"href":"https:\/\/www.africa-press.net\/cameroun\/wp-json\/wp\/v2\/posts"}],"about":[{"href":"https:\/\/www.africa-press.net\/cameroun\/wp-json\/wp\/v2\/types\/post"}],"author":[{"embeddable":true,"href":"https:\/\/www.africa-press.net\/cameroun\/wp-json\/wp\/v2\/users\/82"}],"replies":[{"embeddable":true,"href":"https:\/\/www.africa-press.net\/cameroun\/wp-json\/wp\/v2\/comments?post=27379"}],"version-history":[{"count":0,"href":"https:\/\/www.africa-press.net\/cameroun\/wp-json\/wp\/v2\/posts\/27379\/revisions"}],"wp:featuredmedia":[{"embeddable":true,"href":"https:\/\/www.africa-press.net\/cameroun\/wp-json\/wp\/v2\/media\/27378"}],"wp:attachment":[{"href":"https:\/\/www.africa-press.net\/cameroun\/wp-json\/wp\/v2\/media?parent=27379"}],"wp:term":[{"taxonomy":"category","embeddable":true,"href":"https:\/\/www.africa-press.net\/cameroun\/wp-json\/wp\/v2\/categories?post=27379"},{"taxonomy":"post_tag","embeddable":true,"href":"https:\/\/www.africa-press.net\/cameroun\/wp-json\/wp\/v2\/tags?post=27379"}],"curies":[{"name":"wp","href":"https:\/\/api.w.org\/{rel}","templated":true}]}}