{"id":27382,"date":"2022-09-14T16:13:41","date_gmt":"2022-09-14T16:13:41","guid":{"rendered":"https:\/\/www.africa-press.net\/cameroun\/politique\/agro-industrie-bois-textile-et-cuir-le-cameroun-veut-sinspirer-du-savoir-faire-seculaire-du-bresil"},"modified":"2022-09-14T17:03:47","modified_gmt":"2022-09-14T17:03:47","slug":"agro-industrie-bois-textile-et-cuir-le-cameroun-veut-sinspirer-du-savoir-faire-seculaire-du-bresil","status":"publish","type":"post","link":"https:\/\/www.africa-press.net\/cameroun\/economie\/agro-industrie-bois-textile-et-cuir-le-cameroun-veut-sinspirer-du-savoir-faire-seculaire-du-bresil","title":{"rendered":"Agro-industrie, bois, textile et cuir\u00a0: le Cameroun veut s\u2019inspirer du \u00ab\u2009savoir-faire s\u00e9culaire\u2009\u00bb du Br\u00e9sil"},"content":{"rendered":"<p><span style=\"color: #ff6600\"><strong>Africa-Press &#8211; Cameroun. <\/strong><\/span>Investir au Cameroun) &#8211; Selon le minist\u00e8re des PME, une d\u00e9l\u00e9gation d\u2019industriels camerounais se rendra \u00e0 Rio de Janeiro en novembre 2022 afin de poursuivre le dialogue amorc\u00e9, le 12 septembre dernier \u00e0 Yaound\u00e9, avec la F\u00e9d\u00e9ration des industries de Rio de Janeiro (Firjan).<\/p>\n<p>En effet, le vice-pr\u00e9sident de la Firjann, Marcelo Kaiuca, et sa d\u00e9l\u00e9gation ont \u00e9t\u00e9 re\u00e7us en audience par le ministre Achille Bassilekin III. Les discutions ont port\u00e9s sur la possibilit\u00e9 de nouer des partenariats en vue de la modernisation des unit\u00e9s de production locales avec pour objectif de soutenir la comp\u00e9titivit\u00e9 des PME et leur contribution \u00e0 la transformation structurelle de l\u2019\u00e9conomie camerounaise. L\u2019agro-industrie, le bois, le coton-textile et le cuir sont les secteurs concern\u00e9s par les discussions.<\/p>\n<p>\u00ab\u2009<b>Compte tenu du savoir-faire s\u00e9culaire du Br\u00e9sil en mati\u00e8re d\u2019agro-industrie et en rapport avec l\u2019interdiction de l\u2019importation des grumes d\u00e8s janvier 2023, ces fili\u00e8res constitueront un vivier pour impulser une dynamique en mati\u00e8re de transformation<\/b>\u2009\u00bb, explique le minist\u00e8re.<\/p>\n<p>Selon sa Strat\u00e9gie nationale de d\u00e9veloppement \u00e0 l\u2019horizon 2030 (SND), le Cameroun compte sur l\u2019industrie locale pour booster l\u2019\u00e9conomie. \u00c0 cet effet, les fili\u00e8res bois, textile, cuir et l\u2019agro-industrie constituent des leviers sur lesquels les autorit\u00e9s comptent s\u2019appuyer pour d\u00e9velopper les PME qui constituent 90% du tissu industriel du pays. De partenariats leur permettant d\u2019atteindre la premi\u00e8re ou la deuxi\u00e8me transformation des mati\u00e8res premi\u00e8res sont donc n\u00e9cessaires.<\/p>\n<p><strong>Pour plus d&rsquo;informations et d&rsquo;analyses sur la <a href=\"https:\/\/www.africa-press.net\/cameroun\">Cameroun<\/a>, suivez <a href=\"https:\/\/www.africa-press.net\/\">Africa-Press<\/a><\/strong><\/p>\n","protected":false},"excerpt":{"rendered":"<p>Africa-Press &#8211; Cameroun. Investir au Cameroun) &#8211; Selon le minist\u00e8re des PME, une d\u00e9l\u00e9gation d\u2019industriels camerounais se rendra \u00e0 Rio de Janeiro en novembre 2022 afin de poursuivre le dialogue amorc\u00e9, le 12 septembre dernier \u00e0 Yaound\u00e9, avec la F\u00e9d\u00e9ration des industries de Rio de Janeiro (Firjan). En effet, le vice-pr\u00e9sident de la Firjann, Marcelo [&hellip;]<\/p>\n","protected":false},"author":82,"featured_media":27381,"comment_status":"open","ping_status":"closed","sticky":false,"template":"","format":"standard","meta":{"footnotes":""},"categories":[3,11,10],"tags":[36,50,49],"class_list":["post-27382","post","type-post","status-publish","format-standard","has-post-thumbnail","hentry","category-economie","category-homepage-french","category-toutes-les-actualites","tag-africa-press","tag-africa-press-cameroun","tag-cameroun"],"yoast_head":"<!-- This site is optimized with the Yoast SEO Premium plugin v26.1 (Yoast SEO v27.0) - https:\/\/yoast.com\/product\/yoast-seo-premium-wordpress\/ -->\n<title>Agro-industrie, bois, textile et cuir\u00a0: le Cameroun veut s\u2019inspirer du \u00ab\u2009savoir-faire s\u00e9culaire\u2009\u00bb du Br\u00e9sil - Cameroun<\/title>\n<meta name=\"description\" content=\"Investir au Cameroun) - Selon le minist\u00e8re des PME, une d\u00e9l\u00e9gation d\u2019industriels camerounais se rendra \u00e0 Rio de Janeiro ...\" \/>\n<meta name=\"robots\" content=\"index, follow, max-snippet:-1, max-image-preview:large, max-video-preview:-1\" \/>\n<link rel=\"canonical\" href=\"https:\/\/www.africa-press.net\/cameroun\/economie\/agro-industrie-bois-textile-et-cuir-le-cameroun-veut-sinspirer-du-savoir-faire-seculaire-du-bresil\" \/>\n<meta property=\"og:locale\" content=\"fr_FR\" \/>\n<meta property=\"og:type\" content=\"article\" \/>\n<meta property=\"og:title\" content=\"Agro-industrie, bois, textile et cuir\u00a0: le Cameroun veut s\u2019inspirer du \u00ab\u2009savoir-faire s\u00e9culaire\u2009\u00bb du Br\u00e9sil\" \/>\n<meta property=\"og:description\" content=\"Investir au Cameroun) - Selon le minist\u00e8re des PME, une d\u00e9l\u00e9gation d\u2019industriels camerounais se rendra \u00e0 Rio de Janeiro ...\" \/>\n<meta property=\"og:url\" content=\"https:\/\/www.africa-press.net\/cameroun\/economie\/agro-industrie-bois-textile-et-cuir-le-cameroun-veut-sinspirer-du-savoir-faire-seculaire-du-bresil\" \/>\n<meta property=\"og:site_name\" content=\"Cameroun\" \/>\n<meta property=\"article:published_time\" content=\"2022-09-14T16:13:41+00:00\" \/>\n<meta property=\"article:modified_time\" content=\"2022-09-14T17:03:47+00:00\" \/>\n<meta property=\"og:image\" content=\"https:\/\/static.africa-press.net\/cameroun\/sites\/57\/2022\/09\/img-632204f75e57c.jpg\" \/>\n\t<meta property=\"og:image:width\" content=\"720\" \/>\n\t<meta property=\"og:image:height\" content=\"479\" \/>\n\t<meta property=\"og:image:type\" content=\"image\/jpeg\" \/>\n<meta name=\"author\" content=\"cfeditorfr\" \/>\n<meta name=\"twitter:card\" content=\"summary_large_image\" \/>\n<meta name=\"twitter:label1\" content=\"\u00c9crit par\" \/>\n\t<meta name=\"twitter:data1\" content=\"cfeditorfr\" \/>\n\t<meta name=\"twitter:label2\" content=\"Dur\u00e9e de lecture estim\u00e9e\" \/>\n\t<meta name=\"twitter:data2\" content=\"2 minutes\" \/>\n<script type=\"application\/ld+json\" class=\"yoast-schema-graph\">{\"@context\":\"https:\/\/schema.org\",\"@graph\":[{\"@type\":\"Article\",\"@id\":\"https:\/\/www.africa-press.net\/cameroun\/economie\/agro-industrie-bois-textile-et-cuir-le-cameroun-veut-sinspirer-du-savoir-faire-seculaire-du-bresil#article\",\"isPartOf\":{\"@id\":\"https:\/\/www.africa-press.net\/cameroun\/economie\/agro-industrie-bois-textile-et-cuir-le-cameroun-veut-sinspirer-du-savoir-faire-seculaire-du-bresil\"},\"author\":{\"name\":\"cfeditorfr\",\"@id\":\"https:\/\/www.africa-press.net\/cameroun\/#\/schema\/person\/2b1cf3cd81a31e3cd26889ca66d677f1\"},\"headline\":\"Agro-industrie, bois, textile et cuir\u00a0: le Cameroun veut s\u2019inspirer du \u00ab\u2009savoir-faire s\u00e9culaire\u2009\u00bb du Br\u00e9sil\",\"datePublished\":\"2022-09-14T16:13:41+00:00\",\"dateModified\":\"2022-09-14T17:03:47+00:00\",\"mainEntityOfPage\":{\"@id\":\"https:\/\/www.africa-press.net\/cameroun\/economie\/agro-industrie-bois-textile-et-cuir-le-cameroun-veut-sinspirer-du-savoir-faire-seculaire-du-bresil\"},\"wordCount\":291,\"commentCount\":0,\"image\":{\"@id\":\"https:\/\/www.africa-press.net\/cameroun\/economie\/agro-industrie-bois-textile-et-cuir-le-cameroun-veut-sinspirer-du-savoir-faire-seculaire-du-bresil#primaryimage\"},\"thumbnailUrl\":\"https:\/\/static.africa-press.net\/cameroun\/sites\/57\/2022\/09\/img-632204f75e57c.jpg\",\"keywords\":[\"Africa Press\",\"Africa Press-Cameroun\",\"Cameroun\"],\"articleSection\":[\"\u00c9conomie\",\"homepage-french\",\"Toutes les actualit\u00e9s\"],\"inLanguage\":\"fr-FR\",\"potentialAction\":[{\"@type\":\"CommentAction\",\"name\":\"Comment\",\"target\":[\"https:\/\/www.africa-press.net\/cameroun\/economie\/agro-industrie-bois-textile-et-cuir-le-cameroun-veut-sinspirer-du-savoir-faire-seculaire-du-bresil#respond\"]}]},{\"@type\":\"WebPage\",\"@id\":\"https:\/\/www.africa-press.net\/cameroun\/economie\/agro-industrie-bois-textile-et-cuir-le-cameroun-veut-sinspirer-du-savoir-faire-seculaire-du-bresil\",\"url\":\"https:\/\/www.africa-press.net\/cameroun\/economie\/agro-industrie-bois-textile-et-cuir-le-cameroun-veut-sinspirer-du-savoir-faire-seculaire-du-bresil\",\"name\":\"Agro-industrie, bois, textile et cuir\u00a0: le Cameroun veut s\u2019inspirer du \u00ab\u2009savoir-faire s\u00e9culaire\u2009\u00bb du Br\u00e9sil - Cameroun\",\"isPartOf\":{\"@id\":\"https:\/\/www.africa-press.net\/cameroun\/#website\"},\"primaryImageOfPage\":{\"@id\":\"https:\/\/www.africa-press.net\/cameroun\/economie\/agro-industrie-bois-textile-et-cuir-le-cameroun-veut-sinspirer-du-savoir-faire-seculaire-du-bresil#primaryimage\"},\"image\":{\"@id\":\"https:\/\/www.africa-press.net\/cameroun\/economie\/agro-industrie-bois-textile-et-cuir-le-cameroun-veut-sinspirer-du-savoir-faire-seculaire-du-bresil#primaryimage\"},\"thumbnailUrl\":\"https:\/\/static.africa-press.net\/cameroun\/sites\/57\/2022\/09\/img-632204f75e57c.jpg\",\"datePublished\":\"2022-09-14T16:13:41+00:00\",\"dateModified\":\"2022-09-14T17:03:47+00:00\",\"author\":{\"@id\":\"https:\/\/www.africa-press.net\/cameroun\/#\/schema\/person\/2b1cf3cd81a31e3cd26889ca66d677f1\"},\"description\":\"Investir au Cameroun) - Selon le minist\u00e8re des PME, une d\u00e9l\u00e9gation d\u2019industriels camerounais se rendra \u00e0 Rio de Janeiro ...\",\"breadcrumb\":{\"@id\":\"https:\/\/www.africa-press.net\/cameroun\/economie\/agro-industrie-bois-textile-et-cuir-le-cameroun-veut-sinspirer-du-savoir-faire-seculaire-du-bresil#breadcrumb\"},\"inLanguage\":\"fr-FR\",\"potentialAction\":[{\"@type\":\"ReadAction\",\"target\":[\"https:\/\/www.africa-press.net\/cameroun\/economie\/agro-industrie-bois-textile-et-cuir-le-cameroun-veut-sinspirer-du-savoir-faire-seculaire-du-bresil\"]}]},{\"@type\":\"ImageObject\",\"inLanguage\":\"fr-FR\",\"@id\":\"https:\/\/www.africa-press.net\/cameroun\/economie\/agro-industrie-bois-textile-et-cuir-le-cameroun-veut-sinspirer-du-savoir-faire-seculaire-du-bresil#primaryimage\",\"url\":\"https:\/\/static.africa-press.net\/cameroun\/sites\/57\/2022\/09\/img-632204f75e57c.jpg\",\"contentUrl\":\"https:\/\/static.africa-press.net\/cameroun\/sites\/57\/2022\/09\/img-632204f75e57c.jpg\",\"width\":720,\"height\":479,\"caption\":\"Agro-industrie, bois, textile et cuir\u00a0: le Cameroun veut s\u2019inspirer du \u00ab\u2009savoir-faire s\u00e9culaire\u2009\u00bb du Br\u00e9sil\"},{\"@type\":\"BreadcrumbList\",\"@id\":\"https:\/\/www.africa-press.net\/cameroun\/economie\/agro-industrie-bois-textile-et-cuir-le-cameroun-veut-sinspirer-du-savoir-faire-seculaire-du-bresil#breadcrumb\",\"itemListElement\":[{\"@type\":\"ListItem\",\"position\":1,\"name\":\"Accueil\",\"item\":\"https:\/\/www.africa-press.net\/cameroun\/\"},{\"@type\":\"ListItem\",\"position\":2,\"name\":\"Agro-industrie, bois, textile et cuir\u00a0: le Cameroun veut s\u2019inspirer du \u00ab\u2009savoir-faire s\u00e9culaire\u2009\u00bb du Br\u00e9sil\"}]},{\"@type\":\"WebSite\",\"@id\":\"https:\/\/www.africa-press.net\/cameroun\/#website\",\"url\":\"https:\/\/www.africa-press.net\/cameroun\/\",\"name\":\"Cameroun\",\"description\":\"Just another Africa News Agency Sites site\",\"potentialAction\":[{\"@type\":\"SearchAction\",\"target\":{\"@type\":\"EntryPoint\",\"urlTemplate\":\"https:\/\/www.africa-press.net\/cameroun\/?s={search_term_string}\"},\"query-input\":{\"@type\":\"PropertyValueSpecification\",\"valueRequired\":true,\"valueName\":\"search_term_string\"}}],\"inLanguage\":\"fr-FR\"},{\"@type\":\"Person\",\"@id\":\"https:\/\/www.africa-press.net\/cameroun\/#\/schema\/person\/2b1cf3cd81a31e3cd26889ca66d677f1\",\"name\":\"cfeditorfr\"}]}<\/script>\n<!-- \/ Yoast SEO Premium plugin. -->","yoast_head_json":{"title":"Agro-industrie, bois, textile et cuir\u00a0: le Cameroun veut s\u2019inspirer du \u00ab\u2009savoir-faire s\u00e9culaire\u2009\u00bb du Br\u00e9sil - Cameroun","description":"Investir au Cameroun) - Selon le minist\u00e8re des PME, une d\u00e9l\u00e9gation d\u2019industriels camerounais se rendra \u00e0 Rio de Janeiro ...","robots":{"index":"index","follow":"follow","max-snippet":"max-snippet:-1","max-image-preview":"max-image-preview:large","max-video-preview":"max-video-preview:-1"},"canonical":"https:\/\/www.africa-press.net\/cameroun\/economie\/agro-industrie-bois-textile-et-cuir-le-cameroun-veut-sinspirer-du-savoir-faire-seculaire-du-bresil","og_locale":"fr_FR","og_type":"article","og_title":"Agro-industrie, bois, textile et cuir\u00a0: le Cameroun veut s\u2019inspirer du \u00ab\u2009savoir-faire s\u00e9culaire\u2009\u00bb du Br\u00e9sil","og_description":"Investir au Cameroun) - Selon le minist\u00e8re des PME, une d\u00e9l\u00e9gation d\u2019industriels camerounais se rendra \u00e0 Rio de Janeiro ...","og_url":"https:\/\/www.africa-press.net\/cameroun\/economie\/agro-industrie-bois-textile-et-cuir-le-cameroun-veut-sinspirer-du-savoir-faire-seculaire-du-bresil","og_site_name":"Cameroun","article_published_time":"2022-09-14T16:13:41+00:00","article_modified_time":"2022-09-14T17:03:47+00:00","og_image":[{"width":720,"height":479,"url":"https:\/\/static.africa-press.net\/cameroun\/sites\/57\/2022\/09\/img-632204f75e57c.jpg","type":"image\/jpeg"}],"author":"cfeditorfr","twitter_card":"summary_large_image","twitter_misc":{"\u00c9crit par":"cfeditorfr","Dur\u00e9e de lecture estim\u00e9e":"2 minutes"},"schema":{"@context":"https:\/\/schema.org","@graph":[{"@type":"Article","@id":"https:\/\/www.africa-press.net\/cameroun\/economie\/agro-industrie-bois-textile-et-cuir-le-cameroun-veut-sinspirer-du-savoir-faire-seculaire-du-bresil#article","isPartOf":{"@id":"https:\/\/www.africa-press.net\/cameroun\/economie\/agro-industrie-bois-textile-et-cuir-le-cameroun-veut-sinspirer-du-savoir-faire-seculaire-du-bresil"},"author":{"name":"cfeditorfr","@id":"https:\/\/www.africa-press.net\/cameroun\/#\/schema\/person\/2b1cf3cd81a31e3cd26889ca66d677f1"},"headline":"Agro-industrie, bois, textile et cuir\u00a0: le Cameroun veut s\u2019inspirer du \u00ab\u2009savoir-faire s\u00e9culaire\u2009\u00bb du Br\u00e9sil","datePublished":"2022-09-14T16:13:41+00:00","dateModified":"2022-09-14T17:03:47+00:00","mainEntityOfPage":{"@id":"https:\/\/www.africa-press.net\/cameroun\/economie\/agro-industrie-bois-textile-et-cuir-le-cameroun-veut-sinspirer-du-savoir-faire-seculaire-du-bresil"},"wordCount":291,"commentCount":0,"image":{"@id":"https:\/\/www.africa-press.net\/cameroun\/economie\/agro-industrie-bois-textile-et-cuir-le-cameroun-veut-sinspirer-du-savoir-faire-seculaire-du-bresil#primaryimage"},"thumbnailUrl":"https:\/\/static.africa-press.net\/cameroun\/sites\/57\/2022\/09\/img-632204f75e57c.jpg","keywords":["Africa Press","Africa Press-Cameroun","Cameroun"],"articleSection":["\u00c9conomie","homepage-french","Toutes les actualit\u00e9s"],"inLanguage":"fr-FR","potentialAction":[{"@type":"CommentAction","name":"Comment","target":["https:\/\/www.africa-press.net\/cameroun\/economie\/agro-industrie-bois-textile-et-cuir-le-cameroun-veut-sinspirer-du-savoir-faire-seculaire-du-bresil#respond"]}]},{"@type":"WebPage","@id":"https:\/\/www.africa-press.net\/cameroun\/economie\/agro-industrie-bois-textile-et-cuir-le-cameroun-veut-sinspirer-du-savoir-faire-seculaire-du-bresil","url":"https:\/\/www.africa-press.net\/cameroun\/economie\/agro-industrie-bois-textile-et-cuir-le-cameroun-veut-sinspirer-du-savoir-faire-seculaire-du-bresil","name":"Agro-industrie, bois, textile et cuir\u00a0: le Cameroun veut s\u2019inspirer du \u00ab\u2009savoir-faire s\u00e9culaire\u2009\u00bb du Br\u00e9sil - Cameroun","isPartOf":{"@id":"https:\/\/www.africa-press.net\/cameroun\/#website"},"primaryImageOfPage":{"@id":"https:\/\/www.africa-press.net\/cameroun\/economie\/agro-industrie-bois-textile-et-cuir-le-cameroun-veut-sinspirer-du-savoir-faire-seculaire-du-bresil#primaryimage"},"image":{"@id":"https:\/\/www.africa-press.net\/cameroun\/economie\/agro-industrie-bois-textile-et-cuir-le-cameroun-veut-sinspirer-du-savoir-faire-seculaire-du-bresil#primaryimage"},"thumbnailUrl":"https:\/\/static.africa-press.net\/cameroun\/sites\/57\/2022\/09\/img-632204f75e57c.jpg","datePublished":"2022-09-14T16:13:41+00:00","dateModified":"2022-09-14T17:03:47+00:00","author":{"@id":"https:\/\/www.africa-press.net\/cameroun\/#\/schema\/person\/2b1cf3cd81a31e3cd26889ca66d677f1"},"description":"Investir au Cameroun) - Selon le minist\u00e8re des PME, une d\u00e9l\u00e9gation d\u2019industriels camerounais se rendra \u00e0 Rio de Janeiro ...","breadcrumb":{"@id":"https:\/\/www.africa-press.net\/cameroun\/economie\/agro-industrie-bois-textile-et-cuir-le-cameroun-veut-sinspirer-du-savoir-faire-seculaire-du-bresil#breadcrumb"},"inLanguage":"fr-FR","potentialAction":[{"@type":"ReadAction","target":["https:\/\/www.africa-press.net\/cameroun\/economie\/agro-industrie-bois-textile-et-cuir-le-cameroun-veut-sinspirer-du-savoir-faire-seculaire-du-bresil"]}]},{"@type":"ImageObject","inLanguage":"fr-FR","@id":"https:\/\/www.africa-press.net\/cameroun\/economie\/agro-industrie-bois-textile-et-cuir-le-cameroun-veut-sinspirer-du-savoir-faire-seculaire-du-bresil#primaryimage","url":"https:\/\/static.africa-press.net\/cameroun\/sites\/57\/2022\/09\/img-632204f75e57c.jpg","contentUrl":"https:\/\/static.africa-press.net\/cameroun\/sites\/57\/2022\/09\/img-632204f75e57c.jpg","width":720,"height":479,"caption":"Agro-industrie, bois, textile et cuir\u00a0: le Cameroun veut s\u2019inspirer du \u00ab\u2009savoir-faire s\u00e9culaire\u2009\u00bb du Br\u00e9sil"},{"@type":"BreadcrumbList","@id":"https:\/\/www.africa-press.net\/cameroun\/economie\/agro-industrie-bois-textile-et-cuir-le-cameroun-veut-sinspirer-du-savoir-faire-seculaire-du-bresil#breadcrumb","itemListElement":[{"@type":"ListItem","position":1,"name":"Accueil","item":"https:\/\/www.africa-press.net\/cameroun\/"},{"@type":"ListItem","position":2,"name":"Agro-industrie, bois, textile et cuir\u00a0: le Cameroun veut s\u2019inspirer du \u00ab\u2009savoir-faire s\u00e9culaire\u2009\u00bb du Br\u00e9sil"}]},{"@type":"WebSite","@id":"https:\/\/www.africa-press.net\/cameroun\/#website","url":"https:\/\/www.africa-press.net\/cameroun\/","name":"Cameroun","description":"Just another Africa News Agency Sites site","potentialAction":[{"@type":"SearchAction","target":{"@type":"EntryPoint","urlTemplate":"https:\/\/www.africa-press.net\/cameroun\/?s={search_term_string}"},"query-input":{"@type":"PropertyValueSpecification","valueRequired":true,"valueName":"search_term_string"}}],"inLanguage":"fr-FR"},{"@type":"Person","@id":"https:\/\/www.africa-press.net\/cameroun\/#\/schema\/person\/2b1cf3cd81a31e3cd26889ca66d677f1","name":"cfeditorfr"}]}},"_links":{"self":[{"href":"https:\/\/www.africa-press.net\/cameroun\/wp-json\/wp\/v2\/posts\/27382","targetHints":{"allow":["GET"]}}],"collection":[{"href":"https:\/\/www.africa-press.net\/cameroun\/wp-json\/wp\/v2\/posts"}],"about":[{"href":"https:\/\/www.africa-press.net\/cameroun\/wp-json\/wp\/v2\/types\/post"}],"author":[{"embeddable":true,"href":"https:\/\/www.africa-press.net\/cameroun\/wp-json\/wp\/v2\/users\/82"}],"replies":[{"embeddable":true,"href":"https:\/\/www.africa-press.net\/cameroun\/wp-json\/wp\/v2\/comments?post=27382"}],"version-history":[{"count":0,"href":"https:\/\/www.africa-press.net\/cameroun\/wp-json\/wp\/v2\/posts\/27382\/revisions"}],"wp:featuredmedia":[{"embeddable":true,"href":"https:\/\/www.africa-press.net\/cameroun\/wp-json\/wp\/v2\/media\/27381"}],"wp:attachment":[{"href":"https:\/\/www.africa-press.net\/cameroun\/wp-json\/wp\/v2\/media?parent=27382"}],"wp:term":[{"taxonomy":"category","embeddable":true,"href":"https:\/\/www.africa-press.net\/cameroun\/wp-json\/wp\/v2\/categories?post=27382"},{"taxonomy":"post_tag","embeddable":true,"href":"https:\/\/www.africa-press.net\/cameroun\/wp-json\/wp\/v2\/tags?post=27382"}],"curies":[{"name":"wp","href":"https:\/\/api.w.org\/{rel}","templated":true}]}}