{"id":27385,"date":"2022-09-14T16:22:17","date_gmt":"2022-09-14T16:22:17","guid":{"rendered":"https:\/\/www.africa-press.net\/cameroun\/politique\/le-nouveau-bureau-du-riafco-installe-a-yaounde"},"modified":"2022-09-14T16:45:45","modified_gmt":"2022-09-14T16:45:45","slug":"le-nouveau-bureau-du-riafco-installe-a-yaounde","status":"publish","type":"post","link":"https:\/\/www.africa-press.net\/cameroun\/economie\/le-nouveau-bureau-du-riafco-installe-a-yaounde","title":{"rendered":"Le nouveau bureau du RIAFCO install\u00e9 \u00e0 Yaound\u00e9"},"content":{"rendered":"<p><span style=\"color: #ff6600\"><strong>Africa-Press &#8211; Cameroun. <\/strong><\/span><b><b>(RIAFCO) &#8211; La c\u00e9r\u00e9monie de passation de service entre le Bureau sortant du R\u00e9seau que pr\u00e9sidait le Fonds Sp\u00e9cial d\u2019\u00c9quipement et d\u2019Intervention Intercommunale (Feicom), et le Bureau entrant pr\u00e9sid\u00e9 par le Fonds des Pr\u00eats au Collectivit\u00e9s Locales (Fpcl) de C\u00f4te d\u2019Ivoire, s\u2019est tenue le 5 septembre 2022, au si\u00e8ge du Riafco \u00e0 Yaound\u00e9.<\/b><\/b><\/p>\n<p>Le nouveau bureau du R\u00e9seau des Institutions africaines de financement des collectivit\u00e9s locales (Riafco) a \u00e9t\u00e9 \u00e9lu pour un mandat de 3 ans en marge du 9\u00e8me \u00ab Sommet Africit\u00e9s \u00bb organis\u00e9 par Cit\u00e9s et Gouvernements unis d\u2019Afrique lors de son Assembl\u00e9e g\u00e9n\u00e9rale rendue en sa 8\u00e8me session tenue le 18 mai 2022 \u00e0 Kisumu au Kenya en pr\u00e9sence de Georges Elanga Obam, Ministre de la D\u00e9centralisation et du D\u00e9veloppement Local.<\/p>\n<p>Ce bureau entrant a pour Pr\u00e9sident <b>l<\/b>e Dr Fidel A. Yapi, Directeur g\u00e9n\u00e9ral de la D\u00e9centralisation et du d\u00e9veloppement local de la C\u00f4te d\u2019Ivoire. Le premier Vice-Pr\u00e9sident est Adam Mossi Bingui, Directeur g\u00e9n\u00e9ral de l\u2019Agence nationale de financement des Collectivit\u00e9s territoriales (Anfict) du Niger, Servilien Nitunga, Directeur g\u00e9n\u00e9ral du Fonds d\u2019investissement communal (Fonic) du Burundi est le deuxi\u00e8me Vice-Pr\u00e9sident. Le Secr\u00e9tariat g\u00e9n\u00e9ral est tenu par Rado Harinjaka Razafindrakoto, Directeur g\u00e9n\u00e9ral du Fonds de d\u00e9veloppement local (Fdl) de Madagascar. Le responsable des finances est Mohamed Sikhe Camara, Directeur g\u00e9n\u00e9ral adjoint de l\u2019Agence nationale de financement des Collectivit\u00e9s (Anafic) de la Guin\u00e9e. Le Secr\u00e9tariat Permanent continue d\u2019\u00eatre assur\u00e9 par Augustin Magloire Nkamleun Fosso du Cameroun.<\/p>\n<p>Au moment o\u00f9 il quitte la pr\u00e9sidence du Riafco qui a \u00e9t\u00e9 sous son mandat associ\u00e9 \u00e0 toutes les campagnes mondiales, particip\u00e9 \u00e0 tous les nouveaux agendas urbains mondiaux en cours d\u2019impl\u00e9mentation, surtout au sommet Habitat III qui a reconnu les Ifcl comme \u00e9tant des partenaires incontournables dans le cadre du d\u00e9veloppement, M Philippe Akoa s\u2019est dit \u00ab <b>confiant en l\u2019avenir de l\u2019institution qui connaitra un essor certain par l\u2019engagement et la bonne volont\u00e9 du nouveau pr\u00e9sident qui pourra faire rayonner le Riafco dans le cadre du financement des collectivit\u00e9s locales en Afrique \u00bb.<\/b><b> <\/b><\/p>\n<p>Le pr\u00e9sident entrant a quant \u00e0 lui, reconnu en toute humilit\u00e9 le dynamisme de son pr\u00e9d\u00e9cesseur <b> \u00ab Ce n\u2019est pas un aurevoir que je dis ce soir au pr\u00e9sident sortant. Le Feicom a toute sa place \u00e0 nos c\u00f4t\u00e9s. M Akoa sera le responsable de tous les partenariats que nous allons signer.<\/b> <b>Le pr\u00e9sident Akoa n\u2019est pas parti, il est avec nous en tant que membre du Riafco \u00e0 travers le Feicom. On va travailler ensemble \u00e0 renforcer ce qu\u2019il a commenc\u00e9. Je fonde beaucoup d\u2019espoirs sur tout le monde pour qu\u2019un jour, on puisse dire qu\u2019en Afrique, nous avons un r\u00e9seau de financement des collectivit\u00e9s \u00bb. <\/b>a-t-il conclu.<\/p>\n<p>Le Riafco qui a la particularit\u00e9 d\u2019\u00eatre une volont\u00e9 africaine de voir l\u2019ensemble des institutions de financement des collectivit\u00e9s locales se mettre en r\u00e9seau, se pr\u00e9sente comme un r\u00e9seau jeune mais dot\u00e9 de fortes ambitions pouvant animer un d\u00e9bat technique de haut niveau entre les membres, de promouvoir une solidarit\u00e9 agissante entre ses pairs et de porter le plaidoyer en faveur des Ifcl. Il dispose de partenaires techniques et financiers tels que la Kfw Bank, l\u2019Afd, la Bad, la Bm, la Coop\u00e9ration Suisse, l\u2019Ue, l\u2019Ua, le Giz, le Ppiaf, le Fmdv, L\u2019Uncdf, les Cvuc, le Minrex, le Minfi, le Minddevel, le Minduh. Son partenaire strat\u00e9gique est le Fonds mondial pour le d\u00e9veloppement des villes (Fmdv).<\/p>\n<p>Le Riafco est un r\u00e9seau qui regroupe les institutions mises en place par certains Etats africains pour accompagner la d\u00e9centralisation financi\u00e8re au profit des gouvernements locaux, r\u00e9gionaux et m\u00e9tropolitains d\u2019Afrique. Son si\u00e8ge est \u00e0 Yaound\u00e9 au Cameroun.<\/p>\n<p>Le Riafco est un outil sp\u00e9cifique de promotion du financement des investissements des Collectivit\u00e9s locales qui a \u00e9t\u00e9 port\u00e9 sur les fonts baptismaux en novembre 2014. Il est \u00e0 jour compos\u00e9 de 12 membres actifs et observateurs et regroupe les institutions de financement des Collectivit\u00e9s locales du Benin (Conafil) Burkina Faso (Fpcdt), Burundi (Fonic), Cameroun (Feicom), C\u00f4te d\u2019Ivoire (Fpcl), Gabon (Cdc), Madagascar (Fdl), Mali (Anict), Niger (Anflict) et S\u00e9n\u00e9gal (Adl, Adm).<\/p>\n<p>RIAFCO ambitionne \u00e9galement d\u2019\u00eatre l\u2019organe technique de l\u2019UA pour tout ce qui est financement des collectivit\u00e9s locales sur le Continent.<\/p>\n<p>Les activit\u00e9s du Riafco sont tout un vaste programme se d\u00e9clinant en organisation d\u2019ateliers et d\u2019\u00e9changes, de sensibilisation et de formation, du pilotage des voyages d\u2019\u00e9tude, de la production d\u2019\u00e9tudes et de donn\u00e9es sur les Ifcl et la d\u00e9centralisation financi\u00e8re, la mise \u00e0 disposition d\u2019expertise technique pour les Ifcl, le plaidoyer en faveur des Ifcl aux niveaux local, national et international aupr\u00e8s des acteurs de la D\u00e9centralisation sous la f\u00e9rule du Secr\u00e9taire Permanent Augustin Magloire Nkamleun Fosso et dont la mission est de f\u00e9d\u00e9rer les autres pays d\u2019Afrique disposant d\u2019instruments sp\u00e9cialis\u00e9s dans le financement des collectivit\u00e9s locales.<\/p>\n<p>Au Cameroun, l\u2019int\u00e9r\u00eat que vouent les pouvoirs publics au Riafco, acteur tr\u00e8s important dans la mobilisation des financements fl\u00e9ch\u00e9s vers les collectivit\u00e9s locales<b>, <\/b>n\u2019est plus \u00e0 d\u00e9montrer. Il a connu l\u2019implication \u00e0 un tr\u00e8s haut niveau de l\u2019\u00c9tat par la signature le 26 juillet 2018 de l\u2019Arrangement d\u2019Etablissement avec le RIAFCO.<\/p>\n<p><strong>Pour plus d&rsquo;informations et d&rsquo;analyses sur la <a href=\"https:\/\/www.africa-press.net\/cameroun\">Cameroun<\/a>, suivez <a href=\"https:\/\/www.africa-press.net\/\">Africa-Press<\/a><\/strong><\/p>\n","protected":false},"excerpt":{"rendered":"<p>Africa-Press &#8211; Cameroun. (RIAFCO) &#8211; La c\u00e9r\u00e9monie de passation de service entre le Bureau sortant du R\u00e9seau que pr\u00e9sidait le Fonds Sp\u00e9cial d\u2019\u00c9quipement et d\u2019Intervention Intercommunale (Feicom), et le Bureau entrant pr\u00e9sid\u00e9 par le Fonds des Pr\u00eats au Collectivit\u00e9s Locales (Fpcl) de C\u00f4te d\u2019Ivoire, s\u2019est tenue le 5 septembre 2022, au si\u00e8ge du Riafco \u00e0 [&hellip;]<\/p>\n","protected":false},"author":82,"featured_media":27384,"comment_status":"open","ping_status":"closed","sticky":false,"template":"","format":"standard","meta":{"footnotes":""},"categories":[3,11,10],"tags":[36,50,49],"class_list":["post-27385","post","type-post","status-publish","format-standard","has-post-thumbnail","hentry","category-economie","category-homepage-french","category-toutes-les-actualites","tag-africa-press","tag-africa-press-cameroun","tag-cameroun"],"yoast_head":"<!-- This site is optimized with the Yoast SEO Premium plugin v26.1 (Yoast SEO v27.0) - https:\/\/yoast.com\/product\/yoast-seo-premium-wordpress\/ -->\n<title>Le nouveau bureau du RIAFCO install\u00e9 \u00e0 Yaound\u00e9 - Cameroun<\/title>\n<meta name=\"description\" content=\"(RIAFCO) - La c\u00e9r\u00e9monie de passation de service entre le Bureau sortant du R\u00e9seau que pr\u00e9sidait le Fonds Sp\u00e9cial d ...\" \/>\n<meta name=\"robots\" content=\"index, follow, max-snippet:-1, max-image-preview:large, max-video-preview:-1\" \/>\n<link rel=\"canonical\" href=\"https:\/\/www.africa-press.net\/cameroun\/economie\/le-nouveau-bureau-du-riafco-installe-a-yaounde\" \/>\n<meta property=\"og:locale\" content=\"fr_FR\" \/>\n<meta property=\"og:type\" content=\"article\" \/>\n<meta property=\"og:title\" content=\"Le nouveau bureau du RIAFCO install\u00e9 \u00e0 Yaound\u00e9\" \/>\n<meta property=\"og:description\" content=\"(RIAFCO) - La c\u00e9r\u00e9monie de passation de service entre le Bureau sortant du R\u00e9seau que pr\u00e9sidait le Fonds Sp\u00e9cial d ...\" \/>\n<meta property=\"og:url\" content=\"https:\/\/www.africa-press.net\/cameroun\/economie\/le-nouveau-bureau-du-riafco-installe-a-yaounde\" \/>\n<meta property=\"og:site_name\" content=\"Cameroun\" \/>\n<meta property=\"article:published_time\" content=\"2022-09-14T16:22:17+00:00\" \/>\n<meta property=\"article:modified_time\" content=\"2022-09-14T16:45:45+00:00\" \/>\n<meta property=\"og:image\" content=\"https:\/\/static.africa-press.net\/cameroun\/sites\/57\/2022\/09\/img-6322051b6c96e.jpg\" \/>\n\t<meta property=\"og:image:width\" content=\"720\" \/>\n\t<meta property=\"og:image:height\" content=\"479\" \/>\n\t<meta property=\"og:image:type\" content=\"image\/jpeg\" \/>\n<meta name=\"author\" content=\"cfeditorfr\" \/>\n<meta name=\"twitter:card\" content=\"summary_large_image\" \/>\n<meta name=\"twitter:label1\" content=\"\u00c9crit par\" \/>\n\t<meta name=\"twitter:data1\" content=\"cfeditorfr\" \/>\n\t<meta name=\"twitter:label2\" content=\"Dur\u00e9e de lecture estim\u00e9e\" \/>\n\t<meta name=\"twitter:data2\" content=\"5 minutes\" \/>\n<script type=\"application\/ld+json\" class=\"yoast-schema-graph\">{\"@context\":\"https:\/\/schema.org\",\"@graph\":[{\"@type\":\"Article\",\"@id\":\"https:\/\/www.africa-press.net\/cameroun\/economie\/le-nouveau-bureau-du-riafco-installe-a-yaounde#article\",\"isPartOf\":{\"@id\":\"https:\/\/www.africa-press.net\/cameroun\/economie\/le-nouveau-bureau-du-riafco-installe-a-yaounde\"},\"author\":{\"name\":\"cfeditorfr\",\"@id\":\"https:\/\/www.africa-press.net\/cameroun\/#\/schema\/person\/2b1cf3cd81a31e3cd26889ca66d677f1\"},\"headline\":\"Le nouveau bureau du RIAFCO install\u00e9 \u00e0 Yaound\u00e9\",\"datePublished\":\"2022-09-14T16:22:17+00:00\",\"dateModified\":\"2022-09-14T16:45:45+00:00\",\"mainEntityOfPage\":{\"@id\":\"https:\/\/www.africa-press.net\/cameroun\/economie\/le-nouveau-bureau-du-riafco-installe-a-yaounde\"},\"wordCount\":972,\"commentCount\":0,\"image\":{\"@id\":\"https:\/\/www.africa-press.net\/cameroun\/economie\/le-nouveau-bureau-du-riafco-installe-a-yaounde#primaryimage\"},\"thumbnailUrl\":\"https:\/\/static.africa-press.net\/cameroun\/sites\/57\/2022\/09\/img-6322051b6c96e.jpg\",\"keywords\":[\"Africa Press\",\"Africa Press-Cameroun\",\"Cameroun\"],\"articleSection\":[\"\u00c9conomie\",\"homepage-french\",\"Toutes les actualit\u00e9s\"],\"inLanguage\":\"fr-FR\",\"potentialAction\":[{\"@type\":\"CommentAction\",\"name\":\"Comment\",\"target\":[\"https:\/\/www.africa-press.net\/cameroun\/economie\/le-nouveau-bureau-du-riafco-installe-a-yaounde#respond\"]}]},{\"@type\":\"WebPage\",\"@id\":\"https:\/\/www.africa-press.net\/cameroun\/economie\/le-nouveau-bureau-du-riafco-installe-a-yaounde\",\"url\":\"https:\/\/www.africa-press.net\/cameroun\/economie\/le-nouveau-bureau-du-riafco-installe-a-yaounde\",\"name\":\"Le nouveau bureau du RIAFCO install\u00e9 \u00e0 Yaound\u00e9 - Cameroun\",\"isPartOf\":{\"@id\":\"https:\/\/www.africa-press.net\/cameroun\/#website\"},\"primaryImageOfPage\":{\"@id\":\"https:\/\/www.africa-press.net\/cameroun\/economie\/le-nouveau-bureau-du-riafco-installe-a-yaounde#primaryimage\"},\"image\":{\"@id\":\"https:\/\/www.africa-press.net\/cameroun\/economie\/le-nouveau-bureau-du-riafco-installe-a-yaounde#primaryimage\"},\"thumbnailUrl\":\"https:\/\/static.africa-press.net\/cameroun\/sites\/57\/2022\/09\/img-6322051b6c96e.jpg\",\"datePublished\":\"2022-09-14T16:22:17+00:00\",\"dateModified\":\"2022-09-14T16:45:45+00:00\",\"author\":{\"@id\":\"https:\/\/www.africa-press.net\/cameroun\/#\/schema\/person\/2b1cf3cd81a31e3cd26889ca66d677f1\"},\"description\":\"(RIAFCO) - La c\u00e9r\u00e9monie de passation de service entre le Bureau sortant du R\u00e9seau que pr\u00e9sidait le Fonds Sp\u00e9cial d ...\",\"breadcrumb\":{\"@id\":\"https:\/\/www.africa-press.net\/cameroun\/economie\/le-nouveau-bureau-du-riafco-installe-a-yaounde#breadcrumb\"},\"inLanguage\":\"fr-FR\",\"potentialAction\":[{\"@type\":\"ReadAction\",\"target\":[\"https:\/\/www.africa-press.net\/cameroun\/economie\/le-nouveau-bureau-du-riafco-installe-a-yaounde\"]}]},{\"@type\":\"ImageObject\",\"inLanguage\":\"fr-FR\",\"@id\":\"https:\/\/www.africa-press.net\/cameroun\/economie\/le-nouveau-bureau-du-riafco-installe-a-yaounde#primaryimage\",\"url\":\"https:\/\/static.africa-press.net\/cameroun\/sites\/57\/2022\/09\/img-6322051b6c96e.jpg\",\"contentUrl\":\"https:\/\/static.africa-press.net\/cameroun\/sites\/57\/2022\/09\/img-6322051b6c96e.jpg\",\"width\":720,\"height\":479,\"caption\":\"Le nouveau bureau du RIAFCO install\u00e9 \u00e0 Yaound\u00e9\"},{\"@type\":\"BreadcrumbList\",\"@id\":\"https:\/\/www.africa-press.net\/cameroun\/economie\/le-nouveau-bureau-du-riafco-installe-a-yaounde#breadcrumb\",\"itemListElement\":[{\"@type\":\"ListItem\",\"position\":1,\"name\":\"Accueil\",\"item\":\"https:\/\/www.africa-press.net\/cameroun\/\"},{\"@type\":\"ListItem\",\"position\":2,\"name\":\"Le nouveau bureau du RIAFCO install\u00e9 \u00e0 Yaound\u00e9\"}]},{\"@type\":\"WebSite\",\"@id\":\"https:\/\/www.africa-press.net\/cameroun\/#website\",\"url\":\"https:\/\/www.africa-press.net\/cameroun\/\",\"name\":\"Cameroun\",\"description\":\"Just another Africa News Agency Sites site\",\"potentialAction\":[{\"@type\":\"SearchAction\",\"target\":{\"@type\":\"EntryPoint\",\"urlTemplate\":\"https:\/\/www.africa-press.net\/cameroun\/?s={search_term_string}\"},\"query-input\":{\"@type\":\"PropertyValueSpecification\",\"valueRequired\":true,\"valueName\":\"search_term_string\"}}],\"inLanguage\":\"fr-FR\"},{\"@type\":\"Person\",\"@id\":\"https:\/\/www.africa-press.net\/cameroun\/#\/schema\/person\/2b1cf3cd81a31e3cd26889ca66d677f1\",\"name\":\"cfeditorfr\"}]}<\/script>\n<!-- \/ Yoast SEO Premium plugin. -->","yoast_head_json":{"title":"Le nouveau bureau du RIAFCO install\u00e9 \u00e0 Yaound\u00e9 - Cameroun","description":"(RIAFCO) - La c\u00e9r\u00e9monie de passation de service entre le Bureau sortant du R\u00e9seau que pr\u00e9sidait le Fonds Sp\u00e9cial d ...","robots":{"index":"index","follow":"follow","max-snippet":"max-snippet:-1","max-image-preview":"max-image-preview:large","max-video-preview":"max-video-preview:-1"},"canonical":"https:\/\/www.africa-press.net\/cameroun\/economie\/le-nouveau-bureau-du-riafco-installe-a-yaounde","og_locale":"fr_FR","og_type":"article","og_title":"Le nouveau bureau du RIAFCO install\u00e9 \u00e0 Yaound\u00e9","og_description":"(RIAFCO) - La c\u00e9r\u00e9monie de passation de service entre le Bureau sortant du R\u00e9seau que pr\u00e9sidait le Fonds Sp\u00e9cial d ...","og_url":"https:\/\/www.africa-press.net\/cameroun\/economie\/le-nouveau-bureau-du-riafco-installe-a-yaounde","og_site_name":"Cameroun","article_published_time":"2022-09-14T16:22:17+00:00","article_modified_time":"2022-09-14T16:45:45+00:00","og_image":[{"width":720,"height":479,"url":"https:\/\/static.africa-press.net\/cameroun\/sites\/57\/2022\/09\/img-6322051b6c96e.jpg","type":"image\/jpeg"}],"author":"cfeditorfr","twitter_card":"summary_large_image","twitter_misc":{"\u00c9crit par":"cfeditorfr","Dur\u00e9e de lecture estim\u00e9e":"5 minutes"},"schema":{"@context":"https:\/\/schema.org","@graph":[{"@type":"Article","@id":"https:\/\/www.africa-press.net\/cameroun\/economie\/le-nouveau-bureau-du-riafco-installe-a-yaounde#article","isPartOf":{"@id":"https:\/\/www.africa-press.net\/cameroun\/economie\/le-nouveau-bureau-du-riafco-installe-a-yaounde"},"author":{"name":"cfeditorfr","@id":"https:\/\/www.africa-press.net\/cameroun\/#\/schema\/person\/2b1cf3cd81a31e3cd26889ca66d677f1"},"headline":"Le nouveau bureau du RIAFCO install\u00e9 \u00e0 Yaound\u00e9","datePublished":"2022-09-14T16:22:17+00:00","dateModified":"2022-09-14T16:45:45+00:00","mainEntityOfPage":{"@id":"https:\/\/www.africa-press.net\/cameroun\/economie\/le-nouveau-bureau-du-riafco-installe-a-yaounde"},"wordCount":972,"commentCount":0,"image":{"@id":"https:\/\/www.africa-press.net\/cameroun\/economie\/le-nouveau-bureau-du-riafco-installe-a-yaounde#primaryimage"},"thumbnailUrl":"https:\/\/static.africa-press.net\/cameroun\/sites\/57\/2022\/09\/img-6322051b6c96e.jpg","keywords":["Africa Press","Africa Press-Cameroun","Cameroun"],"articleSection":["\u00c9conomie","homepage-french","Toutes les actualit\u00e9s"],"inLanguage":"fr-FR","potentialAction":[{"@type":"CommentAction","name":"Comment","target":["https:\/\/www.africa-press.net\/cameroun\/economie\/le-nouveau-bureau-du-riafco-installe-a-yaounde#respond"]}]},{"@type":"WebPage","@id":"https:\/\/www.africa-press.net\/cameroun\/economie\/le-nouveau-bureau-du-riafco-installe-a-yaounde","url":"https:\/\/www.africa-press.net\/cameroun\/economie\/le-nouveau-bureau-du-riafco-installe-a-yaounde","name":"Le nouveau bureau du RIAFCO install\u00e9 \u00e0 Yaound\u00e9 - Cameroun","isPartOf":{"@id":"https:\/\/www.africa-press.net\/cameroun\/#website"},"primaryImageOfPage":{"@id":"https:\/\/www.africa-press.net\/cameroun\/economie\/le-nouveau-bureau-du-riafco-installe-a-yaounde#primaryimage"},"image":{"@id":"https:\/\/www.africa-press.net\/cameroun\/economie\/le-nouveau-bureau-du-riafco-installe-a-yaounde#primaryimage"},"thumbnailUrl":"https:\/\/static.africa-press.net\/cameroun\/sites\/57\/2022\/09\/img-6322051b6c96e.jpg","datePublished":"2022-09-14T16:22:17+00:00","dateModified":"2022-09-14T16:45:45+00:00","author":{"@id":"https:\/\/www.africa-press.net\/cameroun\/#\/schema\/person\/2b1cf3cd81a31e3cd26889ca66d677f1"},"description":"(RIAFCO) - La c\u00e9r\u00e9monie de passation de service entre le Bureau sortant du R\u00e9seau que pr\u00e9sidait le Fonds Sp\u00e9cial d ...","breadcrumb":{"@id":"https:\/\/www.africa-press.net\/cameroun\/economie\/le-nouveau-bureau-du-riafco-installe-a-yaounde#breadcrumb"},"inLanguage":"fr-FR","potentialAction":[{"@type":"ReadAction","target":["https:\/\/www.africa-press.net\/cameroun\/economie\/le-nouveau-bureau-du-riafco-installe-a-yaounde"]}]},{"@type":"ImageObject","inLanguage":"fr-FR","@id":"https:\/\/www.africa-press.net\/cameroun\/economie\/le-nouveau-bureau-du-riafco-installe-a-yaounde#primaryimage","url":"https:\/\/static.africa-press.net\/cameroun\/sites\/57\/2022\/09\/img-6322051b6c96e.jpg","contentUrl":"https:\/\/static.africa-press.net\/cameroun\/sites\/57\/2022\/09\/img-6322051b6c96e.jpg","width":720,"height":479,"caption":"Le nouveau bureau du RIAFCO install\u00e9 \u00e0 Yaound\u00e9"},{"@type":"BreadcrumbList","@id":"https:\/\/www.africa-press.net\/cameroun\/economie\/le-nouveau-bureau-du-riafco-installe-a-yaounde#breadcrumb","itemListElement":[{"@type":"ListItem","position":1,"name":"Accueil","item":"https:\/\/www.africa-press.net\/cameroun\/"},{"@type":"ListItem","position":2,"name":"Le nouveau bureau du RIAFCO install\u00e9 \u00e0 Yaound\u00e9"}]},{"@type":"WebSite","@id":"https:\/\/www.africa-press.net\/cameroun\/#website","url":"https:\/\/www.africa-press.net\/cameroun\/","name":"Cameroun","description":"Just another Africa News Agency Sites site","potentialAction":[{"@type":"SearchAction","target":{"@type":"EntryPoint","urlTemplate":"https:\/\/www.africa-press.net\/cameroun\/?s={search_term_string}"},"query-input":{"@type":"PropertyValueSpecification","valueRequired":true,"valueName":"search_term_string"}}],"inLanguage":"fr-FR"},{"@type":"Person","@id":"https:\/\/www.africa-press.net\/cameroun\/#\/schema\/person\/2b1cf3cd81a31e3cd26889ca66d677f1","name":"cfeditorfr"}]}},"_links":{"self":[{"href":"https:\/\/www.africa-press.net\/cameroun\/wp-json\/wp\/v2\/posts\/27385","targetHints":{"allow":["GET"]}}],"collection":[{"href":"https:\/\/www.africa-press.net\/cameroun\/wp-json\/wp\/v2\/posts"}],"about":[{"href":"https:\/\/www.africa-press.net\/cameroun\/wp-json\/wp\/v2\/types\/post"}],"author":[{"embeddable":true,"href":"https:\/\/www.africa-press.net\/cameroun\/wp-json\/wp\/v2\/users\/82"}],"replies":[{"embeddable":true,"href":"https:\/\/www.africa-press.net\/cameroun\/wp-json\/wp\/v2\/comments?post=27385"}],"version-history":[{"count":0,"href":"https:\/\/www.africa-press.net\/cameroun\/wp-json\/wp\/v2\/posts\/27385\/revisions"}],"wp:featuredmedia":[{"embeddable":true,"href":"https:\/\/www.africa-press.net\/cameroun\/wp-json\/wp\/v2\/media\/27384"}],"wp:attachment":[{"href":"https:\/\/www.africa-press.net\/cameroun\/wp-json\/wp\/v2\/media?parent=27385"}],"wp:term":[{"taxonomy":"category","embeddable":true,"href":"https:\/\/www.africa-press.net\/cameroun\/wp-json\/wp\/v2\/categories?post=27385"},{"taxonomy":"post_tag","embeddable":true,"href":"https:\/\/www.africa-press.net\/cameroun\/wp-json\/wp\/v2\/tags?post=27385"}],"curies":[{"name":"wp","href":"https:\/\/api.w.org\/{rel}","templated":true}]}}