{"id":27388,"date":"2022-09-14T16:27:56","date_gmt":"2022-09-14T16:27:56","guid":{"rendered":"https:\/\/www.africa-press.net\/cameroun\/politique\/la-mairie-de-douala-prepare-la-relance-de-sa-regie-des-travaux-publics-pour-corriger-les-lacunes-des-prestataires"},"modified":"2022-09-14T16:46:22","modified_gmt":"2022-09-14T16:46:22","slug":"la-mairie-de-douala-prepare-la-relance-de-sa-regie-des-travaux-publics-pour-corriger-les-lacunes-des-prestataires","status":"publish","type":"post","link":"https:\/\/www.africa-press.net\/cameroun\/economie\/la-mairie-de-douala-prepare-la-relance-de-sa-regie-des-travaux-publics-pour-corriger-les-lacunes-des-prestataires","title":{"rendered":"La mairie de Douala pr\u00e9pare la relance de sa r\u00e9gie des travaux publics pour corriger \u00ab\u2009les lacunes\u2009\u00bb des prestataires"},"content":{"rendered":"<p><span style=\"color: #ff6600\"><strong>Africa-Press &#8211; Cameroun. <\/strong><\/span>Investir au Cameroun) &#8211; La Communaut\u00e9 urbaine de Douala (CUD), la m\u00e9tropole \u00e9conomique du Cameroun, pr\u00e9pare la restructuration et la relance de sa r\u00e9gie des travaux publics. Le chef de l\u2019ex\u00e9cutif communal, Roger Mbassa Ndine (photo), vient de lancer un appel d\u2019offres en vue de pr\u00e9s\u00e9lectionner des fournisseurs de mat\u00e9riel roulant et non roulant d\u00e9di\u00e9s \u00e0 cette structure.<\/p>\n<p>L\u2019objectif de cette restructuration, indique le maire, est d\u2019am\u00e9liorer les \u00ab\u2009<b>travaux routiers, d\u2019assainissement et d\u2019\u00e9clairage public, d\u2019une part, et, corriger les dysfonctionnements et les lacunes observ\u00e9s dans la r\u00e9alisation des chantiers routiers et autres dans la ville de Douala\u2009<\/b>\u00bb. \u00c0 cet effet, la mairie de Douala souhaite recruter des entreprises ayant une exp\u00e9rience dans la fourniture et la maintenance des \u00e9quipements de g\u00e9nie civil. Les soci\u00e9t\u00e9s int\u00e9ress\u00e9es doivent se manifester aupr\u00e8s de la CUD au plus tard le 23 septembre 2022.<\/p>\n<p>Pour financer ce projet, la mairie a contract\u00e9 un pr\u00eat bancaire dont le montant n\u2019est pas r\u00e9v\u00e9l\u00e9. Avec la relance des activit\u00e9s de sa r\u00e9gie, la CUD esp\u00e8re mieux entretenir son r\u00e9seau routier, de m\u00eame que son syst\u00e8me d\u2019\u00e9clairage public et de drainage.<\/p>\n<p><b><b>S.A.<\/b><\/b><\/p>\n<p><strong>Pour plus d&rsquo;informations et d&rsquo;analyses sur la <a href=\"https:\/\/www.africa-press.net\/cameroun\">Cameroun<\/a>, suivez <a href=\"https:\/\/www.africa-press.net\/\">Africa-Press<\/a><\/strong><\/p>\n","protected":false},"excerpt":{"rendered":"<p>Africa-Press &#8211; Cameroun. Investir au Cameroun) &#8211; La Communaut\u00e9 urbaine de Douala (CUD), la m\u00e9tropole \u00e9conomique du Cameroun, pr\u00e9pare la restructuration et la relance de sa r\u00e9gie des travaux publics. Le chef de l\u2019ex\u00e9cutif communal, Roger Mbassa Ndine (photo), vient de lancer un appel d\u2019offres en vue de pr\u00e9s\u00e9lectionner des fournisseurs de mat\u00e9riel roulant et [&hellip;]<\/p>\n","protected":false},"author":82,"featured_media":27387,"comment_status":"open","ping_status":"closed","sticky":false,"template":"","format":"standard","meta":{"footnotes":""},"categories":[3,11,10],"tags":[36,50,49],"class_list":["post-27388","post","type-post","status-publish","format-standard","has-post-thumbnail","hentry","category-economie","category-homepage-french","category-toutes-les-actualites","tag-africa-press","tag-africa-press-cameroun","tag-cameroun"],"yoast_head":"<!-- This site is optimized with the Yoast SEO Premium plugin v26.1 (Yoast SEO v27.0) - https:\/\/yoast.com\/product\/yoast-seo-premium-wordpress\/ -->\n<title>La mairie de Douala pr\u00e9pare la relance de sa r\u00e9gie des travaux publics pour corriger \u00ab\u2009les lacunes\u2009\u00bb des prestataires - Cameroun<\/title>\n<meta name=\"description\" content=\"Investir au Cameroun) - La Communaut\u00e9 urbaine de Douala (CUD), la m\u00e9tropole \u00e9conomique du Cameroun, pr\u00e9pare la restructu ...\" \/>\n<meta name=\"robots\" content=\"index, follow, max-snippet:-1, max-image-preview:large, max-video-preview:-1\" \/>\n<link rel=\"canonical\" href=\"https:\/\/www.africa-press.net\/cameroun\/economie\/la-mairie-de-douala-prepare-la-relance-de-sa-regie-des-travaux-publics-pour-corriger-les-lacunes-des-prestataires\" \/>\n<meta property=\"og:locale\" content=\"fr_FR\" \/>\n<meta property=\"og:type\" content=\"article\" \/>\n<meta property=\"og:title\" content=\"La mairie de Douala pr\u00e9pare la relance de sa r\u00e9gie des travaux publics pour corriger \u00ab\u2009les lacunes\u2009\u00bb des prestataires\" \/>\n<meta property=\"og:description\" content=\"Investir au Cameroun) - La Communaut\u00e9 urbaine de Douala (CUD), la m\u00e9tropole \u00e9conomique du Cameroun, pr\u00e9pare la restructu ...\" \/>\n<meta property=\"og:url\" content=\"https:\/\/www.africa-press.net\/cameroun\/economie\/la-mairie-de-douala-prepare-la-relance-de-sa-regie-des-travaux-publics-pour-corriger-les-lacunes-des-prestataires\" \/>\n<meta property=\"og:site_name\" content=\"Cameroun\" \/>\n<meta property=\"article:published_time\" content=\"2022-09-14T16:27:56+00:00\" \/>\n<meta property=\"article:modified_time\" content=\"2022-09-14T16:46:22+00:00\" \/>\n<meta property=\"og:image\" content=\"https:\/\/static.africa-press.net\/cameroun\/sites\/57\/2022\/09\/img-63220541df326.jpg\" \/>\n\t<meta property=\"og:image:width\" content=\"720\" \/>\n\t<meta property=\"og:image:height\" content=\"479\" \/>\n\t<meta property=\"og:image:type\" content=\"image\/jpeg\" \/>\n<meta name=\"author\" content=\"cfeditorfr\" \/>\n<meta name=\"twitter:card\" content=\"summary_large_image\" \/>\n<meta name=\"twitter:label1\" content=\"\u00c9crit par\" \/>\n\t<meta name=\"twitter:data1\" content=\"cfeditorfr\" \/>\n\t<meta name=\"twitter:label2\" content=\"Dur\u00e9e de lecture estim\u00e9e\" \/>\n\t<meta name=\"twitter:data2\" content=\"1 minute\" \/>\n<script type=\"application\/ld+json\" class=\"yoast-schema-graph\">{\"@context\":\"https:\/\/schema.org\",\"@graph\":[{\"@type\":\"Article\",\"@id\":\"https:\/\/www.africa-press.net\/cameroun\/economie\/la-mairie-de-douala-prepare-la-relance-de-sa-regie-des-travaux-publics-pour-corriger-les-lacunes-des-prestataires#article\",\"isPartOf\":{\"@id\":\"https:\/\/www.africa-press.net\/cameroun\/economie\/la-mairie-de-douala-prepare-la-relance-de-sa-regie-des-travaux-publics-pour-corriger-les-lacunes-des-prestataires\"},\"author\":{\"name\":\"cfeditorfr\",\"@id\":\"https:\/\/www.africa-press.net\/cameroun\/#\/schema\/person\/2b1cf3cd81a31e3cd26889ca66d677f1\"},\"headline\":\"La mairie de Douala pr\u00e9pare la relance de sa r\u00e9gie des travaux publics pour corriger \u00ab\u2009les lacunes\u2009\u00bb des prestataires\",\"datePublished\":\"2022-09-14T16:27:56+00:00\",\"dateModified\":\"2022-09-14T16:46:22+00:00\",\"mainEntityOfPage\":{\"@id\":\"https:\/\/www.africa-press.net\/cameroun\/economie\/la-mairie-de-douala-prepare-la-relance-de-sa-regie-des-travaux-publics-pour-corriger-les-lacunes-des-prestataires\"},\"wordCount\":253,\"commentCount\":0,\"image\":{\"@id\":\"https:\/\/www.africa-press.net\/cameroun\/economie\/la-mairie-de-douala-prepare-la-relance-de-sa-regie-des-travaux-publics-pour-corriger-les-lacunes-des-prestataires#primaryimage\"},\"thumbnailUrl\":\"https:\/\/static.africa-press.net\/cameroun\/sites\/57\/2022\/09\/img-63220541df326.jpg\",\"keywords\":[\"Africa Press\",\"Africa Press-Cameroun\",\"Cameroun\"],\"articleSection\":[\"\u00c9conomie\",\"homepage-french\",\"Toutes les actualit\u00e9s\"],\"inLanguage\":\"fr-FR\",\"potentialAction\":[{\"@type\":\"CommentAction\",\"name\":\"Comment\",\"target\":[\"https:\/\/www.africa-press.net\/cameroun\/economie\/la-mairie-de-douala-prepare-la-relance-de-sa-regie-des-travaux-publics-pour-corriger-les-lacunes-des-prestataires#respond\"]}]},{\"@type\":\"WebPage\",\"@id\":\"https:\/\/www.africa-press.net\/cameroun\/economie\/la-mairie-de-douala-prepare-la-relance-de-sa-regie-des-travaux-publics-pour-corriger-les-lacunes-des-prestataires\",\"url\":\"https:\/\/www.africa-press.net\/cameroun\/economie\/la-mairie-de-douala-prepare-la-relance-de-sa-regie-des-travaux-publics-pour-corriger-les-lacunes-des-prestataires\",\"name\":\"La mairie de Douala pr\u00e9pare la relance de sa r\u00e9gie des travaux publics pour corriger \u00ab\u2009les lacunes\u2009\u00bb des prestataires - Cameroun\",\"isPartOf\":{\"@id\":\"https:\/\/www.africa-press.net\/cameroun\/#website\"},\"primaryImageOfPage\":{\"@id\":\"https:\/\/www.africa-press.net\/cameroun\/economie\/la-mairie-de-douala-prepare-la-relance-de-sa-regie-des-travaux-publics-pour-corriger-les-lacunes-des-prestataires#primaryimage\"},\"image\":{\"@id\":\"https:\/\/www.africa-press.net\/cameroun\/economie\/la-mairie-de-douala-prepare-la-relance-de-sa-regie-des-travaux-publics-pour-corriger-les-lacunes-des-prestataires#primaryimage\"},\"thumbnailUrl\":\"https:\/\/static.africa-press.net\/cameroun\/sites\/57\/2022\/09\/img-63220541df326.jpg\",\"datePublished\":\"2022-09-14T16:27:56+00:00\",\"dateModified\":\"2022-09-14T16:46:22+00:00\",\"author\":{\"@id\":\"https:\/\/www.africa-press.net\/cameroun\/#\/schema\/person\/2b1cf3cd81a31e3cd26889ca66d677f1\"},\"description\":\"Investir au Cameroun) - La Communaut\u00e9 urbaine de Douala (CUD), la m\u00e9tropole \u00e9conomique du Cameroun, pr\u00e9pare la restructu ...\",\"breadcrumb\":{\"@id\":\"https:\/\/www.africa-press.net\/cameroun\/economie\/la-mairie-de-douala-prepare-la-relance-de-sa-regie-des-travaux-publics-pour-corriger-les-lacunes-des-prestataires#breadcrumb\"},\"inLanguage\":\"fr-FR\",\"potentialAction\":[{\"@type\":\"ReadAction\",\"target\":[\"https:\/\/www.africa-press.net\/cameroun\/economie\/la-mairie-de-douala-prepare-la-relance-de-sa-regie-des-travaux-publics-pour-corriger-les-lacunes-des-prestataires\"]}]},{\"@type\":\"ImageObject\",\"inLanguage\":\"fr-FR\",\"@id\":\"https:\/\/www.africa-press.net\/cameroun\/economie\/la-mairie-de-douala-prepare-la-relance-de-sa-regie-des-travaux-publics-pour-corriger-les-lacunes-des-prestataires#primaryimage\",\"url\":\"https:\/\/static.africa-press.net\/cameroun\/sites\/57\/2022\/09\/img-63220541df326.jpg\",\"contentUrl\":\"https:\/\/static.africa-press.net\/cameroun\/sites\/57\/2022\/09\/img-63220541df326.jpg\",\"width\":720,\"height\":479,\"caption\":\"La mairie de Douala pr\u00e9pare la relance de sa r\u00e9gie des travaux publics pour corriger \u00ab\u2009les lacunes\u2009\u00bb des prestataires\"},{\"@type\":\"BreadcrumbList\",\"@id\":\"https:\/\/www.africa-press.net\/cameroun\/economie\/la-mairie-de-douala-prepare-la-relance-de-sa-regie-des-travaux-publics-pour-corriger-les-lacunes-des-prestataires#breadcrumb\",\"itemListElement\":[{\"@type\":\"ListItem\",\"position\":1,\"name\":\"Accueil\",\"item\":\"https:\/\/www.africa-press.net\/cameroun\/\"},{\"@type\":\"ListItem\",\"position\":2,\"name\":\"La mairie de Douala pr\u00e9pare la relance de sa r\u00e9gie des travaux publics pour corriger \u00ab\u2009les lacunes\u2009\u00bb des prestataires\"}]},{\"@type\":\"WebSite\",\"@id\":\"https:\/\/www.africa-press.net\/cameroun\/#website\",\"url\":\"https:\/\/www.africa-press.net\/cameroun\/\",\"name\":\"Cameroun\",\"description\":\"Just another Africa News Agency Sites site\",\"potentialAction\":[{\"@type\":\"SearchAction\",\"target\":{\"@type\":\"EntryPoint\",\"urlTemplate\":\"https:\/\/www.africa-press.net\/cameroun\/?s={search_term_string}\"},\"query-input\":{\"@type\":\"PropertyValueSpecification\",\"valueRequired\":true,\"valueName\":\"search_term_string\"}}],\"inLanguage\":\"fr-FR\"},{\"@type\":\"Person\",\"@id\":\"https:\/\/www.africa-press.net\/cameroun\/#\/schema\/person\/2b1cf3cd81a31e3cd26889ca66d677f1\",\"name\":\"cfeditorfr\"}]}<\/script>\n<!-- \/ Yoast SEO Premium plugin. -->","yoast_head_json":{"title":"La mairie de Douala pr\u00e9pare la relance de sa r\u00e9gie des travaux publics pour corriger \u00ab\u2009les lacunes\u2009\u00bb des prestataires - Cameroun","description":"Investir au Cameroun) - La Communaut\u00e9 urbaine de Douala (CUD), la m\u00e9tropole \u00e9conomique du Cameroun, pr\u00e9pare la restructu ...","robots":{"index":"index","follow":"follow","max-snippet":"max-snippet:-1","max-image-preview":"max-image-preview:large","max-video-preview":"max-video-preview:-1"},"canonical":"https:\/\/www.africa-press.net\/cameroun\/economie\/la-mairie-de-douala-prepare-la-relance-de-sa-regie-des-travaux-publics-pour-corriger-les-lacunes-des-prestataires","og_locale":"fr_FR","og_type":"article","og_title":"La mairie de Douala pr\u00e9pare la relance de sa r\u00e9gie des travaux publics pour corriger \u00ab\u2009les lacunes\u2009\u00bb des prestataires","og_description":"Investir au Cameroun) - La Communaut\u00e9 urbaine de Douala (CUD), la m\u00e9tropole \u00e9conomique du Cameroun, pr\u00e9pare la restructu ...","og_url":"https:\/\/www.africa-press.net\/cameroun\/economie\/la-mairie-de-douala-prepare-la-relance-de-sa-regie-des-travaux-publics-pour-corriger-les-lacunes-des-prestataires","og_site_name":"Cameroun","article_published_time":"2022-09-14T16:27:56+00:00","article_modified_time":"2022-09-14T16:46:22+00:00","og_image":[{"width":720,"height":479,"url":"https:\/\/static.africa-press.net\/cameroun\/sites\/57\/2022\/09\/img-63220541df326.jpg","type":"image\/jpeg"}],"author":"cfeditorfr","twitter_card":"summary_large_image","twitter_misc":{"\u00c9crit par":"cfeditorfr","Dur\u00e9e de lecture estim\u00e9e":"1 minute"},"schema":{"@context":"https:\/\/schema.org","@graph":[{"@type":"Article","@id":"https:\/\/www.africa-press.net\/cameroun\/economie\/la-mairie-de-douala-prepare-la-relance-de-sa-regie-des-travaux-publics-pour-corriger-les-lacunes-des-prestataires#article","isPartOf":{"@id":"https:\/\/www.africa-press.net\/cameroun\/economie\/la-mairie-de-douala-prepare-la-relance-de-sa-regie-des-travaux-publics-pour-corriger-les-lacunes-des-prestataires"},"author":{"name":"cfeditorfr","@id":"https:\/\/www.africa-press.net\/cameroun\/#\/schema\/person\/2b1cf3cd81a31e3cd26889ca66d677f1"},"headline":"La mairie de Douala pr\u00e9pare la relance de sa r\u00e9gie des travaux publics pour corriger \u00ab\u2009les lacunes\u2009\u00bb des prestataires","datePublished":"2022-09-14T16:27:56+00:00","dateModified":"2022-09-14T16:46:22+00:00","mainEntityOfPage":{"@id":"https:\/\/www.africa-press.net\/cameroun\/economie\/la-mairie-de-douala-prepare-la-relance-de-sa-regie-des-travaux-publics-pour-corriger-les-lacunes-des-prestataires"},"wordCount":253,"commentCount":0,"image":{"@id":"https:\/\/www.africa-press.net\/cameroun\/economie\/la-mairie-de-douala-prepare-la-relance-de-sa-regie-des-travaux-publics-pour-corriger-les-lacunes-des-prestataires#primaryimage"},"thumbnailUrl":"https:\/\/static.africa-press.net\/cameroun\/sites\/57\/2022\/09\/img-63220541df326.jpg","keywords":["Africa Press","Africa Press-Cameroun","Cameroun"],"articleSection":["\u00c9conomie","homepage-french","Toutes les actualit\u00e9s"],"inLanguage":"fr-FR","potentialAction":[{"@type":"CommentAction","name":"Comment","target":["https:\/\/www.africa-press.net\/cameroun\/economie\/la-mairie-de-douala-prepare-la-relance-de-sa-regie-des-travaux-publics-pour-corriger-les-lacunes-des-prestataires#respond"]}]},{"@type":"WebPage","@id":"https:\/\/www.africa-press.net\/cameroun\/economie\/la-mairie-de-douala-prepare-la-relance-de-sa-regie-des-travaux-publics-pour-corriger-les-lacunes-des-prestataires","url":"https:\/\/www.africa-press.net\/cameroun\/economie\/la-mairie-de-douala-prepare-la-relance-de-sa-regie-des-travaux-publics-pour-corriger-les-lacunes-des-prestataires","name":"La mairie de Douala pr\u00e9pare la relance de sa r\u00e9gie des travaux publics pour corriger \u00ab\u2009les lacunes\u2009\u00bb des prestataires - Cameroun","isPartOf":{"@id":"https:\/\/www.africa-press.net\/cameroun\/#website"},"primaryImageOfPage":{"@id":"https:\/\/www.africa-press.net\/cameroun\/economie\/la-mairie-de-douala-prepare-la-relance-de-sa-regie-des-travaux-publics-pour-corriger-les-lacunes-des-prestataires#primaryimage"},"image":{"@id":"https:\/\/www.africa-press.net\/cameroun\/economie\/la-mairie-de-douala-prepare-la-relance-de-sa-regie-des-travaux-publics-pour-corriger-les-lacunes-des-prestataires#primaryimage"},"thumbnailUrl":"https:\/\/static.africa-press.net\/cameroun\/sites\/57\/2022\/09\/img-63220541df326.jpg","datePublished":"2022-09-14T16:27:56+00:00","dateModified":"2022-09-14T16:46:22+00:00","author":{"@id":"https:\/\/www.africa-press.net\/cameroun\/#\/schema\/person\/2b1cf3cd81a31e3cd26889ca66d677f1"},"description":"Investir au Cameroun) - La Communaut\u00e9 urbaine de Douala (CUD), la m\u00e9tropole \u00e9conomique du Cameroun, pr\u00e9pare la restructu ...","breadcrumb":{"@id":"https:\/\/www.africa-press.net\/cameroun\/economie\/la-mairie-de-douala-prepare-la-relance-de-sa-regie-des-travaux-publics-pour-corriger-les-lacunes-des-prestataires#breadcrumb"},"inLanguage":"fr-FR","potentialAction":[{"@type":"ReadAction","target":["https:\/\/www.africa-press.net\/cameroun\/economie\/la-mairie-de-douala-prepare-la-relance-de-sa-regie-des-travaux-publics-pour-corriger-les-lacunes-des-prestataires"]}]},{"@type":"ImageObject","inLanguage":"fr-FR","@id":"https:\/\/www.africa-press.net\/cameroun\/economie\/la-mairie-de-douala-prepare-la-relance-de-sa-regie-des-travaux-publics-pour-corriger-les-lacunes-des-prestataires#primaryimage","url":"https:\/\/static.africa-press.net\/cameroun\/sites\/57\/2022\/09\/img-63220541df326.jpg","contentUrl":"https:\/\/static.africa-press.net\/cameroun\/sites\/57\/2022\/09\/img-63220541df326.jpg","width":720,"height":479,"caption":"La mairie de Douala pr\u00e9pare la relance de sa r\u00e9gie des travaux publics pour corriger \u00ab\u2009les lacunes\u2009\u00bb des prestataires"},{"@type":"BreadcrumbList","@id":"https:\/\/www.africa-press.net\/cameroun\/economie\/la-mairie-de-douala-prepare-la-relance-de-sa-regie-des-travaux-publics-pour-corriger-les-lacunes-des-prestataires#breadcrumb","itemListElement":[{"@type":"ListItem","position":1,"name":"Accueil","item":"https:\/\/www.africa-press.net\/cameroun\/"},{"@type":"ListItem","position":2,"name":"La mairie de Douala pr\u00e9pare la relance de sa r\u00e9gie des travaux publics pour corriger \u00ab\u2009les lacunes\u2009\u00bb des prestataires"}]},{"@type":"WebSite","@id":"https:\/\/www.africa-press.net\/cameroun\/#website","url":"https:\/\/www.africa-press.net\/cameroun\/","name":"Cameroun","description":"Just another Africa News Agency Sites site","potentialAction":[{"@type":"SearchAction","target":{"@type":"EntryPoint","urlTemplate":"https:\/\/www.africa-press.net\/cameroun\/?s={search_term_string}"},"query-input":{"@type":"PropertyValueSpecification","valueRequired":true,"valueName":"search_term_string"}}],"inLanguage":"fr-FR"},{"@type":"Person","@id":"https:\/\/www.africa-press.net\/cameroun\/#\/schema\/person\/2b1cf3cd81a31e3cd26889ca66d677f1","name":"cfeditorfr"}]}},"_links":{"self":[{"href":"https:\/\/www.africa-press.net\/cameroun\/wp-json\/wp\/v2\/posts\/27388","targetHints":{"allow":["GET"]}}],"collection":[{"href":"https:\/\/www.africa-press.net\/cameroun\/wp-json\/wp\/v2\/posts"}],"about":[{"href":"https:\/\/www.africa-press.net\/cameroun\/wp-json\/wp\/v2\/types\/post"}],"author":[{"embeddable":true,"href":"https:\/\/www.africa-press.net\/cameroun\/wp-json\/wp\/v2\/users\/82"}],"replies":[{"embeddable":true,"href":"https:\/\/www.africa-press.net\/cameroun\/wp-json\/wp\/v2\/comments?post=27388"}],"version-history":[{"count":0,"href":"https:\/\/www.africa-press.net\/cameroun\/wp-json\/wp\/v2\/posts\/27388\/revisions"}],"wp:featuredmedia":[{"embeddable":true,"href":"https:\/\/www.africa-press.net\/cameroun\/wp-json\/wp\/v2\/media\/27387"}],"wp:attachment":[{"href":"https:\/\/www.africa-press.net\/cameroun\/wp-json\/wp\/v2\/media?parent=27388"}],"wp:term":[{"taxonomy":"category","embeddable":true,"href":"https:\/\/www.africa-press.net\/cameroun\/wp-json\/wp\/v2\/categories?post=27388"},{"taxonomy":"post_tag","embeddable":true,"href":"https:\/\/www.africa-press.net\/cameroun\/wp-json\/wp\/v2\/tags?post=27388"}],"curies":[{"name":"wp","href":"https:\/\/api.w.org\/{rel}","templated":true}]}}