{"id":27391,"date":"2022-09-14T16:38:31","date_gmt":"2022-09-14T16:38:31","guid":{"rendered":"https:\/\/www.africa-press.net\/cameroun\/politique\/marche-des-titres-publics-de-la-beac-le-cameroun-veut-mobiliser-100-milliards-de-fcfa-en-2-mois"},"modified":"2022-09-14T17:04:44","modified_gmt":"2022-09-14T17:04:44","slug":"marche-des-titres-publics-de-la-beac-le-cameroun-veut-mobiliser-100-milliards-de-fcfa-en-2-mois","status":"publish","type":"post","link":"https:\/\/www.africa-press.net\/cameroun\/economie\/marche-des-titres-publics-de-la-beac-le-cameroun-veut-mobiliser-100-milliards-de-fcfa-en-2-mois","title":{"rendered":"March\u00e9 des titres publics de la Beac\u00a0: le Cameroun veut mobiliser 100 milliards de FCFA en 2 mois"},"content":{"rendered":"<p><span style=\"color: #ff6600\"><strong>Africa-Press &#8211; Cameroun. <\/strong><\/span>Investir au Cameroun) &#8211; Au cours du mois de septembre 2022 courant, le Cameroun va lancer sur le march\u00e9 des titres publics de la Beac, la banque centrale des six pays de la Cemac (Cameroun, Congo, Gabon, Tchad, RCA et Guin\u00e9e \u00e9quatoriale), un programme de lev\u00e9e de fonds devant aboutir, \u00e0 fin octobre 2022, \u00e0 la mobilisation d\u2019une enveloppe de financements de 100 milliards de FCFA.<\/p>\n<p>Ce programme, renseigne-t-on \u00e0 la direction g\u00e9n\u00e9rale du Tr\u00e9sor du minist\u00e8re des Finances, devrait s\u2019articuler autour de trois \u00e9missions d\u2019obligations du Tr\u00e9sor assimilables (OTA), qui sont des titres publics de longs termes (2 \u00e0 10 ans de maturit\u00e9). Pour r\u00e9ussir cette op\u00e9ration de recherche des financements devant aider \u00e0 la r\u00e9alisation des projets dans le pays, le Cameroun a opt\u00e9 pour la syndication domestique.<\/p>\n<p>Il s\u2019agit d\u2019un m\u00e9canisme valid\u00e9 par la banque centrale en 2021, et qui consiste pour un \u00c9tat \u00e0 \u00e9mettre des titres publics par le biais d\u2019un groupe de sp\u00e9cialistes en valeurs du Tr\u00e9sor (SVT) constitu\u00e9 en syndicat, et ayant \u00e0 sa t\u00eate un chef de file. Dans le cadre du programme susmentionn\u00e9, le chef de file choisi par l\u2019\u00c9tat du Cameroun est la filiale locale du groupe bancaire fran\u00e7ais Soci\u00e9t\u00e9 G\u00e9n\u00e9rale.<\/p>\n<p>Le programme de recherche des financements sur le march\u00e9 des titres publics de la Beac, que le Cameroun se pr\u00e9pare \u00e0 lancer, est cons\u00e9cutif \u00e0 l\u2019habilitation faite au ministre des Finances le 23 ao\u00fbt 2022 par le chef de l\u2019\u00c9tat, de mobiliser une enveloppe suppl\u00e9mentaire de 200 milliards de FCFA au plus, par \u00e9missions des titres publics, dans le cadre de la loi de finances 2022. Cette habilitation porte finalement \u00e0 550 milliards de FCFA l\u2019enveloppe que le Tr\u00e9sor public camerounais est autoris\u00e9 \u00e0 lever sur le march\u00e9 au cours de l\u2019ann\u00e9e budg\u00e9taire courante.<\/p>\n<p><strong>Pour plus d&rsquo;informations et d&rsquo;analyses sur la <a href=\"https:\/\/www.africa-press.net\/cameroun\">Cameroun<\/a>, suivez <a href=\"https:\/\/www.africa-press.net\/\">Africa-Press<\/a><\/strong><\/p>\n","protected":false},"excerpt":{"rendered":"<p>Africa-Press &#8211; Cameroun. Investir au Cameroun) &#8211; Au cours du mois de septembre 2022 courant, le Cameroun va lancer sur le march\u00e9 des titres publics de la Beac, la banque centrale des six pays de la Cemac (Cameroun, Congo, Gabon, Tchad, RCA et Guin\u00e9e \u00e9quatoriale), un programme de lev\u00e9e de fonds devant aboutir, \u00e0 fin [&hellip;]<\/p>\n","protected":false},"author":82,"featured_media":27390,"comment_status":"open","ping_status":"closed","sticky":false,"template":"","format":"standard","meta":{"footnotes":""},"categories":[3,11,10],"tags":[36,50,49],"class_list":["post-27391","post","type-post","status-publish","format-standard","has-post-thumbnail","hentry","category-economie","category-homepage-french","category-toutes-les-actualites","tag-africa-press","tag-africa-press-cameroun","tag-cameroun"],"yoast_head":"<!-- This site is optimized with the Yoast SEO Premium plugin v26.1 (Yoast SEO v27.0) - https:\/\/yoast.com\/product\/yoast-seo-premium-wordpress\/ -->\n<title>March\u00e9 des titres publics de la Beac\u00a0: le Cameroun veut mobiliser 100 milliards de FCFA en 2 mois - Cameroun<\/title>\n<meta name=\"description\" content=\"Investir au Cameroun) - Au cours du mois de septembre 2022 courant, le Cameroun va lancer sur le march\u00e9 des titres publi ...\" \/>\n<meta name=\"robots\" content=\"index, follow, max-snippet:-1, max-image-preview:large, max-video-preview:-1\" \/>\n<link rel=\"canonical\" href=\"https:\/\/www.africa-press.net\/cameroun\/economie\/marche-des-titres-publics-de-la-beac-le-cameroun-veut-mobiliser-100-milliards-de-fcfa-en-2-mois\" \/>\n<meta property=\"og:locale\" content=\"fr_FR\" \/>\n<meta property=\"og:type\" content=\"article\" \/>\n<meta property=\"og:title\" content=\"March\u00e9 des titres publics de la Beac\u00a0: le Cameroun veut mobiliser 100 milliards de FCFA en 2 mois\" \/>\n<meta property=\"og:description\" content=\"Investir au Cameroun) - Au cours du mois de septembre 2022 courant, le Cameroun va lancer sur le march\u00e9 des titres publi ...\" \/>\n<meta property=\"og:url\" content=\"https:\/\/www.africa-press.net\/cameroun\/economie\/marche-des-titres-publics-de-la-beac-le-cameroun-veut-mobiliser-100-milliards-de-fcfa-en-2-mois\" \/>\n<meta property=\"og:site_name\" content=\"Cameroun\" \/>\n<meta property=\"article:published_time\" content=\"2022-09-14T16:38:31+00:00\" \/>\n<meta property=\"article:modified_time\" content=\"2022-09-14T17:04:44+00:00\" \/>\n<meta property=\"og:image\" content=\"https:\/\/static.africa-press.net\/cameroun\/sites\/57\/2022\/09\/img-6322056472e41.jpg\" \/>\n\t<meta property=\"og:image:width\" content=\"720\" \/>\n\t<meta property=\"og:image:height\" content=\"479\" \/>\n\t<meta property=\"og:image:type\" content=\"image\/jpeg\" \/>\n<meta name=\"author\" content=\"cfeditorfr\" \/>\n<meta name=\"twitter:card\" content=\"summary_large_image\" \/>\n<meta name=\"twitter:label1\" content=\"\u00c9crit par\" \/>\n\t<meta name=\"twitter:data1\" content=\"cfeditorfr\" \/>\n\t<meta name=\"twitter:label2\" content=\"Dur\u00e9e de lecture estim\u00e9e\" \/>\n\t<meta name=\"twitter:data2\" content=\"2 minutes\" \/>\n<script type=\"application\/ld+json\" class=\"yoast-schema-graph\">{\"@context\":\"https:\/\/schema.org\",\"@graph\":[{\"@type\":\"Article\",\"@id\":\"https:\/\/www.africa-press.net\/cameroun\/economie\/marche-des-titres-publics-de-la-beac-le-cameroun-veut-mobiliser-100-milliards-de-fcfa-en-2-mois#article\",\"isPartOf\":{\"@id\":\"https:\/\/www.africa-press.net\/cameroun\/economie\/marche-des-titres-publics-de-la-beac-le-cameroun-veut-mobiliser-100-milliards-de-fcfa-en-2-mois\"},\"author\":{\"name\":\"cfeditorfr\",\"@id\":\"https:\/\/www.africa-press.net\/cameroun\/#\/schema\/person\/2b1cf3cd81a31e3cd26889ca66d677f1\"},\"headline\":\"March\u00e9 des titres publics de la Beac\u00a0: le Cameroun veut mobiliser 100 milliards de FCFA en 2 mois\",\"datePublished\":\"2022-09-14T16:38:31+00:00\",\"dateModified\":\"2022-09-14T17:04:44+00:00\",\"mainEntityOfPage\":{\"@id\":\"https:\/\/www.africa-press.net\/cameroun\/economie\/marche-des-titres-publics-de-la-beac-le-cameroun-veut-mobiliser-100-milliards-de-fcfa-en-2-mois\"},\"wordCount\":340,\"commentCount\":0,\"image\":{\"@id\":\"https:\/\/www.africa-press.net\/cameroun\/economie\/marche-des-titres-publics-de-la-beac-le-cameroun-veut-mobiliser-100-milliards-de-fcfa-en-2-mois#primaryimage\"},\"thumbnailUrl\":\"https:\/\/static.africa-press.net\/cameroun\/sites\/57\/2022\/09\/img-6322056472e41.jpg\",\"keywords\":[\"Africa Press\",\"Africa Press-Cameroun\",\"Cameroun\"],\"articleSection\":[\"\u00c9conomie\",\"homepage-french\",\"Toutes les actualit\u00e9s\"],\"inLanguage\":\"fr-FR\",\"potentialAction\":[{\"@type\":\"CommentAction\",\"name\":\"Comment\",\"target\":[\"https:\/\/www.africa-press.net\/cameroun\/economie\/marche-des-titres-publics-de-la-beac-le-cameroun-veut-mobiliser-100-milliards-de-fcfa-en-2-mois#respond\"]}]},{\"@type\":\"WebPage\",\"@id\":\"https:\/\/www.africa-press.net\/cameroun\/economie\/marche-des-titres-publics-de-la-beac-le-cameroun-veut-mobiliser-100-milliards-de-fcfa-en-2-mois\",\"url\":\"https:\/\/www.africa-press.net\/cameroun\/economie\/marche-des-titres-publics-de-la-beac-le-cameroun-veut-mobiliser-100-milliards-de-fcfa-en-2-mois\",\"name\":\"March\u00e9 des titres publics de la Beac\u00a0: le Cameroun veut mobiliser 100 milliards de FCFA en 2 mois - Cameroun\",\"isPartOf\":{\"@id\":\"https:\/\/www.africa-press.net\/cameroun\/#website\"},\"primaryImageOfPage\":{\"@id\":\"https:\/\/www.africa-press.net\/cameroun\/economie\/marche-des-titres-publics-de-la-beac-le-cameroun-veut-mobiliser-100-milliards-de-fcfa-en-2-mois#primaryimage\"},\"image\":{\"@id\":\"https:\/\/www.africa-press.net\/cameroun\/economie\/marche-des-titres-publics-de-la-beac-le-cameroun-veut-mobiliser-100-milliards-de-fcfa-en-2-mois#primaryimage\"},\"thumbnailUrl\":\"https:\/\/static.africa-press.net\/cameroun\/sites\/57\/2022\/09\/img-6322056472e41.jpg\",\"datePublished\":\"2022-09-14T16:38:31+00:00\",\"dateModified\":\"2022-09-14T17:04:44+00:00\",\"author\":{\"@id\":\"https:\/\/www.africa-press.net\/cameroun\/#\/schema\/person\/2b1cf3cd81a31e3cd26889ca66d677f1\"},\"description\":\"Investir au Cameroun) - Au cours du mois de septembre 2022 courant, le Cameroun va lancer sur le march\u00e9 des titres publi ...\",\"breadcrumb\":{\"@id\":\"https:\/\/www.africa-press.net\/cameroun\/economie\/marche-des-titres-publics-de-la-beac-le-cameroun-veut-mobiliser-100-milliards-de-fcfa-en-2-mois#breadcrumb\"},\"inLanguage\":\"fr-FR\",\"potentialAction\":[{\"@type\":\"ReadAction\",\"target\":[\"https:\/\/www.africa-press.net\/cameroun\/economie\/marche-des-titres-publics-de-la-beac-le-cameroun-veut-mobiliser-100-milliards-de-fcfa-en-2-mois\"]}]},{\"@type\":\"ImageObject\",\"inLanguage\":\"fr-FR\",\"@id\":\"https:\/\/www.africa-press.net\/cameroun\/economie\/marche-des-titres-publics-de-la-beac-le-cameroun-veut-mobiliser-100-milliards-de-fcfa-en-2-mois#primaryimage\",\"url\":\"https:\/\/static.africa-press.net\/cameroun\/sites\/57\/2022\/09\/img-6322056472e41.jpg\",\"contentUrl\":\"https:\/\/static.africa-press.net\/cameroun\/sites\/57\/2022\/09\/img-6322056472e41.jpg\",\"width\":720,\"height\":479,\"caption\":\"March\u00e9 des titres publics de la Beac\u00a0: le Cameroun veut mobiliser 100 milliards de FCFA en 2 mois\"},{\"@type\":\"BreadcrumbList\",\"@id\":\"https:\/\/www.africa-press.net\/cameroun\/economie\/marche-des-titres-publics-de-la-beac-le-cameroun-veut-mobiliser-100-milliards-de-fcfa-en-2-mois#breadcrumb\",\"itemListElement\":[{\"@type\":\"ListItem\",\"position\":1,\"name\":\"Accueil\",\"item\":\"https:\/\/www.africa-press.net\/cameroun\/\"},{\"@type\":\"ListItem\",\"position\":2,\"name\":\"March\u00e9 des titres publics de la Beac\u00a0: le Cameroun veut mobiliser 100 milliards de FCFA en 2 mois\"}]},{\"@type\":\"WebSite\",\"@id\":\"https:\/\/www.africa-press.net\/cameroun\/#website\",\"url\":\"https:\/\/www.africa-press.net\/cameroun\/\",\"name\":\"Cameroun\",\"description\":\"Just another Africa News Agency Sites site\",\"potentialAction\":[{\"@type\":\"SearchAction\",\"target\":{\"@type\":\"EntryPoint\",\"urlTemplate\":\"https:\/\/www.africa-press.net\/cameroun\/?s={search_term_string}\"},\"query-input\":{\"@type\":\"PropertyValueSpecification\",\"valueRequired\":true,\"valueName\":\"search_term_string\"}}],\"inLanguage\":\"fr-FR\"},{\"@type\":\"Person\",\"@id\":\"https:\/\/www.africa-press.net\/cameroun\/#\/schema\/person\/2b1cf3cd81a31e3cd26889ca66d677f1\",\"name\":\"cfeditorfr\"}]}<\/script>\n<!-- \/ Yoast SEO Premium plugin. -->","yoast_head_json":{"title":"March\u00e9 des titres publics de la Beac\u00a0: le Cameroun veut mobiliser 100 milliards de FCFA en 2 mois - Cameroun","description":"Investir au Cameroun) - Au cours du mois de septembre 2022 courant, le Cameroun va lancer sur le march\u00e9 des titres publi ...","robots":{"index":"index","follow":"follow","max-snippet":"max-snippet:-1","max-image-preview":"max-image-preview:large","max-video-preview":"max-video-preview:-1"},"canonical":"https:\/\/www.africa-press.net\/cameroun\/economie\/marche-des-titres-publics-de-la-beac-le-cameroun-veut-mobiliser-100-milliards-de-fcfa-en-2-mois","og_locale":"fr_FR","og_type":"article","og_title":"March\u00e9 des titres publics de la Beac\u00a0: le Cameroun veut mobiliser 100 milliards de FCFA en 2 mois","og_description":"Investir au Cameroun) - Au cours du mois de septembre 2022 courant, le Cameroun va lancer sur le march\u00e9 des titres publi ...","og_url":"https:\/\/www.africa-press.net\/cameroun\/economie\/marche-des-titres-publics-de-la-beac-le-cameroun-veut-mobiliser-100-milliards-de-fcfa-en-2-mois","og_site_name":"Cameroun","article_published_time":"2022-09-14T16:38:31+00:00","article_modified_time":"2022-09-14T17:04:44+00:00","og_image":[{"width":720,"height":479,"url":"https:\/\/static.africa-press.net\/cameroun\/sites\/57\/2022\/09\/img-6322056472e41.jpg","type":"image\/jpeg"}],"author":"cfeditorfr","twitter_card":"summary_large_image","twitter_misc":{"\u00c9crit par":"cfeditorfr","Dur\u00e9e de lecture estim\u00e9e":"2 minutes"},"schema":{"@context":"https:\/\/schema.org","@graph":[{"@type":"Article","@id":"https:\/\/www.africa-press.net\/cameroun\/economie\/marche-des-titres-publics-de-la-beac-le-cameroun-veut-mobiliser-100-milliards-de-fcfa-en-2-mois#article","isPartOf":{"@id":"https:\/\/www.africa-press.net\/cameroun\/economie\/marche-des-titres-publics-de-la-beac-le-cameroun-veut-mobiliser-100-milliards-de-fcfa-en-2-mois"},"author":{"name":"cfeditorfr","@id":"https:\/\/www.africa-press.net\/cameroun\/#\/schema\/person\/2b1cf3cd81a31e3cd26889ca66d677f1"},"headline":"March\u00e9 des titres publics de la Beac\u00a0: le Cameroun veut mobiliser 100 milliards de FCFA en 2 mois","datePublished":"2022-09-14T16:38:31+00:00","dateModified":"2022-09-14T17:04:44+00:00","mainEntityOfPage":{"@id":"https:\/\/www.africa-press.net\/cameroun\/economie\/marche-des-titres-publics-de-la-beac-le-cameroun-veut-mobiliser-100-milliards-de-fcfa-en-2-mois"},"wordCount":340,"commentCount":0,"image":{"@id":"https:\/\/www.africa-press.net\/cameroun\/economie\/marche-des-titres-publics-de-la-beac-le-cameroun-veut-mobiliser-100-milliards-de-fcfa-en-2-mois#primaryimage"},"thumbnailUrl":"https:\/\/static.africa-press.net\/cameroun\/sites\/57\/2022\/09\/img-6322056472e41.jpg","keywords":["Africa Press","Africa Press-Cameroun","Cameroun"],"articleSection":["\u00c9conomie","homepage-french","Toutes les actualit\u00e9s"],"inLanguage":"fr-FR","potentialAction":[{"@type":"CommentAction","name":"Comment","target":["https:\/\/www.africa-press.net\/cameroun\/economie\/marche-des-titres-publics-de-la-beac-le-cameroun-veut-mobiliser-100-milliards-de-fcfa-en-2-mois#respond"]}]},{"@type":"WebPage","@id":"https:\/\/www.africa-press.net\/cameroun\/economie\/marche-des-titres-publics-de-la-beac-le-cameroun-veut-mobiliser-100-milliards-de-fcfa-en-2-mois","url":"https:\/\/www.africa-press.net\/cameroun\/economie\/marche-des-titres-publics-de-la-beac-le-cameroun-veut-mobiliser-100-milliards-de-fcfa-en-2-mois","name":"March\u00e9 des titres publics de la Beac\u00a0: le Cameroun veut mobiliser 100 milliards de FCFA en 2 mois - Cameroun","isPartOf":{"@id":"https:\/\/www.africa-press.net\/cameroun\/#website"},"primaryImageOfPage":{"@id":"https:\/\/www.africa-press.net\/cameroun\/economie\/marche-des-titres-publics-de-la-beac-le-cameroun-veut-mobiliser-100-milliards-de-fcfa-en-2-mois#primaryimage"},"image":{"@id":"https:\/\/www.africa-press.net\/cameroun\/economie\/marche-des-titres-publics-de-la-beac-le-cameroun-veut-mobiliser-100-milliards-de-fcfa-en-2-mois#primaryimage"},"thumbnailUrl":"https:\/\/static.africa-press.net\/cameroun\/sites\/57\/2022\/09\/img-6322056472e41.jpg","datePublished":"2022-09-14T16:38:31+00:00","dateModified":"2022-09-14T17:04:44+00:00","author":{"@id":"https:\/\/www.africa-press.net\/cameroun\/#\/schema\/person\/2b1cf3cd81a31e3cd26889ca66d677f1"},"description":"Investir au Cameroun) - Au cours du mois de septembre 2022 courant, le Cameroun va lancer sur le march\u00e9 des titres publi ...","breadcrumb":{"@id":"https:\/\/www.africa-press.net\/cameroun\/economie\/marche-des-titres-publics-de-la-beac-le-cameroun-veut-mobiliser-100-milliards-de-fcfa-en-2-mois#breadcrumb"},"inLanguage":"fr-FR","potentialAction":[{"@type":"ReadAction","target":["https:\/\/www.africa-press.net\/cameroun\/economie\/marche-des-titres-publics-de-la-beac-le-cameroun-veut-mobiliser-100-milliards-de-fcfa-en-2-mois"]}]},{"@type":"ImageObject","inLanguage":"fr-FR","@id":"https:\/\/www.africa-press.net\/cameroun\/economie\/marche-des-titres-publics-de-la-beac-le-cameroun-veut-mobiliser-100-milliards-de-fcfa-en-2-mois#primaryimage","url":"https:\/\/static.africa-press.net\/cameroun\/sites\/57\/2022\/09\/img-6322056472e41.jpg","contentUrl":"https:\/\/static.africa-press.net\/cameroun\/sites\/57\/2022\/09\/img-6322056472e41.jpg","width":720,"height":479,"caption":"March\u00e9 des titres publics de la Beac\u00a0: le Cameroun veut mobiliser 100 milliards de FCFA en 2 mois"},{"@type":"BreadcrumbList","@id":"https:\/\/www.africa-press.net\/cameroun\/economie\/marche-des-titres-publics-de-la-beac-le-cameroun-veut-mobiliser-100-milliards-de-fcfa-en-2-mois#breadcrumb","itemListElement":[{"@type":"ListItem","position":1,"name":"Accueil","item":"https:\/\/www.africa-press.net\/cameroun\/"},{"@type":"ListItem","position":2,"name":"March\u00e9 des titres publics de la Beac\u00a0: le Cameroun veut mobiliser 100 milliards de FCFA en 2 mois"}]},{"@type":"WebSite","@id":"https:\/\/www.africa-press.net\/cameroun\/#website","url":"https:\/\/www.africa-press.net\/cameroun\/","name":"Cameroun","description":"Just another Africa News Agency Sites site","potentialAction":[{"@type":"SearchAction","target":{"@type":"EntryPoint","urlTemplate":"https:\/\/www.africa-press.net\/cameroun\/?s={search_term_string}"},"query-input":{"@type":"PropertyValueSpecification","valueRequired":true,"valueName":"search_term_string"}}],"inLanguage":"fr-FR"},{"@type":"Person","@id":"https:\/\/www.africa-press.net\/cameroun\/#\/schema\/person\/2b1cf3cd81a31e3cd26889ca66d677f1","name":"cfeditorfr"}]}},"_links":{"self":[{"href":"https:\/\/www.africa-press.net\/cameroun\/wp-json\/wp\/v2\/posts\/27391","targetHints":{"allow":["GET"]}}],"collection":[{"href":"https:\/\/www.africa-press.net\/cameroun\/wp-json\/wp\/v2\/posts"}],"about":[{"href":"https:\/\/www.africa-press.net\/cameroun\/wp-json\/wp\/v2\/types\/post"}],"author":[{"embeddable":true,"href":"https:\/\/www.africa-press.net\/cameroun\/wp-json\/wp\/v2\/users\/82"}],"replies":[{"embeddable":true,"href":"https:\/\/www.africa-press.net\/cameroun\/wp-json\/wp\/v2\/comments?post=27391"}],"version-history":[{"count":0,"href":"https:\/\/www.africa-press.net\/cameroun\/wp-json\/wp\/v2\/posts\/27391\/revisions"}],"wp:featuredmedia":[{"embeddable":true,"href":"https:\/\/www.africa-press.net\/cameroun\/wp-json\/wp\/v2\/media\/27390"}],"wp:attachment":[{"href":"https:\/\/www.africa-press.net\/cameroun\/wp-json\/wp\/v2\/media?parent=27391"}],"wp:term":[{"taxonomy":"category","embeddable":true,"href":"https:\/\/www.africa-press.net\/cameroun\/wp-json\/wp\/v2\/categories?post=27391"},{"taxonomy":"post_tag","embeddable":true,"href":"https:\/\/www.africa-press.net\/cameroun\/wp-json\/wp\/v2\/tags?post=27391"}],"curies":[{"name":"wp","href":"https:\/\/api.w.org\/{rel}","templated":true}]}}