{"id":2741,"date":"2021-04-28T20:09:04","date_gmt":"2021-04-28T20:09:04","guid":{"rendered":"https:\/\/www.africa-press.net\/cameroun\/politique\/lutte-contre-boko-haram-le-cameroun-a-donne-un-cheque-a-idriss-deby-itno"},"modified":"2021-04-28T20:26:24","modified_gmt":"2021-04-28T20:26:24","slug":"lutte-contre-boko-haram-le-cameroun-a-donne-un-cheque-a-idriss-deby-itno","status":"publish","type":"post","link":"https:\/\/www.africa-press.net\/cameroun\/politique\/lutte-contre-boko-haram-le-cameroun-a-donne-un-cheque-a-idriss-deby-itno","title":{"rendered":"Lutte contre Boko Haram: le Cameroun &lsquo;a donn\u00e9 un ch\u00e8que \u00e0 Idriss Deby Itno&rsquo;"},"content":{"rendered":"<p><span style=\"color: #ff6600\"><strong><a href=\"https:\/\/www.africa-press.net\/\">Africa-Press<\/a> &#8211; <a href=\"https:\/\/www.africa-press.net\/cameroun\">Cameroun<\/a>. <\/strong><\/span>Invit\u00e9e le 26 avril 2021 du programme t\u00e9l\u00e9vis\u00e9 \u00ab Autour du micro \u00bb diffus\u00e9 sur le portail web s\u00e9n\u00e9galais dakarmatin.com, Fatime Raymonde Habr\u00e9, \u00e9pouse de l\u2019ancien chef d\u2019Etat de la R\u00e9publique du Tchad Hiss\u00e8ne Habr\u00e9 passe au peigne l\u2019intervention de la France dans la zone du Lac Tchad avec pour illustration la guerre que m\u00e8ne le Cameroun contre Boko Haram depuis des ann\u00e9es.<\/p>\n<p>Le Cameroun comme le Tchad, tous deux pays d\u2019Afrique centrale, font face, depuis des ann\u00e9es, \u00e0 la lutte contre la secte Boko Haram.<\/p>\n<p>Intervention du Tchad au Cameroun<\/p>\n<p>Selon l\u2019\u00e9pouse d\u2019Hiss\u00e8ne Habr\u00e9, le pays de Paul Biya a dans un premier temps, refus\u00e9 l\u2019intervention en premi\u00e8re ligne du Tchad contre cet ennemi commun avant de se raviser : \u00ab Maintenant, ce que l\u2019on ne dit pas, le Cameroun a amen\u00e9 un ch\u00e8que \u00e0 Idriss Deby. Le ministre des finances du Cameroun est arriv\u00e9 au Tchad et y a donn\u00e9 un ch\u00e8que \u00bb, a assur\u00e9 l\u2019ex premi\u00e8re dame.<\/p>\n<p>Avant d\u2019y arriver, Fatime Raymonde Habr\u00e9 relate un fait qui se serait produit entre Cameroun et les responsables de l\u2019op\u00e9ration militaire fran\u00e7aise Barkhane par extension \u00e0 l\u2019intervention de l\u2019Arm\u00e9e Tchadienne au front contre Boko Haram \u00e0 l\u2019Extr\u00eame-Nord du pays.<\/p>\n<p>\u00ab C\u2019est-\u00e0-dire que le Cameroun a une fronti\u00e8re avec le Nigeria o\u00f9 il y a Boko Haram. Et Boko Haram fait des infiltrations au Cameroun, prend les gens par surprise et les massacrent. Les Camerounais et leurs Etats-majors se sont lev\u00e9s et ont d\u00e9ploy\u00e9 beaucoup de moyens. Ils sont arriv\u00e9s et ont dit: \u2018\u2019comme l\u2019Op\u00e9ration Barkhane est sur la fronti\u00e8re, on vous sollicite pour des images satellitaires pour pouvoir voir les gars de Boko Haram et pour que nous aussi on fasse nos plans pour les \u00e9liminer\u2019\u2019. Maintenant les Fran\u00e7ais disent quoi ? Ils r\u00e9pondent \u00e0 l\u2019\u00e9tat-major camerounais : \u2018\u2019Ok mais c\u2019est 50 000 Euros l\u2019heure\u2019\u2019. Ils disent : \u2018\u2019 : \u00ab Mais attendez ! On ne lutte pas ensemble contre le terrorisme ? Comment \u00e7a se fait ? Comment on peut faire \u00e7\u2019a ? Et donc, finalement, ils disent : \u2018\u2019 :\u00ab Non non non, de toute fa\u00e7on, vous n\u2019y arriverez pas, laissez passer l\u2019arm\u00e9e tchadienne\u2019\u2019. Les Camerounais disent : :\u2019\u2019 : \u00ab Non, on n\u2019a pas envie de voir une arm\u00e9e tchadienne chez nous. On ne veut pas ! Nous sommes capables de d\u00e9fendre notre pays\u2019\u2019 ! Et ils disent \u00ab Non \u00bb. \u2018\u2019Si c\u2019est \u00e7a vous casquez ! Les images satellitaires vous les payez aujourd\u2019hui et demain \u00e7a change donc vous comprenez\u2026Les d\u00e9placements\u2026\u2019\u2019. C\u2019\u00e9tait donc une fa\u00e7on de dire: \u2019\u2019on ne vous aidera pas pour \u00e7a. Donc, laissez passer Idriss D\u00e9by\u2026\u2019\u2019.<\/p>\n<p>Nous vous proposons la vid\u00e9o en question o\u00f9 l&rsquo;ancienne premi\u00e8re dame comence par r\u00e9agir au d\u00e9c\u00e8s du Mar\u00e9chal Idriss Deby Itno.<\/p>\n","protected":false},"excerpt":{"rendered":"<p>Africa-Press &#8211; Cameroun. Invit\u00e9e le 26 avril 2021 du programme t\u00e9l\u00e9vis\u00e9 \u00ab Autour du micro \u00bb diffus\u00e9 sur le portail web s\u00e9n\u00e9galais dakarmatin.com, Fatime Raymonde Habr\u00e9, \u00e9pouse de l\u2019ancien chef d\u2019Etat de la R\u00e9publique du Tchad Hiss\u00e8ne Habr\u00e9 passe au peigne l\u2019intervention de la France dans la zone du Lac Tchad avec pour illustration la [&hellip;]<\/p>\n","protected":false},"author":82,"featured_media":2740,"comment_status":"open","ping_status":"closed","sticky":false,"template":"","format":"standard","meta":{"footnotes":""},"categories":[11,2,20,10],"tags":[36,50,49],"class_list":["post-2741","post","type-post","status-publish","format-standard","has-post-thumbnail","hentry","category-homepage-french","category-politique","category-top-nouvelles","category-toutes-les-actualites","tag-africa-press","tag-africa-press-cameroun","tag-cameroun"],"yoast_head":"<!-- This site is optimized with the Yoast SEO Premium plugin v26.1 (Yoast SEO v27.0) - https:\/\/yoast.com\/product\/yoast-seo-premium-wordpress\/ -->\n<title>Lutte contre Boko Haram: le Cameroun &#039;a donn\u00e9 un ch\u00e8que \u00e0 Idriss Deby Itno&#039; - Cameroun<\/title>\n<meta name=\"description\" content=\"Invit\u00e9e le 26 avril 2021 du programme t\u00e9l\u00e9vis\u00e9 \u00ab Autour du micro \u00bb diffus\u00e9 sur le portail web s\u00e9n\u00e9galais dakarmatin.com, ...\" \/>\n<meta name=\"robots\" content=\"index, follow, max-snippet:-1, max-image-preview:large, max-video-preview:-1\" \/>\n<link rel=\"canonical\" href=\"https:\/\/www.africa-press.net\/cameroun\/politique\/lutte-contre-boko-haram-le-cameroun-a-donne-un-cheque-a-idriss-deby-itno\" \/>\n<meta property=\"og:locale\" content=\"fr_FR\" \/>\n<meta property=\"og:type\" content=\"article\" \/>\n<meta property=\"og:title\" content=\"Lutte contre Boko Haram: le Cameroun &#039;a donn\u00e9 un ch\u00e8que \u00e0 Idriss Deby Itno&#039;\" \/>\n<meta property=\"og:description\" content=\"Invit\u00e9e le 26 avril 2021 du programme t\u00e9l\u00e9vis\u00e9 \u00ab Autour du micro \u00bb diffus\u00e9 sur le portail web s\u00e9n\u00e9galais dakarmatin.com, ...\" \/>\n<meta property=\"og:url\" content=\"https:\/\/www.africa-press.net\/cameroun\/politique\/lutte-contre-boko-haram-le-cameroun-a-donne-un-cheque-a-idriss-deby-itno\" \/>\n<meta property=\"og:site_name\" content=\"Cameroun\" \/>\n<meta property=\"article:published_time\" content=\"2021-04-28T20:09:04+00:00\" \/>\n<meta property=\"article:modified_time\" content=\"2021-04-28T20:26:24+00:00\" \/>\n<meta property=\"og:image\" content=\"https:\/\/static.africa-press.net\/cameroun\/sites\/57\/2021\/04\/img-6089c4c7086aa.jpg\" \/>\n\t<meta property=\"og:image:width\" content=\"800\" \/>\n\t<meta property=\"og:image:height\" content=\"448\" \/>\n\t<meta property=\"og:image:type\" content=\"image\/jpeg\" \/>\n<meta name=\"author\" content=\"cfeditorfr\" \/>\n<meta name=\"twitter:card\" content=\"summary_large_image\" \/>\n<meta name=\"twitter:label1\" content=\"\u00c9crit par\" \/>\n\t<meta name=\"twitter:data1\" content=\"cfeditorfr\" \/>\n\t<meta name=\"twitter:label2\" content=\"Dur\u00e9e de lecture estim\u00e9e\" \/>\n\t<meta name=\"twitter:data2\" content=\"2 minutes\" \/>\n<script type=\"application\/ld+json\" class=\"yoast-schema-graph\">{\"@context\":\"https:\/\/schema.org\",\"@graph\":[{\"@type\":\"Article\",\"@id\":\"https:\/\/www.africa-press.net\/cameroun\/politique\/lutte-contre-boko-haram-le-cameroun-a-donne-un-cheque-a-idriss-deby-itno#article\",\"isPartOf\":{\"@id\":\"https:\/\/www.africa-press.net\/cameroun\/politique\/lutte-contre-boko-haram-le-cameroun-a-donne-un-cheque-a-idriss-deby-itno\"},\"author\":{\"name\":\"cfeditorfr\",\"@id\":\"https:\/\/www.africa-press.net\/cameroun\/#\/schema\/person\/2b1cf3cd81a31e3cd26889ca66d677f1\"},\"headline\":\"Lutte contre Boko Haram: le Cameroun &lsquo;a donn\u00e9 un ch\u00e8que \u00e0 Idriss Deby Itno&rsquo;\",\"datePublished\":\"2021-04-28T20:09:04+00:00\",\"dateModified\":\"2021-04-28T20:26:24+00:00\",\"mainEntityOfPage\":{\"@id\":\"https:\/\/www.africa-press.net\/cameroun\/politique\/lutte-contre-boko-haram-le-cameroun-a-donne-un-cheque-a-idriss-deby-itno\"},\"wordCount\":503,\"commentCount\":0,\"image\":{\"@id\":\"https:\/\/www.africa-press.net\/cameroun\/politique\/lutte-contre-boko-haram-le-cameroun-a-donne-un-cheque-a-idriss-deby-itno#primaryimage\"},\"thumbnailUrl\":\"https:\/\/static.africa-press.net\/cameroun\/sites\/57\/2021\/04\/img-6089c4c7086aa.jpg\",\"keywords\":[\"Africa Press\",\"Africa Press-Cameroun\",\"Cameroun\"],\"articleSection\":[\"homepage-french\",\"Politique\",\"Top Nouvelles\",\"Toutes les actualit\u00e9s\"],\"inLanguage\":\"fr-FR\",\"potentialAction\":[{\"@type\":\"CommentAction\",\"name\":\"Comment\",\"target\":[\"https:\/\/www.africa-press.net\/cameroun\/politique\/lutte-contre-boko-haram-le-cameroun-a-donne-un-cheque-a-idriss-deby-itno#respond\"]}]},{\"@type\":\"WebPage\",\"@id\":\"https:\/\/www.africa-press.net\/cameroun\/politique\/lutte-contre-boko-haram-le-cameroun-a-donne-un-cheque-a-idriss-deby-itno\",\"url\":\"https:\/\/www.africa-press.net\/cameroun\/politique\/lutte-contre-boko-haram-le-cameroun-a-donne-un-cheque-a-idriss-deby-itno\",\"name\":\"Lutte contre Boko Haram: le Cameroun 'a donn\u00e9 un ch\u00e8que \u00e0 Idriss Deby Itno' - Cameroun\",\"isPartOf\":{\"@id\":\"https:\/\/www.africa-press.net\/cameroun\/#website\"},\"primaryImageOfPage\":{\"@id\":\"https:\/\/www.africa-press.net\/cameroun\/politique\/lutte-contre-boko-haram-le-cameroun-a-donne-un-cheque-a-idriss-deby-itno#primaryimage\"},\"image\":{\"@id\":\"https:\/\/www.africa-press.net\/cameroun\/politique\/lutte-contre-boko-haram-le-cameroun-a-donne-un-cheque-a-idriss-deby-itno#primaryimage\"},\"thumbnailUrl\":\"https:\/\/static.africa-press.net\/cameroun\/sites\/57\/2021\/04\/img-6089c4c7086aa.jpg\",\"datePublished\":\"2021-04-28T20:09:04+00:00\",\"dateModified\":\"2021-04-28T20:26:24+00:00\",\"author\":{\"@id\":\"https:\/\/www.africa-press.net\/cameroun\/#\/schema\/person\/2b1cf3cd81a31e3cd26889ca66d677f1\"},\"description\":\"Invit\u00e9e le 26 avril 2021 du programme t\u00e9l\u00e9vis\u00e9 \u00ab Autour du micro \u00bb diffus\u00e9 sur le portail web s\u00e9n\u00e9galais dakarmatin.com, ...\",\"breadcrumb\":{\"@id\":\"https:\/\/www.africa-press.net\/cameroun\/politique\/lutte-contre-boko-haram-le-cameroun-a-donne-un-cheque-a-idriss-deby-itno#breadcrumb\"},\"inLanguage\":\"fr-FR\",\"potentialAction\":[{\"@type\":\"ReadAction\",\"target\":[\"https:\/\/www.africa-press.net\/cameroun\/politique\/lutte-contre-boko-haram-le-cameroun-a-donne-un-cheque-a-idriss-deby-itno\"]}]},{\"@type\":\"ImageObject\",\"inLanguage\":\"fr-FR\",\"@id\":\"https:\/\/www.africa-press.net\/cameroun\/politique\/lutte-contre-boko-haram-le-cameroun-a-donne-un-cheque-a-idriss-deby-itno#primaryimage\",\"url\":\"https:\/\/static.africa-press.net\/cameroun\/sites\/57\/2021\/04\/img-6089c4c7086aa.jpg\",\"contentUrl\":\"https:\/\/static.africa-press.net\/cameroun\/sites\/57\/2021\/04\/img-6089c4c7086aa.jpg\",\"width\":800,\"height\":448,\"caption\":\"Lutte contre Boko Haram: le Cameroun 'a donn\u00e9 un ch\u00e8que \u00e0 Idriss Deby Itno'\"},{\"@type\":\"BreadcrumbList\",\"@id\":\"https:\/\/www.africa-press.net\/cameroun\/politique\/lutte-contre-boko-haram-le-cameroun-a-donne-un-cheque-a-idriss-deby-itno#breadcrumb\",\"itemListElement\":[{\"@type\":\"ListItem\",\"position\":1,\"name\":\"Accueil\",\"item\":\"https:\/\/www.africa-press.net\/cameroun\/\"},{\"@type\":\"ListItem\",\"position\":2,\"name\":\"Lutte contre Boko Haram: le Cameroun &#8216;a donn\u00e9 un ch\u00e8que \u00e0 Idriss Deby Itno&#8217;\"}]},{\"@type\":\"WebSite\",\"@id\":\"https:\/\/www.africa-press.net\/cameroun\/#website\",\"url\":\"https:\/\/www.africa-press.net\/cameroun\/\",\"name\":\"Cameroun\",\"description\":\"Just another Africa News Agency Sites site\",\"potentialAction\":[{\"@type\":\"SearchAction\",\"target\":{\"@type\":\"EntryPoint\",\"urlTemplate\":\"https:\/\/www.africa-press.net\/cameroun\/?s={search_term_string}\"},\"query-input\":{\"@type\":\"PropertyValueSpecification\",\"valueRequired\":true,\"valueName\":\"search_term_string\"}}],\"inLanguage\":\"fr-FR\"},{\"@type\":\"Person\",\"@id\":\"https:\/\/www.africa-press.net\/cameroun\/#\/schema\/person\/2b1cf3cd81a31e3cd26889ca66d677f1\",\"name\":\"cfeditorfr\"}]}<\/script>\n<!-- \/ Yoast SEO Premium plugin. -->","yoast_head_json":{"title":"Lutte contre Boko Haram: le Cameroun 'a donn\u00e9 un ch\u00e8que \u00e0 Idriss Deby Itno' - Cameroun","description":"Invit\u00e9e le 26 avril 2021 du programme t\u00e9l\u00e9vis\u00e9 \u00ab Autour du micro \u00bb diffus\u00e9 sur le portail web s\u00e9n\u00e9galais dakarmatin.com, ...","robots":{"index":"index","follow":"follow","max-snippet":"max-snippet:-1","max-image-preview":"max-image-preview:large","max-video-preview":"max-video-preview:-1"},"canonical":"https:\/\/www.africa-press.net\/cameroun\/politique\/lutte-contre-boko-haram-le-cameroun-a-donne-un-cheque-a-idriss-deby-itno","og_locale":"fr_FR","og_type":"article","og_title":"Lutte contre Boko Haram: le Cameroun 'a donn\u00e9 un ch\u00e8que \u00e0 Idriss Deby Itno'","og_description":"Invit\u00e9e le 26 avril 2021 du programme t\u00e9l\u00e9vis\u00e9 \u00ab Autour du micro \u00bb diffus\u00e9 sur le portail web s\u00e9n\u00e9galais dakarmatin.com, ...","og_url":"https:\/\/www.africa-press.net\/cameroun\/politique\/lutte-contre-boko-haram-le-cameroun-a-donne-un-cheque-a-idriss-deby-itno","og_site_name":"Cameroun","article_published_time":"2021-04-28T20:09:04+00:00","article_modified_time":"2021-04-28T20:26:24+00:00","og_image":[{"width":800,"height":448,"url":"https:\/\/static.africa-press.net\/cameroun\/sites\/57\/2021\/04\/img-6089c4c7086aa.jpg","type":"image\/jpeg"}],"author":"cfeditorfr","twitter_card":"summary_large_image","twitter_misc":{"\u00c9crit par":"cfeditorfr","Dur\u00e9e de lecture estim\u00e9e":"2 minutes"},"schema":{"@context":"https:\/\/schema.org","@graph":[{"@type":"Article","@id":"https:\/\/www.africa-press.net\/cameroun\/politique\/lutte-contre-boko-haram-le-cameroun-a-donne-un-cheque-a-idriss-deby-itno#article","isPartOf":{"@id":"https:\/\/www.africa-press.net\/cameroun\/politique\/lutte-contre-boko-haram-le-cameroun-a-donne-un-cheque-a-idriss-deby-itno"},"author":{"name":"cfeditorfr","@id":"https:\/\/www.africa-press.net\/cameroun\/#\/schema\/person\/2b1cf3cd81a31e3cd26889ca66d677f1"},"headline":"Lutte contre Boko Haram: le Cameroun &lsquo;a donn\u00e9 un ch\u00e8que \u00e0 Idriss Deby Itno&rsquo;","datePublished":"2021-04-28T20:09:04+00:00","dateModified":"2021-04-28T20:26:24+00:00","mainEntityOfPage":{"@id":"https:\/\/www.africa-press.net\/cameroun\/politique\/lutte-contre-boko-haram-le-cameroun-a-donne-un-cheque-a-idriss-deby-itno"},"wordCount":503,"commentCount":0,"image":{"@id":"https:\/\/www.africa-press.net\/cameroun\/politique\/lutte-contre-boko-haram-le-cameroun-a-donne-un-cheque-a-idriss-deby-itno#primaryimage"},"thumbnailUrl":"https:\/\/static.africa-press.net\/cameroun\/sites\/57\/2021\/04\/img-6089c4c7086aa.jpg","keywords":["Africa Press","Africa Press-Cameroun","Cameroun"],"articleSection":["homepage-french","Politique","Top Nouvelles","Toutes les actualit\u00e9s"],"inLanguage":"fr-FR","potentialAction":[{"@type":"CommentAction","name":"Comment","target":["https:\/\/www.africa-press.net\/cameroun\/politique\/lutte-contre-boko-haram-le-cameroun-a-donne-un-cheque-a-idriss-deby-itno#respond"]}]},{"@type":"WebPage","@id":"https:\/\/www.africa-press.net\/cameroun\/politique\/lutte-contre-boko-haram-le-cameroun-a-donne-un-cheque-a-idriss-deby-itno","url":"https:\/\/www.africa-press.net\/cameroun\/politique\/lutte-contre-boko-haram-le-cameroun-a-donne-un-cheque-a-idriss-deby-itno","name":"Lutte contre Boko Haram: le Cameroun 'a donn\u00e9 un ch\u00e8que \u00e0 Idriss Deby Itno' - Cameroun","isPartOf":{"@id":"https:\/\/www.africa-press.net\/cameroun\/#website"},"primaryImageOfPage":{"@id":"https:\/\/www.africa-press.net\/cameroun\/politique\/lutte-contre-boko-haram-le-cameroun-a-donne-un-cheque-a-idriss-deby-itno#primaryimage"},"image":{"@id":"https:\/\/www.africa-press.net\/cameroun\/politique\/lutte-contre-boko-haram-le-cameroun-a-donne-un-cheque-a-idriss-deby-itno#primaryimage"},"thumbnailUrl":"https:\/\/static.africa-press.net\/cameroun\/sites\/57\/2021\/04\/img-6089c4c7086aa.jpg","datePublished":"2021-04-28T20:09:04+00:00","dateModified":"2021-04-28T20:26:24+00:00","author":{"@id":"https:\/\/www.africa-press.net\/cameroun\/#\/schema\/person\/2b1cf3cd81a31e3cd26889ca66d677f1"},"description":"Invit\u00e9e le 26 avril 2021 du programme t\u00e9l\u00e9vis\u00e9 \u00ab Autour du micro \u00bb diffus\u00e9 sur le portail web s\u00e9n\u00e9galais dakarmatin.com, ...","breadcrumb":{"@id":"https:\/\/www.africa-press.net\/cameroun\/politique\/lutte-contre-boko-haram-le-cameroun-a-donne-un-cheque-a-idriss-deby-itno#breadcrumb"},"inLanguage":"fr-FR","potentialAction":[{"@type":"ReadAction","target":["https:\/\/www.africa-press.net\/cameroun\/politique\/lutte-contre-boko-haram-le-cameroun-a-donne-un-cheque-a-idriss-deby-itno"]}]},{"@type":"ImageObject","inLanguage":"fr-FR","@id":"https:\/\/www.africa-press.net\/cameroun\/politique\/lutte-contre-boko-haram-le-cameroun-a-donne-un-cheque-a-idriss-deby-itno#primaryimage","url":"https:\/\/static.africa-press.net\/cameroun\/sites\/57\/2021\/04\/img-6089c4c7086aa.jpg","contentUrl":"https:\/\/static.africa-press.net\/cameroun\/sites\/57\/2021\/04\/img-6089c4c7086aa.jpg","width":800,"height":448,"caption":"Lutte contre Boko Haram: le Cameroun 'a donn\u00e9 un ch\u00e8que \u00e0 Idriss Deby Itno'"},{"@type":"BreadcrumbList","@id":"https:\/\/www.africa-press.net\/cameroun\/politique\/lutte-contre-boko-haram-le-cameroun-a-donne-un-cheque-a-idriss-deby-itno#breadcrumb","itemListElement":[{"@type":"ListItem","position":1,"name":"Accueil","item":"https:\/\/www.africa-press.net\/cameroun\/"},{"@type":"ListItem","position":2,"name":"Lutte contre Boko Haram: le Cameroun &#8216;a donn\u00e9 un ch\u00e8que \u00e0 Idriss Deby Itno&#8217;"}]},{"@type":"WebSite","@id":"https:\/\/www.africa-press.net\/cameroun\/#website","url":"https:\/\/www.africa-press.net\/cameroun\/","name":"Cameroun","description":"Just another Africa News Agency Sites site","potentialAction":[{"@type":"SearchAction","target":{"@type":"EntryPoint","urlTemplate":"https:\/\/www.africa-press.net\/cameroun\/?s={search_term_string}"},"query-input":{"@type":"PropertyValueSpecification","valueRequired":true,"valueName":"search_term_string"}}],"inLanguage":"fr-FR"},{"@type":"Person","@id":"https:\/\/www.africa-press.net\/cameroun\/#\/schema\/person\/2b1cf3cd81a31e3cd26889ca66d677f1","name":"cfeditorfr"}]}},"_links":{"self":[{"href":"https:\/\/www.africa-press.net\/cameroun\/wp-json\/wp\/v2\/posts\/2741","targetHints":{"allow":["GET"]}}],"collection":[{"href":"https:\/\/www.africa-press.net\/cameroun\/wp-json\/wp\/v2\/posts"}],"about":[{"href":"https:\/\/www.africa-press.net\/cameroun\/wp-json\/wp\/v2\/types\/post"}],"author":[{"embeddable":true,"href":"https:\/\/www.africa-press.net\/cameroun\/wp-json\/wp\/v2\/users\/82"}],"replies":[{"embeddable":true,"href":"https:\/\/www.africa-press.net\/cameroun\/wp-json\/wp\/v2\/comments?post=2741"}],"version-history":[{"count":0,"href":"https:\/\/www.africa-press.net\/cameroun\/wp-json\/wp\/v2\/posts\/2741\/revisions"}],"wp:featuredmedia":[{"embeddable":true,"href":"https:\/\/www.africa-press.net\/cameroun\/wp-json\/wp\/v2\/media\/2740"}],"wp:attachment":[{"href":"https:\/\/www.africa-press.net\/cameroun\/wp-json\/wp\/v2\/media?parent=2741"}],"wp:term":[{"taxonomy":"category","embeddable":true,"href":"https:\/\/www.africa-press.net\/cameroun\/wp-json\/wp\/v2\/categories?post=2741"},{"taxonomy":"post_tag","embeddable":true,"href":"https:\/\/www.africa-press.net\/cameroun\/wp-json\/wp\/v2\/tags?post=2741"}],"curies":[{"name":"wp","href":"https:\/\/api.w.org\/{rel}","templated":true}]}}