{"id":27416,"date":"2022-09-15T16:40:02","date_gmt":"2022-09-15T16:40:02","guid":{"rendered":"https:\/\/www.africa-press.net\/cameroun\/politique\/sante-le-president-de-lassociation-des-tradipraticiens-de-sante-annonce-la-naissance-imminente-de-lordre-national-de-a-medecine-traditionnelle-africaine"},"modified":"2022-09-15T16:40:21","modified_gmt":"2022-09-15T16:40:21","slug":"sante-le-president-de-lassociation-des-tradipraticiens-de-sante-annonce-la-naissance-imminente-de-lordre-national-de-a-medecine-traditionnelle-africaine","status":"publish","type":"post","link":"https:\/\/www.africa-press.net\/cameroun\/toutes-les-actualites\/sante-le-president-de-lassociation-des-tradipraticiens-de-sante-annonce-la-naissance-imminente-de-lordre-national-de-a-medecine-traditionnelle-africaine","title":{"rendered":"Sant\u00e9: Le pr\u00e9sident de l\u2019Association des Tradipraticiens de Sant\u00e9 annonce la naissance imminente de l\u2019Ordre National de a m\u00e9decine traditionnelle africaine"},"content":{"rendered":"<p><span style=\"color: #ff6600\"><strong>Africa-Press &#8211; Cameroun. <\/strong><\/span>La m\u00e9decine moderne et la m\u00e9decine traditionnelle peuvent cheminer ensemble et produire de bons r\u00e9sultats. C\u2019est ce que soutiennent le Professeur Ouba Razak, razoth\u00e9rapeute, expert en sciences d\u2019investigation et traitement des ph\u00e9nom\u00e8nes paranormaux et le gyn\u00e9cologue et tradipraticien Emmanuel Nkwetta. Au cours de la conf\u00e9rence de presse qu\u2019ils ont anim\u00e9e le 14 Septembre \u00e0 l\u2019h\u00f4tel Lewat, \u00e0 Douala, les deux hommes ont montr\u00e9 les avantages d\u2019une collaboration entre les deux types de m\u00e9decine en mettant l\u2019accent sur la valorisation de la m\u00e9decine dite \u00ab Africaine \u00bb. <b>\u00ab Je dis aux Africains que si vous avez un probl\u00e8me et que, arriv\u00e9 \u00e0 l\u2019h\u00f4pital, on ne trouve pas une solution, faites recours \u00e0 la m\u00e9decine traditionnelle \u00bb<\/b>, a conseill\u00e9 le Docteur Emmanuel Nkwetta, fort de sa double exp\u00e9rience de gyn\u00e9cologue et m\u00e9decin traditionnel sp\u00e9cialis\u00e9 en voyance depuis l\u2019\u00e2ge de 6 ans. Bien qu\u2019exer\u00e7ant la gyn\u00e9cologie en Allemagne, il dit \u00eatre contact\u00e9 tous les jours pour des consultations de m\u00e9decine traditionnelle. Il assure que l\u2019on peut suivre les deux traitements de fa\u00e7on simultan\u00e9e.<\/p>\n<p>Le Professeur Ouba Razak e r\u00e9jouit de l\u2019\u00e9volution des mentalit\u00e9s. Pour lui, le fait que la m\u00e9decine traditionnelle soit consid\u00e9r\u00e9e avec plus de respect au Cameroun est une bonne chose. Cette consid\u00e9ration a pris la forme d\u2019une loi en gestation laquelle devrait permettre dans des d\u00e9lais courts une pratique codifi\u00e9e de la m\u00e9decine traditionnelle au Cameroun. <b>\u00ab En ce qui concerne la m\u00e9decine traditionnelle qui est appel\u00e9e actuellement la m\u00e9decine africaine, nous sommes dans un champ de comp\u00e9tition. Le monde est en train de se redessiner. Nous aurons notre m\u00e9decine africaine. Et d\u00e9j\u00e0, nous attendons la loi qui va lui permettre d\u2019exister de fa\u00e7on officielle. C\u2019est-\u00e0-dire l\u2019Ordre National de la m\u00e9decine traditionnelle africaine qui sera promulgu\u00e9e inchallah par le chef de l\u2019Etat dans quelques jours \u00bb<\/b>, annonce le razoth\u00e9rapeute. Selon lui, une fois que ce sera fait, la m\u00e9decine traditionnelle interviendra jusque dans les centres de sant\u00e9 conventionnels.<\/p>\n<p><b>\u00ab Dans notre ordre de loi, nous avons demand\u00e9, puisque les hopitaux publics, c\u2019est l\u2019argent des contribuables, quand on parle de la sant\u00e9 publique ce n\u2019est pas seulement celle des tradipraticiens . C\u2019est la sant\u00e9 du public camerounais. Donc dans les hopitaux publics, on aura un pavillon de la m\u00e9decine africaine o\u00f9 nous aurons des accoucheuses traditionnelles comme par le pass\u00e9, les rebouteurs des os, les masseurs traditionnels parce que nous avons constat\u00e9 que souvent dans les pavillons de la maternit\u00e9, vous avez le ph\u00e9nom\u00e8ne des pertes de b\u00e9b\u00e9s. C\u2019est parce qu\u2019on a souvent pris des jeunes filles qui n\u00e9gligent les enfants. Nous aurons des vieilles m\u00e8res qui vont s\u2019occuper de la naissance, des jeunes m\u00e8res \u00bb,<\/b> fait savoir Ouba Razak.<\/p>\n<p>La m\u00e9decine africaine a connu ses moments de gloire au plus fort de la pand\u00e9mie du Covid-19. Le pr\u00e9sident de la R\u00e9publique Paul Biya, en a lui-m\u00eame fait la promotion en recommandant la prise en compte des \u00ab solutions endog\u00e8nes \u00bb. Ce qui a amen\u00e9 les autorit\u00e9s sanitaires \u00e0 prendre attache avec les \u00ab tradipraticiens \u00bb et envisager un cadre l\u00e9gal pour l\u2019exercice de leur activit\u00e9.<\/p>\n<p><strong>Pour plus d&rsquo;informations et d&rsquo;analyses sur la <a href=\"https:\/\/www.africa-press.net\/cameroun\">Cameroun<\/a>, suivez <a href=\"https:\/\/www.africa-press.net\/\">Africa-Press<\/a><\/strong><\/p>\n","protected":false},"excerpt":{"rendered":"<p>Africa-Press &#8211; Cameroun. La m\u00e9decine moderne et la m\u00e9decine traditionnelle peuvent cheminer ensemble et produire de bons r\u00e9sultats. C\u2019est ce que soutiennent le Professeur Ouba Razak, razoth\u00e9rapeute, expert en sciences d\u2019investigation et traitement des ph\u00e9nom\u00e8nes paranormaux et le gyn\u00e9cologue et tradipraticien Emmanuel Nkwetta. Au cours de la conf\u00e9rence de presse qu\u2019ils ont anim\u00e9e le 14 [&hellip;]<\/p>\n","protected":false},"author":82,"featured_media":27415,"comment_status":"open","ping_status":"closed","sticky":false,"template":"","format":"standard","meta":{"footnotes":""},"categories":[21,11,10],"tags":[36,50,49],"class_list":["post-27416","post","type-post","status-publish","format-standard","has-post-thumbnail","hentry","category-communaute","category-homepage-french","category-toutes-les-actualites","tag-africa-press","tag-africa-press-cameroun","tag-cameroun"],"yoast_head":"<!-- This site is optimized with the Yoast SEO Premium plugin v26.1 (Yoast SEO v27.0) - https:\/\/yoast.com\/product\/yoast-seo-premium-wordpress\/ -->\n<title>Sant\u00e9: Le pr\u00e9sident de l\u2019Association des Tradipraticiens de Sant\u00e9 annonce la naissance imminente de l\u2019Ordre National de a m\u00e9decine traditionnelle africaine - Cameroun<\/title>\n<meta name=\"description\" content=\"La m\u00e9decine moderne et la m\u00e9decine traditionnelle peuvent cheminer ensemble et produire de bons r\u00e9sultats. C\u2019est ce que ...\" \/>\n<meta name=\"robots\" content=\"index, follow, max-snippet:-1, max-image-preview:large, max-video-preview:-1\" \/>\n<link rel=\"canonical\" href=\"https:\/\/www.africa-press.net\/cameroun\/toutes-les-actualites\/sante-le-president-de-lassociation-des-tradipraticiens-de-sante-annonce-la-naissance-imminente-de-lordre-national-de-a-medecine-traditionnelle-africaine\" \/>\n<meta property=\"og:locale\" content=\"fr_FR\" \/>\n<meta property=\"og:type\" content=\"article\" \/>\n<meta property=\"og:title\" content=\"Sant\u00e9: Le pr\u00e9sident de l\u2019Association des Tradipraticiens de Sant\u00e9 annonce la naissance imminente de l\u2019Ordre National de a m\u00e9decine traditionnelle africaine\" \/>\n<meta property=\"og:description\" content=\"La m\u00e9decine moderne et la m\u00e9decine traditionnelle peuvent cheminer ensemble et produire de bons r\u00e9sultats. C\u2019est ce que ...\" \/>\n<meta property=\"og:url\" content=\"https:\/\/www.africa-press.net\/cameroun\/toutes-les-actualites\/sante-le-president-de-lassociation-des-tradipraticiens-de-sante-annonce-la-naissance-imminente-de-lordre-national-de-a-medecine-traditionnelle-africaine\" \/>\n<meta property=\"og:site_name\" content=\"Cameroun\" \/>\n<meta property=\"article:published_time\" content=\"2022-09-15T16:40:02+00:00\" \/>\n<meta property=\"article:modified_time\" content=\"2022-09-15T16:40:21+00:00\" \/>\n<meta property=\"og:image\" content=\"https:\/\/static.africa-press.net\/cameroun\/sites\/57\/2022\/09\/img-6323555825615.jpg\" \/>\n\t<meta property=\"og:image:width\" content=\"800\" \/>\n\t<meta property=\"og:image:height\" content=\"450\" \/>\n\t<meta property=\"og:image:type\" content=\"image\/jpeg\" \/>\n<meta name=\"author\" content=\"cfeditorfr\" \/>\n<meta name=\"twitter:card\" content=\"summary_large_image\" \/>\n<meta name=\"twitter:label1\" content=\"\u00c9crit par\" \/>\n\t<meta name=\"twitter:data1\" content=\"cfeditorfr\" \/>\n\t<meta name=\"twitter:label2\" content=\"Dur\u00e9e de lecture estim\u00e9e\" \/>\n\t<meta name=\"twitter:data2\" content=\"3 minutes\" \/>\n<script type=\"application\/ld+json\" class=\"yoast-schema-graph\">{\"@context\":\"https:\/\/schema.org\",\"@graph\":[{\"@type\":\"Article\",\"@id\":\"https:\/\/www.africa-press.net\/cameroun\/toutes-les-actualites\/sante-le-president-de-lassociation-des-tradipraticiens-de-sante-annonce-la-naissance-imminente-de-lordre-national-de-a-medecine-traditionnelle-africaine#article\",\"isPartOf\":{\"@id\":\"https:\/\/www.africa-press.net\/cameroun\/toutes-les-actualites\/sante-le-president-de-lassociation-des-tradipraticiens-de-sante-annonce-la-naissance-imminente-de-lordre-national-de-a-medecine-traditionnelle-africaine\"},\"author\":{\"name\":\"cfeditorfr\",\"@id\":\"https:\/\/www.africa-press.net\/cameroun\/#\/schema\/person\/2b1cf3cd81a31e3cd26889ca66d677f1\"},\"headline\":\"Sant\u00e9: Le pr\u00e9sident de l\u2019Association des Tradipraticiens de Sant\u00e9 annonce la naissance imminente de l\u2019Ordre National de a m\u00e9decine traditionnelle africaine\",\"datePublished\":\"2022-09-15T16:40:02+00:00\",\"dateModified\":\"2022-09-15T16:40:21+00:00\",\"mainEntityOfPage\":{\"@id\":\"https:\/\/www.africa-press.net\/cameroun\/toutes-les-actualites\/sante-le-president-de-lassociation-des-tradipraticiens-de-sante-annonce-la-naissance-imminente-de-lordre-national-de-a-medecine-traditionnelle-africaine\"},\"wordCount\":610,\"commentCount\":0,\"image\":{\"@id\":\"https:\/\/www.africa-press.net\/cameroun\/toutes-les-actualites\/sante-le-president-de-lassociation-des-tradipraticiens-de-sante-annonce-la-naissance-imminente-de-lordre-national-de-a-medecine-traditionnelle-africaine#primaryimage\"},\"thumbnailUrl\":\"https:\/\/static.africa-press.net\/cameroun\/sites\/57\/2022\/09\/img-6323555825615.jpg\",\"keywords\":[\"Africa Press\",\"Africa Press-Cameroun\",\"Cameroun\"],\"articleSection\":[\"Communaut\u00e9\",\"homepage-french\",\"Toutes les actualit\u00e9s\"],\"inLanguage\":\"fr-FR\",\"potentialAction\":[{\"@type\":\"CommentAction\",\"name\":\"Comment\",\"target\":[\"https:\/\/www.africa-press.net\/cameroun\/toutes-les-actualites\/sante-le-president-de-lassociation-des-tradipraticiens-de-sante-annonce-la-naissance-imminente-de-lordre-national-de-a-medecine-traditionnelle-africaine#respond\"]}]},{\"@type\":\"WebPage\",\"@id\":\"https:\/\/www.africa-press.net\/cameroun\/toutes-les-actualites\/sante-le-president-de-lassociation-des-tradipraticiens-de-sante-annonce-la-naissance-imminente-de-lordre-national-de-a-medecine-traditionnelle-africaine\",\"url\":\"https:\/\/www.africa-press.net\/cameroun\/toutes-les-actualites\/sante-le-president-de-lassociation-des-tradipraticiens-de-sante-annonce-la-naissance-imminente-de-lordre-national-de-a-medecine-traditionnelle-africaine\",\"name\":\"Sant\u00e9: Le pr\u00e9sident de l\u2019Association des Tradipraticiens de Sant\u00e9 annonce la naissance imminente de l\u2019Ordre National de a m\u00e9decine traditionnelle africaine - Cameroun\",\"isPartOf\":{\"@id\":\"https:\/\/www.africa-press.net\/cameroun\/#website\"},\"primaryImageOfPage\":{\"@id\":\"https:\/\/www.africa-press.net\/cameroun\/toutes-les-actualites\/sante-le-president-de-lassociation-des-tradipraticiens-de-sante-annonce-la-naissance-imminente-de-lordre-national-de-a-medecine-traditionnelle-africaine#primaryimage\"},\"image\":{\"@id\":\"https:\/\/www.africa-press.net\/cameroun\/toutes-les-actualites\/sante-le-president-de-lassociation-des-tradipraticiens-de-sante-annonce-la-naissance-imminente-de-lordre-national-de-a-medecine-traditionnelle-africaine#primaryimage\"},\"thumbnailUrl\":\"https:\/\/static.africa-press.net\/cameroun\/sites\/57\/2022\/09\/img-6323555825615.jpg\",\"datePublished\":\"2022-09-15T16:40:02+00:00\",\"dateModified\":\"2022-09-15T16:40:21+00:00\",\"author\":{\"@id\":\"https:\/\/www.africa-press.net\/cameroun\/#\/schema\/person\/2b1cf3cd81a31e3cd26889ca66d677f1\"},\"description\":\"La m\u00e9decine moderne et la m\u00e9decine traditionnelle peuvent cheminer ensemble et produire de bons r\u00e9sultats. C\u2019est ce que ...\",\"breadcrumb\":{\"@id\":\"https:\/\/www.africa-press.net\/cameroun\/toutes-les-actualites\/sante-le-president-de-lassociation-des-tradipraticiens-de-sante-annonce-la-naissance-imminente-de-lordre-national-de-a-medecine-traditionnelle-africaine#breadcrumb\"},\"inLanguage\":\"fr-FR\",\"potentialAction\":[{\"@type\":\"ReadAction\",\"target\":[\"https:\/\/www.africa-press.net\/cameroun\/toutes-les-actualites\/sante-le-president-de-lassociation-des-tradipraticiens-de-sante-annonce-la-naissance-imminente-de-lordre-national-de-a-medecine-traditionnelle-africaine\"]}]},{\"@type\":\"ImageObject\",\"inLanguage\":\"fr-FR\",\"@id\":\"https:\/\/www.africa-press.net\/cameroun\/toutes-les-actualites\/sante-le-president-de-lassociation-des-tradipraticiens-de-sante-annonce-la-naissance-imminente-de-lordre-national-de-a-medecine-traditionnelle-africaine#primaryimage\",\"url\":\"https:\/\/static.africa-press.net\/cameroun\/sites\/57\/2022\/09\/img-6323555825615.jpg\",\"contentUrl\":\"https:\/\/static.africa-press.net\/cameroun\/sites\/57\/2022\/09\/img-6323555825615.jpg\",\"width\":800,\"height\":450,\"caption\":\"Sant\u00e9: Le pr\u00e9sident de l\u2019Association des Tradipraticiens de Sant\u00e9 annonce la naissance imminente de l\u2019Ordre National de a m\u00e9decine traditionnelle africaine\"},{\"@type\":\"BreadcrumbList\",\"@id\":\"https:\/\/www.africa-press.net\/cameroun\/toutes-les-actualites\/sante-le-president-de-lassociation-des-tradipraticiens-de-sante-annonce-la-naissance-imminente-de-lordre-national-de-a-medecine-traditionnelle-africaine#breadcrumb\",\"itemListElement\":[{\"@type\":\"ListItem\",\"position\":1,\"name\":\"Accueil\",\"item\":\"https:\/\/www.africa-press.net\/cameroun\/\"},{\"@type\":\"ListItem\",\"position\":2,\"name\":\"Sant\u00e9: Le pr\u00e9sident de l\u2019Association des Tradipraticiens de Sant\u00e9 annonce la naissance imminente de l\u2019Ordre National de a m\u00e9decine traditionnelle africaine\"}]},{\"@type\":\"WebSite\",\"@id\":\"https:\/\/www.africa-press.net\/cameroun\/#website\",\"url\":\"https:\/\/www.africa-press.net\/cameroun\/\",\"name\":\"Cameroun\",\"description\":\"Just another Africa News Agency Sites site\",\"potentialAction\":[{\"@type\":\"SearchAction\",\"target\":{\"@type\":\"EntryPoint\",\"urlTemplate\":\"https:\/\/www.africa-press.net\/cameroun\/?s={search_term_string}\"},\"query-input\":{\"@type\":\"PropertyValueSpecification\",\"valueRequired\":true,\"valueName\":\"search_term_string\"}}],\"inLanguage\":\"fr-FR\"},{\"@type\":\"Person\",\"@id\":\"https:\/\/www.africa-press.net\/cameroun\/#\/schema\/person\/2b1cf3cd81a31e3cd26889ca66d677f1\",\"name\":\"cfeditorfr\"}]}<\/script>\n<!-- \/ Yoast SEO Premium plugin. -->","yoast_head_json":{"title":"Sant\u00e9: Le pr\u00e9sident de l\u2019Association des Tradipraticiens de Sant\u00e9 annonce la naissance imminente de l\u2019Ordre National de a m\u00e9decine traditionnelle africaine - Cameroun","description":"La m\u00e9decine moderne et la m\u00e9decine traditionnelle peuvent cheminer ensemble et produire de bons r\u00e9sultats. C\u2019est ce que ...","robots":{"index":"index","follow":"follow","max-snippet":"max-snippet:-1","max-image-preview":"max-image-preview:large","max-video-preview":"max-video-preview:-1"},"canonical":"https:\/\/www.africa-press.net\/cameroun\/toutes-les-actualites\/sante-le-president-de-lassociation-des-tradipraticiens-de-sante-annonce-la-naissance-imminente-de-lordre-national-de-a-medecine-traditionnelle-africaine","og_locale":"fr_FR","og_type":"article","og_title":"Sant\u00e9: Le pr\u00e9sident de l\u2019Association des Tradipraticiens de Sant\u00e9 annonce la naissance imminente de l\u2019Ordre National de a m\u00e9decine traditionnelle africaine","og_description":"La m\u00e9decine moderne et la m\u00e9decine traditionnelle peuvent cheminer ensemble et produire de bons r\u00e9sultats. C\u2019est ce que ...","og_url":"https:\/\/www.africa-press.net\/cameroun\/toutes-les-actualites\/sante-le-president-de-lassociation-des-tradipraticiens-de-sante-annonce-la-naissance-imminente-de-lordre-national-de-a-medecine-traditionnelle-africaine","og_site_name":"Cameroun","article_published_time":"2022-09-15T16:40:02+00:00","article_modified_time":"2022-09-15T16:40:21+00:00","og_image":[{"width":800,"height":450,"url":"https:\/\/static.africa-press.net\/cameroun\/sites\/57\/2022\/09\/img-6323555825615.jpg","type":"image\/jpeg"}],"author":"cfeditorfr","twitter_card":"summary_large_image","twitter_misc":{"\u00c9crit par":"cfeditorfr","Dur\u00e9e de lecture estim\u00e9e":"3 minutes"},"schema":{"@context":"https:\/\/schema.org","@graph":[{"@type":"Article","@id":"https:\/\/www.africa-press.net\/cameroun\/toutes-les-actualites\/sante-le-president-de-lassociation-des-tradipraticiens-de-sante-annonce-la-naissance-imminente-de-lordre-national-de-a-medecine-traditionnelle-africaine#article","isPartOf":{"@id":"https:\/\/www.africa-press.net\/cameroun\/toutes-les-actualites\/sante-le-president-de-lassociation-des-tradipraticiens-de-sante-annonce-la-naissance-imminente-de-lordre-national-de-a-medecine-traditionnelle-africaine"},"author":{"name":"cfeditorfr","@id":"https:\/\/www.africa-press.net\/cameroun\/#\/schema\/person\/2b1cf3cd81a31e3cd26889ca66d677f1"},"headline":"Sant\u00e9: Le pr\u00e9sident de l\u2019Association des Tradipraticiens de Sant\u00e9 annonce la naissance imminente de l\u2019Ordre National de a m\u00e9decine traditionnelle africaine","datePublished":"2022-09-15T16:40:02+00:00","dateModified":"2022-09-15T16:40:21+00:00","mainEntityOfPage":{"@id":"https:\/\/www.africa-press.net\/cameroun\/toutes-les-actualites\/sante-le-president-de-lassociation-des-tradipraticiens-de-sante-annonce-la-naissance-imminente-de-lordre-national-de-a-medecine-traditionnelle-africaine"},"wordCount":610,"commentCount":0,"image":{"@id":"https:\/\/www.africa-press.net\/cameroun\/toutes-les-actualites\/sante-le-president-de-lassociation-des-tradipraticiens-de-sante-annonce-la-naissance-imminente-de-lordre-national-de-a-medecine-traditionnelle-africaine#primaryimage"},"thumbnailUrl":"https:\/\/static.africa-press.net\/cameroun\/sites\/57\/2022\/09\/img-6323555825615.jpg","keywords":["Africa Press","Africa Press-Cameroun","Cameroun"],"articleSection":["Communaut\u00e9","homepage-french","Toutes les actualit\u00e9s"],"inLanguage":"fr-FR","potentialAction":[{"@type":"CommentAction","name":"Comment","target":["https:\/\/www.africa-press.net\/cameroun\/toutes-les-actualites\/sante-le-president-de-lassociation-des-tradipraticiens-de-sante-annonce-la-naissance-imminente-de-lordre-national-de-a-medecine-traditionnelle-africaine#respond"]}]},{"@type":"WebPage","@id":"https:\/\/www.africa-press.net\/cameroun\/toutes-les-actualites\/sante-le-president-de-lassociation-des-tradipraticiens-de-sante-annonce-la-naissance-imminente-de-lordre-national-de-a-medecine-traditionnelle-africaine","url":"https:\/\/www.africa-press.net\/cameroun\/toutes-les-actualites\/sante-le-president-de-lassociation-des-tradipraticiens-de-sante-annonce-la-naissance-imminente-de-lordre-national-de-a-medecine-traditionnelle-africaine","name":"Sant\u00e9: Le pr\u00e9sident de l\u2019Association des Tradipraticiens de Sant\u00e9 annonce la naissance imminente de l\u2019Ordre National de a m\u00e9decine traditionnelle africaine - Cameroun","isPartOf":{"@id":"https:\/\/www.africa-press.net\/cameroun\/#website"},"primaryImageOfPage":{"@id":"https:\/\/www.africa-press.net\/cameroun\/toutes-les-actualites\/sante-le-president-de-lassociation-des-tradipraticiens-de-sante-annonce-la-naissance-imminente-de-lordre-national-de-a-medecine-traditionnelle-africaine#primaryimage"},"image":{"@id":"https:\/\/www.africa-press.net\/cameroun\/toutes-les-actualites\/sante-le-president-de-lassociation-des-tradipraticiens-de-sante-annonce-la-naissance-imminente-de-lordre-national-de-a-medecine-traditionnelle-africaine#primaryimage"},"thumbnailUrl":"https:\/\/static.africa-press.net\/cameroun\/sites\/57\/2022\/09\/img-6323555825615.jpg","datePublished":"2022-09-15T16:40:02+00:00","dateModified":"2022-09-15T16:40:21+00:00","author":{"@id":"https:\/\/www.africa-press.net\/cameroun\/#\/schema\/person\/2b1cf3cd81a31e3cd26889ca66d677f1"},"description":"La m\u00e9decine moderne et la m\u00e9decine traditionnelle peuvent cheminer ensemble et produire de bons r\u00e9sultats. C\u2019est ce que ...","breadcrumb":{"@id":"https:\/\/www.africa-press.net\/cameroun\/toutes-les-actualites\/sante-le-president-de-lassociation-des-tradipraticiens-de-sante-annonce-la-naissance-imminente-de-lordre-national-de-a-medecine-traditionnelle-africaine#breadcrumb"},"inLanguage":"fr-FR","potentialAction":[{"@type":"ReadAction","target":["https:\/\/www.africa-press.net\/cameroun\/toutes-les-actualites\/sante-le-president-de-lassociation-des-tradipraticiens-de-sante-annonce-la-naissance-imminente-de-lordre-national-de-a-medecine-traditionnelle-africaine"]}]},{"@type":"ImageObject","inLanguage":"fr-FR","@id":"https:\/\/www.africa-press.net\/cameroun\/toutes-les-actualites\/sante-le-president-de-lassociation-des-tradipraticiens-de-sante-annonce-la-naissance-imminente-de-lordre-national-de-a-medecine-traditionnelle-africaine#primaryimage","url":"https:\/\/static.africa-press.net\/cameroun\/sites\/57\/2022\/09\/img-6323555825615.jpg","contentUrl":"https:\/\/static.africa-press.net\/cameroun\/sites\/57\/2022\/09\/img-6323555825615.jpg","width":800,"height":450,"caption":"Sant\u00e9: Le pr\u00e9sident de l\u2019Association des Tradipraticiens de Sant\u00e9 annonce la naissance imminente de l\u2019Ordre National de a m\u00e9decine traditionnelle africaine"},{"@type":"BreadcrumbList","@id":"https:\/\/www.africa-press.net\/cameroun\/toutes-les-actualites\/sante-le-president-de-lassociation-des-tradipraticiens-de-sante-annonce-la-naissance-imminente-de-lordre-national-de-a-medecine-traditionnelle-africaine#breadcrumb","itemListElement":[{"@type":"ListItem","position":1,"name":"Accueil","item":"https:\/\/www.africa-press.net\/cameroun\/"},{"@type":"ListItem","position":2,"name":"Sant\u00e9: Le pr\u00e9sident de l\u2019Association des Tradipraticiens de Sant\u00e9 annonce la naissance imminente de l\u2019Ordre National de a m\u00e9decine traditionnelle africaine"}]},{"@type":"WebSite","@id":"https:\/\/www.africa-press.net\/cameroun\/#website","url":"https:\/\/www.africa-press.net\/cameroun\/","name":"Cameroun","description":"Just another Africa News Agency Sites site","potentialAction":[{"@type":"SearchAction","target":{"@type":"EntryPoint","urlTemplate":"https:\/\/www.africa-press.net\/cameroun\/?s={search_term_string}"},"query-input":{"@type":"PropertyValueSpecification","valueRequired":true,"valueName":"search_term_string"}}],"inLanguage":"fr-FR"},{"@type":"Person","@id":"https:\/\/www.africa-press.net\/cameroun\/#\/schema\/person\/2b1cf3cd81a31e3cd26889ca66d677f1","name":"cfeditorfr"}]}},"_links":{"self":[{"href":"https:\/\/www.africa-press.net\/cameroun\/wp-json\/wp\/v2\/posts\/27416","targetHints":{"allow":["GET"]}}],"collection":[{"href":"https:\/\/www.africa-press.net\/cameroun\/wp-json\/wp\/v2\/posts"}],"about":[{"href":"https:\/\/www.africa-press.net\/cameroun\/wp-json\/wp\/v2\/types\/post"}],"author":[{"embeddable":true,"href":"https:\/\/www.africa-press.net\/cameroun\/wp-json\/wp\/v2\/users\/82"}],"replies":[{"embeddable":true,"href":"https:\/\/www.africa-press.net\/cameroun\/wp-json\/wp\/v2\/comments?post=27416"}],"version-history":[{"count":0,"href":"https:\/\/www.africa-press.net\/cameroun\/wp-json\/wp\/v2\/posts\/27416\/revisions"}],"wp:featuredmedia":[{"embeddable":true,"href":"https:\/\/www.africa-press.net\/cameroun\/wp-json\/wp\/v2\/media\/27415"}],"wp:attachment":[{"href":"https:\/\/www.africa-press.net\/cameroun\/wp-json\/wp\/v2\/media?parent=27416"}],"wp:term":[{"taxonomy":"category","embeddable":true,"href":"https:\/\/www.africa-press.net\/cameroun\/wp-json\/wp\/v2\/categories?post=27416"},{"taxonomy":"post_tag","embeddable":true,"href":"https:\/\/www.africa-press.net\/cameroun\/wp-json\/wp\/v2\/tags?post=27416"}],"curies":[{"name":"wp","href":"https:\/\/api.w.org\/{rel}","templated":true}]}}