{"id":27419,"date":"2022-09-15T13:48:44","date_gmt":"2022-09-15T13:48:44","guid":{"rendered":"https:\/\/www.africa-press.net\/cameroun\/politique\/impots-le-journaliste-christophe-bobiokono-soupconne-jean-pierre-amougou-belinga-de-ne-pas-vouloir-payer-tout-ce-qui-lui-est-reclame"},"modified":"2022-09-15T16:40:58","modified_gmt":"2022-09-15T16:40:58","slug":"impots-le-journaliste-christophe-bobiokono-soupconne-jean-pierre-amougou-belinga-de-ne-pas-vouloir-payer-tout-ce-qui-lui-est-reclame","status":"publish","type":"post","link":"https:\/\/www.africa-press.net\/cameroun\/politique\/impots-le-journaliste-christophe-bobiokono-soupconne-jean-pierre-amougou-belinga-de-ne-pas-vouloir-payer-tout-ce-qui-lui-est-reclame","title":{"rendered":"Imp\u00f4ts: Le journaliste Christophe Bobiokono soup\u00e7onne Jean-Pierre Amougou Belinga de ne pas vouloir payer tout ce qui lui est r\u00e9clam\u00e9"},"content":{"rendered":"<p><span style=\"color: #ff6600\"><strong>Africa-Press &#8211; Cameroun. <\/strong><\/span>Dans sa parution de cette semaine, Kalara, l\u2019hebdomadaire sp\u00e9cialis\u00e9 dans les affaires juridiques a annonc\u00e9 que Paul Biya s\u2019insurge contre une d\u00e9cision de son ministre des finances en faveur de l\u2019homme d\u2019affaires Jean-Pierre Amougou Belinga. <b>\u00ab Le chef de l\u2019Etat conteste les largesses fiscales accord\u00e9es \u00e0 Jean-Pierre Amougou Belinga, notamment parle d\u00e9gr\u00e8vement de 8,99 milliards de Francs CFA et le gel d\u2019un recouvrement de 17,8 milliards de Francs en faveur de ses entreprises. Il ordonne au ministre des finances et \u00e0 son coll\u00e8gue de la justice le respect de la loi dans le traitement des dossiers concernant les inspecteurs des imp\u00f4ts \u00bb<\/b>. L\u2019information, parue \u00e0 la Une de Kalara du 13 Septembre 2022 \u00e9tait confirm\u00e9e par la note du secr\u00e9taire g\u00e9n\u00e9ral de la pr\u00e9sidence de la R\u00e9publique dat\u00e9e du 2 Septembre 2022 laquelle avait \u00e9t\u00e9 abondamment distill\u00e9e sur les r\u00e9seaux sociaux.<\/p>\n<p>Pour autant le directeur de publication de Kalara, Christophe Bobiokono croit que le ministre des finances et son suppos\u00e9 prot\u00e9g\u00e9 font de la r\u00e9sistance. <b>\u00ab Vision 4, le ministre des finances essaient de s\u2019opposer. L\u2019instruction date du 2 Septembre. Nous sommes le 14 Septembre, nous n\u2019avons pas souvenance que le ministre des finances a r\u00e9percut\u00e9 et quand on voit la r\u00e9action de certains journalistes de Vision 4 hier lorsque l\u2019information a \u00e9t\u00e9 rendue publique, un certain nombre d\u2019acteurs publics et cet op\u00e9rateur priv\u00e9 particuli\u00e8rement n\u2019entendaient pas ex\u00e9cuter les instructions du chef de l\u2019Etat \u00bb<\/b>, a d\u00e9clar\u00e9 le journaliste sur ABK Radio mercredi. Tout en rappelant que de telles man\u0153uvres avaient \u00e9t\u00e9 observ\u00e9es au d\u00e9but de cette affaire de cette autre affaire Amougou Belinga, il a soulign\u00e9 que <b>\u00ab l\u2019administration fiscale a toute la force, tout ce qu\u2019il faut pour r\u00e9cup\u00e9rer ce qui appartient \u00e0 l\u2019Etat \u00bb.<\/b><\/p>\n<p>L\u2019intervention du pr\u00e9sident de la R\u00e9publique survenait 3 jours apr\u00e8s que l\u2019on ait appris que des inspecteurs des imp\u00f4ts se sont oppos\u00e9s aux mesures prises par le ministre Louis Paul Motaz\u00e9 en faveur du fondateur de Vision 4. <b>\u00ab Les six inspecteurs des imp\u00f4ts poursuivis par M. Jean-Pierre Amougou Belinga et renvoy\u00e9s en jugement public sur les infractions de concussion, trafic d\u2019influence et corruption active, viennent de jeter un pav\u00e9 dans la marre. Par des correspondances individuelles adress\u00e9es lundi dernier (29 ao\u00fbt 2022) au ministre des Finances (Minfi), ils lui demandent rien moins que d\u2019annuler la remise d\u2019un peu plus de 8,99 milliards de francs accord\u00e9e \u00e0 l\u2019homme d\u2019affaires le 3 ao\u00fbt 2022. Ce jour-l\u00e0, en r\u00e9ponse \u00e0 un recours engag\u00e9 deux mois plus t\u00f4t par le patron de Vision 4 T\u00e9l\u00e9vision SA aupr\u00e8s du Minfi, ce dernier avait ramen\u00e9 \u00e0 1,8 milliard de francs le montant du redressement fiscal initialement arr\u00eat\u00e9 par l\u2019administration fiscale \u00e0 10,88 milliards de francs. Les six fonctionnaires estiment que cette d\u00e9cision de leur ministre leur porte pr\u00e9judice. Raison pour laquelle ils menacent de saisir le juge administratif pour obtenir son annulation si le ministre ne fait pas droit \u00e0 leur d\u00e9marche \u00bb<\/b>, annon\u00e7ait Kalara dans son \u00e9dition du 31 Ao\u00fbt 2022<b>.<\/b><\/p>\n<p><strong>Pour plus d&rsquo;informations et d&rsquo;analyses sur la <a href=\"https:\/\/www.africa-press.net\/cameroun\">Cameroun<\/a>, suivez <a href=\"https:\/\/www.africa-press.net\/\">Africa-Press<\/a><\/strong><\/p>\n","protected":false},"excerpt":{"rendered":"<p>Africa-Press &#8211; Cameroun. Dans sa parution de cette semaine, Kalara, l\u2019hebdomadaire sp\u00e9cialis\u00e9 dans les affaires juridiques a annonc\u00e9 que Paul Biya s\u2019insurge contre une d\u00e9cision de son ministre des finances en faveur de l\u2019homme d\u2019affaires Jean-Pierre Amougou Belinga. \u00ab Le chef de l\u2019Etat conteste les largesses fiscales accord\u00e9es \u00e0 Jean-Pierre Amougou Belinga, notamment parle d\u00e9gr\u00e8vement [&hellip;]<\/p>\n","protected":false},"author":82,"featured_media":27418,"comment_status":"open","ping_status":"closed","sticky":false,"template":"","format":"standard","meta":{"footnotes":""},"categories":[11,2,10],"tags":[36,50,49],"class_list":["post-27419","post","type-post","status-publish","format-standard","has-post-thumbnail","hentry","category-homepage-french","category-politique","category-toutes-les-actualites","tag-africa-press","tag-africa-press-cameroun","tag-cameroun"],"yoast_head":"<!-- This site is optimized with the Yoast SEO Premium plugin v26.1 (Yoast SEO v27.0) - https:\/\/yoast.com\/product\/yoast-seo-premium-wordpress\/ -->\n<title>Imp\u00f4ts: Le journaliste Christophe Bobiokono soup\u00e7onne Jean-Pierre Amougou Belinga de ne pas vouloir payer tout ce qui lui est r\u00e9clam\u00e9 - Cameroun<\/title>\n<meta name=\"description\" content=\"Dans sa parution de cette semaine, Kalara, l\u2019hebdomadaire sp\u00e9cialis\u00e9 dans les affaires juridiques a annonc\u00e9 que Paul Biy ...\" \/>\n<meta name=\"robots\" content=\"index, follow, max-snippet:-1, max-image-preview:large, max-video-preview:-1\" \/>\n<link rel=\"canonical\" href=\"https:\/\/www.africa-press.net\/cameroun\/politique\/impots-le-journaliste-christophe-bobiokono-soupconne-jean-pierre-amougou-belinga-de-ne-pas-vouloir-payer-tout-ce-qui-lui-est-reclame\" \/>\n<meta property=\"og:locale\" content=\"fr_FR\" \/>\n<meta property=\"og:type\" content=\"article\" \/>\n<meta property=\"og:title\" content=\"Imp\u00f4ts: Le journaliste Christophe Bobiokono soup\u00e7onne Jean-Pierre Amougou Belinga de ne pas vouloir payer tout ce qui lui est r\u00e9clam\u00e9\" \/>\n<meta property=\"og:description\" content=\"Dans sa parution de cette semaine, Kalara, l\u2019hebdomadaire sp\u00e9cialis\u00e9 dans les affaires juridiques a annonc\u00e9 que Paul Biy ...\" \/>\n<meta property=\"og:url\" content=\"https:\/\/www.africa-press.net\/cameroun\/politique\/impots-le-journaliste-christophe-bobiokono-soupconne-jean-pierre-amougou-belinga-de-ne-pas-vouloir-payer-tout-ce-qui-lui-est-reclame\" \/>\n<meta property=\"og:site_name\" content=\"Cameroun\" \/>\n<meta property=\"article:published_time\" content=\"2022-09-15T13:48:44+00:00\" \/>\n<meta property=\"article:modified_time\" content=\"2022-09-15T16:40:58+00:00\" \/>\n<meta property=\"og:image\" content=\"https:\/\/static.africa-press.net\/cameroun\/sites\/57\/2022\/09\/img-6323558590bff.jpg\" \/>\n\t<meta property=\"og:image:width\" content=\"800\" \/>\n\t<meta property=\"og:image:height\" content=\"526\" \/>\n\t<meta property=\"og:image:type\" content=\"image\/jpeg\" \/>\n<meta name=\"author\" content=\"cfeditorfr\" \/>\n<meta name=\"twitter:card\" content=\"summary_large_image\" \/>\n<meta name=\"twitter:label1\" content=\"\u00c9crit par\" \/>\n\t<meta name=\"twitter:data1\" content=\"cfeditorfr\" \/>\n\t<meta name=\"twitter:label2\" content=\"Dur\u00e9e de lecture estim\u00e9e\" \/>\n\t<meta name=\"twitter:data2\" content=\"3 minutes\" \/>\n<script type=\"application\/ld+json\" class=\"yoast-schema-graph\">{\"@context\":\"https:\/\/schema.org\",\"@graph\":[{\"@type\":\"Article\",\"@id\":\"https:\/\/www.africa-press.net\/cameroun\/politique\/impots-le-journaliste-christophe-bobiokono-soupconne-jean-pierre-amougou-belinga-de-ne-pas-vouloir-payer-tout-ce-qui-lui-est-reclame#article\",\"isPartOf\":{\"@id\":\"https:\/\/www.africa-press.net\/cameroun\/politique\/impots-le-journaliste-christophe-bobiokono-soupconne-jean-pierre-amougou-belinga-de-ne-pas-vouloir-payer-tout-ce-qui-lui-est-reclame\"},\"author\":{\"name\":\"cfeditorfr\",\"@id\":\"https:\/\/www.africa-press.net\/cameroun\/#\/schema\/person\/2b1cf3cd81a31e3cd26889ca66d677f1\"},\"headline\":\"Imp\u00f4ts: Le journaliste Christophe Bobiokono soup\u00e7onne Jean-Pierre Amougou Belinga de ne pas vouloir payer tout ce qui lui est r\u00e9clam\u00e9\",\"datePublished\":\"2022-09-15T13:48:44+00:00\",\"dateModified\":\"2022-09-15T16:40:58+00:00\",\"mainEntityOfPage\":{\"@id\":\"https:\/\/www.africa-press.net\/cameroun\/politique\/impots-le-journaliste-christophe-bobiokono-soupconne-jean-pierre-amougou-belinga-de-ne-pas-vouloir-payer-tout-ce-qui-lui-est-reclame\"},\"wordCount\":569,\"commentCount\":0,\"image\":{\"@id\":\"https:\/\/www.africa-press.net\/cameroun\/politique\/impots-le-journaliste-christophe-bobiokono-soupconne-jean-pierre-amougou-belinga-de-ne-pas-vouloir-payer-tout-ce-qui-lui-est-reclame#primaryimage\"},\"thumbnailUrl\":\"https:\/\/static.africa-press.net\/cameroun\/sites\/57\/2022\/09\/img-6323558590bff.jpg\",\"keywords\":[\"Africa Press\",\"Africa Press-Cameroun\",\"Cameroun\"],\"articleSection\":[\"homepage-french\",\"Politique\",\"Toutes les actualit\u00e9s\"],\"inLanguage\":\"fr-FR\",\"potentialAction\":[{\"@type\":\"CommentAction\",\"name\":\"Comment\",\"target\":[\"https:\/\/www.africa-press.net\/cameroun\/politique\/impots-le-journaliste-christophe-bobiokono-soupconne-jean-pierre-amougou-belinga-de-ne-pas-vouloir-payer-tout-ce-qui-lui-est-reclame#respond\"]}]},{\"@type\":\"WebPage\",\"@id\":\"https:\/\/www.africa-press.net\/cameroun\/politique\/impots-le-journaliste-christophe-bobiokono-soupconne-jean-pierre-amougou-belinga-de-ne-pas-vouloir-payer-tout-ce-qui-lui-est-reclame\",\"url\":\"https:\/\/www.africa-press.net\/cameroun\/politique\/impots-le-journaliste-christophe-bobiokono-soupconne-jean-pierre-amougou-belinga-de-ne-pas-vouloir-payer-tout-ce-qui-lui-est-reclame\",\"name\":\"Imp\u00f4ts: Le journaliste Christophe Bobiokono soup\u00e7onne Jean-Pierre Amougou Belinga de ne pas vouloir payer tout ce qui lui est r\u00e9clam\u00e9 - Cameroun\",\"isPartOf\":{\"@id\":\"https:\/\/www.africa-press.net\/cameroun\/#website\"},\"primaryImageOfPage\":{\"@id\":\"https:\/\/www.africa-press.net\/cameroun\/politique\/impots-le-journaliste-christophe-bobiokono-soupconne-jean-pierre-amougou-belinga-de-ne-pas-vouloir-payer-tout-ce-qui-lui-est-reclame#primaryimage\"},\"image\":{\"@id\":\"https:\/\/www.africa-press.net\/cameroun\/politique\/impots-le-journaliste-christophe-bobiokono-soupconne-jean-pierre-amougou-belinga-de-ne-pas-vouloir-payer-tout-ce-qui-lui-est-reclame#primaryimage\"},\"thumbnailUrl\":\"https:\/\/static.africa-press.net\/cameroun\/sites\/57\/2022\/09\/img-6323558590bff.jpg\",\"datePublished\":\"2022-09-15T13:48:44+00:00\",\"dateModified\":\"2022-09-15T16:40:58+00:00\",\"author\":{\"@id\":\"https:\/\/www.africa-press.net\/cameroun\/#\/schema\/person\/2b1cf3cd81a31e3cd26889ca66d677f1\"},\"description\":\"Dans sa parution de cette semaine, Kalara, l\u2019hebdomadaire sp\u00e9cialis\u00e9 dans les affaires juridiques a annonc\u00e9 que Paul Biy ...\",\"breadcrumb\":{\"@id\":\"https:\/\/www.africa-press.net\/cameroun\/politique\/impots-le-journaliste-christophe-bobiokono-soupconne-jean-pierre-amougou-belinga-de-ne-pas-vouloir-payer-tout-ce-qui-lui-est-reclame#breadcrumb\"},\"inLanguage\":\"fr-FR\",\"potentialAction\":[{\"@type\":\"ReadAction\",\"target\":[\"https:\/\/www.africa-press.net\/cameroun\/politique\/impots-le-journaliste-christophe-bobiokono-soupconne-jean-pierre-amougou-belinga-de-ne-pas-vouloir-payer-tout-ce-qui-lui-est-reclame\"]}]},{\"@type\":\"ImageObject\",\"inLanguage\":\"fr-FR\",\"@id\":\"https:\/\/www.africa-press.net\/cameroun\/politique\/impots-le-journaliste-christophe-bobiokono-soupconne-jean-pierre-amougou-belinga-de-ne-pas-vouloir-payer-tout-ce-qui-lui-est-reclame#primaryimage\",\"url\":\"https:\/\/static.africa-press.net\/cameroun\/sites\/57\/2022\/09\/img-6323558590bff.jpg\",\"contentUrl\":\"https:\/\/static.africa-press.net\/cameroun\/sites\/57\/2022\/09\/img-6323558590bff.jpg\",\"width\":800,\"height\":526,\"caption\":\"Imp\u00f4ts: Le journaliste Christophe Bobiokono soup\u00e7onne Jean-Pierre Amougou Belinga de ne pas vouloir payer tout ce qui lui est r\u00e9clam\u00e9\"},{\"@type\":\"BreadcrumbList\",\"@id\":\"https:\/\/www.africa-press.net\/cameroun\/politique\/impots-le-journaliste-christophe-bobiokono-soupconne-jean-pierre-amougou-belinga-de-ne-pas-vouloir-payer-tout-ce-qui-lui-est-reclame#breadcrumb\",\"itemListElement\":[{\"@type\":\"ListItem\",\"position\":1,\"name\":\"Accueil\",\"item\":\"https:\/\/www.africa-press.net\/cameroun\/\"},{\"@type\":\"ListItem\",\"position\":2,\"name\":\"Imp\u00f4ts: Le journaliste Christophe Bobiokono soup\u00e7onne Jean-Pierre Amougou Belinga de ne pas vouloir payer tout ce qui lui est r\u00e9clam\u00e9\"}]},{\"@type\":\"WebSite\",\"@id\":\"https:\/\/www.africa-press.net\/cameroun\/#website\",\"url\":\"https:\/\/www.africa-press.net\/cameroun\/\",\"name\":\"Cameroun\",\"description\":\"Just another Africa News Agency Sites site\",\"potentialAction\":[{\"@type\":\"SearchAction\",\"target\":{\"@type\":\"EntryPoint\",\"urlTemplate\":\"https:\/\/www.africa-press.net\/cameroun\/?s={search_term_string}\"},\"query-input\":{\"@type\":\"PropertyValueSpecification\",\"valueRequired\":true,\"valueName\":\"search_term_string\"}}],\"inLanguage\":\"fr-FR\"},{\"@type\":\"Person\",\"@id\":\"https:\/\/www.africa-press.net\/cameroun\/#\/schema\/person\/2b1cf3cd81a31e3cd26889ca66d677f1\",\"name\":\"cfeditorfr\"}]}<\/script>\n<!-- \/ Yoast SEO Premium plugin. -->","yoast_head_json":{"title":"Imp\u00f4ts: Le journaliste Christophe Bobiokono soup\u00e7onne Jean-Pierre Amougou Belinga de ne pas vouloir payer tout ce qui lui est r\u00e9clam\u00e9 - Cameroun","description":"Dans sa parution de cette semaine, Kalara, l\u2019hebdomadaire sp\u00e9cialis\u00e9 dans les affaires juridiques a annonc\u00e9 que Paul Biy ...","robots":{"index":"index","follow":"follow","max-snippet":"max-snippet:-1","max-image-preview":"max-image-preview:large","max-video-preview":"max-video-preview:-1"},"canonical":"https:\/\/www.africa-press.net\/cameroun\/politique\/impots-le-journaliste-christophe-bobiokono-soupconne-jean-pierre-amougou-belinga-de-ne-pas-vouloir-payer-tout-ce-qui-lui-est-reclame","og_locale":"fr_FR","og_type":"article","og_title":"Imp\u00f4ts: Le journaliste Christophe Bobiokono soup\u00e7onne Jean-Pierre Amougou Belinga de ne pas vouloir payer tout ce qui lui est r\u00e9clam\u00e9","og_description":"Dans sa parution de cette semaine, Kalara, l\u2019hebdomadaire sp\u00e9cialis\u00e9 dans les affaires juridiques a annonc\u00e9 que Paul Biy ...","og_url":"https:\/\/www.africa-press.net\/cameroun\/politique\/impots-le-journaliste-christophe-bobiokono-soupconne-jean-pierre-amougou-belinga-de-ne-pas-vouloir-payer-tout-ce-qui-lui-est-reclame","og_site_name":"Cameroun","article_published_time":"2022-09-15T13:48:44+00:00","article_modified_time":"2022-09-15T16:40:58+00:00","og_image":[{"width":800,"height":526,"url":"https:\/\/static.africa-press.net\/cameroun\/sites\/57\/2022\/09\/img-6323558590bff.jpg","type":"image\/jpeg"}],"author":"cfeditorfr","twitter_card":"summary_large_image","twitter_misc":{"\u00c9crit par":"cfeditorfr","Dur\u00e9e de lecture estim\u00e9e":"3 minutes"},"schema":{"@context":"https:\/\/schema.org","@graph":[{"@type":"Article","@id":"https:\/\/www.africa-press.net\/cameroun\/politique\/impots-le-journaliste-christophe-bobiokono-soupconne-jean-pierre-amougou-belinga-de-ne-pas-vouloir-payer-tout-ce-qui-lui-est-reclame#article","isPartOf":{"@id":"https:\/\/www.africa-press.net\/cameroun\/politique\/impots-le-journaliste-christophe-bobiokono-soupconne-jean-pierre-amougou-belinga-de-ne-pas-vouloir-payer-tout-ce-qui-lui-est-reclame"},"author":{"name":"cfeditorfr","@id":"https:\/\/www.africa-press.net\/cameroun\/#\/schema\/person\/2b1cf3cd81a31e3cd26889ca66d677f1"},"headline":"Imp\u00f4ts: Le journaliste Christophe Bobiokono soup\u00e7onne Jean-Pierre Amougou Belinga de ne pas vouloir payer tout ce qui lui est r\u00e9clam\u00e9","datePublished":"2022-09-15T13:48:44+00:00","dateModified":"2022-09-15T16:40:58+00:00","mainEntityOfPage":{"@id":"https:\/\/www.africa-press.net\/cameroun\/politique\/impots-le-journaliste-christophe-bobiokono-soupconne-jean-pierre-amougou-belinga-de-ne-pas-vouloir-payer-tout-ce-qui-lui-est-reclame"},"wordCount":569,"commentCount":0,"image":{"@id":"https:\/\/www.africa-press.net\/cameroun\/politique\/impots-le-journaliste-christophe-bobiokono-soupconne-jean-pierre-amougou-belinga-de-ne-pas-vouloir-payer-tout-ce-qui-lui-est-reclame#primaryimage"},"thumbnailUrl":"https:\/\/static.africa-press.net\/cameroun\/sites\/57\/2022\/09\/img-6323558590bff.jpg","keywords":["Africa Press","Africa Press-Cameroun","Cameroun"],"articleSection":["homepage-french","Politique","Toutes les actualit\u00e9s"],"inLanguage":"fr-FR","potentialAction":[{"@type":"CommentAction","name":"Comment","target":["https:\/\/www.africa-press.net\/cameroun\/politique\/impots-le-journaliste-christophe-bobiokono-soupconne-jean-pierre-amougou-belinga-de-ne-pas-vouloir-payer-tout-ce-qui-lui-est-reclame#respond"]}]},{"@type":"WebPage","@id":"https:\/\/www.africa-press.net\/cameroun\/politique\/impots-le-journaliste-christophe-bobiokono-soupconne-jean-pierre-amougou-belinga-de-ne-pas-vouloir-payer-tout-ce-qui-lui-est-reclame","url":"https:\/\/www.africa-press.net\/cameroun\/politique\/impots-le-journaliste-christophe-bobiokono-soupconne-jean-pierre-amougou-belinga-de-ne-pas-vouloir-payer-tout-ce-qui-lui-est-reclame","name":"Imp\u00f4ts: Le journaliste Christophe Bobiokono soup\u00e7onne Jean-Pierre Amougou Belinga de ne pas vouloir payer tout ce qui lui est r\u00e9clam\u00e9 - Cameroun","isPartOf":{"@id":"https:\/\/www.africa-press.net\/cameroun\/#website"},"primaryImageOfPage":{"@id":"https:\/\/www.africa-press.net\/cameroun\/politique\/impots-le-journaliste-christophe-bobiokono-soupconne-jean-pierre-amougou-belinga-de-ne-pas-vouloir-payer-tout-ce-qui-lui-est-reclame#primaryimage"},"image":{"@id":"https:\/\/www.africa-press.net\/cameroun\/politique\/impots-le-journaliste-christophe-bobiokono-soupconne-jean-pierre-amougou-belinga-de-ne-pas-vouloir-payer-tout-ce-qui-lui-est-reclame#primaryimage"},"thumbnailUrl":"https:\/\/static.africa-press.net\/cameroun\/sites\/57\/2022\/09\/img-6323558590bff.jpg","datePublished":"2022-09-15T13:48:44+00:00","dateModified":"2022-09-15T16:40:58+00:00","author":{"@id":"https:\/\/www.africa-press.net\/cameroun\/#\/schema\/person\/2b1cf3cd81a31e3cd26889ca66d677f1"},"description":"Dans sa parution de cette semaine, Kalara, l\u2019hebdomadaire sp\u00e9cialis\u00e9 dans les affaires juridiques a annonc\u00e9 que Paul Biy ...","breadcrumb":{"@id":"https:\/\/www.africa-press.net\/cameroun\/politique\/impots-le-journaliste-christophe-bobiokono-soupconne-jean-pierre-amougou-belinga-de-ne-pas-vouloir-payer-tout-ce-qui-lui-est-reclame#breadcrumb"},"inLanguage":"fr-FR","potentialAction":[{"@type":"ReadAction","target":["https:\/\/www.africa-press.net\/cameroun\/politique\/impots-le-journaliste-christophe-bobiokono-soupconne-jean-pierre-amougou-belinga-de-ne-pas-vouloir-payer-tout-ce-qui-lui-est-reclame"]}]},{"@type":"ImageObject","inLanguage":"fr-FR","@id":"https:\/\/www.africa-press.net\/cameroun\/politique\/impots-le-journaliste-christophe-bobiokono-soupconne-jean-pierre-amougou-belinga-de-ne-pas-vouloir-payer-tout-ce-qui-lui-est-reclame#primaryimage","url":"https:\/\/static.africa-press.net\/cameroun\/sites\/57\/2022\/09\/img-6323558590bff.jpg","contentUrl":"https:\/\/static.africa-press.net\/cameroun\/sites\/57\/2022\/09\/img-6323558590bff.jpg","width":800,"height":526,"caption":"Imp\u00f4ts: Le journaliste Christophe Bobiokono soup\u00e7onne Jean-Pierre Amougou Belinga de ne pas vouloir payer tout ce qui lui est r\u00e9clam\u00e9"},{"@type":"BreadcrumbList","@id":"https:\/\/www.africa-press.net\/cameroun\/politique\/impots-le-journaliste-christophe-bobiokono-soupconne-jean-pierre-amougou-belinga-de-ne-pas-vouloir-payer-tout-ce-qui-lui-est-reclame#breadcrumb","itemListElement":[{"@type":"ListItem","position":1,"name":"Accueil","item":"https:\/\/www.africa-press.net\/cameroun\/"},{"@type":"ListItem","position":2,"name":"Imp\u00f4ts: Le journaliste Christophe Bobiokono soup\u00e7onne Jean-Pierre Amougou Belinga de ne pas vouloir payer tout ce qui lui est r\u00e9clam\u00e9"}]},{"@type":"WebSite","@id":"https:\/\/www.africa-press.net\/cameroun\/#website","url":"https:\/\/www.africa-press.net\/cameroun\/","name":"Cameroun","description":"Just another Africa News Agency Sites site","potentialAction":[{"@type":"SearchAction","target":{"@type":"EntryPoint","urlTemplate":"https:\/\/www.africa-press.net\/cameroun\/?s={search_term_string}"},"query-input":{"@type":"PropertyValueSpecification","valueRequired":true,"valueName":"search_term_string"}}],"inLanguage":"fr-FR"},{"@type":"Person","@id":"https:\/\/www.africa-press.net\/cameroun\/#\/schema\/person\/2b1cf3cd81a31e3cd26889ca66d677f1","name":"cfeditorfr"}]}},"_links":{"self":[{"href":"https:\/\/www.africa-press.net\/cameroun\/wp-json\/wp\/v2\/posts\/27419","targetHints":{"allow":["GET"]}}],"collection":[{"href":"https:\/\/www.africa-press.net\/cameroun\/wp-json\/wp\/v2\/posts"}],"about":[{"href":"https:\/\/www.africa-press.net\/cameroun\/wp-json\/wp\/v2\/types\/post"}],"author":[{"embeddable":true,"href":"https:\/\/www.africa-press.net\/cameroun\/wp-json\/wp\/v2\/users\/82"}],"replies":[{"embeddable":true,"href":"https:\/\/www.africa-press.net\/cameroun\/wp-json\/wp\/v2\/comments?post=27419"}],"version-history":[{"count":0,"href":"https:\/\/www.africa-press.net\/cameroun\/wp-json\/wp\/v2\/posts\/27419\/revisions"}],"wp:featuredmedia":[{"embeddable":true,"href":"https:\/\/www.africa-press.net\/cameroun\/wp-json\/wp\/v2\/media\/27418"}],"wp:attachment":[{"href":"https:\/\/www.africa-press.net\/cameroun\/wp-json\/wp\/v2\/media?parent=27419"}],"wp:term":[{"taxonomy":"category","embeddable":true,"href":"https:\/\/www.africa-press.net\/cameroun\/wp-json\/wp\/v2\/categories?post=27419"},{"taxonomy":"post_tag","embeddable":true,"href":"https:\/\/www.africa-press.net\/cameroun\/wp-json\/wp\/v2\/tags?post=27419"}],"curies":[{"name":"wp","href":"https:\/\/api.w.org\/{rel}","templated":true}]}}