{"id":27422,"date":"2022-09-15T13:59:17","date_gmt":"2022-09-15T13:59:17","guid":{"rendered":"https:\/\/www.africa-press.net\/cameroun\/politique\/marches-du-22-septembre-2020-le-mrc-designe-les-ministres-paul-atanga-nji-et-rene-sadi-parmi-les-temoins-dans-le-proces-en-appel-contre-ses-militants"},"modified":"2022-09-15T16:41:32","modified_gmt":"2022-09-15T16:41:32","slug":"marches-du-22-septembre-2020-le-mrc-designe-les-ministres-paul-atanga-nji-et-rene-sadi-parmi-les-temoins-dans-le-proces-en-appel-contre-ses-militants","status":"publish","type":"post","link":"https:\/\/www.africa-press.net\/cameroun\/politique\/marches-du-22-septembre-2020-le-mrc-designe-les-ministres-paul-atanga-nji-et-rene-sadi-parmi-les-temoins-dans-le-proces-en-appel-contre-ses-militants","title":{"rendered":"Marches du\u00a022 septembre 2020: Le MRC d\u00e9signe les ministres Paul Atanga Nji et Ren\u00e9 Sadi parmi les t\u00e9moins dans le proc\u00e8s en appel contre ses militants"},"content":{"rendered":"<p><span style=\"color: #ff6600\"><strong>Africa-Press &#8211; Cameroun. <\/strong><\/span>Ce jeudi 15 septembre 2022 est un jour particulier \u00e0 la Cour d\u2019Appel du Centre de Yaound\u00e9, o\u00f9 les militants du Mouvement pour la Renaissance du Cameroun (MRC) vivront la premi\u00e8re audience de leur affaire en appel contre le Commissaire du Gouvernement, en pr\u00e9sence de leur pr\u00e9sident, Maurice Kamto, qui s\u2019est constitu\u00e9 aupr\u00e8s du collectif des avocats Me Sylvain Souop, charg\u00e9e d\u2019assurer la d\u00e9fense des militants de cette formation politique.<\/p>\n<p>A l\u2019occasion, ce collectif conduit par Me Hippolyte Meli a donn\u00e9 une conf\u00e9rence de presse le 14 septembre 2022 \u00e0 Yaound\u00e9, au cours de laquelle elle a annonc\u00e9 qu\u2019elle avait transmis \u00e0 l\u2019accusation, la liste des t\u00e9moins de la d\u00e9fense, publi\u00e9e dans le quotidien <b>Le Jour<\/b> de ce jeudi 15 septembre 2022. Il s\u2019agit entre autres du ministre de l\u2019Administration territoriale Paul Atanga Nji, et de celui de la Communication, Ren\u00e9 Emmanuel Sadi, du Gouverneur de la r\u00e9gion du Centre, Naseri Paul Bea, ainsi que l\u2019ancien Sous-pr\u00e9fet de Yaound\u00e9, Yampen Ousmanou, entre autres.<\/p>\n<p><b>\u00ab Les avocats du Collectif affirment que les militants du MRC ont \u00e9t\u00e9 interpell\u00e9s sur la base d\u2019un communiqu\u00e9 de presse sign\u00e9 le 25 septembre 2020 par les deux membres du gouvernement (Atanga Nji et Sadi), communiqu\u00e9 dans lequel ils affirmaient que le parti avait lanc\u00e9 un mouvement pour renverser les institutions r\u00e9publicaines \u00bb<\/b>, rapporte le journal de Haman Mana.<\/p>\n<p>Au total 46 militants du MRC avaient \u00e9t\u00e9 condamn\u00e9s en d\u00e9cembre 2021 et en janvier 2022 par le Tribunal militaire de Yaound\u00e9, \u00e0 des peines d\u2019emprisonnement de cinq et sept ans. Les avocats du collectif ont toujours d\u00e9nonc\u00e9 une violation les r\u00e8gles \u00e9tablies en mati\u00e8re de d\u00e9fense. <b>\u00ab Ils estimaient que cette juridiction r\u00e9serv\u00e9e pour juger les militaires ou les personnes ayant des infractions li\u00e9es \u00e0 la manipulation des armes \u00e0 feu les jugeait en violation de la loi nationale et des conventions internationales ratifi\u00e9es par le Cameroun<\/b> \u00bb, ajoute le tablo\u00efd, qui rapporte qu\u2019au total 94 militants et sympathisants du MRC restent incarc\u00e9r\u00e9s dans les prisons \u00e0 travers le territoire camerounais.<\/p>\n<p><strong>Pour plus d&rsquo;informations et d&rsquo;analyses sur la <a href=\"https:\/\/www.africa-press.net\/cameroun\">Cameroun<\/a>, suivez <a href=\"https:\/\/www.africa-press.net\/\">Africa-Press<\/a><\/strong><\/p>\n","protected":false},"excerpt":{"rendered":"<p>Africa-Press &#8211; Cameroun. Ce jeudi 15 septembre 2022 est un jour particulier \u00e0 la Cour d\u2019Appel du Centre de Yaound\u00e9, o\u00f9 les militants du Mouvement pour la Renaissance du Cameroun (MRC) vivront la premi\u00e8re audience de leur affaire en appel contre le Commissaire du Gouvernement, en pr\u00e9sence de leur pr\u00e9sident, Maurice Kamto, qui s\u2019est constitu\u00e9 [&hellip;]<\/p>\n","protected":false},"author":82,"featured_media":27421,"comment_status":"open","ping_status":"closed","sticky":false,"template":"","format":"standard","meta":{"footnotes":""},"categories":[11,2,10],"tags":[36,50,49],"class_list":["post-27422","post","type-post","status-publish","format-standard","has-post-thumbnail","hentry","category-homepage-french","category-politique","category-toutes-les-actualites","tag-africa-press","tag-africa-press-cameroun","tag-cameroun"],"yoast_head":"<!-- This site is optimized with the Yoast SEO Premium plugin v26.1 (Yoast SEO v27.0) - https:\/\/yoast.com\/product\/yoast-seo-premium-wordpress\/ -->\n<title>Marches du\u00a022 septembre 2020: Le MRC d\u00e9signe les ministres Paul Atanga Nji et Ren\u00e9 Sadi parmi les t\u00e9moins dans le proc\u00e8s en appel contre ses militants - Cameroun<\/title>\n<meta name=\"description\" content=\"Ce jeudi 15 septembre 2022 est un jour particulier \u00e0 la Cour d\u2019Appel du Centre de Yaound\u00e9, o\u00f9 les militants du Mouvement ...\" \/>\n<meta name=\"robots\" content=\"index, follow, max-snippet:-1, max-image-preview:large, max-video-preview:-1\" \/>\n<link rel=\"canonical\" href=\"https:\/\/www.africa-press.net\/cameroun\/politique\/marches-du-22-septembre-2020-le-mrc-designe-les-ministres-paul-atanga-nji-et-rene-sadi-parmi-les-temoins-dans-le-proces-en-appel-contre-ses-militants\" \/>\n<meta property=\"og:locale\" content=\"fr_FR\" \/>\n<meta property=\"og:type\" content=\"article\" \/>\n<meta property=\"og:title\" content=\"Marches du\u00a022 septembre 2020: Le MRC d\u00e9signe les ministres Paul Atanga Nji et Ren\u00e9 Sadi parmi les t\u00e9moins dans le proc\u00e8s en appel contre ses militants\" \/>\n<meta property=\"og:description\" content=\"Ce jeudi 15 septembre 2022 est un jour particulier \u00e0 la Cour d\u2019Appel du Centre de Yaound\u00e9, o\u00f9 les militants du Mouvement ...\" \/>\n<meta property=\"og:url\" content=\"https:\/\/www.africa-press.net\/cameroun\/politique\/marches-du-22-septembre-2020-le-mrc-designe-les-ministres-paul-atanga-nji-et-rene-sadi-parmi-les-temoins-dans-le-proces-en-appel-contre-ses-militants\" \/>\n<meta property=\"og:site_name\" content=\"Cameroun\" \/>\n<meta property=\"article:published_time\" content=\"2022-09-15T13:59:17+00:00\" \/>\n<meta property=\"article:modified_time\" content=\"2022-09-15T16:41:32+00:00\" \/>\n<meta property=\"og:image\" content=\"https:\/\/static.africa-press.net\/cameroun\/sites\/57\/2022\/09\/img-632355a5f0f3b.jpg\" \/>\n\t<meta property=\"og:image:width\" content=\"800\" \/>\n\t<meta property=\"og:image:height\" content=\"376\" \/>\n\t<meta property=\"og:image:type\" content=\"image\/jpeg\" \/>\n<meta name=\"author\" content=\"cfeditorfr\" \/>\n<meta name=\"twitter:card\" content=\"summary_large_image\" \/>\n<meta name=\"twitter:label1\" content=\"\u00c9crit par\" \/>\n\t<meta name=\"twitter:data1\" content=\"cfeditorfr\" \/>\n\t<meta name=\"twitter:label2\" content=\"Dur\u00e9e de lecture estim\u00e9e\" \/>\n\t<meta name=\"twitter:data2\" content=\"2 minutes\" \/>\n<script type=\"application\/ld+json\" class=\"yoast-schema-graph\">{\"@context\":\"https:\/\/schema.org\",\"@graph\":[{\"@type\":\"Article\",\"@id\":\"https:\/\/www.africa-press.net\/cameroun\/politique\/marches-du-22-septembre-2020-le-mrc-designe-les-ministres-paul-atanga-nji-et-rene-sadi-parmi-les-temoins-dans-le-proces-en-appel-contre-ses-militants#article\",\"isPartOf\":{\"@id\":\"https:\/\/www.africa-press.net\/cameroun\/politique\/marches-du-22-septembre-2020-le-mrc-designe-les-ministres-paul-atanga-nji-et-rene-sadi-parmi-les-temoins-dans-le-proces-en-appel-contre-ses-militants\"},\"author\":{\"name\":\"cfeditorfr\",\"@id\":\"https:\/\/www.africa-press.net\/cameroun\/#\/schema\/person\/2b1cf3cd81a31e3cd26889ca66d677f1\"},\"headline\":\"Marches du\u00a022 septembre 2020: Le MRC d\u00e9signe les ministres Paul Atanga Nji et Ren\u00e9 Sadi parmi les t\u00e9moins dans le proc\u00e8s en appel contre ses militants\",\"datePublished\":\"2022-09-15T13:59:17+00:00\",\"dateModified\":\"2022-09-15T16:41:32+00:00\",\"mainEntityOfPage\":{\"@id\":\"https:\/\/www.africa-press.net\/cameroun\/politique\/marches-du-22-septembre-2020-le-mrc-designe-les-ministres-paul-atanga-nji-et-rene-sadi-parmi-les-temoins-dans-le-proces-en-appel-contre-ses-militants\"},\"wordCount\":394,\"commentCount\":0,\"image\":{\"@id\":\"https:\/\/www.africa-press.net\/cameroun\/politique\/marches-du-22-septembre-2020-le-mrc-designe-les-ministres-paul-atanga-nji-et-rene-sadi-parmi-les-temoins-dans-le-proces-en-appel-contre-ses-militants#primaryimage\"},\"thumbnailUrl\":\"https:\/\/static.africa-press.net\/cameroun\/sites\/57\/2022\/09\/img-632355a5f0f3b.jpg\",\"keywords\":[\"Africa Press\",\"Africa Press-Cameroun\",\"Cameroun\"],\"articleSection\":[\"homepage-french\",\"Politique\",\"Toutes les actualit\u00e9s\"],\"inLanguage\":\"fr-FR\",\"potentialAction\":[{\"@type\":\"CommentAction\",\"name\":\"Comment\",\"target\":[\"https:\/\/www.africa-press.net\/cameroun\/politique\/marches-du-22-septembre-2020-le-mrc-designe-les-ministres-paul-atanga-nji-et-rene-sadi-parmi-les-temoins-dans-le-proces-en-appel-contre-ses-militants#respond\"]}]},{\"@type\":\"WebPage\",\"@id\":\"https:\/\/www.africa-press.net\/cameroun\/politique\/marches-du-22-septembre-2020-le-mrc-designe-les-ministres-paul-atanga-nji-et-rene-sadi-parmi-les-temoins-dans-le-proces-en-appel-contre-ses-militants\",\"url\":\"https:\/\/www.africa-press.net\/cameroun\/politique\/marches-du-22-septembre-2020-le-mrc-designe-les-ministres-paul-atanga-nji-et-rene-sadi-parmi-les-temoins-dans-le-proces-en-appel-contre-ses-militants\",\"name\":\"Marches du\u00a022 septembre 2020: Le MRC d\u00e9signe les ministres Paul Atanga Nji et Ren\u00e9 Sadi parmi les t\u00e9moins dans le proc\u00e8s en appel contre ses militants - Cameroun\",\"isPartOf\":{\"@id\":\"https:\/\/www.africa-press.net\/cameroun\/#website\"},\"primaryImageOfPage\":{\"@id\":\"https:\/\/www.africa-press.net\/cameroun\/politique\/marches-du-22-septembre-2020-le-mrc-designe-les-ministres-paul-atanga-nji-et-rene-sadi-parmi-les-temoins-dans-le-proces-en-appel-contre-ses-militants#primaryimage\"},\"image\":{\"@id\":\"https:\/\/www.africa-press.net\/cameroun\/politique\/marches-du-22-septembre-2020-le-mrc-designe-les-ministres-paul-atanga-nji-et-rene-sadi-parmi-les-temoins-dans-le-proces-en-appel-contre-ses-militants#primaryimage\"},\"thumbnailUrl\":\"https:\/\/static.africa-press.net\/cameroun\/sites\/57\/2022\/09\/img-632355a5f0f3b.jpg\",\"datePublished\":\"2022-09-15T13:59:17+00:00\",\"dateModified\":\"2022-09-15T16:41:32+00:00\",\"author\":{\"@id\":\"https:\/\/www.africa-press.net\/cameroun\/#\/schema\/person\/2b1cf3cd81a31e3cd26889ca66d677f1\"},\"description\":\"Ce jeudi 15 septembre 2022 est un jour particulier \u00e0 la Cour d\u2019Appel du Centre de Yaound\u00e9, o\u00f9 les militants du Mouvement ...\",\"breadcrumb\":{\"@id\":\"https:\/\/www.africa-press.net\/cameroun\/politique\/marches-du-22-septembre-2020-le-mrc-designe-les-ministres-paul-atanga-nji-et-rene-sadi-parmi-les-temoins-dans-le-proces-en-appel-contre-ses-militants#breadcrumb\"},\"inLanguage\":\"fr-FR\",\"potentialAction\":[{\"@type\":\"ReadAction\",\"target\":[\"https:\/\/www.africa-press.net\/cameroun\/politique\/marches-du-22-septembre-2020-le-mrc-designe-les-ministres-paul-atanga-nji-et-rene-sadi-parmi-les-temoins-dans-le-proces-en-appel-contre-ses-militants\"]}]},{\"@type\":\"ImageObject\",\"inLanguage\":\"fr-FR\",\"@id\":\"https:\/\/www.africa-press.net\/cameroun\/politique\/marches-du-22-septembre-2020-le-mrc-designe-les-ministres-paul-atanga-nji-et-rene-sadi-parmi-les-temoins-dans-le-proces-en-appel-contre-ses-militants#primaryimage\",\"url\":\"https:\/\/static.africa-press.net\/cameroun\/sites\/57\/2022\/09\/img-632355a5f0f3b.jpg\",\"contentUrl\":\"https:\/\/static.africa-press.net\/cameroun\/sites\/57\/2022\/09\/img-632355a5f0f3b.jpg\",\"width\":800,\"height\":376,\"caption\":\"Marches du\u00a022 septembre 2020: Le MRC d\u00e9signe les ministres Paul Atanga Nji et Ren\u00e9 Sadi parmi les t\u00e9moins dans le proc\u00e8s en appel contre ses militants\"},{\"@type\":\"BreadcrumbList\",\"@id\":\"https:\/\/www.africa-press.net\/cameroun\/politique\/marches-du-22-septembre-2020-le-mrc-designe-les-ministres-paul-atanga-nji-et-rene-sadi-parmi-les-temoins-dans-le-proces-en-appel-contre-ses-militants#breadcrumb\",\"itemListElement\":[{\"@type\":\"ListItem\",\"position\":1,\"name\":\"Accueil\",\"item\":\"https:\/\/www.africa-press.net\/cameroun\/\"},{\"@type\":\"ListItem\",\"position\":2,\"name\":\"Marches du\u00a022 septembre 2020: Le MRC d\u00e9signe les ministres Paul Atanga Nji et Ren\u00e9 Sadi parmi les t\u00e9moins dans le proc\u00e8s en appel contre ses militants\"}]},{\"@type\":\"WebSite\",\"@id\":\"https:\/\/www.africa-press.net\/cameroun\/#website\",\"url\":\"https:\/\/www.africa-press.net\/cameroun\/\",\"name\":\"Cameroun\",\"description\":\"Just another Africa News Agency Sites site\",\"potentialAction\":[{\"@type\":\"SearchAction\",\"target\":{\"@type\":\"EntryPoint\",\"urlTemplate\":\"https:\/\/www.africa-press.net\/cameroun\/?s={search_term_string}\"},\"query-input\":{\"@type\":\"PropertyValueSpecification\",\"valueRequired\":true,\"valueName\":\"search_term_string\"}}],\"inLanguage\":\"fr-FR\"},{\"@type\":\"Person\",\"@id\":\"https:\/\/www.africa-press.net\/cameroun\/#\/schema\/person\/2b1cf3cd81a31e3cd26889ca66d677f1\",\"name\":\"cfeditorfr\"}]}<\/script>\n<!-- \/ Yoast SEO Premium plugin. -->","yoast_head_json":{"title":"Marches du\u00a022 septembre 2020: Le MRC d\u00e9signe les ministres Paul Atanga Nji et Ren\u00e9 Sadi parmi les t\u00e9moins dans le proc\u00e8s en appel contre ses militants - Cameroun","description":"Ce jeudi 15 septembre 2022 est un jour particulier \u00e0 la Cour d\u2019Appel du Centre de Yaound\u00e9, o\u00f9 les militants du Mouvement ...","robots":{"index":"index","follow":"follow","max-snippet":"max-snippet:-1","max-image-preview":"max-image-preview:large","max-video-preview":"max-video-preview:-1"},"canonical":"https:\/\/www.africa-press.net\/cameroun\/politique\/marches-du-22-septembre-2020-le-mrc-designe-les-ministres-paul-atanga-nji-et-rene-sadi-parmi-les-temoins-dans-le-proces-en-appel-contre-ses-militants","og_locale":"fr_FR","og_type":"article","og_title":"Marches du\u00a022 septembre 2020: Le MRC d\u00e9signe les ministres Paul Atanga Nji et Ren\u00e9 Sadi parmi les t\u00e9moins dans le proc\u00e8s en appel contre ses militants","og_description":"Ce jeudi 15 septembre 2022 est un jour particulier \u00e0 la Cour d\u2019Appel du Centre de Yaound\u00e9, o\u00f9 les militants du Mouvement ...","og_url":"https:\/\/www.africa-press.net\/cameroun\/politique\/marches-du-22-septembre-2020-le-mrc-designe-les-ministres-paul-atanga-nji-et-rene-sadi-parmi-les-temoins-dans-le-proces-en-appel-contre-ses-militants","og_site_name":"Cameroun","article_published_time":"2022-09-15T13:59:17+00:00","article_modified_time":"2022-09-15T16:41:32+00:00","og_image":[{"width":800,"height":376,"url":"https:\/\/static.africa-press.net\/cameroun\/sites\/57\/2022\/09\/img-632355a5f0f3b.jpg","type":"image\/jpeg"}],"author":"cfeditorfr","twitter_card":"summary_large_image","twitter_misc":{"\u00c9crit par":"cfeditorfr","Dur\u00e9e de lecture estim\u00e9e":"2 minutes"},"schema":{"@context":"https:\/\/schema.org","@graph":[{"@type":"Article","@id":"https:\/\/www.africa-press.net\/cameroun\/politique\/marches-du-22-septembre-2020-le-mrc-designe-les-ministres-paul-atanga-nji-et-rene-sadi-parmi-les-temoins-dans-le-proces-en-appel-contre-ses-militants#article","isPartOf":{"@id":"https:\/\/www.africa-press.net\/cameroun\/politique\/marches-du-22-septembre-2020-le-mrc-designe-les-ministres-paul-atanga-nji-et-rene-sadi-parmi-les-temoins-dans-le-proces-en-appel-contre-ses-militants"},"author":{"name":"cfeditorfr","@id":"https:\/\/www.africa-press.net\/cameroun\/#\/schema\/person\/2b1cf3cd81a31e3cd26889ca66d677f1"},"headline":"Marches du\u00a022 septembre 2020: Le MRC d\u00e9signe les ministres Paul Atanga Nji et Ren\u00e9 Sadi parmi les t\u00e9moins dans le proc\u00e8s en appel contre ses militants","datePublished":"2022-09-15T13:59:17+00:00","dateModified":"2022-09-15T16:41:32+00:00","mainEntityOfPage":{"@id":"https:\/\/www.africa-press.net\/cameroun\/politique\/marches-du-22-septembre-2020-le-mrc-designe-les-ministres-paul-atanga-nji-et-rene-sadi-parmi-les-temoins-dans-le-proces-en-appel-contre-ses-militants"},"wordCount":394,"commentCount":0,"image":{"@id":"https:\/\/www.africa-press.net\/cameroun\/politique\/marches-du-22-septembre-2020-le-mrc-designe-les-ministres-paul-atanga-nji-et-rene-sadi-parmi-les-temoins-dans-le-proces-en-appel-contre-ses-militants#primaryimage"},"thumbnailUrl":"https:\/\/static.africa-press.net\/cameroun\/sites\/57\/2022\/09\/img-632355a5f0f3b.jpg","keywords":["Africa Press","Africa Press-Cameroun","Cameroun"],"articleSection":["homepage-french","Politique","Toutes les actualit\u00e9s"],"inLanguage":"fr-FR","potentialAction":[{"@type":"CommentAction","name":"Comment","target":["https:\/\/www.africa-press.net\/cameroun\/politique\/marches-du-22-septembre-2020-le-mrc-designe-les-ministres-paul-atanga-nji-et-rene-sadi-parmi-les-temoins-dans-le-proces-en-appel-contre-ses-militants#respond"]}]},{"@type":"WebPage","@id":"https:\/\/www.africa-press.net\/cameroun\/politique\/marches-du-22-septembre-2020-le-mrc-designe-les-ministres-paul-atanga-nji-et-rene-sadi-parmi-les-temoins-dans-le-proces-en-appel-contre-ses-militants","url":"https:\/\/www.africa-press.net\/cameroun\/politique\/marches-du-22-septembre-2020-le-mrc-designe-les-ministres-paul-atanga-nji-et-rene-sadi-parmi-les-temoins-dans-le-proces-en-appel-contre-ses-militants","name":"Marches du\u00a022 septembre 2020: Le MRC d\u00e9signe les ministres Paul Atanga Nji et Ren\u00e9 Sadi parmi les t\u00e9moins dans le proc\u00e8s en appel contre ses militants - Cameroun","isPartOf":{"@id":"https:\/\/www.africa-press.net\/cameroun\/#website"},"primaryImageOfPage":{"@id":"https:\/\/www.africa-press.net\/cameroun\/politique\/marches-du-22-septembre-2020-le-mrc-designe-les-ministres-paul-atanga-nji-et-rene-sadi-parmi-les-temoins-dans-le-proces-en-appel-contre-ses-militants#primaryimage"},"image":{"@id":"https:\/\/www.africa-press.net\/cameroun\/politique\/marches-du-22-septembre-2020-le-mrc-designe-les-ministres-paul-atanga-nji-et-rene-sadi-parmi-les-temoins-dans-le-proces-en-appel-contre-ses-militants#primaryimage"},"thumbnailUrl":"https:\/\/static.africa-press.net\/cameroun\/sites\/57\/2022\/09\/img-632355a5f0f3b.jpg","datePublished":"2022-09-15T13:59:17+00:00","dateModified":"2022-09-15T16:41:32+00:00","author":{"@id":"https:\/\/www.africa-press.net\/cameroun\/#\/schema\/person\/2b1cf3cd81a31e3cd26889ca66d677f1"},"description":"Ce jeudi 15 septembre 2022 est un jour particulier \u00e0 la Cour d\u2019Appel du Centre de Yaound\u00e9, o\u00f9 les militants du Mouvement ...","breadcrumb":{"@id":"https:\/\/www.africa-press.net\/cameroun\/politique\/marches-du-22-septembre-2020-le-mrc-designe-les-ministres-paul-atanga-nji-et-rene-sadi-parmi-les-temoins-dans-le-proces-en-appel-contre-ses-militants#breadcrumb"},"inLanguage":"fr-FR","potentialAction":[{"@type":"ReadAction","target":["https:\/\/www.africa-press.net\/cameroun\/politique\/marches-du-22-septembre-2020-le-mrc-designe-les-ministres-paul-atanga-nji-et-rene-sadi-parmi-les-temoins-dans-le-proces-en-appel-contre-ses-militants"]}]},{"@type":"ImageObject","inLanguage":"fr-FR","@id":"https:\/\/www.africa-press.net\/cameroun\/politique\/marches-du-22-septembre-2020-le-mrc-designe-les-ministres-paul-atanga-nji-et-rene-sadi-parmi-les-temoins-dans-le-proces-en-appel-contre-ses-militants#primaryimage","url":"https:\/\/static.africa-press.net\/cameroun\/sites\/57\/2022\/09\/img-632355a5f0f3b.jpg","contentUrl":"https:\/\/static.africa-press.net\/cameroun\/sites\/57\/2022\/09\/img-632355a5f0f3b.jpg","width":800,"height":376,"caption":"Marches du\u00a022 septembre 2020: Le MRC d\u00e9signe les ministres Paul Atanga Nji et Ren\u00e9 Sadi parmi les t\u00e9moins dans le proc\u00e8s en appel contre ses militants"},{"@type":"BreadcrumbList","@id":"https:\/\/www.africa-press.net\/cameroun\/politique\/marches-du-22-septembre-2020-le-mrc-designe-les-ministres-paul-atanga-nji-et-rene-sadi-parmi-les-temoins-dans-le-proces-en-appel-contre-ses-militants#breadcrumb","itemListElement":[{"@type":"ListItem","position":1,"name":"Accueil","item":"https:\/\/www.africa-press.net\/cameroun\/"},{"@type":"ListItem","position":2,"name":"Marches du\u00a022 septembre 2020: Le MRC d\u00e9signe les ministres Paul Atanga Nji et Ren\u00e9 Sadi parmi les t\u00e9moins dans le proc\u00e8s en appel contre ses militants"}]},{"@type":"WebSite","@id":"https:\/\/www.africa-press.net\/cameroun\/#website","url":"https:\/\/www.africa-press.net\/cameroun\/","name":"Cameroun","description":"Just another Africa News Agency Sites site","potentialAction":[{"@type":"SearchAction","target":{"@type":"EntryPoint","urlTemplate":"https:\/\/www.africa-press.net\/cameroun\/?s={search_term_string}"},"query-input":{"@type":"PropertyValueSpecification","valueRequired":true,"valueName":"search_term_string"}}],"inLanguage":"fr-FR"},{"@type":"Person","@id":"https:\/\/www.africa-press.net\/cameroun\/#\/schema\/person\/2b1cf3cd81a31e3cd26889ca66d677f1","name":"cfeditorfr"}]}},"_links":{"self":[{"href":"https:\/\/www.africa-press.net\/cameroun\/wp-json\/wp\/v2\/posts\/27422","targetHints":{"allow":["GET"]}}],"collection":[{"href":"https:\/\/www.africa-press.net\/cameroun\/wp-json\/wp\/v2\/posts"}],"about":[{"href":"https:\/\/www.africa-press.net\/cameroun\/wp-json\/wp\/v2\/types\/post"}],"author":[{"embeddable":true,"href":"https:\/\/www.africa-press.net\/cameroun\/wp-json\/wp\/v2\/users\/82"}],"replies":[{"embeddable":true,"href":"https:\/\/www.africa-press.net\/cameroun\/wp-json\/wp\/v2\/comments?post=27422"}],"version-history":[{"count":0,"href":"https:\/\/www.africa-press.net\/cameroun\/wp-json\/wp\/v2\/posts\/27422\/revisions"}],"wp:featuredmedia":[{"embeddable":true,"href":"https:\/\/www.africa-press.net\/cameroun\/wp-json\/wp\/v2\/media\/27421"}],"wp:attachment":[{"href":"https:\/\/www.africa-press.net\/cameroun\/wp-json\/wp\/v2\/media?parent=27422"}],"wp:term":[{"taxonomy":"category","embeddable":true,"href":"https:\/\/www.africa-press.net\/cameroun\/wp-json\/wp\/v2\/categories?post=27422"},{"taxonomy":"post_tag","embeddable":true,"href":"https:\/\/www.africa-press.net\/cameroun\/wp-json\/wp\/v2\/tags?post=27422"}],"curies":[{"name":"wp","href":"https:\/\/api.w.org\/{rel}","templated":true}]}}