{"id":27425,"date":"2022-09-15T14:03:50","date_gmt":"2022-09-15T14:03:50","guid":{"rendered":"https:\/\/www.africa-press.net\/cameroun\/politique\/securite-transfrontaliere-750-soldats-camerounais-de-la-minusca-en-partance-pour-le-maintien-de-la-paix-en-centrafrique"},"modified":"2022-09-15T16:42:04","modified_gmt":"2022-09-15T16:42:04","slug":"securite-transfrontaliere-750-soldats-camerounais-de-la-minusca-en-partance-pour-le-maintien-de-la-paix-en-centrafrique","status":"publish","type":"post","link":"https:\/\/www.africa-press.net\/cameroun\/toutes-les-actualites\/securite-transfrontaliere-750-soldats-camerounais-de-la-minusca-en-partance-pour-le-maintien-de-la-paix-en-centrafrique","title":{"rendered":"S\u00e9curit\u00e9 transfrontali\u00e8re: 750 soldats camerounais de la MINUSCA \u00a0en partance pour\u00a0 le maintien de la paix en Centrafrique"},"content":{"rendered":"<p><span style=\"color: #ff6600\"><strong>Africa-Press &#8211; Cameroun. <\/strong><\/span>Dans le cadre des op\u00e9rations de maintien de la paix en R\u00e9publique Centrafricaine pour le compte de Mission multidimensionnelle int\u00e9gr\u00e9e des Nations unies pour la stabilisation en Centrafrique (MINUSCA), 750 soldats camerounais du 9e contingent des forces de d\u00e9fense et de s\u00e9curit\u00e9 camerounaises, viennent d\u2019\u00eatre d\u00e9ploy\u00e9s dans ce pays voisin. Ils ont pris la route le mercredi 14 septembre 2022, au terme d\u2019une c\u00e9r\u00e9monie d\u2019au revoir pr\u00e9sid\u00e9e par le ministre d\u00e9l\u00e9gu\u00e9 \u00e0 la Pr\u00e9sidence de la R\u00e9publique, Joseph Beti Assomo, au Centre d\u2019Entrainement et d\u2019Aguerrissement de Motcheboum dans la r\u00e9gion de l\u2019Est.<\/p>\n<p>Au nom du chef de l\u2019Etat Paul Biya, chef supr\u00eame des Arm\u00e9es, Joseph Beti Assomo leur a remis l\u2019\u00e9tendard camerounais, afin qu\u2019ils l\u2019honorent valablement durant leur s\u00e9jour dans le cadre de cette mission. Le ministre leur a donn\u00e9 pour consigne de faire preuve de discipline, et d&rsquo;\u00e9viter tout comportement indigne susceptible de ternir l&rsquo;image du pays. Joseph Beti Assomo a \u00e9galement pr\u00e9venu les troupes que tout cas d&rsquo;abus sexuel ou de mauvaise manipulation du mat\u00e9riel sera durement sanctionn\u00e9.<\/p>\n<p>Le Cameroun est un partenaire privil\u00e9gi\u00e9 de la Centrafrique dans le cadre de la MINUSCA, et sur les 11 650 casques bleus d\u00e9j\u00e0 d\u00e9ploy\u00e9s dans ce pays depuis le d\u00e9but de cette mission onusienne, il a d\u00e9j\u00e0 fourni environ 1070 soldats dont 550 du bataillon d\u2019infanterie ; 320 gendarmes, entre autres. \u00ab <b>Cette forte repr\u00e9sentation tr\u00e8s appr\u00e9ci\u00e9e par les instances onusiennes est incontestablement un r\u00e9v\u00e9lateur des qualit\u00e9s humaines, professionnelles et op\u00e9rationnelles des militaires et gendarmes camerounais<\/b> \u00bb, s\u2019est r\u00e9joui Joseph Beti Assomo au micro de la Cameroon Radio Ttelevision.<\/p>\n<p><strong>Pour plus d&rsquo;informations et d&rsquo;analyses sur la <a href=\"https:\/\/www.africa-press.net\/cameroun\">Cameroun<\/a>, suivez <a href=\"https:\/\/www.africa-press.net\/\">Africa-Press<\/a><\/strong><\/p>\n","protected":false},"excerpt":{"rendered":"<p>Africa-Press &#8211; Cameroun. Dans le cadre des op\u00e9rations de maintien de la paix en R\u00e9publique Centrafricaine pour le compte de Mission multidimensionnelle int\u00e9gr\u00e9e des Nations unies pour la stabilisation en Centrafrique (MINUSCA), 750 soldats camerounais du 9e contingent des forces de d\u00e9fense et de s\u00e9curit\u00e9 camerounaises, viennent d\u2019\u00eatre d\u00e9ploy\u00e9s dans ce pays voisin. Ils ont [&hellip;]<\/p>\n","protected":false},"author":82,"featured_media":27424,"comment_status":"open","ping_status":"closed","sticky":false,"template":"","format":"standard","meta":{"footnotes":""},"categories":[21,11,10],"tags":[36,50,49],"class_list":["post-27425","post","type-post","status-publish","format-standard","has-post-thumbnail","hentry","category-communaute","category-homepage-french","category-toutes-les-actualites","tag-africa-press","tag-africa-press-cameroun","tag-cameroun"],"yoast_head":"<!-- This site is optimized with the Yoast SEO Premium plugin v26.1 (Yoast SEO v27.0) - https:\/\/yoast.com\/product\/yoast-seo-premium-wordpress\/ -->\n<title>S\u00e9curit\u00e9 transfrontali\u00e8re: 750 soldats camerounais de la MINUSCA \u00a0en partance pour\u00a0 le maintien de la paix en Centrafrique - Cameroun<\/title>\n<meta name=\"description\" content=\"Dans le cadre des op\u00e9rations de maintien de la paix en R\u00e9publique Centrafricaine pour le compte de Mission multidimensio ...\" \/>\n<meta name=\"robots\" content=\"index, follow, max-snippet:-1, max-image-preview:large, max-video-preview:-1\" \/>\n<link rel=\"canonical\" href=\"https:\/\/www.africa-press.net\/cameroun\/toutes-les-actualites\/securite-transfrontaliere-750-soldats-camerounais-de-la-minusca-en-partance-pour-le-maintien-de-la-paix-en-centrafrique\" \/>\n<meta property=\"og:locale\" content=\"fr_FR\" \/>\n<meta property=\"og:type\" content=\"article\" \/>\n<meta property=\"og:title\" content=\"S\u00e9curit\u00e9 transfrontali\u00e8re: 750 soldats camerounais de la MINUSCA \u00a0en partance pour\u00a0 le maintien de la paix en Centrafrique\" \/>\n<meta property=\"og:description\" content=\"Dans le cadre des op\u00e9rations de maintien de la paix en R\u00e9publique Centrafricaine pour le compte de Mission multidimensio ...\" \/>\n<meta property=\"og:url\" content=\"https:\/\/www.africa-press.net\/cameroun\/toutes-les-actualites\/securite-transfrontaliere-750-soldats-camerounais-de-la-minusca-en-partance-pour-le-maintien-de-la-paix-en-centrafrique\" \/>\n<meta property=\"og:site_name\" content=\"Cameroun\" \/>\n<meta property=\"article:published_time\" content=\"2022-09-15T14:03:50+00:00\" \/>\n<meta property=\"article:modified_time\" content=\"2022-09-15T16:42:04+00:00\" \/>\n<meta property=\"og:image\" content=\"https:\/\/static.africa-press.net\/cameroun\/sites\/57\/2022\/09\/img-632355c7392be.jpg\" \/>\n\t<meta property=\"og:image:width\" content=\"800\" \/>\n\t<meta property=\"og:image:height\" content=\"471\" \/>\n\t<meta property=\"og:image:type\" content=\"image\/jpeg\" \/>\n<meta name=\"author\" content=\"cfeditorfr\" \/>\n<meta name=\"twitter:card\" content=\"summary_large_image\" \/>\n<meta name=\"twitter:label1\" content=\"\u00c9crit par\" \/>\n\t<meta name=\"twitter:data1\" content=\"cfeditorfr\" \/>\n\t<meta name=\"twitter:label2\" content=\"Dur\u00e9e de lecture estim\u00e9e\" \/>\n\t<meta name=\"twitter:data2\" content=\"2 minutes\" \/>\n<script type=\"application\/ld+json\" class=\"yoast-schema-graph\">{\"@context\":\"https:\/\/schema.org\",\"@graph\":[{\"@type\":\"Article\",\"@id\":\"https:\/\/www.africa-press.net\/cameroun\/toutes-les-actualites\/securite-transfrontaliere-750-soldats-camerounais-de-la-minusca-en-partance-pour-le-maintien-de-la-paix-en-centrafrique#article\",\"isPartOf\":{\"@id\":\"https:\/\/www.africa-press.net\/cameroun\/toutes-les-actualites\/securite-transfrontaliere-750-soldats-camerounais-de-la-minusca-en-partance-pour-le-maintien-de-la-paix-en-centrafrique\"},\"author\":{\"name\":\"cfeditorfr\",\"@id\":\"https:\/\/www.africa-press.net\/cameroun\/#\/schema\/person\/2b1cf3cd81a31e3cd26889ca66d677f1\"},\"headline\":\"S\u00e9curit\u00e9 transfrontali\u00e8re: 750 soldats camerounais de la MINUSCA \u00a0en partance pour\u00a0 le maintien de la paix en Centrafrique\",\"datePublished\":\"2022-09-15T14:03:50+00:00\",\"dateModified\":\"2022-09-15T16:42:04+00:00\",\"mainEntityOfPage\":{\"@id\":\"https:\/\/www.africa-press.net\/cameroun\/toutes-les-actualites\/securite-transfrontaliere-750-soldats-camerounais-de-la-minusca-en-partance-pour-le-maintien-de-la-paix-en-centrafrique\"},\"wordCount\":333,\"commentCount\":0,\"image\":{\"@id\":\"https:\/\/www.africa-press.net\/cameroun\/toutes-les-actualites\/securite-transfrontaliere-750-soldats-camerounais-de-la-minusca-en-partance-pour-le-maintien-de-la-paix-en-centrafrique#primaryimage\"},\"thumbnailUrl\":\"https:\/\/static.africa-press.net\/cameroun\/sites\/57\/2022\/09\/img-632355c7392be.jpg\",\"keywords\":[\"Africa Press\",\"Africa Press-Cameroun\",\"Cameroun\"],\"articleSection\":[\"Communaut\u00e9\",\"homepage-french\",\"Toutes les actualit\u00e9s\"],\"inLanguage\":\"fr-FR\",\"potentialAction\":[{\"@type\":\"CommentAction\",\"name\":\"Comment\",\"target\":[\"https:\/\/www.africa-press.net\/cameroun\/toutes-les-actualites\/securite-transfrontaliere-750-soldats-camerounais-de-la-minusca-en-partance-pour-le-maintien-de-la-paix-en-centrafrique#respond\"]}]},{\"@type\":\"WebPage\",\"@id\":\"https:\/\/www.africa-press.net\/cameroun\/toutes-les-actualites\/securite-transfrontaliere-750-soldats-camerounais-de-la-minusca-en-partance-pour-le-maintien-de-la-paix-en-centrafrique\",\"url\":\"https:\/\/www.africa-press.net\/cameroun\/toutes-les-actualites\/securite-transfrontaliere-750-soldats-camerounais-de-la-minusca-en-partance-pour-le-maintien-de-la-paix-en-centrafrique\",\"name\":\"S\u00e9curit\u00e9 transfrontali\u00e8re: 750 soldats camerounais de la MINUSCA \u00a0en partance pour\u00a0 le maintien de la paix en Centrafrique - Cameroun\",\"isPartOf\":{\"@id\":\"https:\/\/www.africa-press.net\/cameroun\/#website\"},\"primaryImageOfPage\":{\"@id\":\"https:\/\/www.africa-press.net\/cameroun\/toutes-les-actualites\/securite-transfrontaliere-750-soldats-camerounais-de-la-minusca-en-partance-pour-le-maintien-de-la-paix-en-centrafrique#primaryimage\"},\"image\":{\"@id\":\"https:\/\/www.africa-press.net\/cameroun\/toutes-les-actualites\/securite-transfrontaliere-750-soldats-camerounais-de-la-minusca-en-partance-pour-le-maintien-de-la-paix-en-centrafrique#primaryimage\"},\"thumbnailUrl\":\"https:\/\/static.africa-press.net\/cameroun\/sites\/57\/2022\/09\/img-632355c7392be.jpg\",\"datePublished\":\"2022-09-15T14:03:50+00:00\",\"dateModified\":\"2022-09-15T16:42:04+00:00\",\"author\":{\"@id\":\"https:\/\/www.africa-press.net\/cameroun\/#\/schema\/person\/2b1cf3cd81a31e3cd26889ca66d677f1\"},\"description\":\"Dans le cadre des op\u00e9rations de maintien de la paix en R\u00e9publique Centrafricaine pour le compte de Mission multidimensio ...\",\"breadcrumb\":{\"@id\":\"https:\/\/www.africa-press.net\/cameroun\/toutes-les-actualites\/securite-transfrontaliere-750-soldats-camerounais-de-la-minusca-en-partance-pour-le-maintien-de-la-paix-en-centrafrique#breadcrumb\"},\"inLanguage\":\"fr-FR\",\"potentialAction\":[{\"@type\":\"ReadAction\",\"target\":[\"https:\/\/www.africa-press.net\/cameroun\/toutes-les-actualites\/securite-transfrontaliere-750-soldats-camerounais-de-la-minusca-en-partance-pour-le-maintien-de-la-paix-en-centrafrique\"]}]},{\"@type\":\"ImageObject\",\"inLanguage\":\"fr-FR\",\"@id\":\"https:\/\/www.africa-press.net\/cameroun\/toutes-les-actualites\/securite-transfrontaliere-750-soldats-camerounais-de-la-minusca-en-partance-pour-le-maintien-de-la-paix-en-centrafrique#primaryimage\",\"url\":\"https:\/\/static.africa-press.net\/cameroun\/sites\/57\/2022\/09\/img-632355c7392be.jpg\",\"contentUrl\":\"https:\/\/static.africa-press.net\/cameroun\/sites\/57\/2022\/09\/img-632355c7392be.jpg\",\"width\":800,\"height\":471,\"caption\":\"S\u00e9curit\u00e9 transfrontali\u00e8re: 750 soldats camerounais de la MINUSCA \u00a0en partance pour\u00a0 le maintien de la paix en Centrafrique\"},{\"@type\":\"BreadcrumbList\",\"@id\":\"https:\/\/www.africa-press.net\/cameroun\/toutes-les-actualites\/securite-transfrontaliere-750-soldats-camerounais-de-la-minusca-en-partance-pour-le-maintien-de-la-paix-en-centrafrique#breadcrumb\",\"itemListElement\":[{\"@type\":\"ListItem\",\"position\":1,\"name\":\"Accueil\",\"item\":\"https:\/\/www.africa-press.net\/cameroun\/\"},{\"@type\":\"ListItem\",\"position\":2,\"name\":\"S\u00e9curit\u00e9 transfrontali\u00e8re: 750 soldats camerounais de la MINUSCA \u00a0en partance pour\u00a0 le maintien de la paix en Centrafrique\"}]},{\"@type\":\"WebSite\",\"@id\":\"https:\/\/www.africa-press.net\/cameroun\/#website\",\"url\":\"https:\/\/www.africa-press.net\/cameroun\/\",\"name\":\"Cameroun\",\"description\":\"Just another Africa News Agency Sites site\",\"potentialAction\":[{\"@type\":\"SearchAction\",\"target\":{\"@type\":\"EntryPoint\",\"urlTemplate\":\"https:\/\/www.africa-press.net\/cameroun\/?s={search_term_string}\"},\"query-input\":{\"@type\":\"PropertyValueSpecification\",\"valueRequired\":true,\"valueName\":\"search_term_string\"}}],\"inLanguage\":\"fr-FR\"},{\"@type\":\"Person\",\"@id\":\"https:\/\/www.africa-press.net\/cameroun\/#\/schema\/person\/2b1cf3cd81a31e3cd26889ca66d677f1\",\"name\":\"cfeditorfr\"}]}<\/script>\n<!-- \/ Yoast SEO Premium plugin. -->","yoast_head_json":{"title":"S\u00e9curit\u00e9 transfrontali\u00e8re: 750 soldats camerounais de la MINUSCA \u00a0en partance pour\u00a0 le maintien de la paix en Centrafrique - Cameroun","description":"Dans le cadre des op\u00e9rations de maintien de la paix en R\u00e9publique Centrafricaine pour le compte de Mission multidimensio ...","robots":{"index":"index","follow":"follow","max-snippet":"max-snippet:-1","max-image-preview":"max-image-preview:large","max-video-preview":"max-video-preview:-1"},"canonical":"https:\/\/www.africa-press.net\/cameroun\/toutes-les-actualites\/securite-transfrontaliere-750-soldats-camerounais-de-la-minusca-en-partance-pour-le-maintien-de-la-paix-en-centrafrique","og_locale":"fr_FR","og_type":"article","og_title":"S\u00e9curit\u00e9 transfrontali\u00e8re: 750 soldats camerounais de la MINUSCA \u00a0en partance pour\u00a0 le maintien de la paix en Centrafrique","og_description":"Dans le cadre des op\u00e9rations de maintien de la paix en R\u00e9publique Centrafricaine pour le compte de Mission multidimensio ...","og_url":"https:\/\/www.africa-press.net\/cameroun\/toutes-les-actualites\/securite-transfrontaliere-750-soldats-camerounais-de-la-minusca-en-partance-pour-le-maintien-de-la-paix-en-centrafrique","og_site_name":"Cameroun","article_published_time":"2022-09-15T14:03:50+00:00","article_modified_time":"2022-09-15T16:42:04+00:00","og_image":[{"width":800,"height":471,"url":"https:\/\/static.africa-press.net\/cameroun\/sites\/57\/2022\/09\/img-632355c7392be.jpg","type":"image\/jpeg"}],"author":"cfeditorfr","twitter_card":"summary_large_image","twitter_misc":{"\u00c9crit par":"cfeditorfr","Dur\u00e9e de lecture estim\u00e9e":"2 minutes"},"schema":{"@context":"https:\/\/schema.org","@graph":[{"@type":"Article","@id":"https:\/\/www.africa-press.net\/cameroun\/toutes-les-actualites\/securite-transfrontaliere-750-soldats-camerounais-de-la-minusca-en-partance-pour-le-maintien-de-la-paix-en-centrafrique#article","isPartOf":{"@id":"https:\/\/www.africa-press.net\/cameroun\/toutes-les-actualites\/securite-transfrontaliere-750-soldats-camerounais-de-la-minusca-en-partance-pour-le-maintien-de-la-paix-en-centrafrique"},"author":{"name":"cfeditorfr","@id":"https:\/\/www.africa-press.net\/cameroun\/#\/schema\/person\/2b1cf3cd81a31e3cd26889ca66d677f1"},"headline":"S\u00e9curit\u00e9 transfrontali\u00e8re: 750 soldats camerounais de la MINUSCA \u00a0en partance pour\u00a0 le maintien de la paix en Centrafrique","datePublished":"2022-09-15T14:03:50+00:00","dateModified":"2022-09-15T16:42:04+00:00","mainEntityOfPage":{"@id":"https:\/\/www.africa-press.net\/cameroun\/toutes-les-actualites\/securite-transfrontaliere-750-soldats-camerounais-de-la-minusca-en-partance-pour-le-maintien-de-la-paix-en-centrafrique"},"wordCount":333,"commentCount":0,"image":{"@id":"https:\/\/www.africa-press.net\/cameroun\/toutes-les-actualites\/securite-transfrontaliere-750-soldats-camerounais-de-la-minusca-en-partance-pour-le-maintien-de-la-paix-en-centrafrique#primaryimage"},"thumbnailUrl":"https:\/\/static.africa-press.net\/cameroun\/sites\/57\/2022\/09\/img-632355c7392be.jpg","keywords":["Africa Press","Africa Press-Cameroun","Cameroun"],"articleSection":["Communaut\u00e9","homepage-french","Toutes les actualit\u00e9s"],"inLanguage":"fr-FR","potentialAction":[{"@type":"CommentAction","name":"Comment","target":["https:\/\/www.africa-press.net\/cameroun\/toutes-les-actualites\/securite-transfrontaliere-750-soldats-camerounais-de-la-minusca-en-partance-pour-le-maintien-de-la-paix-en-centrafrique#respond"]}]},{"@type":"WebPage","@id":"https:\/\/www.africa-press.net\/cameroun\/toutes-les-actualites\/securite-transfrontaliere-750-soldats-camerounais-de-la-minusca-en-partance-pour-le-maintien-de-la-paix-en-centrafrique","url":"https:\/\/www.africa-press.net\/cameroun\/toutes-les-actualites\/securite-transfrontaliere-750-soldats-camerounais-de-la-minusca-en-partance-pour-le-maintien-de-la-paix-en-centrafrique","name":"S\u00e9curit\u00e9 transfrontali\u00e8re: 750 soldats camerounais de la MINUSCA \u00a0en partance pour\u00a0 le maintien de la paix en Centrafrique - Cameroun","isPartOf":{"@id":"https:\/\/www.africa-press.net\/cameroun\/#website"},"primaryImageOfPage":{"@id":"https:\/\/www.africa-press.net\/cameroun\/toutes-les-actualites\/securite-transfrontaliere-750-soldats-camerounais-de-la-minusca-en-partance-pour-le-maintien-de-la-paix-en-centrafrique#primaryimage"},"image":{"@id":"https:\/\/www.africa-press.net\/cameroun\/toutes-les-actualites\/securite-transfrontaliere-750-soldats-camerounais-de-la-minusca-en-partance-pour-le-maintien-de-la-paix-en-centrafrique#primaryimage"},"thumbnailUrl":"https:\/\/static.africa-press.net\/cameroun\/sites\/57\/2022\/09\/img-632355c7392be.jpg","datePublished":"2022-09-15T14:03:50+00:00","dateModified":"2022-09-15T16:42:04+00:00","author":{"@id":"https:\/\/www.africa-press.net\/cameroun\/#\/schema\/person\/2b1cf3cd81a31e3cd26889ca66d677f1"},"description":"Dans le cadre des op\u00e9rations de maintien de la paix en R\u00e9publique Centrafricaine pour le compte de Mission multidimensio ...","breadcrumb":{"@id":"https:\/\/www.africa-press.net\/cameroun\/toutes-les-actualites\/securite-transfrontaliere-750-soldats-camerounais-de-la-minusca-en-partance-pour-le-maintien-de-la-paix-en-centrafrique#breadcrumb"},"inLanguage":"fr-FR","potentialAction":[{"@type":"ReadAction","target":["https:\/\/www.africa-press.net\/cameroun\/toutes-les-actualites\/securite-transfrontaliere-750-soldats-camerounais-de-la-minusca-en-partance-pour-le-maintien-de-la-paix-en-centrafrique"]}]},{"@type":"ImageObject","inLanguage":"fr-FR","@id":"https:\/\/www.africa-press.net\/cameroun\/toutes-les-actualites\/securite-transfrontaliere-750-soldats-camerounais-de-la-minusca-en-partance-pour-le-maintien-de-la-paix-en-centrafrique#primaryimage","url":"https:\/\/static.africa-press.net\/cameroun\/sites\/57\/2022\/09\/img-632355c7392be.jpg","contentUrl":"https:\/\/static.africa-press.net\/cameroun\/sites\/57\/2022\/09\/img-632355c7392be.jpg","width":800,"height":471,"caption":"S\u00e9curit\u00e9 transfrontali\u00e8re: 750 soldats camerounais de la MINUSCA \u00a0en partance pour\u00a0 le maintien de la paix en Centrafrique"},{"@type":"BreadcrumbList","@id":"https:\/\/www.africa-press.net\/cameroun\/toutes-les-actualites\/securite-transfrontaliere-750-soldats-camerounais-de-la-minusca-en-partance-pour-le-maintien-de-la-paix-en-centrafrique#breadcrumb","itemListElement":[{"@type":"ListItem","position":1,"name":"Accueil","item":"https:\/\/www.africa-press.net\/cameroun\/"},{"@type":"ListItem","position":2,"name":"S\u00e9curit\u00e9 transfrontali\u00e8re: 750 soldats camerounais de la MINUSCA \u00a0en partance pour\u00a0 le maintien de la paix en Centrafrique"}]},{"@type":"WebSite","@id":"https:\/\/www.africa-press.net\/cameroun\/#website","url":"https:\/\/www.africa-press.net\/cameroun\/","name":"Cameroun","description":"Just another Africa News Agency Sites site","potentialAction":[{"@type":"SearchAction","target":{"@type":"EntryPoint","urlTemplate":"https:\/\/www.africa-press.net\/cameroun\/?s={search_term_string}"},"query-input":{"@type":"PropertyValueSpecification","valueRequired":true,"valueName":"search_term_string"}}],"inLanguage":"fr-FR"},{"@type":"Person","@id":"https:\/\/www.africa-press.net\/cameroun\/#\/schema\/person\/2b1cf3cd81a31e3cd26889ca66d677f1","name":"cfeditorfr"}]}},"_links":{"self":[{"href":"https:\/\/www.africa-press.net\/cameroun\/wp-json\/wp\/v2\/posts\/27425","targetHints":{"allow":["GET"]}}],"collection":[{"href":"https:\/\/www.africa-press.net\/cameroun\/wp-json\/wp\/v2\/posts"}],"about":[{"href":"https:\/\/www.africa-press.net\/cameroun\/wp-json\/wp\/v2\/types\/post"}],"author":[{"embeddable":true,"href":"https:\/\/www.africa-press.net\/cameroun\/wp-json\/wp\/v2\/users\/82"}],"replies":[{"embeddable":true,"href":"https:\/\/www.africa-press.net\/cameroun\/wp-json\/wp\/v2\/comments?post=27425"}],"version-history":[{"count":0,"href":"https:\/\/www.africa-press.net\/cameroun\/wp-json\/wp\/v2\/posts\/27425\/revisions"}],"wp:featuredmedia":[{"embeddable":true,"href":"https:\/\/www.africa-press.net\/cameroun\/wp-json\/wp\/v2\/media\/27424"}],"wp:attachment":[{"href":"https:\/\/www.africa-press.net\/cameroun\/wp-json\/wp\/v2\/media?parent=27425"}],"wp:term":[{"taxonomy":"category","embeddable":true,"href":"https:\/\/www.africa-press.net\/cameroun\/wp-json\/wp\/v2\/categories?post=27425"},{"taxonomy":"post_tag","embeddable":true,"href":"https:\/\/www.africa-press.net\/cameroun\/wp-json\/wp\/v2\/tags?post=27425"}],"curies":[{"name":"wp","href":"https:\/\/api.w.org\/{rel}","templated":true}]}}