{"id":27437,"date":"2022-09-15T14:36:19","date_gmt":"2022-09-15T14:36:19","guid":{"rendered":"https:\/\/www.africa-press.net\/cameroun\/politique\/autoroute-yaounde-nsimalen-la-mairie-de-la-ville-de-yaounde-va-activer-leclairage-public-le-long-du-trajet-8-mois-apres-sa-mise-en-service"},"modified":"2022-09-15T16:44:34","modified_gmt":"2022-09-15T16:44:34","slug":"autoroute-yaounde-nsimalen-la-mairie-de-la-ville-de-yaounde-va-activer-leclairage-public-le-long-du-trajet-8-mois-apres-sa-mise-en-service","status":"publish","type":"post","link":"https:\/\/www.africa-press.net\/cameroun\/toutes-les-actualites\/autoroute-yaounde-nsimalen-la-mairie-de-la-ville-de-yaounde-va-activer-leclairage-public-le-long-du-trajet-8-mois-apres-sa-mise-en-service","title":{"rendered":"Autoroute Yaound\u00e9-Nsimalen: La mairie de la ville de Yaound\u00e9 va activer l\u2019\u00e9clairage public le long du trajet, 8 mois apr\u00e8s sa mise en service"},"content":{"rendered":"<p><span style=\"color: #ff6600\"><strong>Africa-Press &#8211; Cameroun. <\/strong><\/span>Le vendredi 9 septembre 2022, une mission interminist\u00e9rielle conduite par le Secr\u00e9taire g\u00e9n\u00e9ral des services du premier ministre, S\u00e9raphin Magloire Fouda, a effectu\u00e9 une visite sur l\u2019autoroute Yaound\u00e9-Nsimalen, ouverte \u00e0 la circulation en janvier dernier, en pr\u00e9lude \u00e0 la Coupe d\u2019Afrique des Nations de Football. Les autorit\u00e9s camerounaises ont relev\u00e9 de nombreux dysfonctionnements dans l\u2019utilisation qui est faite de cette autoroute, et a entrepris de prendre des mesures correctives en vue de contraindre les usagers \u00e0 un meilleur usage de cette route de grande circulation.<\/p>\n<p>Des administrations vont \u00eatre mises \u00e0 contribution dans le cadre de cette mission, parmi lesquelles la mairie de la ville de Yaound\u00e9, qui va proc\u00e9der \u00e0 la fermeture des voix d\u2019acc\u00e8s inopportun\u00e9ment cr\u00e9\u00e9es par des riverains, et activer l\u2019\u00e9clairage public qui \u00e9tait inexistante jusqu\u2019ici. \u00ab <b>La mairie de la ville va souscrire \u00e0 un abonnement aupr\u00e8s de la soci\u00e9t\u00e9 Eneo pour la fourniture de l\u2019\u00e9clairage public fonctionnement sur cette route<\/b> \u00bb, a confi\u00e9 le magistrat de la ville, Luc Messi Atangana, invit\u00e9 de la \u00ab <b>Chronique des Territoires<\/b> \u00bb ce jeudi 15 septembre 2022 sur la Cameroon Radio Telvision (CRTV).<\/p>\n<p>La mairie de la ville va \u00e9galement d\u00e9blayer les encombrements qui jonchent la sortie de cette autoroute au niveau d\u2019Ahala, et mat\u00e9rialiser l\u2019emprise de l\u2019autoroute pour surveiller les incursions des populations riveraines.<\/p>\n<p>Parmi les autres mesures envisag\u00e9es et qui incombent \u00e0 diff\u00e9rentes administrations, il y a : la construction de nouvelles passerelles sur l\u2019autoroute, glissi\u00e8res de l\u2019autoroute, la construction d\u2019une barri\u00e8re le long de l\u2019autoroute pour emp\u00eacher les animaux en divagation de se retrouver sur la voie, mettre en fonctionnement le syst\u00e8me de vid\u00e9osurveillance\u2026<\/p>\n<p>\u00ab <b>L\u2019usage qui est fait de cette autoroute g\u00e9n\u00e8re des probl\u00e8mes, \u00e0 savoir une utilisation non conforme au statut de cette infrastructure. Une route de grande circulation o\u00f9 on constate des actes d\u2019incivisme<\/b> \u00bb, d\u00e9plore Luc Messi Atangana. Ces actes d\u2019incivisme se r\u00e9sume en : la conduite dans le sens contraire de la direction de la circulation, la travers\u00e9e de l\u2019autoroute par les pi\u00e9tons, la pr\u00e9sence des v\u00e9hicules d\u2019auto\u00e9cole, la multiplication des voies d\u2019acc\u00e8s inopportunes par des riverains, le vandalisme avec la destruction de certains \u00e9l\u00e9ments de cette infrastructure, des actes d\u2019agression.<\/p>\n<p><strong>Pour plus d&rsquo;informations et d&rsquo;analyses sur la <a href=\"https:\/\/www.africa-press.net\/cameroun\">Cameroun<\/a>, suivez <a href=\"https:\/\/www.africa-press.net\/\">Africa-Press<\/a><\/strong><\/p>\n","protected":false},"excerpt":{"rendered":"<p>Africa-Press &#8211; Cameroun. Le vendredi 9 septembre 2022, une mission interminist\u00e9rielle conduite par le Secr\u00e9taire g\u00e9n\u00e9ral des services du premier ministre, S\u00e9raphin Magloire Fouda, a effectu\u00e9 une visite sur l\u2019autoroute Yaound\u00e9-Nsimalen, ouverte \u00e0 la circulation en janvier dernier, en pr\u00e9lude \u00e0 la Coupe d\u2019Afrique des Nations de Football. Les autorit\u00e9s camerounaises ont relev\u00e9 de nombreux [&hellip;]<\/p>\n","protected":false},"author":82,"featured_media":27436,"comment_status":"open","ping_status":"closed","sticky":false,"template":"","format":"standard","meta":{"footnotes":""},"categories":[21,11,10],"tags":[36,50,49],"class_list":["post-27437","post","type-post","status-publish","format-standard","has-post-thumbnail","hentry","category-communaute","category-homepage-french","category-toutes-les-actualites","tag-africa-press","tag-africa-press-cameroun","tag-cameroun"],"yoast_head":"<!-- This site is optimized with the Yoast SEO Premium plugin v26.1 (Yoast SEO v27.0) - https:\/\/yoast.com\/product\/yoast-seo-premium-wordpress\/ -->\n<title>Autoroute Yaound\u00e9-Nsimalen: La mairie de la ville de Yaound\u00e9 va activer l\u2019\u00e9clairage public le long du trajet, 8 mois apr\u00e8s sa mise en service - Cameroun<\/title>\n<meta name=\"description\" content=\"Le vendredi 9 septembre 2022, une mission interminist\u00e9rielle conduite par le Secr\u00e9taire g\u00e9n\u00e9ral des services du premier ...\" \/>\n<meta name=\"robots\" content=\"index, follow, max-snippet:-1, max-image-preview:large, max-video-preview:-1\" \/>\n<link rel=\"canonical\" href=\"https:\/\/www.africa-press.net\/cameroun\/toutes-les-actualites\/autoroute-yaounde-nsimalen-la-mairie-de-la-ville-de-yaounde-va-activer-leclairage-public-le-long-du-trajet-8-mois-apres-sa-mise-en-service\" \/>\n<meta property=\"og:locale\" content=\"fr_FR\" \/>\n<meta property=\"og:type\" content=\"article\" \/>\n<meta property=\"og:title\" content=\"Autoroute Yaound\u00e9-Nsimalen: La mairie de la ville de Yaound\u00e9 va activer l\u2019\u00e9clairage public le long du trajet, 8 mois apr\u00e8s sa mise en service\" \/>\n<meta property=\"og:description\" content=\"Le vendredi 9 septembre 2022, une mission interminist\u00e9rielle conduite par le Secr\u00e9taire g\u00e9n\u00e9ral des services du premier ...\" \/>\n<meta property=\"og:url\" content=\"https:\/\/www.africa-press.net\/cameroun\/toutes-les-actualites\/autoroute-yaounde-nsimalen-la-mairie-de-la-ville-de-yaounde-va-activer-leclairage-public-le-long-du-trajet-8-mois-apres-sa-mise-en-service\" \/>\n<meta property=\"og:site_name\" content=\"Cameroun\" \/>\n<meta property=\"article:published_time\" content=\"2022-09-15T14:36:19+00:00\" \/>\n<meta property=\"article:modified_time\" content=\"2022-09-15T16:44:34+00:00\" \/>\n<meta property=\"og:image\" content=\"https:\/\/static.africa-press.net\/cameroun\/sites\/57\/2022\/09\/img-6323565beb879.jpg\" \/>\n\t<meta property=\"og:image:width\" content=\"800\" \/>\n\t<meta property=\"og:image:height\" content=\"317\" \/>\n\t<meta property=\"og:image:type\" content=\"image\/jpeg\" \/>\n<meta name=\"author\" content=\"cfeditorfr\" \/>\n<meta name=\"twitter:card\" content=\"summary_large_image\" \/>\n<meta name=\"twitter:label1\" content=\"\u00c9crit par\" \/>\n\t<meta name=\"twitter:data1\" content=\"cfeditorfr\" \/>\n\t<meta name=\"twitter:label2\" content=\"Dur\u00e9e de lecture estim\u00e9e\" \/>\n\t<meta name=\"twitter:data2\" content=\"2 minutes\" \/>\n<script type=\"application\/ld+json\" class=\"yoast-schema-graph\">{\"@context\":\"https:\/\/schema.org\",\"@graph\":[{\"@type\":\"Article\",\"@id\":\"https:\/\/www.africa-press.net\/cameroun\/toutes-les-actualites\/autoroute-yaounde-nsimalen-la-mairie-de-la-ville-de-yaounde-va-activer-leclairage-public-le-long-du-trajet-8-mois-apres-sa-mise-en-service#article\",\"isPartOf\":{\"@id\":\"https:\/\/www.africa-press.net\/cameroun\/toutes-les-actualites\/autoroute-yaounde-nsimalen-la-mairie-de-la-ville-de-yaounde-va-activer-leclairage-public-le-long-du-trajet-8-mois-apres-sa-mise-en-service\"},\"author\":{\"name\":\"cfeditorfr\",\"@id\":\"https:\/\/www.africa-press.net\/cameroun\/#\/schema\/person\/2b1cf3cd81a31e3cd26889ca66d677f1\"},\"headline\":\"Autoroute Yaound\u00e9-Nsimalen: La mairie de la ville de Yaound\u00e9 va activer l\u2019\u00e9clairage public le long du trajet, 8 mois apr\u00e8s sa mise en service\",\"datePublished\":\"2022-09-15T14:36:19+00:00\",\"dateModified\":\"2022-09-15T16:44:34+00:00\",\"mainEntityOfPage\":{\"@id\":\"https:\/\/www.africa-press.net\/cameroun\/toutes-les-actualites\/autoroute-yaounde-nsimalen-la-mairie-de-la-ville-de-yaounde-va-activer-leclairage-public-le-long-du-trajet-8-mois-apres-sa-mise-en-service\"},\"wordCount\":438,\"commentCount\":0,\"image\":{\"@id\":\"https:\/\/www.africa-press.net\/cameroun\/toutes-les-actualites\/autoroute-yaounde-nsimalen-la-mairie-de-la-ville-de-yaounde-va-activer-leclairage-public-le-long-du-trajet-8-mois-apres-sa-mise-en-service#primaryimage\"},\"thumbnailUrl\":\"https:\/\/static.africa-press.net\/cameroun\/sites\/57\/2022\/09\/img-6323565beb879.jpg\",\"keywords\":[\"Africa Press\",\"Africa Press-Cameroun\",\"Cameroun\"],\"articleSection\":[\"Communaut\u00e9\",\"homepage-french\",\"Toutes les actualit\u00e9s\"],\"inLanguage\":\"fr-FR\",\"potentialAction\":[{\"@type\":\"CommentAction\",\"name\":\"Comment\",\"target\":[\"https:\/\/www.africa-press.net\/cameroun\/toutes-les-actualites\/autoroute-yaounde-nsimalen-la-mairie-de-la-ville-de-yaounde-va-activer-leclairage-public-le-long-du-trajet-8-mois-apres-sa-mise-en-service#respond\"]}]},{\"@type\":\"WebPage\",\"@id\":\"https:\/\/www.africa-press.net\/cameroun\/toutes-les-actualites\/autoroute-yaounde-nsimalen-la-mairie-de-la-ville-de-yaounde-va-activer-leclairage-public-le-long-du-trajet-8-mois-apres-sa-mise-en-service\",\"url\":\"https:\/\/www.africa-press.net\/cameroun\/toutes-les-actualites\/autoroute-yaounde-nsimalen-la-mairie-de-la-ville-de-yaounde-va-activer-leclairage-public-le-long-du-trajet-8-mois-apres-sa-mise-en-service\",\"name\":\"Autoroute Yaound\u00e9-Nsimalen: La mairie de la ville de Yaound\u00e9 va activer l\u2019\u00e9clairage public le long du trajet, 8 mois apr\u00e8s sa mise en service - Cameroun\",\"isPartOf\":{\"@id\":\"https:\/\/www.africa-press.net\/cameroun\/#website\"},\"primaryImageOfPage\":{\"@id\":\"https:\/\/www.africa-press.net\/cameroun\/toutes-les-actualites\/autoroute-yaounde-nsimalen-la-mairie-de-la-ville-de-yaounde-va-activer-leclairage-public-le-long-du-trajet-8-mois-apres-sa-mise-en-service#primaryimage\"},\"image\":{\"@id\":\"https:\/\/www.africa-press.net\/cameroun\/toutes-les-actualites\/autoroute-yaounde-nsimalen-la-mairie-de-la-ville-de-yaounde-va-activer-leclairage-public-le-long-du-trajet-8-mois-apres-sa-mise-en-service#primaryimage\"},\"thumbnailUrl\":\"https:\/\/static.africa-press.net\/cameroun\/sites\/57\/2022\/09\/img-6323565beb879.jpg\",\"datePublished\":\"2022-09-15T14:36:19+00:00\",\"dateModified\":\"2022-09-15T16:44:34+00:00\",\"author\":{\"@id\":\"https:\/\/www.africa-press.net\/cameroun\/#\/schema\/person\/2b1cf3cd81a31e3cd26889ca66d677f1\"},\"description\":\"Le vendredi 9 septembre 2022, une mission interminist\u00e9rielle conduite par le Secr\u00e9taire g\u00e9n\u00e9ral des services du premier ...\",\"breadcrumb\":{\"@id\":\"https:\/\/www.africa-press.net\/cameroun\/toutes-les-actualites\/autoroute-yaounde-nsimalen-la-mairie-de-la-ville-de-yaounde-va-activer-leclairage-public-le-long-du-trajet-8-mois-apres-sa-mise-en-service#breadcrumb\"},\"inLanguage\":\"fr-FR\",\"potentialAction\":[{\"@type\":\"ReadAction\",\"target\":[\"https:\/\/www.africa-press.net\/cameroun\/toutes-les-actualites\/autoroute-yaounde-nsimalen-la-mairie-de-la-ville-de-yaounde-va-activer-leclairage-public-le-long-du-trajet-8-mois-apres-sa-mise-en-service\"]}]},{\"@type\":\"ImageObject\",\"inLanguage\":\"fr-FR\",\"@id\":\"https:\/\/www.africa-press.net\/cameroun\/toutes-les-actualites\/autoroute-yaounde-nsimalen-la-mairie-de-la-ville-de-yaounde-va-activer-leclairage-public-le-long-du-trajet-8-mois-apres-sa-mise-en-service#primaryimage\",\"url\":\"https:\/\/static.africa-press.net\/cameroun\/sites\/57\/2022\/09\/img-6323565beb879.jpg\",\"contentUrl\":\"https:\/\/static.africa-press.net\/cameroun\/sites\/57\/2022\/09\/img-6323565beb879.jpg\",\"width\":800,\"height\":317,\"caption\":\"Autoroute Yaound\u00e9-Nsimalen: La mairie de la ville de Yaound\u00e9 va activer l\u2019\u00e9clairage public le long du trajet, 8 mois apr\u00e8s sa mise en service\"},{\"@type\":\"BreadcrumbList\",\"@id\":\"https:\/\/www.africa-press.net\/cameroun\/toutes-les-actualites\/autoroute-yaounde-nsimalen-la-mairie-de-la-ville-de-yaounde-va-activer-leclairage-public-le-long-du-trajet-8-mois-apres-sa-mise-en-service#breadcrumb\",\"itemListElement\":[{\"@type\":\"ListItem\",\"position\":1,\"name\":\"Accueil\",\"item\":\"https:\/\/www.africa-press.net\/cameroun\/\"},{\"@type\":\"ListItem\",\"position\":2,\"name\":\"Autoroute Yaound\u00e9-Nsimalen: La mairie de la ville de Yaound\u00e9 va activer l\u2019\u00e9clairage public le long du trajet, 8 mois apr\u00e8s sa mise en service\"}]},{\"@type\":\"WebSite\",\"@id\":\"https:\/\/www.africa-press.net\/cameroun\/#website\",\"url\":\"https:\/\/www.africa-press.net\/cameroun\/\",\"name\":\"Cameroun\",\"description\":\"Just another Africa News Agency Sites site\",\"potentialAction\":[{\"@type\":\"SearchAction\",\"target\":{\"@type\":\"EntryPoint\",\"urlTemplate\":\"https:\/\/www.africa-press.net\/cameroun\/?s={search_term_string}\"},\"query-input\":{\"@type\":\"PropertyValueSpecification\",\"valueRequired\":true,\"valueName\":\"search_term_string\"}}],\"inLanguage\":\"fr-FR\"},{\"@type\":\"Person\",\"@id\":\"https:\/\/www.africa-press.net\/cameroun\/#\/schema\/person\/2b1cf3cd81a31e3cd26889ca66d677f1\",\"name\":\"cfeditorfr\"}]}<\/script>\n<!-- \/ Yoast SEO Premium plugin. -->","yoast_head_json":{"title":"Autoroute Yaound\u00e9-Nsimalen: La mairie de la ville de Yaound\u00e9 va activer l\u2019\u00e9clairage public le long du trajet, 8 mois apr\u00e8s sa mise en service - Cameroun","description":"Le vendredi 9 septembre 2022, une mission interminist\u00e9rielle conduite par le Secr\u00e9taire g\u00e9n\u00e9ral des services du premier ...","robots":{"index":"index","follow":"follow","max-snippet":"max-snippet:-1","max-image-preview":"max-image-preview:large","max-video-preview":"max-video-preview:-1"},"canonical":"https:\/\/www.africa-press.net\/cameroun\/toutes-les-actualites\/autoroute-yaounde-nsimalen-la-mairie-de-la-ville-de-yaounde-va-activer-leclairage-public-le-long-du-trajet-8-mois-apres-sa-mise-en-service","og_locale":"fr_FR","og_type":"article","og_title":"Autoroute Yaound\u00e9-Nsimalen: La mairie de la ville de Yaound\u00e9 va activer l\u2019\u00e9clairage public le long du trajet, 8 mois apr\u00e8s sa mise en service","og_description":"Le vendredi 9 septembre 2022, une mission interminist\u00e9rielle conduite par le Secr\u00e9taire g\u00e9n\u00e9ral des services du premier ...","og_url":"https:\/\/www.africa-press.net\/cameroun\/toutes-les-actualites\/autoroute-yaounde-nsimalen-la-mairie-de-la-ville-de-yaounde-va-activer-leclairage-public-le-long-du-trajet-8-mois-apres-sa-mise-en-service","og_site_name":"Cameroun","article_published_time":"2022-09-15T14:36:19+00:00","article_modified_time":"2022-09-15T16:44:34+00:00","og_image":[{"width":800,"height":317,"url":"https:\/\/static.africa-press.net\/cameroun\/sites\/57\/2022\/09\/img-6323565beb879.jpg","type":"image\/jpeg"}],"author":"cfeditorfr","twitter_card":"summary_large_image","twitter_misc":{"\u00c9crit par":"cfeditorfr","Dur\u00e9e de lecture estim\u00e9e":"2 minutes"},"schema":{"@context":"https:\/\/schema.org","@graph":[{"@type":"Article","@id":"https:\/\/www.africa-press.net\/cameroun\/toutes-les-actualites\/autoroute-yaounde-nsimalen-la-mairie-de-la-ville-de-yaounde-va-activer-leclairage-public-le-long-du-trajet-8-mois-apres-sa-mise-en-service#article","isPartOf":{"@id":"https:\/\/www.africa-press.net\/cameroun\/toutes-les-actualites\/autoroute-yaounde-nsimalen-la-mairie-de-la-ville-de-yaounde-va-activer-leclairage-public-le-long-du-trajet-8-mois-apres-sa-mise-en-service"},"author":{"name":"cfeditorfr","@id":"https:\/\/www.africa-press.net\/cameroun\/#\/schema\/person\/2b1cf3cd81a31e3cd26889ca66d677f1"},"headline":"Autoroute Yaound\u00e9-Nsimalen: La mairie de la ville de Yaound\u00e9 va activer l\u2019\u00e9clairage public le long du trajet, 8 mois apr\u00e8s sa mise en service","datePublished":"2022-09-15T14:36:19+00:00","dateModified":"2022-09-15T16:44:34+00:00","mainEntityOfPage":{"@id":"https:\/\/www.africa-press.net\/cameroun\/toutes-les-actualites\/autoroute-yaounde-nsimalen-la-mairie-de-la-ville-de-yaounde-va-activer-leclairage-public-le-long-du-trajet-8-mois-apres-sa-mise-en-service"},"wordCount":438,"commentCount":0,"image":{"@id":"https:\/\/www.africa-press.net\/cameroun\/toutes-les-actualites\/autoroute-yaounde-nsimalen-la-mairie-de-la-ville-de-yaounde-va-activer-leclairage-public-le-long-du-trajet-8-mois-apres-sa-mise-en-service#primaryimage"},"thumbnailUrl":"https:\/\/static.africa-press.net\/cameroun\/sites\/57\/2022\/09\/img-6323565beb879.jpg","keywords":["Africa Press","Africa Press-Cameroun","Cameroun"],"articleSection":["Communaut\u00e9","homepage-french","Toutes les actualit\u00e9s"],"inLanguage":"fr-FR","potentialAction":[{"@type":"CommentAction","name":"Comment","target":["https:\/\/www.africa-press.net\/cameroun\/toutes-les-actualites\/autoroute-yaounde-nsimalen-la-mairie-de-la-ville-de-yaounde-va-activer-leclairage-public-le-long-du-trajet-8-mois-apres-sa-mise-en-service#respond"]}]},{"@type":"WebPage","@id":"https:\/\/www.africa-press.net\/cameroun\/toutes-les-actualites\/autoroute-yaounde-nsimalen-la-mairie-de-la-ville-de-yaounde-va-activer-leclairage-public-le-long-du-trajet-8-mois-apres-sa-mise-en-service","url":"https:\/\/www.africa-press.net\/cameroun\/toutes-les-actualites\/autoroute-yaounde-nsimalen-la-mairie-de-la-ville-de-yaounde-va-activer-leclairage-public-le-long-du-trajet-8-mois-apres-sa-mise-en-service","name":"Autoroute Yaound\u00e9-Nsimalen: La mairie de la ville de Yaound\u00e9 va activer l\u2019\u00e9clairage public le long du trajet, 8 mois apr\u00e8s sa mise en service - Cameroun","isPartOf":{"@id":"https:\/\/www.africa-press.net\/cameroun\/#website"},"primaryImageOfPage":{"@id":"https:\/\/www.africa-press.net\/cameroun\/toutes-les-actualites\/autoroute-yaounde-nsimalen-la-mairie-de-la-ville-de-yaounde-va-activer-leclairage-public-le-long-du-trajet-8-mois-apres-sa-mise-en-service#primaryimage"},"image":{"@id":"https:\/\/www.africa-press.net\/cameroun\/toutes-les-actualites\/autoroute-yaounde-nsimalen-la-mairie-de-la-ville-de-yaounde-va-activer-leclairage-public-le-long-du-trajet-8-mois-apres-sa-mise-en-service#primaryimage"},"thumbnailUrl":"https:\/\/static.africa-press.net\/cameroun\/sites\/57\/2022\/09\/img-6323565beb879.jpg","datePublished":"2022-09-15T14:36:19+00:00","dateModified":"2022-09-15T16:44:34+00:00","author":{"@id":"https:\/\/www.africa-press.net\/cameroun\/#\/schema\/person\/2b1cf3cd81a31e3cd26889ca66d677f1"},"description":"Le vendredi 9 septembre 2022, une mission interminist\u00e9rielle conduite par le Secr\u00e9taire g\u00e9n\u00e9ral des services du premier ...","breadcrumb":{"@id":"https:\/\/www.africa-press.net\/cameroun\/toutes-les-actualites\/autoroute-yaounde-nsimalen-la-mairie-de-la-ville-de-yaounde-va-activer-leclairage-public-le-long-du-trajet-8-mois-apres-sa-mise-en-service#breadcrumb"},"inLanguage":"fr-FR","potentialAction":[{"@type":"ReadAction","target":["https:\/\/www.africa-press.net\/cameroun\/toutes-les-actualites\/autoroute-yaounde-nsimalen-la-mairie-de-la-ville-de-yaounde-va-activer-leclairage-public-le-long-du-trajet-8-mois-apres-sa-mise-en-service"]}]},{"@type":"ImageObject","inLanguage":"fr-FR","@id":"https:\/\/www.africa-press.net\/cameroun\/toutes-les-actualites\/autoroute-yaounde-nsimalen-la-mairie-de-la-ville-de-yaounde-va-activer-leclairage-public-le-long-du-trajet-8-mois-apres-sa-mise-en-service#primaryimage","url":"https:\/\/static.africa-press.net\/cameroun\/sites\/57\/2022\/09\/img-6323565beb879.jpg","contentUrl":"https:\/\/static.africa-press.net\/cameroun\/sites\/57\/2022\/09\/img-6323565beb879.jpg","width":800,"height":317,"caption":"Autoroute Yaound\u00e9-Nsimalen: La mairie de la ville de Yaound\u00e9 va activer l\u2019\u00e9clairage public le long du trajet, 8 mois apr\u00e8s sa mise en service"},{"@type":"BreadcrumbList","@id":"https:\/\/www.africa-press.net\/cameroun\/toutes-les-actualites\/autoroute-yaounde-nsimalen-la-mairie-de-la-ville-de-yaounde-va-activer-leclairage-public-le-long-du-trajet-8-mois-apres-sa-mise-en-service#breadcrumb","itemListElement":[{"@type":"ListItem","position":1,"name":"Accueil","item":"https:\/\/www.africa-press.net\/cameroun\/"},{"@type":"ListItem","position":2,"name":"Autoroute Yaound\u00e9-Nsimalen: La mairie de la ville de Yaound\u00e9 va activer l\u2019\u00e9clairage public le long du trajet, 8 mois apr\u00e8s sa mise en service"}]},{"@type":"WebSite","@id":"https:\/\/www.africa-press.net\/cameroun\/#website","url":"https:\/\/www.africa-press.net\/cameroun\/","name":"Cameroun","description":"Just another Africa News Agency Sites site","potentialAction":[{"@type":"SearchAction","target":{"@type":"EntryPoint","urlTemplate":"https:\/\/www.africa-press.net\/cameroun\/?s={search_term_string}"},"query-input":{"@type":"PropertyValueSpecification","valueRequired":true,"valueName":"search_term_string"}}],"inLanguage":"fr-FR"},{"@type":"Person","@id":"https:\/\/www.africa-press.net\/cameroun\/#\/schema\/person\/2b1cf3cd81a31e3cd26889ca66d677f1","name":"cfeditorfr"}]}},"_links":{"self":[{"href":"https:\/\/www.africa-press.net\/cameroun\/wp-json\/wp\/v2\/posts\/27437","targetHints":{"allow":["GET"]}}],"collection":[{"href":"https:\/\/www.africa-press.net\/cameroun\/wp-json\/wp\/v2\/posts"}],"about":[{"href":"https:\/\/www.africa-press.net\/cameroun\/wp-json\/wp\/v2\/types\/post"}],"author":[{"embeddable":true,"href":"https:\/\/www.africa-press.net\/cameroun\/wp-json\/wp\/v2\/users\/82"}],"replies":[{"embeddable":true,"href":"https:\/\/www.africa-press.net\/cameroun\/wp-json\/wp\/v2\/comments?post=27437"}],"version-history":[{"count":0,"href":"https:\/\/www.africa-press.net\/cameroun\/wp-json\/wp\/v2\/posts\/27437\/revisions"}],"wp:featuredmedia":[{"embeddable":true,"href":"https:\/\/www.africa-press.net\/cameroun\/wp-json\/wp\/v2\/media\/27436"}],"wp:attachment":[{"href":"https:\/\/www.africa-press.net\/cameroun\/wp-json\/wp\/v2\/media?parent=27437"}],"wp:term":[{"taxonomy":"category","embeddable":true,"href":"https:\/\/www.africa-press.net\/cameroun\/wp-json\/wp\/v2\/categories?post=27437"},{"taxonomy":"post_tag","embeddable":true,"href":"https:\/\/www.africa-press.net\/cameroun\/wp-json\/wp\/v2\/tags?post=27437"}],"curies":[{"name":"wp","href":"https:\/\/api.w.org\/{rel}","templated":true}]}}