{"id":2744,"date":"2021-04-28T20:16:51","date_gmt":"2021-04-28T20:16:51","guid":{"rendered":"https:\/\/www.africa-press.net\/cameroun\/politique\/succession-au-gre-a-gre-denis-atangana-hausse-le-ton"},"modified":"2021-04-28T20:27:05","modified_gmt":"2021-04-28T20:27:05","slug":"succession-au-gre-a-gre-denis-atangana-hausse-le-ton","status":"publish","type":"post","link":"https:\/\/www.africa-press.net\/cameroun\/politique\/succession-au-gre-a-gre-denis-atangana-hausse-le-ton","title":{"rendered":"Succession au gr\u00e9 \u00e0 gr\u00e9: D\u00e9nis Atangana hausse le ton"},"content":{"rendered":"<p><span style=\"color: #ff6600\"><strong><a href=\"https:\/\/www.africa-press.net\/\">Africa-Press<\/a> &#8211; <a href=\"https:\/\/www.africa-press.net\/cameroun\">Cameroun<\/a>. <\/strong><\/span>\u00c0 travers une publication sur sa page Facebook ce jour, le pr\u00e9sident du Front des d\u00e9mocrates camerounais (FDC) encourage la contestation de l\u2019opposition et d\u00e9clare l\u2019ill\u00e9gitimit\u00e9 du pr\u00e9sident du Conseil militaire de transition (CMT).<\/p>\n<p>L\u2019homme politique pense que l\u2019Afrique ne doit plus connaitre les transmissions monarchiques du pouvoir. Et que l\u2019Afrique en g\u00e9n\u00e9ral et l\u2019Afrique centrale en particulier ne doit plus bafouer les lois fondamentales. \u00ab Le g\u00e9n\u00e9ral Mahamat Idriss Deby n&rsquo;a aucune l\u00e9gitimit\u00e9 pour pr\u00e9tendre parler au nom du valeureux peuple tchadien en cette p\u00e9riode cruciale. La restauration de la constitution du Tchad demeure une urgence absolue pour une transition politique pacifique. J&rsquo;encourage en ma qualit\u00e9 de d\u00e9mocrate convaincu et engag\u00e9, le peuple ami et fr\u00e8re du Tchad \u00e0 se mobiliser comme un seul homme pour exiger le retour \u00e0 l&rsquo;ordre constitutionnel. L&rsquo;\u00e9poque de la transmission dynastique et monarchique du pouvoir supr\u00eame est r\u00e9volue. L&rsquo;Afrique francophone en g\u00e9n\u00e9ral et l&rsquo;Afrique centrale en particulier doivent arr\u00eater de servir de mauvais exemple par le non-respect de la constitution et des institutions \u00bb, \u00e9crit Denis Atangana, Pr\u00e9sident du FDC.<\/p>\n<p>Au moins 5 morts dans les manifestations contre la junte militaire au pouvoir au Tchad le mardi 27 avril 2021. Apr\u00e8s avoir condamn\u00e9 la r\u00e9pression, Emmanuel Macron a indiqu\u00e9 qu\u2019il voulait un dialogue inclusif et s\u2019oppose \u00e0 tout plan de succession. Le pr\u00e9sident en exercice de l&rsquo;Union Africaine (UA), le Chef de l&rsquo;Etat congolais, Antoine Tshis\u00e9kedi appelle au retour de l&rsquo;ordre constitutionnel.<\/p>\n","protected":false},"excerpt":{"rendered":"<p>Africa-Press &#8211; Cameroun. \u00c0 travers une publication sur sa page Facebook ce jour, le pr\u00e9sident du Front des d\u00e9mocrates camerounais (FDC) encourage la contestation de l\u2019opposition et d\u00e9clare l\u2019ill\u00e9gitimit\u00e9 du pr\u00e9sident du Conseil militaire de transition (CMT). L\u2019homme politique pense que l\u2019Afrique ne doit plus connaitre les transmissions monarchiques du pouvoir. Et que l\u2019Afrique en [&hellip;]<\/p>\n","protected":false},"author":82,"featured_media":2743,"comment_status":"open","ping_status":"closed","sticky":false,"template":"","format":"standard","meta":{"footnotes":""},"categories":[11,2,10],"tags":[36,50,49],"class_list":["post-2744","post","type-post","status-publish","format-standard","has-post-thumbnail","hentry","category-homepage-french","category-politique","category-toutes-les-actualites","tag-africa-press","tag-africa-press-cameroun","tag-cameroun"],"yoast_head":"<!-- This site is optimized with the Yoast SEO Premium plugin v26.1 (Yoast SEO v27.0) - https:\/\/yoast.com\/product\/yoast-seo-premium-wordpress\/ -->\n<title>Succession au gr\u00e9 \u00e0 gr\u00e9: D\u00e9nis Atangana hausse le ton - Cameroun<\/title>\n<meta name=\"description\" content=\"\u00c0 travers une publication sur sa page Facebook ce jour, le pr\u00e9sident du Front des d\u00e9mocrates camerounais (FDC) encourage ...\" \/>\n<meta name=\"robots\" content=\"index, follow, max-snippet:-1, max-image-preview:large, max-video-preview:-1\" \/>\n<link rel=\"canonical\" href=\"https:\/\/www.africa-press.net\/cameroun\/politique\/succession-au-gre-a-gre-denis-atangana-hausse-le-ton\" \/>\n<meta property=\"og:locale\" content=\"fr_FR\" \/>\n<meta property=\"og:type\" content=\"article\" \/>\n<meta property=\"og:title\" content=\"Succession au gr\u00e9 \u00e0 gr\u00e9: D\u00e9nis Atangana hausse le ton\" \/>\n<meta property=\"og:description\" content=\"\u00c0 travers une publication sur sa page Facebook ce jour, le pr\u00e9sident du Front des d\u00e9mocrates camerounais (FDC) encourage ...\" \/>\n<meta property=\"og:url\" content=\"https:\/\/www.africa-press.net\/cameroun\/politique\/succession-au-gre-a-gre-denis-atangana-hausse-le-ton\" \/>\n<meta property=\"og:site_name\" content=\"Cameroun\" \/>\n<meta property=\"article:published_time\" content=\"2021-04-28T20:16:51+00:00\" \/>\n<meta property=\"article:modified_time\" content=\"2021-04-28T20:27:05+00:00\" \/>\n<meta property=\"og:image\" content=\"https:\/\/static.africa-press.net\/cameroun\/sites\/57\/2021\/04\/img-6089c4fc9e3bc.jpg\" \/>\n\t<meta property=\"og:image:width\" content=\"720\" \/>\n\t<meta property=\"og:image:height\" content=\"504\" \/>\n\t<meta property=\"og:image:type\" content=\"image\/jpeg\" \/>\n<meta name=\"author\" content=\"cfeditorfr\" \/>\n<meta name=\"twitter:card\" content=\"summary_large_image\" \/>\n<meta name=\"twitter:label1\" content=\"\u00c9crit par\" \/>\n\t<meta name=\"twitter:data1\" content=\"cfeditorfr\" \/>\n\t<meta name=\"twitter:label2\" content=\"Dur\u00e9e de lecture estim\u00e9e\" \/>\n\t<meta name=\"twitter:data2\" content=\"1 minute\" \/>\n<script type=\"application\/ld+json\" class=\"yoast-schema-graph\">{\"@context\":\"https:\/\/schema.org\",\"@graph\":[{\"@type\":\"Article\",\"@id\":\"https:\/\/www.africa-press.net\/cameroun\/politique\/succession-au-gre-a-gre-denis-atangana-hausse-le-ton#article\",\"isPartOf\":{\"@id\":\"https:\/\/www.africa-press.net\/cameroun\/politique\/succession-au-gre-a-gre-denis-atangana-hausse-le-ton\"},\"author\":{\"name\":\"cfeditorfr\",\"@id\":\"https:\/\/www.africa-press.net\/cameroun\/#\/schema\/person\/2b1cf3cd81a31e3cd26889ca66d677f1\"},\"headline\":\"Succession au gr\u00e9 \u00e0 gr\u00e9: D\u00e9nis Atangana hausse le ton\",\"datePublished\":\"2021-04-28T20:16:51+00:00\",\"dateModified\":\"2021-04-28T20:27:05+00:00\",\"mainEntityOfPage\":{\"@id\":\"https:\/\/www.africa-press.net\/cameroun\/politique\/succession-au-gre-a-gre-denis-atangana-hausse-le-ton\"},\"wordCount\":284,\"commentCount\":0,\"image\":{\"@id\":\"https:\/\/www.africa-press.net\/cameroun\/politique\/succession-au-gre-a-gre-denis-atangana-hausse-le-ton#primaryimage\"},\"thumbnailUrl\":\"https:\/\/static.africa-press.net\/cameroun\/sites\/57\/2021\/04\/img-6089c4fc9e3bc.jpg\",\"keywords\":[\"Africa Press\",\"Africa Press-Cameroun\",\"Cameroun\"],\"articleSection\":[\"homepage-french\",\"Politique\",\"Toutes les actualit\u00e9s\"],\"inLanguage\":\"fr-FR\",\"potentialAction\":[{\"@type\":\"CommentAction\",\"name\":\"Comment\",\"target\":[\"https:\/\/www.africa-press.net\/cameroun\/politique\/succession-au-gre-a-gre-denis-atangana-hausse-le-ton#respond\"]}]},{\"@type\":\"WebPage\",\"@id\":\"https:\/\/www.africa-press.net\/cameroun\/politique\/succession-au-gre-a-gre-denis-atangana-hausse-le-ton\",\"url\":\"https:\/\/www.africa-press.net\/cameroun\/politique\/succession-au-gre-a-gre-denis-atangana-hausse-le-ton\",\"name\":\"Succession au gr\u00e9 \u00e0 gr\u00e9: D\u00e9nis Atangana hausse le ton - Cameroun\",\"isPartOf\":{\"@id\":\"https:\/\/www.africa-press.net\/cameroun\/#website\"},\"primaryImageOfPage\":{\"@id\":\"https:\/\/www.africa-press.net\/cameroun\/politique\/succession-au-gre-a-gre-denis-atangana-hausse-le-ton#primaryimage\"},\"image\":{\"@id\":\"https:\/\/www.africa-press.net\/cameroun\/politique\/succession-au-gre-a-gre-denis-atangana-hausse-le-ton#primaryimage\"},\"thumbnailUrl\":\"https:\/\/static.africa-press.net\/cameroun\/sites\/57\/2021\/04\/img-6089c4fc9e3bc.jpg\",\"datePublished\":\"2021-04-28T20:16:51+00:00\",\"dateModified\":\"2021-04-28T20:27:05+00:00\",\"author\":{\"@id\":\"https:\/\/www.africa-press.net\/cameroun\/#\/schema\/person\/2b1cf3cd81a31e3cd26889ca66d677f1\"},\"description\":\"\u00c0 travers une publication sur sa page Facebook ce jour, le pr\u00e9sident du Front des d\u00e9mocrates camerounais (FDC) encourage ...\",\"breadcrumb\":{\"@id\":\"https:\/\/www.africa-press.net\/cameroun\/politique\/succession-au-gre-a-gre-denis-atangana-hausse-le-ton#breadcrumb\"},\"inLanguage\":\"fr-FR\",\"potentialAction\":[{\"@type\":\"ReadAction\",\"target\":[\"https:\/\/www.africa-press.net\/cameroun\/politique\/succession-au-gre-a-gre-denis-atangana-hausse-le-ton\"]}]},{\"@type\":\"ImageObject\",\"inLanguage\":\"fr-FR\",\"@id\":\"https:\/\/www.africa-press.net\/cameroun\/politique\/succession-au-gre-a-gre-denis-atangana-hausse-le-ton#primaryimage\",\"url\":\"https:\/\/static.africa-press.net\/cameroun\/sites\/57\/2021\/04\/img-6089c4fc9e3bc.jpg\",\"contentUrl\":\"https:\/\/static.africa-press.net\/cameroun\/sites\/57\/2021\/04\/img-6089c4fc9e3bc.jpg\",\"width\":720,\"height\":504,\"caption\":\"Succession au gr\u00e9 \u00e0 gr\u00e9: D\u00e9nis Atangana hausse le ton\"},{\"@type\":\"BreadcrumbList\",\"@id\":\"https:\/\/www.africa-press.net\/cameroun\/politique\/succession-au-gre-a-gre-denis-atangana-hausse-le-ton#breadcrumb\",\"itemListElement\":[{\"@type\":\"ListItem\",\"position\":1,\"name\":\"Accueil\",\"item\":\"https:\/\/www.africa-press.net\/cameroun\/\"},{\"@type\":\"ListItem\",\"position\":2,\"name\":\"Succession au gr\u00e9 \u00e0 gr\u00e9: D\u00e9nis Atangana hausse le ton\"}]},{\"@type\":\"WebSite\",\"@id\":\"https:\/\/www.africa-press.net\/cameroun\/#website\",\"url\":\"https:\/\/www.africa-press.net\/cameroun\/\",\"name\":\"Cameroun\",\"description\":\"Just another Africa News Agency Sites site\",\"potentialAction\":[{\"@type\":\"SearchAction\",\"target\":{\"@type\":\"EntryPoint\",\"urlTemplate\":\"https:\/\/www.africa-press.net\/cameroun\/?s={search_term_string}\"},\"query-input\":{\"@type\":\"PropertyValueSpecification\",\"valueRequired\":true,\"valueName\":\"search_term_string\"}}],\"inLanguage\":\"fr-FR\"},{\"@type\":\"Person\",\"@id\":\"https:\/\/www.africa-press.net\/cameroun\/#\/schema\/person\/2b1cf3cd81a31e3cd26889ca66d677f1\",\"name\":\"cfeditorfr\"}]}<\/script>\n<!-- \/ Yoast SEO Premium plugin. -->","yoast_head_json":{"title":"Succession au gr\u00e9 \u00e0 gr\u00e9: D\u00e9nis Atangana hausse le ton - Cameroun","description":"\u00c0 travers une publication sur sa page Facebook ce jour, le pr\u00e9sident du Front des d\u00e9mocrates camerounais (FDC) encourage ...","robots":{"index":"index","follow":"follow","max-snippet":"max-snippet:-1","max-image-preview":"max-image-preview:large","max-video-preview":"max-video-preview:-1"},"canonical":"https:\/\/www.africa-press.net\/cameroun\/politique\/succession-au-gre-a-gre-denis-atangana-hausse-le-ton","og_locale":"fr_FR","og_type":"article","og_title":"Succession au gr\u00e9 \u00e0 gr\u00e9: D\u00e9nis Atangana hausse le ton","og_description":"\u00c0 travers une publication sur sa page Facebook ce jour, le pr\u00e9sident du Front des d\u00e9mocrates camerounais (FDC) encourage ...","og_url":"https:\/\/www.africa-press.net\/cameroun\/politique\/succession-au-gre-a-gre-denis-atangana-hausse-le-ton","og_site_name":"Cameroun","article_published_time":"2021-04-28T20:16:51+00:00","article_modified_time":"2021-04-28T20:27:05+00:00","og_image":[{"width":720,"height":504,"url":"https:\/\/static.africa-press.net\/cameroun\/sites\/57\/2021\/04\/img-6089c4fc9e3bc.jpg","type":"image\/jpeg"}],"author":"cfeditorfr","twitter_card":"summary_large_image","twitter_misc":{"\u00c9crit par":"cfeditorfr","Dur\u00e9e de lecture estim\u00e9e":"1 minute"},"schema":{"@context":"https:\/\/schema.org","@graph":[{"@type":"Article","@id":"https:\/\/www.africa-press.net\/cameroun\/politique\/succession-au-gre-a-gre-denis-atangana-hausse-le-ton#article","isPartOf":{"@id":"https:\/\/www.africa-press.net\/cameroun\/politique\/succession-au-gre-a-gre-denis-atangana-hausse-le-ton"},"author":{"name":"cfeditorfr","@id":"https:\/\/www.africa-press.net\/cameroun\/#\/schema\/person\/2b1cf3cd81a31e3cd26889ca66d677f1"},"headline":"Succession au gr\u00e9 \u00e0 gr\u00e9: D\u00e9nis Atangana hausse le ton","datePublished":"2021-04-28T20:16:51+00:00","dateModified":"2021-04-28T20:27:05+00:00","mainEntityOfPage":{"@id":"https:\/\/www.africa-press.net\/cameroun\/politique\/succession-au-gre-a-gre-denis-atangana-hausse-le-ton"},"wordCount":284,"commentCount":0,"image":{"@id":"https:\/\/www.africa-press.net\/cameroun\/politique\/succession-au-gre-a-gre-denis-atangana-hausse-le-ton#primaryimage"},"thumbnailUrl":"https:\/\/static.africa-press.net\/cameroun\/sites\/57\/2021\/04\/img-6089c4fc9e3bc.jpg","keywords":["Africa Press","Africa Press-Cameroun","Cameroun"],"articleSection":["homepage-french","Politique","Toutes les actualit\u00e9s"],"inLanguage":"fr-FR","potentialAction":[{"@type":"CommentAction","name":"Comment","target":["https:\/\/www.africa-press.net\/cameroun\/politique\/succession-au-gre-a-gre-denis-atangana-hausse-le-ton#respond"]}]},{"@type":"WebPage","@id":"https:\/\/www.africa-press.net\/cameroun\/politique\/succession-au-gre-a-gre-denis-atangana-hausse-le-ton","url":"https:\/\/www.africa-press.net\/cameroun\/politique\/succession-au-gre-a-gre-denis-atangana-hausse-le-ton","name":"Succession au gr\u00e9 \u00e0 gr\u00e9: D\u00e9nis Atangana hausse le ton - Cameroun","isPartOf":{"@id":"https:\/\/www.africa-press.net\/cameroun\/#website"},"primaryImageOfPage":{"@id":"https:\/\/www.africa-press.net\/cameroun\/politique\/succession-au-gre-a-gre-denis-atangana-hausse-le-ton#primaryimage"},"image":{"@id":"https:\/\/www.africa-press.net\/cameroun\/politique\/succession-au-gre-a-gre-denis-atangana-hausse-le-ton#primaryimage"},"thumbnailUrl":"https:\/\/static.africa-press.net\/cameroun\/sites\/57\/2021\/04\/img-6089c4fc9e3bc.jpg","datePublished":"2021-04-28T20:16:51+00:00","dateModified":"2021-04-28T20:27:05+00:00","author":{"@id":"https:\/\/www.africa-press.net\/cameroun\/#\/schema\/person\/2b1cf3cd81a31e3cd26889ca66d677f1"},"description":"\u00c0 travers une publication sur sa page Facebook ce jour, le pr\u00e9sident du Front des d\u00e9mocrates camerounais (FDC) encourage ...","breadcrumb":{"@id":"https:\/\/www.africa-press.net\/cameroun\/politique\/succession-au-gre-a-gre-denis-atangana-hausse-le-ton#breadcrumb"},"inLanguage":"fr-FR","potentialAction":[{"@type":"ReadAction","target":["https:\/\/www.africa-press.net\/cameroun\/politique\/succession-au-gre-a-gre-denis-atangana-hausse-le-ton"]}]},{"@type":"ImageObject","inLanguage":"fr-FR","@id":"https:\/\/www.africa-press.net\/cameroun\/politique\/succession-au-gre-a-gre-denis-atangana-hausse-le-ton#primaryimage","url":"https:\/\/static.africa-press.net\/cameroun\/sites\/57\/2021\/04\/img-6089c4fc9e3bc.jpg","contentUrl":"https:\/\/static.africa-press.net\/cameroun\/sites\/57\/2021\/04\/img-6089c4fc9e3bc.jpg","width":720,"height":504,"caption":"Succession au gr\u00e9 \u00e0 gr\u00e9: D\u00e9nis Atangana hausse le ton"},{"@type":"BreadcrumbList","@id":"https:\/\/www.africa-press.net\/cameroun\/politique\/succession-au-gre-a-gre-denis-atangana-hausse-le-ton#breadcrumb","itemListElement":[{"@type":"ListItem","position":1,"name":"Accueil","item":"https:\/\/www.africa-press.net\/cameroun\/"},{"@type":"ListItem","position":2,"name":"Succession au gr\u00e9 \u00e0 gr\u00e9: D\u00e9nis Atangana hausse le ton"}]},{"@type":"WebSite","@id":"https:\/\/www.africa-press.net\/cameroun\/#website","url":"https:\/\/www.africa-press.net\/cameroun\/","name":"Cameroun","description":"Just another Africa News Agency Sites site","potentialAction":[{"@type":"SearchAction","target":{"@type":"EntryPoint","urlTemplate":"https:\/\/www.africa-press.net\/cameroun\/?s={search_term_string}"},"query-input":{"@type":"PropertyValueSpecification","valueRequired":true,"valueName":"search_term_string"}}],"inLanguage":"fr-FR"},{"@type":"Person","@id":"https:\/\/www.africa-press.net\/cameroun\/#\/schema\/person\/2b1cf3cd81a31e3cd26889ca66d677f1","name":"cfeditorfr"}]}},"_links":{"self":[{"href":"https:\/\/www.africa-press.net\/cameroun\/wp-json\/wp\/v2\/posts\/2744","targetHints":{"allow":["GET"]}}],"collection":[{"href":"https:\/\/www.africa-press.net\/cameroun\/wp-json\/wp\/v2\/posts"}],"about":[{"href":"https:\/\/www.africa-press.net\/cameroun\/wp-json\/wp\/v2\/types\/post"}],"author":[{"embeddable":true,"href":"https:\/\/www.africa-press.net\/cameroun\/wp-json\/wp\/v2\/users\/82"}],"replies":[{"embeddable":true,"href":"https:\/\/www.africa-press.net\/cameroun\/wp-json\/wp\/v2\/comments?post=2744"}],"version-history":[{"count":0,"href":"https:\/\/www.africa-press.net\/cameroun\/wp-json\/wp\/v2\/posts\/2744\/revisions"}],"wp:featuredmedia":[{"embeddable":true,"href":"https:\/\/www.africa-press.net\/cameroun\/wp-json\/wp\/v2\/media\/2743"}],"wp:attachment":[{"href":"https:\/\/www.africa-press.net\/cameroun\/wp-json\/wp\/v2\/media?parent=2744"}],"wp:term":[{"taxonomy":"category","embeddable":true,"href":"https:\/\/www.africa-press.net\/cameroun\/wp-json\/wp\/v2\/categories?post=2744"},{"taxonomy":"post_tag","embeddable":true,"href":"https:\/\/www.africa-press.net\/cameroun\/wp-json\/wp\/v2\/tags?post=2744"}],"curies":[{"name":"wp","href":"https:\/\/api.w.org\/{rel}","templated":true}]}}