{"id":27449,"date":"2022-09-15T15:08:47","date_gmt":"2022-09-15T15:08:47","guid":{"rendered":"https:\/\/www.africa-press.net\/cameroun\/politique\/tribunal-le-proces-en-appel-des-detenus-du-mrc-renvoye-au-20-octobre-2022-video"},"modified":"2022-09-15T17:29:19","modified_gmt":"2022-09-15T17:29:19","slug":"tribunal-le-proces-en-appel-des-detenus-du-mrc-renvoye-au-20-octobre-2022-video","status":"publish","type":"post","link":"https:\/\/www.africa-press.net\/cameroun\/toutes-les-actualites\/tribunal-le-proces-en-appel-des-detenus-du-mrc-renvoye-au-20-octobre-2022-video","title":{"rendered":"Tribunal: Le proc\u00e8s en appel des d\u00e9tenus du MRC renvoy\u00e9 au 20 octobre 2022 (vid\u00e9o)"},"content":{"rendered":"<p><span style=\"color: #ff6600\"><strong>Africa-Press &#8211; Cameroun. <\/strong><\/span>L\u2019ambiance \u00e9tait tr\u00e8s peu ordinaire au palais de justice de Yaound\u00e9 cette matin\u00e9e du jeudi 15 septembre 2022, lors de l\u2019ouverture de la premi\u00e8re audience du proc\u00e8s en appel des d\u00e9tenus du Mouvement pour la Renaissance du Cameroun (MRC) \u00e0 la Cour d\u2019Appel du Centre. Et pour cause, le pr\u00e9sident du MRC, Maurice Kamto, avocat de profession, s\u2019est constitu\u00e9 aux c\u00f4t\u00e9s du collectif Mme Sylvain Souop, pour d\u00e9fendre ses camarades arr\u00eat\u00e9s et condamn\u00e9s \u00e0 5 et 7 ans d\u2019emprisonnement lors des marches pacifiques du 22 septembre 2020.<\/p>\n<p>Les militants et sympathisants du MRC, proches des d\u00e9tenus, se sont massivement mobilis\u00e9s pour vivre ce proc\u00e8s, qui a \u00e9t\u00e9 renvoy\u00e9 pour le 20 octobre 2022. Ce qui a le plus captiv\u00e9 l\u2019attention, c\u2019est la mobilisation du guide du MRC dans un proc\u00e8s, chose rare de la part de cet avocat \u00e9rudit.<\/p>\n<p>Les militants mass\u00e9s \u00e0 l\u2019ext\u00e9rieur du Tribunal ont fait montre de leur d\u00e9termination \u00e0 poursuivre leur combat pour le changement et la qu\u00eate du pouvoir, \u00e0 travers des chansons \u00e0 la gloire de leur pr\u00e9sident Maurice Kamto.<\/p>\n<p><strong>Pour plus d&rsquo;informations et d&rsquo;analyses sur la <a href=\"https:\/\/www.africa-press.net\/cameroun\">Cameroun<\/a>, suivez <a href=\"https:\/\/www.africa-press.net\/\">Africa-Press<\/a><\/strong><\/p>\n","protected":false},"excerpt":{"rendered":"<p>Africa-Press &#8211; Cameroun. L\u2019ambiance \u00e9tait tr\u00e8s peu ordinaire au palais de justice de Yaound\u00e9 cette matin\u00e9e du jeudi 15 septembre 2022, lors de l\u2019ouverture de la premi\u00e8re audience du proc\u00e8s en appel des d\u00e9tenus du Mouvement pour la Renaissance du Cameroun (MRC) \u00e0 la Cour d\u2019Appel du Centre. Et pour cause, le pr\u00e9sident du MRC, [&hellip;]<\/p>\n","protected":false},"author":82,"featured_media":27448,"comment_status":"open","ping_status":"closed","sticky":false,"template":"","format":"standard","meta":{"footnotes":""},"categories":[21,11,10],"tags":[36,50,49],"class_list":["post-27449","post","type-post","status-publish","format-standard","has-post-thumbnail","hentry","category-communaute","category-homepage-french","category-toutes-les-actualites","tag-africa-press","tag-africa-press-cameroun","tag-cameroun"],"yoast_head":"<!-- This site is optimized with the Yoast SEO Premium plugin v26.1 (Yoast SEO v27.0) - https:\/\/yoast.com\/product\/yoast-seo-premium-wordpress\/ -->\n<title>Tribunal: Le proc\u00e8s en appel des d\u00e9tenus du MRC renvoy\u00e9 au 20 octobre 2022 (vid\u00e9o) - Cameroun<\/title>\n<meta name=\"description\" content=\"L\u2019ambiance \u00e9tait tr\u00e8s peu ordinaire au palais de justice de Yaound\u00e9 cette matin\u00e9e du jeudi 15 septembre 2022, lors de l\u2019 ...\" \/>\n<meta name=\"robots\" content=\"index, follow, max-snippet:-1, max-image-preview:large, max-video-preview:-1\" \/>\n<link rel=\"canonical\" href=\"https:\/\/www.africa-press.net\/cameroun\/toutes-les-actualites\/tribunal-le-proces-en-appel-des-detenus-du-mrc-renvoye-au-20-octobre-2022-video\" \/>\n<meta property=\"og:locale\" content=\"fr_FR\" \/>\n<meta property=\"og:type\" content=\"article\" \/>\n<meta property=\"og:title\" content=\"Tribunal: Le proc\u00e8s en appel des d\u00e9tenus du MRC renvoy\u00e9 au 20 octobre 2022 (vid\u00e9o)\" \/>\n<meta property=\"og:description\" content=\"L\u2019ambiance \u00e9tait tr\u00e8s peu ordinaire au palais de justice de Yaound\u00e9 cette matin\u00e9e du jeudi 15 septembre 2022, lors de l\u2019 ...\" \/>\n<meta property=\"og:url\" content=\"https:\/\/www.africa-press.net\/cameroun\/toutes-les-actualites\/tribunal-le-proces-en-appel-des-detenus-du-mrc-renvoye-au-20-octobre-2022-video\" \/>\n<meta property=\"og:site_name\" content=\"Cameroun\" \/>\n<meta property=\"article:published_time\" content=\"2022-09-15T15:08:47+00:00\" \/>\n<meta property=\"article:modified_time\" content=\"2022-09-15T17:29:19+00:00\" \/>\n<meta property=\"og:image\" content=\"https:\/\/static.africa-press.net\/cameroun\/sites\/57\/2022\/09\/img-632356ef40991.jpg\" \/>\n\t<meta property=\"og:image:width\" content=\"800\" \/>\n\t<meta property=\"og:image:height\" content=\"600\" \/>\n\t<meta property=\"og:image:type\" content=\"image\/jpeg\" \/>\n<meta name=\"author\" content=\"cfeditorfr\" \/>\n<meta name=\"twitter:card\" content=\"summary_large_image\" \/>\n<meta name=\"twitter:label1\" content=\"\u00c9crit par\" \/>\n\t<meta name=\"twitter:data1\" content=\"cfeditorfr\" \/>\n\t<meta name=\"twitter:label2\" content=\"Dur\u00e9e de lecture estim\u00e9e\" \/>\n\t<meta name=\"twitter:data2\" content=\"2 minutes\" \/>\n<script type=\"application\/ld+json\" class=\"yoast-schema-graph\">{\"@context\":\"https:\/\/schema.org\",\"@graph\":[{\"@type\":\"Article\",\"@id\":\"https:\/\/www.africa-press.net\/cameroun\/toutes-les-actualites\/tribunal-le-proces-en-appel-des-detenus-du-mrc-renvoye-au-20-octobre-2022-video#article\",\"isPartOf\":{\"@id\":\"https:\/\/www.africa-press.net\/cameroun\/toutes-les-actualites\/tribunal-le-proces-en-appel-des-detenus-du-mrc-renvoye-au-20-octobre-2022-video\"},\"author\":{\"name\":\"cfeditorfr\",\"@id\":\"https:\/\/www.africa-press.net\/cameroun\/#\/schema\/person\/2b1cf3cd81a31e3cd26889ca66d677f1\"},\"headline\":\"Tribunal: Le proc\u00e8s en appel des d\u00e9tenus du MRC renvoy\u00e9 au 20 octobre 2022 (vid\u00e9o)\",\"datePublished\":\"2022-09-15T15:08:47+00:00\",\"dateModified\":\"2022-09-15T17:29:19+00:00\",\"mainEntityOfPage\":{\"@id\":\"https:\/\/www.africa-press.net\/cameroun\/toutes-les-actualites\/tribunal-le-proces-en-appel-des-detenus-du-mrc-renvoye-au-20-octobre-2022-video\"},\"wordCount\":222,\"commentCount\":0,\"image\":{\"@id\":\"https:\/\/www.africa-press.net\/cameroun\/toutes-les-actualites\/tribunal-le-proces-en-appel-des-detenus-du-mrc-renvoye-au-20-octobre-2022-video#primaryimage\"},\"thumbnailUrl\":\"https:\/\/static.africa-press.net\/cameroun\/sites\/57\/2022\/09\/img-632356ef40991.jpg\",\"keywords\":[\"Africa Press\",\"Africa Press-Cameroun\",\"Cameroun\"],\"articleSection\":[\"Communaut\u00e9\",\"homepage-french\",\"Toutes les actualit\u00e9s\"],\"inLanguage\":\"fr-FR\",\"potentialAction\":[{\"@type\":\"CommentAction\",\"name\":\"Comment\",\"target\":[\"https:\/\/www.africa-press.net\/cameroun\/toutes-les-actualites\/tribunal-le-proces-en-appel-des-detenus-du-mrc-renvoye-au-20-octobre-2022-video#respond\"]}]},{\"@type\":\"WebPage\",\"@id\":\"https:\/\/www.africa-press.net\/cameroun\/toutes-les-actualites\/tribunal-le-proces-en-appel-des-detenus-du-mrc-renvoye-au-20-octobre-2022-video\",\"url\":\"https:\/\/www.africa-press.net\/cameroun\/toutes-les-actualites\/tribunal-le-proces-en-appel-des-detenus-du-mrc-renvoye-au-20-octobre-2022-video\",\"name\":\"Tribunal: Le proc\u00e8s en appel des d\u00e9tenus du MRC renvoy\u00e9 au 20 octobre 2022 (vid\u00e9o) - Cameroun\",\"isPartOf\":{\"@id\":\"https:\/\/www.africa-press.net\/cameroun\/#website\"},\"primaryImageOfPage\":{\"@id\":\"https:\/\/www.africa-press.net\/cameroun\/toutes-les-actualites\/tribunal-le-proces-en-appel-des-detenus-du-mrc-renvoye-au-20-octobre-2022-video#primaryimage\"},\"image\":{\"@id\":\"https:\/\/www.africa-press.net\/cameroun\/toutes-les-actualites\/tribunal-le-proces-en-appel-des-detenus-du-mrc-renvoye-au-20-octobre-2022-video#primaryimage\"},\"thumbnailUrl\":\"https:\/\/static.africa-press.net\/cameroun\/sites\/57\/2022\/09\/img-632356ef40991.jpg\",\"datePublished\":\"2022-09-15T15:08:47+00:00\",\"dateModified\":\"2022-09-15T17:29:19+00:00\",\"author\":{\"@id\":\"https:\/\/www.africa-press.net\/cameroun\/#\/schema\/person\/2b1cf3cd81a31e3cd26889ca66d677f1\"},\"description\":\"L\u2019ambiance \u00e9tait tr\u00e8s peu ordinaire au palais de justice de Yaound\u00e9 cette matin\u00e9e du jeudi 15 septembre 2022, lors de l\u2019 ...\",\"breadcrumb\":{\"@id\":\"https:\/\/www.africa-press.net\/cameroun\/toutes-les-actualites\/tribunal-le-proces-en-appel-des-detenus-du-mrc-renvoye-au-20-octobre-2022-video#breadcrumb\"},\"inLanguage\":\"fr-FR\",\"potentialAction\":[{\"@type\":\"ReadAction\",\"target\":[\"https:\/\/www.africa-press.net\/cameroun\/toutes-les-actualites\/tribunal-le-proces-en-appel-des-detenus-du-mrc-renvoye-au-20-octobre-2022-video\"]}]},{\"@type\":\"ImageObject\",\"inLanguage\":\"fr-FR\",\"@id\":\"https:\/\/www.africa-press.net\/cameroun\/toutes-les-actualites\/tribunal-le-proces-en-appel-des-detenus-du-mrc-renvoye-au-20-octobre-2022-video#primaryimage\",\"url\":\"https:\/\/static.africa-press.net\/cameroun\/sites\/57\/2022\/09\/img-632356ef40991.jpg\",\"contentUrl\":\"https:\/\/static.africa-press.net\/cameroun\/sites\/57\/2022\/09\/img-632356ef40991.jpg\",\"width\":800,\"height\":600,\"caption\":\"Tribunal: Le proc\u00e8s en appel des d\u00e9tenus du MRC renvoy\u00e9 au 20 octobre 2022 (vid\u00e9o)\"},{\"@type\":\"BreadcrumbList\",\"@id\":\"https:\/\/www.africa-press.net\/cameroun\/toutes-les-actualites\/tribunal-le-proces-en-appel-des-detenus-du-mrc-renvoye-au-20-octobre-2022-video#breadcrumb\",\"itemListElement\":[{\"@type\":\"ListItem\",\"position\":1,\"name\":\"Accueil\",\"item\":\"https:\/\/www.africa-press.net\/cameroun\/\"},{\"@type\":\"ListItem\",\"position\":2,\"name\":\"Tribunal: Le proc\u00e8s en appel des d\u00e9tenus du MRC renvoy\u00e9 au 20 octobre 2022 (vid\u00e9o)\"}]},{\"@type\":\"WebSite\",\"@id\":\"https:\/\/www.africa-press.net\/cameroun\/#website\",\"url\":\"https:\/\/www.africa-press.net\/cameroun\/\",\"name\":\"Cameroun\",\"description\":\"Just another Africa News Agency Sites site\",\"potentialAction\":[{\"@type\":\"SearchAction\",\"target\":{\"@type\":\"EntryPoint\",\"urlTemplate\":\"https:\/\/www.africa-press.net\/cameroun\/?s={search_term_string}\"},\"query-input\":{\"@type\":\"PropertyValueSpecification\",\"valueRequired\":true,\"valueName\":\"search_term_string\"}}],\"inLanguage\":\"fr-FR\"},{\"@type\":\"Person\",\"@id\":\"https:\/\/www.africa-press.net\/cameroun\/#\/schema\/person\/2b1cf3cd81a31e3cd26889ca66d677f1\",\"name\":\"cfeditorfr\"}]}<\/script>\n<!-- \/ Yoast SEO Premium plugin. -->","yoast_head_json":{"title":"Tribunal: Le proc\u00e8s en appel des d\u00e9tenus du MRC renvoy\u00e9 au 20 octobre 2022 (vid\u00e9o) - Cameroun","description":"L\u2019ambiance \u00e9tait tr\u00e8s peu ordinaire au palais de justice de Yaound\u00e9 cette matin\u00e9e du jeudi 15 septembre 2022, lors de l\u2019 ...","robots":{"index":"index","follow":"follow","max-snippet":"max-snippet:-1","max-image-preview":"max-image-preview:large","max-video-preview":"max-video-preview:-1"},"canonical":"https:\/\/www.africa-press.net\/cameroun\/toutes-les-actualites\/tribunal-le-proces-en-appel-des-detenus-du-mrc-renvoye-au-20-octobre-2022-video","og_locale":"fr_FR","og_type":"article","og_title":"Tribunal: Le proc\u00e8s en appel des d\u00e9tenus du MRC renvoy\u00e9 au 20 octobre 2022 (vid\u00e9o)","og_description":"L\u2019ambiance \u00e9tait tr\u00e8s peu ordinaire au palais de justice de Yaound\u00e9 cette matin\u00e9e du jeudi 15 septembre 2022, lors de l\u2019 ...","og_url":"https:\/\/www.africa-press.net\/cameroun\/toutes-les-actualites\/tribunal-le-proces-en-appel-des-detenus-du-mrc-renvoye-au-20-octobre-2022-video","og_site_name":"Cameroun","article_published_time":"2022-09-15T15:08:47+00:00","article_modified_time":"2022-09-15T17:29:19+00:00","og_image":[{"width":800,"height":600,"url":"https:\/\/static.africa-press.net\/cameroun\/sites\/57\/2022\/09\/img-632356ef40991.jpg","type":"image\/jpeg"}],"author":"cfeditorfr","twitter_card":"summary_large_image","twitter_misc":{"\u00c9crit par":"cfeditorfr","Dur\u00e9e de lecture estim\u00e9e":"2 minutes"},"schema":{"@context":"https:\/\/schema.org","@graph":[{"@type":"Article","@id":"https:\/\/www.africa-press.net\/cameroun\/toutes-les-actualites\/tribunal-le-proces-en-appel-des-detenus-du-mrc-renvoye-au-20-octobre-2022-video#article","isPartOf":{"@id":"https:\/\/www.africa-press.net\/cameroun\/toutes-les-actualites\/tribunal-le-proces-en-appel-des-detenus-du-mrc-renvoye-au-20-octobre-2022-video"},"author":{"name":"cfeditorfr","@id":"https:\/\/www.africa-press.net\/cameroun\/#\/schema\/person\/2b1cf3cd81a31e3cd26889ca66d677f1"},"headline":"Tribunal: Le proc\u00e8s en appel des d\u00e9tenus du MRC renvoy\u00e9 au 20 octobre 2022 (vid\u00e9o)","datePublished":"2022-09-15T15:08:47+00:00","dateModified":"2022-09-15T17:29:19+00:00","mainEntityOfPage":{"@id":"https:\/\/www.africa-press.net\/cameroun\/toutes-les-actualites\/tribunal-le-proces-en-appel-des-detenus-du-mrc-renvoye-au-20-octobre-2022-video"},"wordCount":222,"commentCount":0,"image":{"@id":"https:\/\/www.africa-press.net\/cameroun\/toutes-les-actualites\/tribunal-le-proces-en-appel-des-detenus-du-mrc-renvoye-au-20-octobre-2022-video#primaryimage"},"thumbnailUrl":"https:\/\/static.africa-press.net\/cameroun\/sites\/57\/2022\/09\/img-632356ef40991.jpg","keywords":["Africa Press","Africa Press-Cameroun","Cameroun"],"articleSection":["Communaut\u00e9","homepage-french","Toutes les actualit\u00e9s"],"inLanguage":"fr-FR","potentialAction":[{"@type":"CommentAction","name":"Comment","target":["https:\/\/www.africa-press.net\/cameroun\/toutes-les-actualites\/tribunal-le-proces-en-appel-des-detenus-du-mrc-renvoye-au-20-octobre-2022-video#respond"]}]},{"@type":"WebPage","@id":"https:\/\/www.africa-press.net\/cameroun\/toutes-les-actualites\/tribunal-le-proces-en-appel-des-detenus-du-mrc-renvoye-au-20-octobre-2022-video","url":"https:\/\/www.africa-press.net\/cameroun\/toutes-les-actualites\/tribunal-le-proces-en-appel-des-detenus-du-mrc-renvoye-au-20-octobre-2022-video","name":"Tribunal: Le proc\u00e8s en appel des d\u00e9tenus du MRC renvoy\u00e9 au 20 octobre 2022 (vid\u00e9o) - Cameroun","isPartOf":{"@id":"https:\/\/www.africa-press.net\/cameroun\/#website"},"primaryImageOfPage":{"@id":"https:\/\/www.africa-press.net\/cameroun\/toutes-les-actualites\/tribunal-le-proces-en-appel-des-detenus-du-mrc-renvoye-au-20-octobre-2022-video#primaryimage"},"image":{"@id":"https:\/\/www.africa-press.net\/cameroun\/toutes-les-actualites\/tribunal-le-proces-en-appel-des-detenus-du-mrc-renvoye-au-20-octobre-2022-video#primaryimage"},"thumbnailUrl":"https:\/\/static.africa-press.net\/cameroun\/sites\/57\/2022\/09\/img-632356ef40991.jpg","datePublished":"2022-09-15T15:08:47+00:00","dateModified":"2022-09-15T17:29:19+00:00","author":{"@id":"https:\/\/www.africa-press.net\/cameroun\/#\/schema\/person\/2b1cf3cd81a31e3cd26889ca66d677f1"},"description":"L\u2019ambiance \u00e9tait tr\u00e8s peu ordinaire au palais de justice de Yaound\u00e9 cette matin\u00e9e du jeudi 15 septembre 2022, lors de l\u2019 ...","breadcrumb":{"@id":"https:\/\/www.africa-press.net\/cameroun\/toutes-les-actualites\/tribunal-le-proces-en-appel-des-detenus-du-mrc-renvoye-au-20-octobre-2022-video#breadcrumb"},"inLanguage":"fr-FR","potentialAction":[{"@type":"ReadAction","target":["https:\/\/www.africa-press.net\/cameroun\/toutes-les-actualites\/tribunal-le-proces-en-appel-des-detenus-du-mrc-renvoye-au-20-octobre-2022-video"]}]},{"@type":"ImageObject","inLanguage":"fr-FR","@id":"https:\/\/www.africa-press.net\/cameroun\/toutes-les-actualites\/tribunal-le-proces-en-appel-des-detenus-du-mrc-renvoye-au-20-octobre-2022-video#primaryimage","url":"https:\/\/static.africa-press.net\/cameroun\/sites\/57\/2022\/09\/img-632356ef40991.jpg","contentUrl":"https:\/\/static.africa-press.net\/cameroun\/sites\/57\/2022\/09\/img-632356ef40991.jpg","width":800,"height":600,"caption":"Tribunal: Le proc\u00e8s en appel des d\u00e9tenus du MRC renvoy\u00e9 au 20 octobre 2022 (vid\u00e9o)"},{"@type":"BreadcrumbList","@id":"https:\/\/www.africa-press.net\/cameroun\/toutes-les-actualites\/tribunal-le-proces-en-appel-des-detenus-du-mrc-renvoye-au-20-octobre-2022-video#breadcrumb","itemListElement":[{"@type":"ListItem","position":1,"name":"Accueil","item":"https:\/\/www.africa-press.net\/cameroun\/"},{"@type":"ListItem","position":2,"name":"Tribunal: Le proc\u00e8s en appel des d\u00e9tenus du MRC renvoy\u00e9 au 20 octobre 2022 (vid\u00e9o)"}]},{"@type":"WebSite","@id":"https:\/\/www.africa-press.net\/cameroun\/#website","url":"https:\/\/www.africa-press.net\/cameroun\/","name":"Cameroun","description":"Just another Africa News Agency Sites site","potentialAction":[{"@type":"SearchAction","target":{"@type":"EntryPoint","urlTemplate":"https:\/\/www.africa-press.net\/cameroun\/?s={search_term_string}"},"query-input":{"@type":"PropertyValueSpecification","valueRequired":true,"valueName":"search_term_string"}}],"inLanguage":"fr-FR"},{"@type":"Person","@id":"https:\/\/www.africa-press.net\/cameroun\/#\/schema\/person\/2b1cf3cd81a31e3cd26889ca66d677f1","name":"cfeditorfr"}]}},"_links":{"self":[{"href":"https:\/\/www.africa-press.net\/cameroun\/wp-json\/wp\/v2\/posts\/27449","targetHints":{"allow":["GET"]}}],"collection":[{"href":"https:\/\/www.africa-press.net\/cameroun\/wp-json\/wp\/v2\/posts"}],"about":[{"href":"https:\/\/www.africa-press.net\/cameroun\/wp-json\/wp\/v2\/types\/post"}],"author":[{"embeddable":true,"href":"https:\/\/www.africa-press.net\/cameroun\/wp-json\/wp\/v2\/users\/82"}],"replies":[{"embeddable":true,"href":"https:\/\/www.africa-press.net\/cameroun\/wp-json\/wp\/v2\/comments?post=27449"}],"version-history":[{"count":0,"href":"https:\/\/www.africa-press.net\/cameroun\/wp-json\/wp\/v2\/posts\/27449\/revisions"}],"wp:featuredmedia":[{"embeddable":true,"href":"https:\/\/www.africa-press.net\/cameroun\/wp-json\/wp\/v2\/media\/27448"}],"wp:attachment":[{"href":"https:\/\/www.africa-press.net\/cameroun\/wp-json\/wp\/v2\/media?parent=27449"}],"wp:term":[{"taxonomy":"category","embeddable":true,"href":"https:\/\/www.africa-press.net\/cameroun\/wp-json\/wp\/v2\/categories?post=27449"},{"taxonomy":"post_tag","embeddable":true,"href":"https:\/\/www.africa-press.net\/cameroun\/wp-json\/wp\/v2\/tags?post=27449"}],"curies":[{"name":"wp","href":"https:\/\/api.w.org\/{rel}","templated":true}]}}