{"id":27452,"date":"2022-09-15T15:12:21","date_gmt":"2022-09-15T15:12:21","guid":{"rendered":"https:\/\/www.africa-press.net\/cameroun\/politique\/cameroun-rca-cavaye-yeguie-djibril-denonce-la-moralite-douteuse-dun-depute-de-la-nation"},"modified":"2022-09-15T16:47:36","modified_gmt":"2022-09-15T16:47:36","slug":"cameroun-rca-cavaye-yeguie-djibril-denonce-la-moralite-douteuse-dun-depute-de-la-nation","status":"publish","type":"post","link":"https:\/\/www.africa-press.net\/cameroun\/politique\/cameroun-rca-cavaye-yeguie-djibril-denonce-la-moralite-douteuse-dun-depute-de-la-nation","title":{"rendered":"Cameroun-RCA : Cavaye Yeguie Djibril d\u00e9nonce la \u00ab moralit\u00e9 douteuse \u00bb d\u2019un d\u00e9put\u00e9  de la nation"},"content":{"rendered":"<p><span style=\"color: #ff6600\"><strong>Africa-Press &#8211; Cameroun. <\/strong><\/span><b>Le pr\u00e9sident de l\u2019Assembl\u00e9e nationale du Cameroun saisit son homologue de la R\u00e9publique centrafricaine. Il d\u00e9nonce les actions de l\u2019honorable Salmana Amadou Ali d\u00e9cor\u00e9 par le pr\u00e9sident Faustin Archange Touadera.<\/b><\/p>\n<p>Non ! l\u2019Assembl\u00e9e nationale du Cameroun n\u2019a mandat\u00e9 personne, dit Cavaye Yaguie Djibril. \u00ab <b>J\u2019ai l\u2019honneur de vous faire connaitre pour transmission \u00e0 son haut destinataire que le d\u00e9put\u00e9 camerounais d\u2019opposition Salmana Amadou Ali ne b\u00e9n\u00e9ficie d\u2019aucun mandat de notre institution lui permettant de mener des activit\u00e9s politiques et commerciales en R\u00e9publique centrafricaine. Sous ce rapport, il serait souhaitable de porter \u00e0 la connaissance des autorit\u00e9s de votre grand et beau pays que ce d\u00e9put\u00e9 de moralit\u00e9 douteuse agit pour son propre compte et ne saurait se pr\u00e9valoir d\u2019un quelconque soutien de notre part<\/b> \u00bb, \u00e9crit le pr\u00e9sident de l\u2019Assembl\u00e9e nationale du Cameroun \u00e0 celui de l\u2019Assembl\u00e9e nationale de la RCA le 7 septembre dernier.<\/p>\n<p>L\u2019honorabble Salmana Amadou Ali est d\u00e9put\u00e9 de la 10\u00e8 l\u00e9gislature, \u00e9lu lors du scrutin du 9 f\u00e9vrier 2020. Vice-pr\u00e9sident de la commission des finances et du budget la Chambre basse du Parlement, il est d\u00e9put\u00e9 du Front pour le salut national du Cameroun (Fsnc) du ministre Issa Tchiroma Bakary. Sa circonscription d\u2019origine est le d\u00e9partement du Diamar\u00e9, r\u00e9gion de l\u2019Extr\u00eame-Nord du Cameroun.<\/p>\n<p>Au mois d\u2019ao\u00fbt 2022, le d\u00e9put\u00e9 Salmana a rendu publique l\u2019information selon laquelle le pr\u00e9sident de la R\u00e9publique centrafricaine lui avait d\u00e9cern\u00e9 une distinction honorifique. Selon lui, Faustin Archange Touadera l\u2019a \u00e9lev\u00e9 au rang de Commandeur de l\u2019ordre du m\u00e9rite commercial. Cette distinction repr\u00e9sente la reconnaissance de la R\u00e9publique s\u0153ur du Cameroun \u00e0 l\u2019endroit de l\u2019honorable Salmana. Ce dernier r\u00e9alise des investissements dans l\u2019agroalimentaire et la foresterie en Centrafrique.<\/p>\n<p>En recevant cette distinction, le d\u00e9put\u00e9 camerounais disait \u00eatre reconnaissant envers le pr\u00e9sident Cvaye Yeguie Djibril qui lui a permis de rehausser la R\u00e9publique du Cameroun en Centrafrique. Mais, \u00e0 la lecture de la d\u00e9nonciation de sa hi\u00e9rarchie parlementaire, cette marque de reconnaissance serait-elle un leurre ?<\/p>\n<p><strong>Pour plus d&rsquo;informations et d&rsquo;analyses sur la <a href=\"https:\/\/www.africa-press.net\/cameroun\">Cameroun<\/a>, suivez <a href=\"https:\/\/www.africa-press.net\/\">Africa-Press<\/a><\/strong><\/p>\n","protected":false},"excerpt":{"rendered":"<p>Africa-Press &#8211; Cameroun. Le pr\u00e9sident de l\u2019Assembl\u00e9e nationale du Cameroun saisit son homologue de la R\u00e9publique centrafricaine. Il d\u00e9nonce les actions de l\u2019honorable Salmana Amadou Ali d\u00e9cor\u00e9 par le pr\u00e9sident Faustin Archange Touadera. Non ! l\u2019Assembl\u00e9e nationale du Cameroun n\u2019a mandat\u00e9 personne, dit Cavaye Yaguie Djibril. \u00ab J\u2019ai l\u2019honneur de vous faire connaitre pour transmission [&hellip;]<\/p>\n","protected":false},"author":82,"featured_media":27451,"comment_status":"open","ping_status":"closed","sticky":false,"template":"","format":"standard","meta":{"footnotes":""},"categories":[11,2,10],"tags":[36,50,49],"class_list":["post-27452","post","type-post","status-publish","format-standard","has-post-thumbnail","hentry","category-homepage-french","category-politique","category-toutes-les-actualites","tag-africa-press","tag-africa-press-cameroun","tag-cameroun"],"yoast_head":"<!-- This site is optimized with the Yoast SEO Premium plugin v26.1 (Yoast SEO v27.0) - https:\/\/yoast.com\/product\/yoast-seo-premium-wordpress\/ -->\n<title>Cameroun-RCA : Cavaye Yeguie Djibril d\u00e9nonce la \u00ab moralit\u00e9 douteuse \u00bb d\u2019un d\u00e9put\u00e9 de la nation - Cameroun<\/title>\n<meta name=\"description\" content=\"Le pr\u00e9sident de l\u2019Assembl\u00e9e nationale du Cameroun saisit son homologue de la R\u00e9publique centrafricaine. Il d\u00e9nonce le ...\" \/>\n<meta name=\"robots\" content=\"index, follow, max-snippet:-1, max-image-preview:large, max-video-preview:-1\" \/>\n<link rel=\"canonical\" href=\"https:\/\/www.africa-press.net\/cameroun\/politique\/cameroun-rca-cavaye-yeguie-djibril-denonce-la-moralite-douteuse-dun-depute-de-la-nation\" \/>\n<meta property=\"og:locale\" content=\"fr_FR\" \/>\n<meta property=\"og:type\" content=\"article\" \/>\n<meta property=\"og:title\" content=\"Cameroun-RCA : Cavaye Yeguie Djibril d\u00e9nonce la \u00ab moralit\u00e9 douteuse \u00bb d\u2019un d\u00e9put\u00e9 de la nation\" \/>\n<meta property=\"og:description\" content=\"Le pr\u00e9sident de l\u2019Assembl\u00e9e nationale du Cameroun saisit son homologue de la R\u00e9publique centrafricaine. Il d\u00e9nonce le ...\" \/>\n<meta property=\"og:url\" content=\"https:\/\/www.africa-press.net\/cameroun\/politique\/cameroun-rca-cavaye-yeguie-djibril-denonce-la-moralite-douteuse-dun-depute-de-la-nation\" \/>\n<meta property=\"og:site_name\" content=\"Cameroun\" \/>\n<meta property=\"article:published_time\" content=\"2022-09-15T15:12:21+00:00\" \/>\n<meta property=\"article:modified_time\" content=\"2022-09-15T16:47:36+00:00\" \/>\n<meta property=\"og:image\" content=\"https:\/\/static.africa-press.net\/cameroun\/sites\/57\/2022\/09\/img-6323571116ebb.jpg\" \/>\n\t<meta property=\"og:image:width\" content=\"772\" \/>\n\t<meta property=\"og:image:height\" content=\"544\" \/>\n\t<meta property=\"og:image:type\" content=\"image\/jpeg\" \/>\n<meta name=\"author\" content=\"cfeditorfr\" \/>\n<meta name=\"twitter:card\" content=\"summary_large_image\" \/>\n<meta name=\"twitter:label1\" content=\"\u00c9crit par\" \/>\n\t<meta name=\"twitter:data1\" content=\"cfeditorfr\" \/>\n\t<meta name=\"twitter:label2\" content=\"Dur\u00e9e de lecture estim\u00e9e\" \/>\n\t<meta name=\"twitter:data2\" content=\"2 minutes\" \/>\n<script type=\"application\/ld+json\" class=\"yoast-schema-graph\">{\"@context\":\"https:\/\/schema.org\",\"@graph\":[{\"@type\":\"Article\",\"@id\":\"https:\/\/www.africa-press.net\/cameroun\/politique\/cameroun-rca-cavaye-yeguie-djibril-denonce-la-moralite-douteuse-dun-depute-de-la-nation#article\",\"isPartOf\":{\"@id\":\"https:\/\/www.africa-press.net\/cameroun\/politique\/cameroun-rca-cavaye-yeguie-djibril-denonce-la-moralite-douteuse-dun-depute-de-la-nation\"},\"author\":{\"name\":\"cfeditorfr\",\"@id\":\"https:\/\/www.africa-press.net\/cameroun\/#\/schema\/person\/2b1cf3cd81a31e3cd26889ca66d677f1\"},\"headline\":\"Cameroun-RCA : Cavaye Yeguie Djibril d\u00e9nonce la \u00ab moralit\u00e9 douteuse \u00bb d\u2019un d\u00e9put\u00e9 de la nation\",\"datePublished\":\"2022-09-15T15:12:21+00:00\",\"dateModified\":\"2022-09-15T16:47:36+00:00\",\"mainEntityOfPage\":{\"@id\":\"https:\/\/www.africa-press.net\/cameroun\/politique\/cameroun-rca-cavaye-yeguie-djibril-denonce-la-moralite-douteuse-dun-depute-de-la-nation\"},\"wordCount\":402,\"commentCount\":0,\"image\":{\"@id\":\"https:\/\/www.africa-press.net\/cameroun\/politique\/cameroun-rca-cavaye-yeguie-djibril-denonce-la-moralite-douteuse-dun-depute-de-la-nation#primaryimage\"},\"thumbnailUrl\":\"https:\/\/static.africa-press.net\/cameroun\/sites\/57\/2022\/09\/img-6323571116ebb.jpg\",\"keywords\":[\"Africa Press\",\"Africa Press-Cameroun\",\"Cameroun\"],\"articleSection\":[\"homepage-french\",\"Politique\",\"Toutes les actualit\u00e9s\"],\"inLanguage\":\"fr-FR\",\"potentialAction\":[{\"@type\":\"CommentAction\",\"name\":\"Comment\",\"target\":[\"https:\/\/www.africa-press.net\/cameroun\/politique\/cameroun-rca-cavaye-yeguie-djibril-denonce-la-moralite-douteuse-dun-depute-de-la-nation#respond\"]}]},{\"@type\":\"WebPage\",\"@id\":\"https:\/\/www.africa-press.net\/cameroun\/politique\/cameroun-rca-cavaye-yeguie-djibril-denonce-la-moralite-douteuse-dun-depute-de-la-nation\",\"url\":\"https:\/\/www.africa-press.net\/cameroun\/politique\/cameroun-rca-cavaye-yeguie-djibril-denonce-la-moralite-douteuse-dun-depute-de-la-nation\",\"name\":\"Cameroun-RCA : Cavaye Yeguie Djibril d\u00e9nonce la \u00ab moralit\u00e9 douteuse \u00bb d\u2019un d\u00e9put\u00e9 de la nation - Cameroun\",\"isPartOf\":{\"@id\":\"https:\/\/www.africa-press.net\/cameroun\/#website\"},\"primaryImageOfPage\":{\"@id\":\"https:\/\/www.africa-press.net\/cameroun\/politique\/cameroun-rca-cavaye-yeguie-djibril-denonce-la-moralite-douteuse-dun-depute-de-la-nation#primaryimage\"},\"image\":{\"@id\":\"https:\/\/www.africa-press.net\/cameroun\/politique\/cameroun-rca-cavaye-yeguie-djibril-denonce-la-moralite-douteuse-dun-depute-de-la-nation#primaryimage\"},\"thumbnailUrl\":\"https:\/\/static.africa-press.net\/cameroun\/sites\/57\/2022\/09\/img-6323571116ebb.jpg\",\"datePublished\":\"2022-09-15T15:12:21+00:00\",\"dateModified\":\"2022-09-15T16:47:36+00:00\",\"author\":{\"@id\":\"https:\/\/www.africa-press.net\/cameroun\/#\/schema\/person\/2b1cf3cd81a31e3cd26889ca66d677f1\"},\"description\":\"Le pr\u00e9sident de l\u2019Assembl\u00e9e nationale du Cameroun saisit son homologue de la R\u00e9publique centrafricaine. Il d\u00e9nonce le ...\",\"breadcrumb\":{\"@id\":\"https:\/\/www.africa-press.net\/cameroun\/politique\/cameroun-rca-cavaye-yeguie-djibril-denonce-la-moralite-douteuse-dun-depute-de-la-nation#breadcrumb\"},\"inLanguage\":\"fr-FR\",\"potentialAction\":[{\"@type\":\"ReadAction\",\"target\":[\"https:\/\/www.africa-press.net\/cameroun\/politique\/cameroun-rca-cavaye-yeguie-djibril-denonce-la-moralite-douteuse-dun-depute-de-la-nation\"]}]},{\"@type\":\"ImageObject\",\"inLanguage\":\"fr-FR\",\"@id\":\"https:\/\/www.africa-press.net\/cameroun\/politique\/cameroun-rca-cavaye-yeguie-djibril-denonce-la-moralite-douteuse-dun-depute-de-la-nation#primaryimage\",\"url\":\"https:\/\/static.africa-press.net\/cameroun\/sites\/57\/2022\/09\/img-6323571116ebb.jpg\",\"contentUrl\":\"https:\/\/static.africa-press.net\/cameroun\/sites\/57\/2022\/09\/img-6323571116ebb.jpg\",\"width\":772,\"height\":544,\"caption\":\"Cameroun-RCA : Cavaye Yeguie Djibril d\u00e9nonce la \u00ab moralit\u00e9 douteuse \u00bb d\u2019un d\u00e9put\u00e9 de la nation\"},{\"@type\":\"BreadcrumbList\",\"@id\":\"https:\/\/www.africa-press.net\/cameroun\/politique\/cameroun-rca-cavaye-yeguie-djibril-denonce-la-moralite-douteuse-dun-depute-de-la-nation#breadcrumb\",\"itemListElement\":[{\"@type\":\"ListItem\",\"position\":1,\"name\":\"Accueil\",\"item\":\"https:\/\/www.africa-press.net\/cameroun\/\"},{\"@type\":\"ListItem\",\"position\":2,\"name\":\"Cameroun-RCA : Cavaye Yeguie Djibril d\u00e9nonce la \u00ab moralit\u00e9 douteuse \u00bb d\u2019un d\u00e9put\u00e9 de la nation\"}]},{\"@type\":\"WebSite\",\"@id\":\"https:\/\/www.africa-press.net\/cameroun\/#website\",\"url\":\"https:\/\/www.africa-press.net\/cameroun\/\",\"name\":\"Cameroun\",\"description\":\"Just another Africa News Agency Sites site\",\"potentialAction\":[{\"@type\":\"SearchAction\",\"target\":{\"@type\":\"EntryPoint\",\"urlTemplate\":\"https:\/\/www.africa-press.net\/cameroun\/?s={search_term_string}\"},\"query-input\":{\"@type\":\"PropertyValueSpecification\",\"valueRequired\":true,\"valueName\":\"search_term_string\"}}],\"inLanguage\":\"fr-FR\"},{\"@type\":\"Person\",\"@id\":\"https:\/\/www.africa-press.net\/cameroun\/#\/schema\/person\/2b1cf3cd81a31e3cd26889ca66d677f1\",\"name\":\"cfeditorfr\"}]}<\/script>\n<!-- \/ Yoast SEO Premium plugin. -->","yoast_head_json":{"title":"Cameroun-RCA : Cavaye Yeguie Djibril d\u00e9nonce la \u00ab moralit\u00e9 douteuse \u00bb d\u2019un d\u00e9put\u00e9 de la nation - Cameroun","description":"Le pr\u00e9sident de l\u2019Assembl\u00e9e nationale du Cameroun saisit son homologue de la R\u00e9publique centrafricaine. Il d\u00e9nonce le ...","robots":{"index":"index","follow":"follow","max-snippet":"max-snippet:-1","max-image-preview":"max-image-preview:large","max-video-preview":"max-video-preview:-1"},"canonical":"https:\/\/www.africa-press.net\/cameroun\/politique\/cameroun-rca-cavaye-yeguie-djibril-denonce-la-moralite-douteuse-dun-depute-de-la-nation","og_locale":"fr_FR","og_type":"article","og_title":"Cameroun-RCA : Cavaye Yeguie Djibril d\u00e9nonce la \u00ab moralit\u00e9 douteuse \u00bb d\u2019un d\u00e9put\u00e9 de la nation","og_description":"Le pr\u00e9sident de l\u2019Assembl\u00e9e nationale du Cameroun saisit son homologue de la R\u00e9publique centrafricaine. Il d\u00e9nonce le ...","og_url":"https:\/\/www.africa-press.net\/cameroun\/politique\/cameroun-rca-cavaye-yeguie-djibril-denonce-la-moralite-douteuse-dun-depute-de-la-nation","og_site_name":"Cameroun","article_published_time":"2022-09-15T15:12:21+00:00","article_modified_time":"2022-09-15T16:47:36+00:00","og_image":[{"width":772,"height":544,"url":"https:\/\/static.africa-press.net\/cameroun\/sites\/57\/2022\/09\/img-6323571116ebb.jpg","type":"image\/jpeg"}],"author":"cfeditorfr","twitter_card":"summary_large_image","twitter_misc":{"\u00c9crit par":"cfeditorfr","Dur\u00e9e de lecture estim\u00e9e":"2 minutes"},"schema":{"@context":"https:\/\/schema.org","@graph":[{"@type":"Article","@id":"https:\/\/www.africa-press.net\/cameroun\/politique\/cameroun-rca-cavaye-yeguie-djibril-denonce-la-moralite-douteuse-dun-depute-de-la-nation#article","isPartOf":{"@id":"https:\/\/www.africa-press.net\/cameroun\/politique\/cameroun-rca-cavaye-yeguie-djibril-denonce-la-moralite-douteuse-dun-depute-de-la-nation"},"author":{"name":"cfeditorfr","@id":"https:\/\/www.africa-press.net\/cameroun\/#\/schema\/person\/2b1cf3cd81a31e3cd26889ca66d677f1"},"headline":"Cameroun-RCA : Cavaye Yeguie Djibril d\u00e9nonce la \u00ab moralit\u00e9 douteuse \u00bb d\u2019un d\u00e9put\u00e9 de la nation","datePublished":"2022-09-15T15:12:21+00:00","dateModified":"2022-09-15T16:47:36+00:00","mainEntityOfPage":{"@id":"https:\/\/www.africa-press.net\/cameroun\/politique\/cameroun-rca-cavaye-yeguie-djibril-denonce-la-moralite-douteuse-dun-depute-de-la-nation"},"wordCount":402,"commentCount":0,"image":{"@id":"https:\/\/www.africa-press.net\/cameroun\/politique\/cameroun-rca-cavaye-yeguie-djibril-denonce-la-moralite-douteuse-dun-depute-de-la-nation#primaryimage"},"thumbnailUrl":"https:\/\/static.africa-press.net\/cameroun\/sites\/57\/2022\/09\/img-6323571116ebb.jpg","keywords":["Africa Press","Africa Press-Cameroun","Cameroun"],"articleSection":["homepage-french","Politique","Toutes les actualit\u00e9s"],"inLanguage":"fr-FR","potentialAction":[{"@type":"CommentAction","name":"Comment","target":["https:\/\/www.africa-press.net\/cameroun\/politique\/cameroun-rca-cavaye-yeguie-djibril-denonce-la-moralite-douteuse-dun-depute-de-la-nation#respond"]}]},{"@type":"WebPage","@id":"https:\/\/www.africa-press.net\/cameroun\/politique\/cameroun-rca-cavaye-yeguie-djibril-denonce-la-moralite-douteuse-dun-depute-de-la-nation","url":"https:\/\/www.africa-press.net\/cameroun\/politique\/cameroun-rca-cavaye-yeguie-djibril-denonce-la-moralite-douteuse-dun-depute-de-la-nation","name":"Cameroun-RCA : Cavaye Yeguie Djibril d\u00e9nonce la \u00ab moralit\u00e9 douteuse \u00bb d\u2019un d\u00e9put\u00e9 de la nation - Cameroun","isPartOf":{"@id":"https:\/\/www.africa-press.net\/cameroun\/#website"},"primaryImageOfPage":{"@id":"https:\/\/www.africa-press.net\/cameroun\/politique\/cameroun-rca-cavaye-yeguie-djibril-denonce-la-moralite-douteuse-dun-depute-de-la-nation#primaryimage"},"image":{"@id":"https:\/\/www.africa-press.net\/cameroun\/politique\/cameroun-rca-cavaye-yeguie-djibril-denonce-la-moralite-douteuse-dun-depute-de-la-nation#primaryimage"},"thumbnailUrl":"https:\/\/static.africa-press.net\/cameroun\/sites\/57\/2022\/09\/img-6323571116ebb.jpg","datePublished":"2022-09-15T15:12:21+00:00","dateModified":"2022-09-15T16:47:36+00:00","author":{"@id":"https:\/\/www.africa-press.net\/cameroun\/#\/schema\/person\/2b1cf3cd81a31e3cd26889ca66d677f1"},"description":"Le pr\u00e9sident de l\u2019Assembl\u00e9e nationale du Cameroun saisit son homologue de la R\u00e9publique centrafricaine. Il d\u00e9nonce le ...","breadcrumb":{"@id":"https:\/\/www.africa-press.net\/cameroun\/politique\/cameroun-rca-cavaye-yeguie-djibril-denonce-la-moralite-douteuse-dun-depute-de-la-nation#breadcrumb"},"inLanguage":"fr-FR","potentialAction":[{"@type":"ReadAction","target":["https:\/\/www.africa-press.net\/cameroun\/politique\/cameroun-rca-cavaye-yeguie-djibril-denonce-la-moralite-douteuse-dun-depute-de-la-nation"]}]},{"@type":"ImageObject","inLanguage":"fr-FR","@id":"https:\/\/www.africa-press.net\/cameroun\/politique\/cameroun-rca-cavaye-yeguie-djibril-denonce-la-moralite-douteuse-dun-depute-de-la-nation#primaryimage","url":"https:\/\/static.africa-press.net\/cameroun\/sites\/57\/2022\/09\/img-6323571116ebb.jpg","contentUrl":"https:\/\/static.africa-press.net\/cameroun\/sites\/57\/2022\/09\/img-6323571116ebb.jpg","width":772,"height":544,"caption":"Cameroun-RCA : Cavaye Yeguie Djibril d\u00e9nonce la \u00ab moralit\u00e9 douteuse \u00bb d\u2019un d\u00e9put\u00e9 de la nation"},{"@type":"BreadcrumbList","@id":"https:\/\/www.africa-press.net\/cameroun\/politique\/cameroun-rca-cavaye-yeguie-djibril-denonce-la-moralite-douteuse-dun-depute-de-la-nation#breadcrumb","itemListElement":[{"@type":"ListItem","position":1,"name":"Accueil","item":"https:\/\/www.africa-press.net\/cameroun\/"},{"@type":"ListItem","position":2,"name":"Cameroun-RCA : Cavaye Yeguie Djibril d\u00e9nonce la \u00ab moralit\u00e9 douteuse \u00bb d\u2019un d\u00e9put\u00e9 de la nation"}]},{"@type":"WebSite","@id":"https:\/\/www.africa-press.net\/cameroun\/#website","url":"https:\/\/www.africa-press.net\/cameroun\/","name":"Cameroun","description":"Just another Africa News Agency Sites site","potentialAction":[{"@type":"SearchAction","target":{"@type":"EntryPoint","urlTemplate":"https:\/\/www.africa-press.net\/cameroun\/?s={search_term_string}"},"query-input":{"@type":"PropertyValueSpecification","valueRequired":true,"valueName":"search_term_string"}}],"inLanguage":"fr-FR"},{"@type":"Person","@id":"https:\/\/www.africa-press.net\/cameroun\/#\/schema\/person\/2b1cf3cd81a31e3cd26889ca66d677f1","name":"cfeditorfr"}]}},"_links":{"self":[{"href":"https:\/\/www.africa-press.net\/cameroun\/wp-json\/wp\/v2\/posts\/27452","targetHints":{"allow":["GET"]}}],"collection":[{"href":"https:\/\/www.africa-press.net\/cameroun\/wp-json\/wp\/v2\/posts"}],"about":[{"href":"https:\/\/www.africa-press.net\/cameroun\/wp-json\/wp\/v2\/types\/post"}],"author":[{"embeddable":true,"href":"https:\/\/www.africa-press.net\/cameroun\/wp-json\/wp\/v2\/users\/82"}],"replies":[{"embeddable":true,"href":"https:\/\/www.africa-press.net\/cameroun\/wp-json\/wp\/v2\/comments?post=27452"}],"version-history":[{"count":0,"href":"https:\/\/www.africa-press.net\/cameroun\/wp-json\/wp\/v2\/posts\/27452\/revisions"}],"wp:featuredmedia":[{"embeddable":true,"href":"https:\/\/www.africa-press.net\/cameroun\/wp-json\/wp\/v2\/media\/27451"}],"wp:attachment":[{"href":"https:\/\/www.africa-press.net\/cameroun\/wp-json\/wp\/v2\/media?parent=27452"}],"wp:term":[{"taxonomy":"category","embeddable":true,"href":"https:\/\/www.africa-press.net\/cameroun\/wp-json\/wp\/v2\/categories?post=27452"},{"taxonomy":"post_tag","embeddable":true,"href":"https:\/\/www.africa-press.net\/cameroun\/wp-json\/wp\/v2\/tags?post=27452"}],"curies":[{"name":"wp","href":"https:\/\/api.w.org\/{rel}","templated":true}]}}