{"id":27461,"date":"2022-09-15T15:34:57","date_gmt":"2022-09-15T15:34:57","guid":{"rendered":"https:\/\/www.africa-press.net\/cameroun\/politique\/cameroun-le-proces-des-prisonniers-du-mrc-renvoye-au-20-octobre-2022"},"modified":"2022-09-15T16:49:12","modified_gmt":"2022-09-15T16:49:12","slug":"cameroun-le-proces-des-prisonniers-du-mrc-renvoye-au-20-octobre-2022","status":"publish","type":"post","link":"https:\/\/www.africa-press.net\/cameroun\/toutes-les-actualites\/cameroun-le-proces-des-prisonniers-du-mrc-renvoye-au-20-octobre-2022","title":{"rendered":"Cameroun : le proc\u00e8s des prisonniers du MRC renvoy\u00e9 au 20 octobre 2022"},"content":{"rendered":"<p><span style=\"color: #ff6600\"><strong>Africa-Press &#8211; Cameroun. <\/strong><\/span>L\u2019audience opposant le Pr Fogue Tedom Alain et 38 autres au Commissaire du gouvernement n\u2019ira pas jusqu\u2019au bout. Elle a \u00e9t\u00e9 ouverte \u00e0 la cour d\u2019appel du Centre ce 15 septembre en matin\u00e9e. Un nouveau rendez-vous vient d\u2019\u00eatre fix\u00e9.<\/p>\n<p>La <b>cour d\u2019appel du Centre<\/b> n\u2019a pas rendu son verdict \u00e0 l\u2019issue de l\u2019audience ouverte cette matin\u00e9e. Statuant au second degr\u00e9 apr\u00e8s le tribunal militaire, elle vient de renvoyer l\u2019affaire au 20 octobre 2022. Un renvoi qui selon les militants du Mouvement pour la renaissance du Cameroun, \u00e9tait pr\u00e9visible. \u00ab <b>Nous le savions d\u00e9j\u00e0 : en attendant les instructions, les renvois des audiences des prisonniers politiques vont se multiplier. Prochaine mise en sc\u00e8ne le 20 octobre 2022 <\/b>\u00bb, a d\u00e9clar\u00e9 Joseph Emmanuel Ateba, secr\u00e9taire national \u00e0 la communication du <b>MRC<\/b> sur son compte Facebook.<\/p>\n<p>Lors du proc\u00e8s, l\u2019on a pu remarquer la pr\u00e9sence des prisonniers <b>Alain Fogue Tedom<\/b>, <b>Olivier Bibou Nissack<\/b> et bien d\u2019autres. Le <b>Pr. Maurice Kamto<\/b>, pr\u00e9sident du MRC annonc\u00e9 aux c\u00f4t\u00e9s du coll\u00e8ge des avocats pour d\u00e9fendre ses militants de son parti, est arriv\u00e9 pendant que le proc\u00e8s \u00e9tait en cours. Le secr\u00e9taire national \u00e0 la communication du parti a annonc\u00e9 au d\u00e9but de l\u2019audience que l\u2019acc\u00e8s au palais de justice lui a \u00e9t\u00e9 refus\u00e9. Il a tout de m\u00eame pu remarquer que \u00ab <b>les prisonniers politiques, malgr\u00e9 leurs conditions carc\u00e9rales ex\u00e9crables, restent debout et fier<\/b> \u00bb, peut-on lire sur Facebook.<\/p>\n<p>Pour rappel, Olivier Bibou Nissack, Alain Fogue Tedom et les 36 autres ont \u00e9t\u00e9 condamn\u00e9 \u00e0 des peines allant de 5 \u00e0 7 ans depuis d\u00e9cembre 2021 par le tribunal militaire de Yaound\u00e9. Ils ont \u00e9t\u00e9 interpell\u00e9s dans le cadre des marches dites pacifiques du 22 septembre 2022.<\/p>\n<p><strong>Pour plus d&rsquo;informations et d&rsquo;analyses sur la <a href=\"https:\/\/www.africa-press.net\/cameroun\">Cameroun<\/a>, suivez <a href=\"https:\/\/www.africa-press.net\/\">Africa-Press<\/a><\/strong><\/p>\n","protected":false},"excerpt":{"rendered":"<p>Africa-Press &#8211; Cameroun. L\u2019audience opposant le Pr Fogue Tedom Alain et 38 autres au Commissaire du gouvernement n\u2019ira pas jusqu\u2019au bout. Elle a \u00e9t\u00e9 ouverte \u00e0 la cour d\u2019appel du Centre ce 15 septembre en matin\u00e9e. Un nouveau rendez-vous vient d\u2019\u00eatre fix\u00e9. La cour d\u2019appel du Centre n\u2019a pas rendu son verdict \u00e0 l\u2019issue de [&hellip;]<\/p>\n","protected":false},"author":82,"featured_media":27460,"comment_status":"open","ping_status":"closed","sticky":false,"template":"","format":"standard","meta":{"footnotes":""},"categories":[21,11,10],"tags":[36,50,49],"class_list":["post-27461","post","type-post","status-publish","format-standard","has-post-thumbnail","hentry","category-communaute","category-homepage-french","category-toutes-les-actualites","tag-africa-press","tag-africa-press-cameroun","tag-cameroun"],"yoast_head":"<!-- This site is optimized with the Yoast SEO Premium plugin v26.1 (Yoast SEO v27.0) - https:\/\/yoast.com\/product\/yoast-seo-premium-wordpress\/ -->\n<title>Cameroun : le proc\u00e8s des prisonniers du MRC renvoy\u00e9 au 20 octobre 2022 - Cameroun<\/title>\n<meta name=\"description\" content=\"L\u2019audience opposant le Pr Fogue Tedom Alain et 38 autres au Commissaire du gouvernement n\u2019ira pas jusqu\u2019au bout. Elle a ...\" \/>\n<meta name=\"robots\" content=\"index, follow, max-snippet:-1, max-image-preview:large, max-video-preview:-1\" \/>\n<link rel=\"canonical\" href=\"https:\/\/www.africa-press.net\/cameroun\/toutes-les-actualites\/cameroun-le-proces-des-prisonniers-du-mrc-renvoye-au-20-octobre-2022\" \/>\n<meta property=\"og:locale\" content=\"fr_FR\" \/>\n<meta property=\"og:type\" content=\"article\" \/>\n<meta property=\"og:title\" content=\"Cameroun : le proc\u00e8s des prisonniers du MRC renvoy\u00e9 au 20 octobre 2022\" \/>\n<meta property=\"og:description\" content=\"L\u2019audience opposant le Pr Fogue Tedom Alain et 38 autres au Commissaire du gouvernement n\u2019ira pas jusqu\u2019au bout. Elle a ...\" \/>\n<meta property=\"og:url\" content=\"https:\/\/www.africa-press.net\/cameroun\/toutes-les-actualites\/cameroun-le-proces-des-prisonniers-du-mrc-renvoye-au-20-octobre-2022\" \/>\n<meta property=\"og:site_name\" content=\"Cameroun\" \/>\n<meta property=\"article:published_time\" content=\"2022-09-15T15:34:57+00:00\" \/>\n<meta property=\"article:modified_time\" content=\"2022-09-15T16:49:12+00:00\" \/>\n<meta property=\"og:image\" content=\"https:\/\/static.africa-press.net\/cameroun\/sites\/57\/2022\/09\/img-63235771ccb64.jpg\" \/>\n\t<meta property=\"og:image:width\" content=\"960\" \/>\n\t<meta property=\"og:image:height\" content=\"480\" \/>\n\t<meta property=\"og:image:type\" content=\"image\/jpeg\" \/>\n<meta name=\"author\" content=\"cfeditorfr\" \/>\n<meta name=\"twitter:card\" content=\"summary_large_image\" \/>\n<meta name=\"twitter:label1\" content=\"\u00c9crit par\" \/>\n\t<meta name=\"twitter:data1\" content=\"cfeditorfr\" \/>\n\t<meta name=\"twitter:label2\" content=\"Dur\u00e9e de lecture estim\u00e9e\" \/>\n\t<meta name=\"twitter:data2\" content=\"2 minutes\" \/>\n<script type=\"application\/ld+json\" class=\"yoast-schema-graph\">{\"@context\":\"https:\/\/schema.org\",\"@graph\":[{\"@type\":\"Article\",\"@id\":\"https:\/\/www.africa-press.net\/cameroun\/toutes-les-actualites\/cameroun-le-proces-des-prisonniers-du-mrc-renvoye-au-20-octobre-2022#article\",\"isPartOf\":{\"@id\":\"https:\/\/www.africa-press.net\/cameroun\/toutes-les-actualites\/cameroun-le-proces-des-prisonniers-du-mrc-renvoye-au-20-octobre-2022\"},\"author\":{\"name\":\"cfeditorfr\",\"@id\":\"https:\/\/www.africa-press.net\/cameroun\/#\/schema\/person\/2b1cf3cd81a31e3cd26889ca66d677f1\"},\"headline\":\"Cameroun : le proc\u00e8s des prisonniers du MRC renvoy\u00e9 au 20 octobre 2022\",\"datePublished\":\"2022-09-15T15:34:57+00:00\",\"dateModified\":\"2022-09-15T16:49:12+00:00\",\"mainEntityOfPage\":{\"@id\":\"https:\/\/www.africa-press.net\/cameroun\/toutes-les-actualites\/cameroun-le-proces-des-prisonniers-du-mrc-renvoye-au-20-octobre-2022\"},\"wordCount\":322,\"commentCount\":0,\"image\":{\"@id\":\"https:\/\/www.africa-press.net\/cameroun\/toutes-les-actualites\/cameroun-le-proces-des-prisonniers-du-mrc-renvoye-au-20-octobre-2022#primaryimage\"},\"thumbnailUrl\":\"https:\/\/static.africa-press.net\/cameroun\/sites\/57\/2022\/09\/img-63235771ccb64.jpg\",\"keywords\":[\"Africa Press\",\"Africa Press-Cameroun\",\"Cameroun\"],\"articleSection\":[\"Communaut\u00e9\",\"homepage-french\",\"Toutes les actualit\u00e9s\"],\"inLanguage\":\"fr-FR\",\"potentialAction\":[{\"@type\":\"CommentAction\",\"name\":\"Comment\",\"target\":[\"https:\/\/www.africa-press.net\/cameroun\/toutes-les-actualites\/cameroun-le-proces-des-prisonniers-du-mrc-renvoye-au-20-octobre-2022#respond\"]}]},{\"@type\":\"WebPage\",\"@id\":\"https:\/\/www.africa-press.net\/cameroun\/toutes-les-actualites\/cameroun-le-proces-des-prisonniers-du-mrc-renvoye-au-20-octobre-2022\",\"url\":\"https:\/\/www.africa-press.net\/cameroun\/toutes-les-actualites\/cameroun-le-proces-des-prisonniers-du-mrc-renvoye-au-20-octobre-2022\",\"name\":\"Cameroun : le proc\u00e8s des prisonniers du MRC renvoy\u00e9 au 20 octobre 2022 - Cameroun\",\"isPartOf\":{\"@id\":\"https:\/\/www.africa-press.net\/cameroun\/#website\"},\"primaryImageOfPage\":{\"@id\":\"https:\/\/www.africa-press.net\/cameroun\/toutes-les-actualites\/cameroun-le-proces-des-prisonniers-du-mrc-renvoye-au-20-octobre-2022#primaryimage\"},\"image\":{\"@id\":\"https:\/\/www.africa-press.net\/cameroun\/toutes-les-actualites\/cameroun-le-proces-des-prisonniers-du-mrc-renvoye-au-20-octobre-2022#primaryimage\"},\"thumbnailUrl\":\"https:\/\/static.africa-press.net\/cameroun\/sites\/57\/2022\/09\/img-63235771ccb64.jpg\",\"datePublished\":\"2022-09-15T15:34:57+00:00\",\"dateModified\":\"2022-09-15T16:49:12+00:00\",\"author\":{\"@id\":\"https:\/\/www.africa-press.net\/cameroun\/#\/schema\/person\/2b1cf3cd81a31e3cd26889ca66d677f1\"},\"description\":\"L\u2019audience opposant le Pr Fogue Tedom Alain et 38 autres au Commissaire du gouvernement n\u2019ira pas jusqu\u2019au bout. Elle a ...\",\"breadcrumb\":{\"@id\":\"https:\/\/www.africa-press.net\/cameroun\/toutes-les-actualites\/cameroun-le-proces-des-prisonniers-du-mrc-renvoye-au-20-octobre-2022#breadcrumb\"},\"inLanguage\":\"fr-FR\",\"potentialAction\":[{\"@type\":\"ReadAction\",\"target\":[\"https:\/\/www.africa-press.net\/cameroun\/toutes-les-actualites\/cameroun-le-proces-des-prisonniers-du-mrc-renvoye-au-20-octobre-2022\"]}]},{\"@type\":\"ImageObject\",\"inLanguage\":\"fr-FR\",\"@id\":\"https:\/\/www.africa-press.net\/cameroun\/toutes-les-actualites\/cameroun-le-proces-des-prisonniers-du-mrc-renvoye-au-20-octobre-2022#primaryimage\",\"url\":\"https:\/\/static.africa-press.net\/cameroun\/sites\/57\/2022\/09\/img-63235771ccb64.jpg\",\"contentUrl\":\"https:\/\/static.africa-press.net\/cameroun\/sites\/57\/2022\/09\/img-63235771ccb64.jpg\",\"width\":960,\"height\":480,\"caption\":\"Cameroun : le proc\u00e8s des prisonniers du MRC renvoy\u00e9 au 20 octobre 2022\"},{\"@type\":\"BreadcrumbList\",\"@id\":\"https:\/\/www.africa-press.net\/cameroun\/toutes-les-actualites\/cameroun-le-proces-des-prisonniers-du-mrc-renvoye-au-20-octobre-2022#breadcrumb\",\"itemListElement\":[{\"@type\":\"ListItem\",\"position\":1,\"name\":\"Accueil\",\"item\":\"https:\/\/www.africa-press.net\/cameroun\/\"},{\"@type\":\"ListItem\",\"position\":2,\"name\":\"Cameroun : le proc\u00e8s des prisonniers du MRC renvoy\u00e9 au 20 octobre 2022\"}]},{\"@type\":\"WebSite\",\"@id\":\"https:\/\/www.africa-press.net\/cameroun\/#website\",\"url\":\"https:\/\/www.africa-press.net\/cameroun\/\",\"name\":\"Cameroun\",\"description\":\"Just another Africa News Agency Sites site\",\"potentialAction\":[{\"@type\":\"SearchAction\",\"target\":{\"@type\":\"EntryPoint\",\"urlTemplate\":\"https:\/\/www.africa-press.net\/cameroun\/?s={search_term_string}\"},\"query-input\":{\"@type\":\"PropertyValueSpecification\",\"valueRequired\":true,\"valueName\":\"search_term_string\"}}],\"inLanguage\":\"fr-FR\"},{\"@type\":\"Person\",\"@id\":\"https:\/\/www.africa-press.net\/cameroun\/#\/schema\/person\/2b1cf3cd81a31e3cd26889ca66d677f1\",\"name\":\"cfeditorfr\"}]}<\/script>\n<!-- \/ Yoast SEO Premium plugin. -->","yoast_head_json":{"title":"Cameroun : le proc\u00e8s des prisonniers du MRC renvoy\u00e9 au 20 octobre 2022 - Cameroun","description":"L\u2019audience opposant le Pr Fogue Tedom Alain et 38 autres au Commissaire du gouvernement n\u2019ira pas jusqu\u2019au bout. Elle a ...","robots":{"index":"index","follow":"follow","max-snippet":"max-snippet:-1","max-image-preview":"max-image-preview:large","max-video-preview":"max-video-preview:-1"},"canonical":"https:\/\/www.africa-press.net\/cameroun\/toutes-les-actualites\/cameroun-le-proces-des-prisonniers-du-mrc-renvoye-au-20-octobre-2022","og_locale":"fr_FR","og_type":"article","og_title":"Cameroun : le proc\u00e8s des prisonniers du MRC renvoy\u00e9 au 20 octobre 2022","og_description":"L\u2019audience opposant le Pr Fogue Tedom Alain et 38 autres au Commissaire du gouvernement n\u2019ira pas jusqu\u2019au bout. Elle a ...","og_url":"https:\/\/www.africa-press.net\/cameroun\/toutes-les-actualites\/cameroun-le-proces-des-prisonniers-du-mrc-renvoye-au-20-octobre-2022","og_site_name":"Cameroun","article_published_time":"2022-09-15T15:34:57+00:00","article_modified_time":"2022-09-15T16:49:12+00:00","og_image":[{"width":960,"height":480,"url":"https:\/\/static.africa-press.net\/cameroun\/sites\/57\/2022\/09\/img-63235771ccb64.jpg","type":"image\/jpeg"}],"author":"cfeditorfr","twitter_card":"summary_large_image","twitter_misc":{"\u00c9crit par":"cfeditorfr","Dur\u00e9e de lecture estim\u00e9e":"2 minutes"},"schema":{"@context":"https:\/\/schema.org","@graph":[{"@type":"Article","@id":"https:\/\/www.africa-press.net\/cameroun\/toutes-les-actualites\/cameroun-le-proces-des-prisonniers-du-mrc-renvoye-au-20-octobre-2022#article","isPartOf":{"@id":"https:\/\/www.africa-press.net\/cameroun\/toutes-les-actualites\/cameroun-le-proces-des-prisonniers-du-mrc-renvoye-au-20-octobre-2022"},"author":{"name":"cfeditorfr","@id":"https:\/\/www.africa-press.net\/cameroun\/#\/schema\/person\/2b1cf3cd81a31e3cd26889ca66d677f1"},"headline":"Cameroun : le proc\u00e8s des prisonniers du MRC renvoy\u00e9 au 20 octobre 2022","datePublished":"2022-09-15T15:34:57+00:00","dateModified":"2022-09-15T16:49:12+00:00","mainEntityOfPage":{"@id":"https:\/\/www.africa-press.net\/cameroun\/toutes-les-actualites\/cameroun-le-proces-des-prisonniers-du-mrc-renvoye-au-20-octobre-2022"},"wordCount":322,"commentCount":0,"image":{"@id":"https:\/\/www.africa-press.net\/cameroun\/toutes-les-actualites\/cameroun-le-proces-des-prisonniers-du-mrc-renvoye-au-20-octobre-2022#primaryimage"},"thumbnailUrl":"https:\/\/static.africa-press.net\/cameroun\/sites\/57\/2022\/09\/img-63235771ccb64.jpg","keywords":["Africa Press","Africa Press-Cameroun","Cameroun"],"articleSection":["Communaut\u00e9","homepage-french","Toutes les actualit\u00e9s"],"inLanguage":"fr-FR","potentialAction":[{"@type":"CommentAction","name":"Comment","target":["https:\/\/www.africa-press.net\/cameroun\/toutes-les-actualites\/cameroun-le-proces-des-prisonniers-du-mrc-renvoye-au-20-octobre-2022#respond"]}]},{"@type":"WebPage","@id":"https:\/\/www.africa-press.net\/cameroun\/toutes-les-actualites\/cameroun-le-proces-des-prisonniers-du-mrc-renvoye-au-20-octobre-2022","url":"https:\/\/www.africa-press.net\/cameroun\/toutes-les-actualites\/cameroun-le-proces-des-prisonniers-du-mrc-renvoye-au-20-octobre-2022","name":"Cameroun : le proc\u00e8s des prisonniers du MRC renvoy\u00e9 au 20 octobre 2022 - Cameroun","isPartOf":{"@id":"https:\/\/www.africa-press.net\/cameroun\/#website"},"primaryImageOfPage":{"@id":"https:\/\/www.africa-press.net\/cameroun\/toutes-les-actualites\/cameroun-le-proces-des-prisonniers-du-mrc-renvoye-au-20-octobre-2022#primaryimage"},"image":{"@id":"https:\/\/www.africa-press.net\/cameroun\/toutes-les-actualites\/cameroun-le-proces-des-prisonniers-du-mrc-renvoye-au-20-octobre-2022#primaryimage"},"thumbnailUrl":"https:\/\/static.africa-press.net\/cameroun\/sites\/57\/2022\/09\/img-63235771ccb64.jpg","datePublished":"2022-09-15T15:34:57+00:00","dateModified":"2022-09-15T16:49:12+00:00","author":{"@id":"https:\/\/www.africa-press.net\/cameroun\/#\/schema\/person\/2b1cf3cd81a31e3cd26889ca66d677f1"},"description":"L\u2019audience opposant le Pr Fogue Tedom Alain et 38 autres au Commissaire du gouvernement n\u2019ira pas jusqu\u2019au bout. Elle a ...","breadcrumb":{"@id":"https:\/\/www.africa-press.net\/cameroun\/toutes-les-actualites\/cameroun-le-proces-des-prisonniers-du-mrc-renvoye-au-20-octobre-2022#breadcrumb"},"inLanguage":"fr-FR","potentialAction":[{"@type":"ReadAction","target":["https:\/\/www.africa-press.net\/cameroun\/toutes-les-actualites\/cameroun-le-proces-des-prisonniers-du-mrc-renvoye-au-20-octobre-2022"]}]},{"@type":"ImageObject","inLanguage":"fr-FR","@id":"https:\/\/www.africa-press.net\/cameroun\/toutes-les-actualites\/cameroun-le-proces-des-prisonniers-du-mrc-renvoye-au-20-octobre-2022#primaryimage","url":"https:\/\/static.africa-press.net\/cameroun\/sites\/57\/2022\/09\/img-63235771ccb64.jpg","contentUrl":"https:\/\/static.africa-press.net\/cameroun\/sites\/57\/2022\/09\/img-63235771ccb64.jpg","width":960,"height":480,"caption":"Cameroun : le proc\u00e8s des prisonniers du MRC renvoy\u00e9 au 20 octobre 2022"},{"@type":"BreadcrumbList","@id":"https:\/\/www.africa-press.net\/cameroun\/toutes-les-actualites\/cameroun-le-proces-des-prisonniers-du-mrc-renvoye-au-20-octobre-2022#breadcrumb","itemListElement":[{"@type":"ListItem","position":1,"name":"Accueil","item":"https:\/\/www.africa-press.net\/cameroun\/"},{"@type":"ListItem","position":2,"name":"Cameroun : le proc\u00e8s des prisonniers du MRC renvoy\u00e9 au 20 octobre 2022"}]},{"@type":"WebSite","@id":"https:\/\/www.africa-press.net\/cameroun\/#website","url":"https:\/\/www.africa-press.net\/cameroun\/","name":"Cameroun","description":"Just another Africa News Agency Sites site","potentialAction":[{"@type":"SearchAction","target":{"@type":"EntryPoint","urlTemplate":"https:\/\/www.africa-press.net\/cameroun\/?s={search_term_string}"},"query-input":{"@type":"PropertyValueSpecification","valueRequired":true,"valueName":"search_term_string"}}],"inLanguage":"fr-FR"},{"@type":"Person","@id":"https:\/\/www.africa-press.net\/cameroun\/#\/schema\/person\/2b1cf3cd81a31e3cd26889ca66d677f1","name":"cfeditorfr"}]}},"_links":{"self":[{"href":"https:\/\/www.africa-press.net\/cameroun\/wp-json\/wp\/v2\/posts\/27461","targetHints":{"allow":["GET"]}}],"collection":[{"href":"https:\/\/www.africa-press.net\/cameroun\/wp-json\/wp\/v2\/posts"}],"about":[{"href":"https:\/\/www.africa-press.net\/cameroun\/wp-json\/wp\/v2\/types\/post"}],"author":[{"embeddable":true,"href":"https:\/\/www.africa-press.net\/cameroun\/wp-json\/wp\/v2\/users\/82"}],"replies":[{"embeddable":true,"href":"https:\/\/www.africa-press.net\/cameroun\/wp-json\/wp\/v2\/comments?post=27461"}],"version-history":[{"count":0,"href":"https:\/\/www.africa-press.net\/cameroun\/wp-json\/wp\/v2\/posts\/27461\/revisions"}],"wp:featuredmedia":[{"embeddable":true,"href":"https:\/\/www.africa-press.net\/cameroun\/wp-json\/wp\/v2\/media\/27460"}],"wp:attachment":[{"href":"https:\/\/www.africa-press.net\/cameroun\/wp-json\/wp\/v2\/media?parent=27461"}],"wp:term":[{"taxonomy":"category","embeddable":true,"href":"https:\/\/www.africa-press.net\/cameroun\/wp-json\/wp\/v2\/categories?post=27461"},{"taxonomy":"post_tag","embeddable":true,"href":"https:\/\/www.africa-press.net\/cameroun\/wp-json\/wp\/v2\/tags?post=27461"}],"curies":[{"name":"wp","href":"https:\/\/api.w.org\/{rel}","templated":true}]}}