{"id":27464,"date":"2022-09-15T15:44:28","date_gmt":"2022-09-15T15:44:28","guid":{"rendered":"https:\/\/www.africa-press.net\/cameroun\/politique\/cameroun-le-directeur-general-des-impots-rencontre-les-operateurs-economiques-a-douala"},"modified":"2022-09-15T16:49:44","modified_gmt":"2022-09-15T16:49:44","slug":"cameroun-le-directeur-general-des-impots-rencontre-les-operateurs-economiques-a-douala","status":"publish","type":"post","link":"https:\/\/www.africa-press.net\/cameroun\/politique\/cameroun-le-directeur-general-des-impots-rencontre-les-operateurs-economiques-a-douala","title":{"rendered":"Cameroun\u00a0: le directeur g\u00e9n\u00e9ral des Imp\u00f4ts rencontre les op\u00e9rateurs \u00e9conomiques \u00e0 Douala"},"content":{"rendered":"<p><span style=\"color: #ff6600\"><strong>Africa-Press &#8211; Cameroun. <\/strong><\/span>Le directeur g\u00e9n\u00e9ral des imp\u00f4ts (DGI), Modeste Mopa Fatoing, a entam\u00e9 le 13 septembre 2022 \u00e0 Douala, des concertations avec les op\u00e9rateurs \u00e9conomiques du Groupement inter patronal du Cameroun (GICAM).<\/p>\n<p>Modeste Mopa rencontre les op\u00e9rations en pr\u00e9lude \u00e0 la pr\u00e9paration de la<b> loi de finances 2023<\/b>. La rencontre entre la DGI et le Gicam a par ailleurs pour objectif d\u2019apaiser les relations entre les deux entit\u00e9s.<\/p>\n<p><b>\u00ab Il nous \u00e9choit de r\u00e9fl\u00e9chir aux ajustements n\u00e9cessaires \u00e0 apporter \u00e0 notre syst\u00e8me fiscal pour lui permettre de faire face aux nombreux d\u00e9fis, notamment ceux li\u00e9s \u00e0 l\u2019impact de la crise s\u00e9curitaire, ainsi que les cons\u00e9quences des crises sanitaire et Ukrainienne <\/b>\u00bb a d\u00e9clar\u00e9 hier le Dgi, lors de la c\u00e9r\u00e9monie d\u2019ouverture de la mission de concertation avec le secteur priv\u00e9.<\/p>\n<p><b>\u00ab Il s\u2019agit \u00e9galement pour nous de vous demander de partager les difficult\u00e9s rencontr\u00e9es dans l\u2019application de la <b>l\u00e9gislation fiscale<\/b> en vigueur et le fruit de vos r\u00e9flexions pour l\u2019am\u00e9lioration de notre syst\u00e8me fiscal. Notre objectif au cours de cette semaine sera donc de vous \u00e9couter et d\u2019\u00eatre attentif \u00e0 vos dol\u00e9ances et \u00e0 vos sollicitations \u00bb,<\/b> ajoute <b>Modeste Mopa Fatoing<\/b>.<\/p>\n<p>Cette rencontre se tient dans un contexte \u00e9conomique tendu, marqu\u00e9 par une pression fiscale et une inflation auxquelles des entreprises peinent \u00e0 r\u00e9sister.<\/p>\n<p>Il sera donc qussi question pour les deux entit\u00e9s, de faire une \u00e9valuation <b>\u00ab de l\u2019application des<b> mesures fiscales<\/b> de la derni\u00e8re Loi de Finances et de pr\u00e9parer celle \u00e0 venir y compris en mati\u00e8re de fiscalit\u00e9 locale \u00bb. <\/b><\/p>\n<p><b><b>C\u00e9lestin Tawamba<\/b>, pr\u00e9sident du <b>Gicam<\/b> indique que l\u2019implication des membres du patronat \u00e0 ces \u00e9changes \u00ab permettra sans doute de trouver ensemble des pistes de solution pour s\u2019engager durablement vers une fiscalit\u00e9 plus propice au <b>d\u00e9veloppement des entreprise<\/b>s \u00bb.<\/b><\/p>\n<p><b>Il faut dire que, <\/b>le Gicam continue de juger le syst\u00e8me fiscal du Cameroun in\u00e9quitable, r\u00e9pressif et impr\u00e9visible.<\/p>\n<p><strong>Pour plus d&rsquo;informations et d&rsquo;analyses sur la <a href=\"https:\/\/www.africa-press.net\/cameroun\">Cameroun<\/a>, suivez <a href=\"https:\/\/www.africa-press.net\/\">Africa-Press<\/a><\/strong><\/p>\n","protected":false},"excerpt":{"rendered":"<p>Africa-Press &#8211; Cameroun. Le directeur g\u00e9n\u00e9ral des imp\u00f4ts (DGI), Modeste Mopa Fatoing, a entam\u00e9 le 13 septembre 2022 \u00e0 Douala, des concertations avec les op\u00e9rateurs \u00e9conomiques du Groupement inter patronal du Cameroun (GICAM). Modeste Mopa rencontre les op\u00e9rations en pr\u00e9lude \u00e0 la pr\u00e9paration de la loi de finances 2023. La rencontre entre la DGI et [&hellip;]<\/p>\n","protected":false},"author":82,"featured_media":27463,"comment_status":"open","ping_status":"closed","sticky":false,"template":"","format":"standard","meta":{"footnotes":""},"categories":[11,2,10],"tags":[36,50,49],"class_list":["post-27464","post","type-post","status-publish","format-standard","has-post-thumbnail","hentry","category-homepage-french","category-politique","category-toutes-les-actualites","tag-africa-press","tag-africa-press-cameroun","tag-cameroun"],"yoast_head":"<!-- This site is optimized with the Yoast SEO Premium plugin v26.1 (Yoast SEO v27.0) - https:\/\/yoast.com\/product\/yoast-seo-premium-wordpress\/ -->\n<title>Cameroun\u00a0: le directeur g\u00e9n\u00e9ral des Imp\u00f4ts rencontre les op\u00e9rateurs \u00e9conomiques \u00e0 Douala - Cameroun<\/title>\n<meta name=\"description\" content=\"Le directeur g\u00e9n\u00e9ral des imp\u00f4ts (DGI), Modeste Mopa Fatoing, a entam\u00e9 le 13 septembre 2022 \u00e0 Douala, des concertations a ...\" \/>\n<meta name=\"robots\" content=\"index, follow, max-snippet:-1, max-image-preview:large, max-video-preview:-1\" \/>\n<link rel=\"canonical\" href=\"https:\/\/www.africa-press.net\/cameroun\/politique\/cameroun-le-directeur-general-des-impots-rencontre-les-operateurs-economiques-a-douala\" \/>\n<meta property=\"og:locale\" content=\"fr_FR\" \/>\n<meta property=\"og:type\" content=\"article\" \/>\n<meta property=\"og:title\" content=\"Cameroun\u00a0: le directeur g\u00e9n\u00e9ral des Imp\u00f4ts rencontre les op\u00e9rateurs \u00e9conomiques \u00e0 Douala\" \/>\n<meta property=\"og:description\" content=\"Le directeur g\u00e9n\u00e9ral des imp\u00f4ts (DGI), Modeste Mopa Fatoing, a entam\u00e9 le 13 septembre 2022 \u00e0 Douala, des concertations a ...\" \/>\n<meta property=\"og:url\" content=\"https:\/\/www.africa-press.net\/cameroun\/politique\/cameroun-le-directeur-general-des-impots-rencontre-les-operateurs-economiques-a-douala\" \/>\n<meta property=\"og:site_name\" content=\"Cameroun\" \/>\n<meta property=\"article:published_time\" content=\"2022-09-15T15:44:28+00:00\" \/>\n<meta property=\"article:modified_time\" content=\"2022-09-15T16:49:44+00:00\" \/>\n<meta property=\"og:image\" content=\"https:\/\/static.africa-press.net\/cameroun\/sites\/57\/2022\/09\/img-632357916e4d9.jpg\" \/>\n\t<meta property=\"og:image:width\" content=\"900\" \/>\n\t<meta property=\"og:image:height\" content=\"600\" \/>\n\t<meta property=\"og:image:type\" content=\"image\/jpeg\" \/>\n<meta name=\"author\" content=\"cfeditorfr\" \/>\n<meta name=\"twitter:card\" content=\"summary_large_image\" \/>\n<meta name=\"twitter:label1\" content=\"\u00c9crit par\" \/>\n\t<meta name=\"twitter:data1\" content=\"cfeditorfr\" \/>\n\t<meta name=\"twitter:label2\" content=\"Dur\u00e9e de lecture estim\u00e9e\" \/>\n\t<meta name=\"twitter:data2\" content=\"2 minutes\" \/>\n<script type=\"application\/ld+json\" class=\"yoast-schema-graph\">{\"@context\":\"https:\/\/schema.org\",\"@graph\":[{\"@type\":\"Article\",\"@id\":\"https:\/\/www.africa-press.net\/cameroun\/politique\/cameroun-le-directeur-general-des-impots-rencontre-les-operateurs-economiques-a-douala#article\",\"isPartOf\":{\"@id\":\"https:\/\/www.africa-press.net\/cameroun\/politique\/cameroun-le-directeur-general-des-impots-rencontre-les-operateurs-economiques-a-douala\"},\"author\":{\"name\":\"cfeditorfr\",\"@id\":\"https:\/\/www.africa-press.net\/cameroun\/#\/schema\/person\/2b1cf3cd81a31e3cd26889ca66d677f1\"},\"headline\":\"Cameroun\u00a0: le directeur g\u00e9n\u00e9ral des Imp\u00f4ts rencontre les op\u00e9rateurs \u00e9conomiques \u00e0 Douala\",\"datePublished\":\"2022-09-15T15:44:28+00:00\",\"dateModified\":\"2022-09-15T16:49:44+00:00\",\"mainEntityOfPage\":{\"@id\":\"https:\/\/www.africa-press.net\/cameroun\/politique\/cameroun-le-directeur-general-des-impots-rencontre-les-operateurs-economiques-a-douala\"},\"wordCount\":365,\"commentCount\":0,\"image\":{\"@id\":\"https:\/\/www.africa-press.net\/cameroun\/politique\/cameroun-le-directeur-general-des-impots-rencontre-les-operateurs-economiques-a-douala#primaryimage\"},\"thumbnailUrl\":\"https:\/\/static.africa-press.net\/cameroun\/sites\/57\/2022\/09\/img-632357916e4d9.jpg\",\"keywords\":[\"Africa Press\",\"Africa Press-Cameroun\",\"Cameroun\"],\"articleSection\":[\"homepage-french\",\"Politique\",\"Toutes les actualit\u00e9s\"],\"inLanguage\":\"fr-FR\",\"potentialAction\":[{\"@type\":\"CommentAction\",\"name\":\"Comment\",\"target\":[\"https:\/\/www.africa-press.net\/cameroun\/politique\/cameroun-le-directeur-general-des-impots-rencontre-les-operateurs-economiques-a-douala#respond\"]}]},{\"@type\":\"WebPage\",\"@id\":\"https:\/\/www.africa-press.net\/cameroun\/politique\/cameroun-le-directeur-general-des-impots-rencontre-les-operateurs-economiques-a-douala\",\"url\":\"https:\/\/www.africa-press.net\/cameroun\/politique\/cameroun-le-directeur-general-des-impots-rencontre-les-operateurs-economiques-a-douala\",\"name\":\"Cameroun\u00a0: le directeur g\u00e9n\u00e9ral des Imp\u00f4ts rencontre les op\u00e9rateurs \u00e9conomiques \u00e0 Douala - Cameroun\",\"isPartOf\":{\"@id\":\"https:\/\/www.africa-press.net\/cameroun\/#website\"},\"primaryImageOfPage\":{\"@id\":\"https:\/\/www.africa-press.net\/cameroun\/politique\/cameroun-le-directeur-general-des-impots-rencontre-les-operateurs-economiques-a-douala#primaryimage\"},\"image\":{\"@id\":\"https:\/\/www.africa-press.net\/cameroun\/politique\/cameroun-le-directeur-general-des-impots-rencontre-les-operateurs-economiques-a-douala#primaryimage\"},\"thumbnailUrl\":\"https:\/\/static.africa-press.net\/cameroun\/sites\/57\/2022\/09\/img-632357916e4d9.jpg\",\"datePublished\":\"2022-09-15T15:44:28+00:00\",\"dateModified\":\"2022-09-15T16:49:44+00:00\",\"author\":{\"@id\":\"https:\/\/www.africa-press.net\/cameroun\/#\/schema\/person\/2b1cf3cd81a31e3cd26889ca66d677f1\"},\"description\":\"Le directeur g\u00e9n\u00e9ral des imp\u00f4ts (DGI), Modeste Mopa Fatoing, a entam\u00e9 le 13 septembre 2022 \u00e0 Douala, des concertations a ...\",\"breadcrumb\":{\"@id\":\"https:\/\/www.africa-press.net\/cameroun\/politique\/cameroun-le-directeur-general-des-impots-rencontre-les-operateurs-economiques-a-douala#breadcrumb\"},\"inLanguage\":\"fr-FR\",\"potentialAction\":[{\"@type\":\"ReadAction\",\"target\":[\"https:\/\/www.africa-press.net\/cameroun\/politique\/cameroun-le-directeur-general-des-impots-rencontre-les-operateurs-economiques-a-douala\"]}]},{\"@type\":\"ImageObject\",\"inLanguage\":\"fr-FR\",\"@id\":\"https:\/\/www.africa-press.net\/cameroun\/politique\/cameroun-le-directeur-general-des-impots-rencontre-les-operateurs-economiques-a-douala#primaryimage\",\"url\":\"https:\/\/static.africa-press.net\/cameroun\/sites\/57\/2022\/09\/img-632357916e4d9.jpg\",\"contentUrl\":\"https:\/\/static.africa-press.net\/cameroun\/sites\/57\/2022\/09\/img-632357916e4d9.jpg\",\"width\":900,\"height\":600,\"caption\":\"Cameroun\u00a0: le directeur g\u00e9n\u00e9ral des Imp\u00f4ts rencontre les op\u00e9rateurs \u00e9conomiques \u00e0 Douala\"},{\"@type\":\"BreadcrumbList\",\"@id\":\"https:\/\/www.africa-press.net\/cameroun\/politique\/cameroun-le-directeur-general-des-impots-rencontre-les-operateurs-economiques-a-douala#breadcrumb\",\"itemListElement\":[{\"@type\":\"ListItem\",\"position\":1,\"name\":\"Accueil\",\"item\":\"https:\/\/www.africa-press.net\/cameroun\/\"},{\"@type\":\"ListItem\",\"position\":2,\"name\":\"Cameroun\u00a0: le directeur g\u00e9n\u00e9ral des Imp\u00f4ts rencontre les op\u00e9rateurs \u00e9conomiques \u00e0 Douala\"}]},{\"@type\":\"WebSite\",\"@id\":\"https:\/\/www.africa-press.net\/cameroun\/#website\",\"url\":\"https:\/\/www.africa-press.net\/cameroun\/\",\"name\":\"Cameroun\",\"description\":\"Just another Africa News Agency Sites site\",\"potentialAction\":[{\"@type\":\"SearchAction\",\"target\":{\"@type\":\"EntryPoint\",\"urlTemplate\":\"https:\/\/www.africa-press.net\/cameroun\/?s={search_term_string}\"},\"query-input\":{\"@type\":\"PropertyValueSpecification\",\"valueRequired\":true,\"valueName\":\"search_term_string\"}}],\"inLanguage\":\"fr-FR\"},{\"@type\":\"Person\",\"@id\":\"https:\/\/www.africa-press.net\/cameroun\/#\/schema\/person\/2b1cf3cd81a31e3cd26889ca66d677f1\",\"name\":\"cfeditorfr\"}]}<\/script>\n<!-- \/ Yoast SEO Premium plugin. -->","yoast_head_json":{"title":"Cameroun\u00a0: le directeur g\u00e9n\u00e9ral des Imp\u00f4ts rencontre les op\u00e9rateurs \u00e9conomiques \u00e0 Douala - Cameroun","description":"Le directeur g\u00e9n\u00e9ral des imp\u00f4ts (DGI), Modeste Mopa Fatoing, a entam\u00e9 le 13 septembre 2022 \u00e0 Douala, des concertations a ...","robots":{"index":"index","follow":"follow","max-snippet":"max-snippet:-1","max-image-preview":"max-image-preview:large","max-video-preview":"max-video-preview:-1"},"canonical":"https:\/\/www.africa-press.net\/cameroun\/politique\/cameroun-le-directeur-general-des-impots-rencontre-les-operateurs-economiques-a-douala","og_locale":"fr_FR","og_type":"article","og_title":"Cameroun\u00a0: le directeur g\u00e9n\u00e9ral des Imp\u00f4ts rencontre les op\u00e9rateurs \u00e9conomiques \u00e0 Douala","og_description":"Le directeur g\u00e9n\u00e9ral des imp\u00f4ts (DGI), Modeste Mopa Fatoing, a entam\u00e9 le 13 septembre 2022 \u00e0 Douala, des concertations a ...","og_url":"https:\/\/www.africa-press.net\/cameroun\/politique\/cameroun-le-directeur-general-des-impots-rencontre-les-operateurs-economiques-a-douala","og_site_name":"Cameroun","article_published_time":"2022-09-15T15:44:28+00:00","article_modified_time":"2022-09-15T16:49:44+00:00","og_image":[{"width":900,"height":600,"url":"https:\/\/static.africa-press.net\/cameroun\/sites\/57\/2022\/09\/img-632357916e4d9.jpg","type":"image\/jpeg"}],"author":"cfeditorfr","twitter_card":"summary_large_image","twitter_misc":{"\u00c9crit par":"cfeditorfr","Dur\u00e9e de lecture estim\u00e9e":"2 minutes"},"schema":{"@context":"https:\/\/schema.org","@graph":[{"@type":"Article","@id":"https:\/\/www.africa-press.net\/cameroun\/politique\/cameroun-le-directeur-general-des-impots-rencontre-les-operateurs-economiques-a-douala#article","isPartOf":{"@id":"https:\/\/www.africa-press.net\/cameroun\/politique\/cameroun-le-directeur-general-des-impots-rencontre-les-operateurs-economiques-a-douala"},"author":{"name":"cfeditorfr","@id":"https:\/\/www.africa-press.net\/cameroun\/#\/schema\/person\/2b1cf3cd81a31e3cd26889ca66d677f1"},"headline":"Cameroun\u00a0: le directeur g\u00e9n\u00e9ral des Imp\u00f4ts rencontre les op\u00e9rateurs \u00e9conomiques \u00e0 Douala","datePublished":"2022-09-15T15:44:28+00:00","dateModified":"2022-09-15T16:49:44+00:00","mainEntityOfPage":{"@id":"https:\/\/www.africa-press.net\/cameroun\/politique\/cameroun-le-directeur-general-des-impots-rencontre-les-operateurs-economiques-a-douala"},"wordCount":365,"commentCount":0,"image":{"@id":"https:\/\/www.africa-press.net\/cameroun\/politique\/cameroun-le-directeur-general-des-impots-rencontre-les-operateurs-economiques-a-douala#primaryimage"},"thumbnailUrl":"https:\/\/static.africa-press.net\/cameroun\/sites\/57\/2022\/09\/img-632357916e4d9.jpg","keywords":["Africa Press","Africa Press-Cameroun","Cameroun"],"articleSection":["homepage-french","Politique","Toutes les actualit\u00e9s"],"inLanguage":"fr-FR","potentialAction":[{"@type":"CommentAction","name":"Comment","target":["https:\/\/www.africa-press.net\/cameroun\/politique\/cameroun-le-directeur-general-des-impots-rencontre-les-operateurs-economiques-a-douala#respond"]}]},{"@type":"WebPage","@id":"https:\/\/www.africa-press.net\/cameroun\/politique\/cameroun-le-directeur-general-des-impots-rencontre-les-operateurs-economiques-a-douala","url":"https:\/\/www.africa-press.net\/cameroun\/politique\/cameroun-le-directeur-general-des-impots-rencontre-les-operateurs-economiques-a-douala","name":"Cameroun\u00a0: le directeur g\u00e9n\u00e9ral des Imp\u00f4ts rencontre les op\u00e9rateurs \u00e9conomiques \u00e0 Douala - Cameroun","isPartOf":{"@id":"https:\/\/www.africa-press.net\/cameroun\/#website"},"primaryImageOfPage":{"@id":"https:\/\/www.africa-press.net\/cameroun\/politique\/cameroun-le-directeur-general-des-impots-rencontre-les-operateurs-economiques-a-douala#primaryimage"},"image":{"@id":"https:\/\/www.africa-press.net\/cameroun\/politique\/cameroun-le-directeur-general-des-impots-rencontre-les-operateurs-economiques-a-douala#primaryimage"},"thumbnailUrl":"https:\/\/static.africa-press.net\/cameroun\/sites\/57\/2022\/09\/img-632357916e4d9.jpg","datePublished":"2022-09-15T15:44:28+00:00","dateModified":"2022-09-15T16:49:44+00:00","author":{"@id":"https:\/\/www.africa-press.net\/cameroun\/#\/schema\/person\/2b1cf3cd81a31e3cd26889ca66d677f1"},"description":"Le directeur g\u00e9n\u00e9ral des imp\u00f4ts (DGI), Modeste Mopa Fatoing, a entam\u00e9 le 13 septembre 2022 \u00e0 Douala, des concertations a ...","breadcrumb":{"@id":"https:\/\/www.africa-press.net\/cameroun\/politique\/cameroun-le-directeur-general-des-impots-rencontre-les-operateurs-economiques-a-douala#breadcrumb"},"inLanguage":"fr-FR","potentialAction":[{"@type":"ReadAction","target":["https:\/\/www.africa-press.net\/cameroun\/politique\/cameroun-le-directeur-general-des-impots-rencontre-les-operateurs-economiques-a-douala"]}]},{"@type":"ImageObject","inLanguage":"fr-FR","@id":"https:\/\/www.africa-press.net\/cameroun\/politique\/cameroun-le-directeur-general-des-impots-rencontre-les-operateurs-economiques-a-douala#primaryimage","url":"https:\/\/static.africa-press.net\/cameroun\/sites\/57\/2022\/09\/img-632357916e4d9.jpg","contentUrl":"https:\/\/static.africa-press.net\/cameroun\/sites\/57\/2022\/09\/img-632357916e4d9.jpg","width":900,"height":600,"caption":"Cameroun\u00a0: le directeur g\u00e9n\u00e9ral des Imp\u00f4ts rencontre les op\u00e9rateurs \u00e9conomiques \u00e0 Douala"},{"@type":"BreadcrumbList","@id":"https:\/\/www.africa-press.net\/cameroun\/politique\/cameroun-le-directeur-general-des-impots-rencontre-les-operateurs-economiques-a-douala#breadcrumb","itemListElement":[{"@type":"ListItem","position":1,"name":"Accueil","item":"https:\/\/www.africa-press.net\/cameroun\/"},{"@type":"ListItem","position":2,"name":"Cameroun\u00a0: le directeur g\u00e9n\u00e9ral des Imp\u00f4ts rencontre les op\u00e9rateurs \u00e9conomiques \u00e0 Douala"}]},{"@type":"WebSite","@id":"https:\/\/www.africa-press.net\/cameroun\/#website","url":"https:\/\/www.africa-press.net\/cameroun\/","name":"Cameroun","description":"Just another Africa News Agency Sites site","potentialAction":[{"@type":"SearchAction","target":{"@type":"EntryPoint","urlTemplate":"https:\/\/www.africa-press.net\/cameroun\/?s={search_term_string}"},"query-input":{"@type":"PropertyValueSpecification","valueRequired":true,"valueName":"search_term_string"}}],"inLanguage":"fr-FR"},{"@type":"Person","@id":"https:\/\/www.africa-press.net\/cameroun\/#\/schema\/person\/2b1cf3cd81a31e3cd26889ca66d677f1","name":"cfeditorfr"}]}},"_links":{"self":[{"href":"https:\/\/www.africa-press.net\/cameroun\/wp-json\/wp\/v2\/posts\/27464","targetHints":{"allow":["GET"]}}],"collection":[{"href":"https:\/\/www.africa-press.net\/cameroun\/wp-json\/wp\/v2\/posts"}],"about":[{"href":"https:\/\/www.africa-press.net\/cameroun\/wp-json\/wp\/v2\/types\/post"}],"author":[{"embeddable":true,"href":"https:\/\/www.africa-press.net\/cameroun\/wp-json\/wp\/v2\/users\/82"}],"replies":[{"embeddable":true,"href":"https:\/\/www.africa-press.net\/cameroun\/wp-json\/wp\/v2\/comments?post=27464"}],"version-history":[{"count":0,"href":"https:\/\/www.africa-press.net\/cameroun\/wp-json\/wp\/v2\/posts\/27464\/revisions"}],"wp:featuredmedia":[{"embeddable":true,"href":"https:\/\/www.africa-press.net\/cameroun\/wp-json\/wp\/v2\/media\/27463"}],"wp:attachment":[{"href":"https:\/\/www.africa-press.net\/cameroun\/wp-json\/wp\/v2\/media?parent=27464"}],"wp:term":[{"taxonomy":"category","embeddable":true,"href":"https:\/\/www.africa-press.net\/cameroun\/wp-json\/wp\/v2\/categories?post=27464"},{"taxonomy":"post_tag","embeddable":true,"href":"https:\/\/www.africa-press.net\/cameroun\/wp-json\/wp\/v2\/tags?post=27464"}],"curies":[{"name":"wp","href":"https:\/\/api.w.org\/{rel}","templated":true}]}}