{"id":27479,"date":"2022-09-15T16:40:46","date_gmt":"2022-09-15T16:40:46","guid":{"rendered":"https:\/\/www.africa-press.net\/cameroun\/politique\/cameroun-paul-biya-ses-remaniements-et-la-machine-a-rumeurs"},"modified":"2022-09-15T17:04:08","modified_gmt":"2022-09-15T17:04:08","slug":"cameroun-paul-biya-ses-remaniements-et-la-machine-a-rumeurs","status":"publish","type":"post","link":"https:\/\/www.africa-press.net\/cameroun\/politique\/cameroun-paul-biya-ses-remaniements-et-la-machine-a-rumeurs","title":{"rendered":"Cameroun : Paul Biya, ses remaniements et la machine \u00e0 rumeurs"},"content":{"rendered":"<p><span style=\"color: #ff6600\"><strong>Africa-Press &#8211; Cameroun. <\/strong><\/span>Premier ministre : Joseph Dion Ngute. Ministre de la Justice : Ferdinand Ngoh Ngoh. Ministre de l\u2019Administration territoriale : Ibrahim Talba Malla. Ministre des Relations ext\u00e9rieures : Samuel Mvondo Ayolo\u2026 En ce d\u00e9but de septembre, Yaound\u00e9 bruisse une nouvelle fois de rumeurs de remaniement. Une liste \u00ab est sur la table de Paul Biya \u00bb, assurent certains observateurs. La question \u00ab n\u2019est pas \u00e0 l\u2019ordre du jour \u00bb, r\u00e9torquent d\u2019autres. Ferdinand Ngoh Ngoh, secr\u00e9taire g\u00e9n\u00e9ral de la pr\u00e9sidence, serait \u00ab perdant \u00bb, \u00ab en disgr\u00e2ce \u00bb. Mais d\u2019autres affirment qu\u2019il en ressort \u00ab gagnant \u00bb et \u00ab renforc\u00e9 \u00bb.<\/p>\n<p>Dans tous les cas, il reviendra au chef de l\u2019\u00c9tat de trancher. \u00ab Dans les prochains jours, nous dit-on. Ou les prochaines semaines. \u00bb En attendant, chacun retient son souffle. Une apn\u00e9e politique que les puissants et les ambitieux ont appris \u00e0 pratiquer tant bien que mal sous la pr\u00e9sidence de Paul Biya, strat\u00e8ge aux quatre d\u00e9cennies de pouvoir. Exemple : dans la liste du \u00ab futur gouvernement \u00bb circulant actuellement sur les r\u00e9seaux sociaux, Marie-Claire Nnana h\u00e9riterait d\u2019un portefeuille du D\u00e9veloppement rural. Une \u00e9tonnante promotion pour l\u2019historique directrice de la publication du quotidien gouvernemental Cameroon Tribune, qui tr\u00f4ne \u00e0 la t\u00eate de la Soci\u00e9t\u00e9 de presse et d\u2019\u00e9ditions du Cameroun depuis 2002.<\/p>\n<p>Certes ambitieuse, Marie-Claire Nnana est l\u2019une des plus grandes habitu\u00e9es des rumeurs de remaniement. En mars 2021, on l\u2019envoyait ainsi aux Affaires fonci\u00e8res, tandis qu\u2019en octobre 2020, elle \u00e9tait pressentie \u00e0 la Communication, avec un poste de porte-parole du gouvernement qui aurait sans doute convenu \u00e0 cette ancienne \u00e9tudiante de la prestigieuse \u00c9cole sup\u00e9rieure de journalisme (ESJ) de Lille. \u00ab Son nom circule r\u00e9guli\u00e8rement, m\u00eame pour des minist\u00e8res farfelus pour elle, confie un proche d\u2019Etoudi. Mais, pour le moment, rien ne s\u2019est jamais concr\u00e9tis\u00e9. \u00bb<\/p>\n<p><b>Rumeurs et guerre des clans<\/b><\/p>\n<p>Autre habitu\u00e9 des faux mercatos gouvernementaux : Samuel Mvondo Ayolo. Le directeur du cabinet civil de Paul Biya est r\u00e9guli\u00e8rement envoy\u00e9 \u2013 comme c\u2019est le cas dans la liste actuelle \u2013 du c\u00f4t\u00e9 des Relations ext\u00e9rieures, parfois renomm\u00e9es \u00ab Affaires \u00e9trang\u00e8res \u00bb. Ancien ambassadeur au Gabon et en France, le diplomate aurait le profil, et ne manque ni de soutiens ni d\u2019adversaires. \u00ab Il est souvent en conflit avec Ferdinand Ngoh Ngoh \u00e0 la pr\u00e9sidence, constate un proche du gouvernement. R\u00e9sultat, certains mentionnent son nom pour fragiliser le secr\u00e9taire g\u00e9n\u00e9ral, voire provoquer son d\u00e9part du palais. \u00bb<\/p>\n<p><b>LES RUMEURS DE REMANIEMENT, C\u2019EST UN PEU LE THERMOM\u00c8TRE DE LA GUERRE DES CLANS AUTOUR DE PAUL BIYA, QUI RESTE SILENCIEUX<\/b><\/p>\n<p>Ferdinand Ngoh Ngoh est tout aussi r\u00e9guli\u00e8rement donn\u00e9 sur le d\u00e9part. Selon la rumeur du jour, il remplacerait \u00e0 la Justice l\u2019un des ministres avec lesquels il s\u2019entend le moins, Laurent Esso, qui dispara\u00eetrait des radars, tout comme son homologue des Finances, Louis-Paul Motaze, autre poids lourd des joutes en cours. \u00ab Les rumeurs de remaniement, c\u2019est un peu le thermom\u00e8tre de la guerre des clans autour de Paul Biya, qui reste silencieux, d\u00e9plore un analyste politique \u00e0 Yaound\u00e9. On en est r\u00e9duit \u00e0 observer les faux d\u00e9placements de Ngoh Ngoh, \u00e0 la Justice ou \u00e0 la D\u00e9fense, de Mvondo Ayolo ou d\u2019Esso, sur la base de fausses informations relay\u00e9es par leurs soutiens ou leurs d\u00e9tracteurs. \u00bb<\/p>\n<p>\u00ab Dans le m\u00eame ordre d\u2019id\u00e9es, Franck Biya a \u00e9t\u00e9 r\u00e9guli\u00e8rement pr\u00e9sent\u00e9 comme un futur ministre. Cela a \u00e9t\u00e9 le cas en 2021 et en 2022. Mais la rumeur venait sans doute de ses ennemis politiques \u00bb, poursuit notre interlocuteur proche du gouvernement. En r\u00e9alit\u00e9, le fils du pr\u00e9sident \u2013 qui ne figure pas dans le \u00ab remaniement \u00bb dont chacun parle en ce moment \u2013 se trouve depuis plus de dix ans au centre des attentions, le tout-Yaound\u00e9 s\u2019interrogeant sur une pr\u00e9tendue succession dynastique voulue par le chef de l\u2019\u00c9tat.<\/p>\n<p><b>Les faveurs d\u2019Etoudi<\/b><\/p>\n<p>\u00ab La plupart du temps, il n\u2019y a aucune base \u00e0 ces rumeurs. Tout le monde cherche \u00e0 y d\u00e9celer les intentions ou les faveurs du moment de Paul Biya, mais rien ne prouve que le pr\u00e9sident r\u00e9fl\u00e9chisse vraiment \u00e0 un remaniement, ajoute notre analyste. Au mieux, il sait et il laisse faire pour mieux r\u00e9gner. \u00bb Quitte, forc\u00e9ment, \u00e0 faire des d\u00e9\u00e7us. Pressenti en 2020 aux Transports, Cyrus Ngo\u2019o n\u2019a ainsi pas fait son entr\u00e9e au gouvernement et a d\u00fb ronger son frein au Port autonome de Douala, malgr\u00e9 l\u2019amiti\u00e9 que lui porte Ferdinand Ngoh Ngoh. Le gouverneur du Nord-Ouest, Adolphe Lele Lafrique, n\u2019aura de son c\u00f4t\u00e9 jamais obtenu le poste de ministre du Travail, qui lui \u00e9tait pourtant promis par certains en 2020.<\/p>\n<p><b>LE DERNIER VRAI REMANIEMENT DATE DE JANVIER 2019, MAIS YAOUND\u00c9 R\u00c9USSIT \u00c0 PRODUIRE TROIS OU QUATRE FAUX GOUVERNEMENTS PAR AN AU MINIMUM<\/b><\/p>\n<p>Quant \u00e0 Oswald Baboke, le directeur adjoint du cabinet civil qui \u00e9tait envoy\u00e9 \u00e0 la Sant\u00e9 voici deux ann\u00e9es, il n\u2019a pas non plus \u00e9t\u00e9 nomm\u00e9 et est aujourd\u2019hui, une nouvelle fois, pressenti. Selon les derniers pronostics en date, il pourrait se voir confier la Fonction publique. \u00ab Trop de rumeurs, d\u00e9plore l\u2019int\u00e9ress\u00e9 \u00e0 Jeune Afrique. C\u2019est du r\u00e9chauff\u00e9. \u00bb \u00ab Le dernier vrai remaniement date de janvier 2019, mais Yaound\u00e9 r\u00e9ussit \u00e0 produire trois ou quatre faux gouvernements par an au minimum, s\u2019amuse notre source. M\u00eame si on ne prenait que les informations dites s\u00fbres, on pourrait avoir Samuel Eto\u2019o et Franck Biya comme ministres ! \u00bb<\/p>\n<p><b>L\u2019invisible fum\u00e9e blanche<\/b><\/p>\n<p>Parfois, rarement, le chef de l\u2019\u00c9tat coupe court aux rumeurs et remanie effectivement son \u00e9quipe, comme en septembre 1996. Paul Biya avait alors choisi de remplacer son Premier ministre Simon Achidi Achu et il avait, comme souvent, fait venir les pr\u00e9tendants \u00e0 l\u2019h\u00f4tel Mont-F\u00e9b\u00e9, \u00e0 deux pas d\u2019Etoudi. \u00c0 l\u2019\u00e9poque, plusieurs candidats \u00e9taient pressentis pour la primature, parmi lesquels Dorothy Njeuma, qui avait le vent en poupe. La rumeur la donnait gagnante, au nom d\u2019un symbole qui aurait fait d\u2019elle la premi\u00e8re femme du pays \u00e0 occuper cette fonction. Mais, cette fois encore, le bruit \u00e9tait trompeur. Paul Biya nomma Peter Mafany Musonge.<\/p>\n<p>Dorothy Njeuma repartira du prestigieux Mont-F\u00e9b\u00e9 sans portefeuille minist\u00e9riel. Aujourd\u2019hui membre de la Cour supr\u00eame, l\u2019universitaire anglophone aura \u00e9t\u00e9 compt\u00e9e r\u00e9guli\u00e8rement parmi les pr\u00e9tendantes \u00e0 la primature depuis deux d\u00e9cennies, sans jamais avoir \u00e9t\u00e9 ministre de plein exercice. \u00ab Au moins, en 1996, il y a vraiment eu un remaniement, souffle un observateur politique camerounais. Dans la majorit\u00e9 des cas, on retient son souffle en attendant la fum\u00e9e blanche qui viendrait d\u2019Etoudi, mais celle-ci ne vient jamais. C\u2019est soi-disant report\u00e9, soumis \u00e0 arbitrage, retard\u00e9\u2026 Et finalement il n\u2019y a aucun changement. \u00bb<\/p>\n<p>\u00c0 Yaound\u00e9, l\u2019\u00e9cran de fum\u00e9e est en effet bien plus fr\u00e9quent que la fum\u00e9e blanche. Cela n\u2019emp\u00eache pas les intrigants de pr\u00e9dire aujourd\u2019hui un remaniement au moment des c\u00e9l\u00e9brations de novembre prochain, lors desquelles Paul Biya f\u00eatera ses quarante ann\u00e9es au pouvoir, ou encore apr\u00e8s la Coupe du monde de football, en d\u00e9cembre. R\u00e9pondant ce 13 septembre \u00e0 Jeune Afrique, Oswald Baboke affirme sobrement depuis son bureau d\u2019Etoudi : \u00ab Un remaniement n\u2019est pas d\u2019actualit\u00e9. \u00bb<\/p>\n<p><strong>Pour plus d&rsquo;informations et d&rsquo;analyses sur la <a href=\"https:\/\/www.africa-press.net\/cameroun\">Cameroun<\/a>, suivez <a href=\"https:\/\/www.africa-press.net\/\">Africa-Press<\/a><\/strong><\/p>\n","protected":false},"excerpt":{"rendered":"<p>Africa-Press &#8211; Cameroun. Premier ministre : Joseph Dion Ngute. Ministre de la Justice : Ferdinand Ngoh Ngoh. Ministre de l\u2019Administration territoriale : Ibrahim Talba Malla. Ministre des Relations ext\u00e9rieures : Samuel Mvondo Ayolo\u2026 En ce d\u00e9but de septembre, Yaound\u00e9 bruisse une nouvelle fois de rumeurs de remaniement. Une liste \u00ab est sur la table de [&hellip;]<\/p>\n","protected":false},"author":82,"featured_media":27478,"comment_status":"open","ping_status":"closed","sticky":false,"template":"","format":"standard","meta":{"footnotes":""},"categories":[7,11,2,20,10],"tags":[36,50,49],"class_list":["post-27479","post","type-post","status-publish","format-standard","has-post-thumbnail","hentry","category-dossiers","category-homepage-french","category-politique","category-top-nouvelles","category-toutes-les-actualites","tag-africa-press","tag-africa-press-cameroun","tag-cameroun"],"yoast_head":"<!-- This site is optimized with the Yoast SEO Premium plugin v26.1 (Yoast SEO v27.0) - https:\/\/yoast.com\/product\/yoast-seo-premium-wordpress\/ -->\n<title>Cameroun : Paul Biya, ses remaniements et la machine \u00e0 rumeurs - Cameroun<\/title>\n<meta name=\"description\" content=\"Premier ministre : Joseph Dion Ngute. Ministre de la Justice : Ferdinand Ngoh Ngoh. Ministre de l\u2019Administration territo ...\" \/>\n<meta name=\"robots\" content=\"index, follow, max-snippet:-1, max-image-preview:large, max-video-preview:-1\" \/>\n<link rel=\"canonical\" href=\"https:\/\/www.africa-press.net\/cameroun\/politique\/cameroun-paul-biya-ses-remaniements-et-la-machine-a-rumeurs\" \/>\n<meta property=\"og:locale\" content=\"fr_FR\" \/>\n<meta property=\"og:type\" content=\"article\" \/>\n<meta property=\"og:title\" content=\"Cameroun : Paul Biya, ses remaniements et la machine \u00e0 rumeurs\" \/>\n<meta property=\"og:description\" content=\"Premier ministre : Joseph Dion Ngute. Ministre de la Justice : Ferdinand Ngoh Ngoh. Ministre de l\u2019Administration territo ...\" \/>\n<meta property=\"og:url\" content=\"https:\/\/www.africa-press.net\/cameroun\/politique\/cameroun-paul-biya-ses-remaniements-et-la-machine-a-rumeurs\" \/>\n<meta property=\"og:site_name\" content=\"Cameroun\" \/>\n<meta property=\"article:published_time\" content=\"2022-09-15T16:40:46+00:00\" \/>\n<meta property=\"article:modified_time\" content=\"2022-09-15T17:04:08+00:00\" \/>\n<meta property=\"og:image\" content=\"https:\/\/static.africa-press.net\/cameroun\/sites\/57\/2022\/09\/postQueueImg_2-63235ade0f76a.jpg\" \/>\n\t<meta property=\"og:image:width\" content=\"1256\" \/>\n\t<meta property=\"og:image:height\" content=\"628\" \/>\n\t<meta property=\"og:image:type\" content=\"image\/jpeg\" \/>\n<meta name=\"author\" content=\"cfeditorfr\" \/>\n<meta name=\"twitter:card\" content=\"summary_large_image\" \/>\n<meta name=\"twitter:label1\" content=\"\u00c9crit par\" \/>\n\t<meta name=\"twitter:data1\" content=\"cfeditorfr\" \/>\n\t<meta name=\"twitter:label2\" content=\"Dur\u00e9e de lecture estim\u00e9e\" \/>\n\t<meta name=\"twitter:data2\" content=\"6 minutes\" \/>\n<script type=\"application\/ld+json\" class=\"yoast-schema-graph\">{\"@context\":\"https:\/\/schema.org\",\"@graph\":[{\"@type\":\"Article\",\"@id\":\"https:\/\/www.africa-press.net\/cameroun\/politique\/cameroun-paul-biya-ses-remaniements-et-la-machine-a-rumeurs#article\",\"isPartOf\":{\"@id\":\"https:\/\/www.africa-press.net\/cameroun\/politique\/cameroun-paul-biya-ses-remaniements-et-la-machine-a-rumeurs\"},\"author\":{\"name\":\"cfeditorfr\",\"@id\":\"https:\/\/www.africa-press.net\/cameroun\/#\/schema\/person\/2b1cf3cd81a31e3cd26889ca66d677f1\"},\"headline\":\"Cameroun : Paul Biya, ses remaniements et la machine \u00e0 rumeurs\",\"datePublished\":\"2022-09-15T16:40:46+00:00\",\"dateModified\":\"2022-09-15T17:04:08+00:00\",\"mainEntityOfPage\":{\"@id\":\"https:\/\/www.africa-press.net\/cameroun\/politique\/cameroun-paul-biya-ses-remaniements-et-la-machine-a-rumeurs\"},\"wordCount\":1250,\"commentCount\":0,\"image\":{\"@id\":\"https:\/\/www.africa-press.net\/cameroun\/politique\/cameroun-paul-biya-ses-remaniements-et-la-machine-a-rumeurs#primaryimage\"},\"thumbnailUrl\":\"https:\/\/static.africa-press.net\/cameroun\/sites\/57\/2022\/09\/postQueueImg_2-63235ade0f76a.jpg\",\"keywords\":[\"Africa Press\",\"Africa Press-Cameroun\",\"Cameroun\"],\"articleSection\":[\"Dossiers\",\"homepage-french\",\"Politique\",\"Top Nouvelles\",\"Toutes les actualit\u00e9s\"],\"inLanguage\":\"fr-FR\",\"potentialAction\":[{\"@type\":\"CommentAction\",\"name\":\"Comment\",\"target\":[\"https:\/\/www.africa-press.net\/cameroun\/politique\/cameroun-paul-biya-ses-remaniements-et-la-machine-a-rumeurs#respond\"]}]},{\"@type\":\"WebPage\",\"@id\":\"https:\/\/www.africa-press.net\/cameroun\/politique\/cameroun-paul-biya-ses-remaniements-et-la-machine-a-rumeurs\",\"url\":\"https:\/\/www.africa-press.net\/cameroun\/politique\/cameroun-paul-biya-ses-remaniements-et-la-machine-a-rumeurs\",\"name\":\"Cameroun : Paul Biya, ses remaniements et la machine \u00e0 rumeurs - Cameroun\",\"isPartOf\":{\"@id\":\"https:\/\/www.africa-press.net\/cameroun\/#website\"},\"primaryImageOfPage\":{\"@id\":\"https:\/\/www.africa-press.net\/cameroun\/politique\/cameroun-paul-biya-ses-remaniements-et-la-machine-a-rumeurs#primaryimage\"},\"image\":{\"@id\":\"https:\/\/www.africa-press.net\/cameroun\/politique\/cameroun-paul-biya-ses-remaniements-et-la-machine-a-rumeurs#primaryimage\"},\"thumbnailUrl\":\"https:\/\/static.africa-press.net\/cameroun\/sites\/57\/2022\/09\/postQueueImg_2-63235ade0f76a.jpg\",\"datePublished\":\"2022-09-15T16:40:46+00:00\",\"dateModified\":\"2022-09-15T17:04:08+00:00\",\"author\":{\"@id\":\"https:\/\/www.africa-press.net\/cameroun\/#\/schema\/person\/2b1cf3cd81a31e3cd26889ca66d677f1\"},\"description\":\"Premier ministre : Joseph Dion Ngute. Ministre de la Justice : Ferdinand Ngoh Ngoh. Ministre de l\u2019Administration territo ...\",\"breadcrumb\":{\"@id\":\"https:\/\/www.africa-press.net\/cameroun\/politique\/cameroun-paul-biya-ses-remaniements-et-la-machine-a-rumeurs#breadcrumb\"},\"inLanguage\":\"fr-FR\",\"potentialAction\":[{\"@type\":\"ReadAction\",\"target\":[\"https:\/\/www.africa-press.net\/cameroun\/politique\/cameroun-paul-biya-ses-remaniements-et-la-machine-a-rumeurs\"]}]},{\"@type\":\"ImageObject\",\"inLanguage\":\"fr-FR\",\"@id\":\"https:\/\/www.africa-press.net\/cameroun\/politique\/cameroun-paul-biya-ses-remaniements-et-la-machine-a-rumeurs#primaryimage\",\"url\":\"https:\/\/static.africa-press.net\/cameroun\/sites\/57\/2022\/09\/postQueueImg_2-63235ade0f76a.jpg\",\"contentUrl\":\"https:\/\/static.africa-press.net\/cameroun\/sites\/57\/2022\/09\/postQueueImg_2-63235ade0f76a.jpg\",\"width\":1256,\"height\":628,\"caption\":\"Cameroun : Paul Biya, ses remaniements et la machine \u00e0 rumeurs\"},{\"@type\":\"BreadcrumbList\",\"@id\":\"https:\/\/www.africa-press.net\/cameroun\/politique\/cameroun-paul-biya-ses-remaniements-et-la-machine-a-rumeurs#breadcrumb\",\"itemListElement\":[{\"@type\":\"ListItem\",\"position\":1,\"name\":\"Accueil\",\"item\":\"https:\/\/www.africa-press.net\/cameroun\/\"},{\"@type\":\"ListItem\",\"position\":2,\"name\":\"Cameroun : Paul Biya, ses remaniements et la machine \u00e0 rumeurs\"}]},{\"@type\":\"WebSite\",\"@id\":\"https:\/\/www.africa-press.net\/cameroun\/#website\",\"url\":\"https:\/\/www.africa-press.net\/cameroun\/\",\"name\":\"Cameroun\",\"description\":\"Just another Africa News Agency Sites site\",\"potentialAction\":[{\"@type\":\"SearchAction\",\"target\":{\"@type\":\"EntryPoint\",\"urlTemplate\":\"https:\/\/www.africa-press.net\/cameroun\/?s={search_term_string}\"},\"query-input\":{\"@type\":\"PropertyValueSpecification\",\"valueRequired\":true,\"valueName\":\"search_term_string\"}}],\"inLanguage\":\"fr-FR\"},{\"@type\":\"Person\",\"@id\":\"https:\/\/www.africa-press.net\/cameroun\/#\/schema\/person\/2b1cf3cd81a31e3cd26889ca66d677f1\",\"name\":\"cfeditorfr\"}]}<\/script>\n<!-- \/ Yoast SEO Premium plugin. -->","yoast_head_json":{"title":"Cameroun : Paul Biya, ses remaniements et la machine \u00e0 rumeurs - Cameroun","description":"Premier ministre : Joseph Dion Ngute. Ministre de la Justice : Ferdinand Ngoh Ngoh. Ministre de l\u2019Administration territo ...","robots":{"index":"index","follow":"follow","max-snippet":"max-snippet:-1","max-image-preview":"max-image-preview:large","max-video-preview":"max-video-preview:-1"},"canonical":"https:\/\/www.africa-press.net\/cameroun\/politique\/cameroun-paul-biya-ses-remaniements-et-la-machine-a-rumeurs","og_locale":"fr_FR","og_type":"article","og_title":"Cameroun : Paul Biya, ses remaniements et la machine \u00e0 rumeurs","og_description":"Premier ministre : Joseph Dion Ngute. Ministre de la Justice : Ferdinand Ngoh Ngoh. Ministre de l\u2019Administration territo ...","og_url":"https:\/\/www.africa-press.net\/cameroun\/politique\/cameroun-paul-biya-ses-remaniements-et-la-machine-a-rumeurs","og_site_name":"Cameroun","article_published_time":"2022-09-15T16:40:46+00:00","article_modified_time":"2022-09-15T17:04:08+00:00","og_image":[{"width":1256,"height":628,"url":"https:\/\/static.africa-press.net\/cameroun\/sites\/57\/2022\/09\/postQueueImg_2-63235ade0f76a.jpg","type":"image\/jpeg"}],"author":"cfeditorfr","twitter_card":"summary_large_image","twitter_misc":{"\u00c9crit par":"cfeditorfr","Dur\u00e9e de lecture estim\u00e9e":"6 minutes"},"schema":{"@context":"https:\/\/schema.org","@graph":[{"@type":"Article","@id":"https:\/\/www.africa-press.net\/cameroun\/politique\/cameroun-paul-biya-ses-remaniements-et-la-machine-a-rumeurs#article","isPartOf":{"@id":"https:\/\/www.africa-press.net\/cameroun\/politique\/cameroun-paul-biya-ses-remaniements-et-la-machine-a-rumeurs"},"author":{"name":"cfeditorfr","@id":"https:\/\/www.africa-press.net\/cameroun\/#\/schema\/person\/2b1cf3cd81a31e3cd26889ca66d677f1"},"headline":"Cameroun : Paul Biya, ses remaniements et la machine \u00e0 rumeurs","datePublished":"2022-09-15T16:40:46+00:00","dateModified":"2022-09-15T17:04:08+00:00","mainEntityOfPage":{"@id":"https:\/\/www.africa-press.net\/cameroun\/politique\/cameroun-paul-biya-ses-remaniements-et-la-machine-a-rumeurs"},"wordCount":1250,"commentCount":0,"image":{"@id":"https:\/\/www.africa-press.net\/cameroun\/politique\/cameroun-paul-biya-ses-remaniements-et-la-machine-a-rumeurs#primaryimage"},"thumbnailUrl":"https:\/\/static.africa-press.net\/cameroun\/sites\/57\/2022\/09\/postQueueImg_2-63235ade0f76a.jpg","keywords":["Africa Press","Africa Press-Cameroun","Cameroun"],"articleSection":["Dossiers","homepage-french","Politique","Top Nouvelles","Toutes les actualit\u00e9s"],"inLanguage":"fr-FR","potentialAction":[{"@type":"CommentAction","name":"Comment","target":["https:\/\/www.africa-press.net\/cameroun\/politique\/cameroun-paul-biya-ses-remaniements-et-la-machine-a-rumeurs#respond"]}]},{"@type":"WebPage","@id":"https:\/\/www.africa-press.net\/cameroun\/politique\/cameroun-paul-biya-ses-remaniements-et-la-machine-a-rumeurs","url":"https:\/\/www.africa-press.net\/cameroun\/politique\/cameroun-paul-biya-ses-remaniements-et-la-machine-a-rumeurs","name":"Cameroun : Paul Biya, ses remaniements et la machine \u00e0 rumeurs - Cameroun","isPartOf":{"@id":"https:\/\/www.africa-press.net\/cameroun\/#website"},"primaryImageOfPage":{"@id":"https:\/\/www.africa-press.net\/cameroun\/politique\/cameroun-paul-biya-ses-remaniements-et-la-machine-a-rumeurs#primaryimage"},"image":{"@id":"https:\/\/www.africa-press.net\/cameroun\/politique\/cameroun-paul-biya-ses-remaniements-et-la-machine-a-rumeurs#primaryimage"},"thumbnailUrl":"https:\/\/static.africa-press.net\/cameroun\/sites\/57\/2022\/09\/postQueueImg_2-63235ade0f76a.jpg","datePublished":"2022-09-15T16:40:46+00:00","dateModified":"2022-09-15T17:04:08+00:00","author":{"@id":"https:\/\/www.africa-press.net\/cameroun\/#\/schema\/person\/2b1cf3cd81a31e3cd26889ca66d677f1"},"description":"Premier ministre : Joseph Dion Ngute. Ministre de la Justice : Ferdinand Ngoh Ngoh. Ministre de l\u2019Administration territo ...","breadcrumb":{"@id":"https:\/\/www.africa-press.net\/cameroun\/politique\/cameroun-paul-biya-ses-remaniements-et-la-machine-a-rumeurs#breadcrumb"},"inLanguage":"fr-FR","potentialAction":[{"@type":"ReadAction","target":["https:\/\/www.africa-press.net\/cameroun\/politique\/cameroun-paul-biya-ses-remaniements-et-la-machine-a-rumeurs"]}]},{"@type":"ImageObject","inLanguage":"fr-FR","@id":"https:\/\/www.africa-press.net\/cameroun\/politique\/cameroun-paul-biya-ses-remaniements-et-la-machine-a-rumeurs#primaryimage","url":"https:\/\/static.africa-press.net\/cameroun\/sites\/57\/2022\/09\/postQueueImg_2-63235ade0f76a.jpg","contentUrl":"https:\/\/static.africa-press.net\/cameroun\/sites\/57\/2022\/09\/postQueueImg_2-63235ade0f76a.jpg","width":1256,"height":628,"caption":"Cameroun : Paul Biya, ses remaniements et la machine \u00e0 rumeurs"},{"@type":"BreadcrumbList","@id":"https:\/\/www.africa-press.net\/cameroun\/politique\/cameroun-paul-biya-ses-remaniements-et-la-machine-a-rumeurs#breadcrumb","itemListElement":[{"@type":"ListItem","position":1,"name":"Accueil","item":"https:\/\/www.africa-press.net\/cameroun\/"},{"@type":"ListItem","position":2,"name":"Cameroun : Paul Biya, ses remaniements et la machine \u00e0 rumeurs"}]},{"@type":"WebSite","@id":"https:\/\/www.africa-press.net\/cameroun\/#website","url":"https:\/\/www.africa-press.net\/cameroun\/","name":"Cameroun","description":"Just another Africa News Agency Sites site","potentialAction":[{"@type":"SearchAction","target":{"@type":"EntryPoint","urlTemplate":"https:\/\/www.africa-press.net\/cameroun\/?s={search_term_string}"},"query-input":{"@type":"PropertyValueSpecification","valueRequired":true,"valueName":"search_term_string"}}],"inLanguage":"fr-FR"},{"@type":"Person","@id":"https:\/\/www.africa-press.net\/cameroun\/#\/schema\/person\/2b1cf3cd81a31e3cd26889ca66d677f1","name":"cfeditorfr"}]}},"_links":{"self":[{"href":"https:\/\/www.africa-press.net\/cameroun\/wp-json\/wp\/v2\/posts\/27479","targetHints":{"allow":["GET"]}}],"collection":[{"href":"https:\/\/www.africa-press.net\/cameroun\/wp-json\/wp\/v2\/posts"}],"about":[{"href":"https:\/\/www.africa-press.net\/cameroun\/wp-json\/wp\/v2\/types\/post"}],"author":[{"embeddable":true,"href":"https:\/\/www.africa-press.net\/cameroun\/wp-json\/wp\/v2\/users\/82"}],"replies":[{"embeddable":true,"href":"https:\/\/www.africa-press.net\/cameroun\/wp-json\/wp\/v2\/comments?post=27479"}],"version-history":[{"count":0,"href":"https:\/\/www.africa-press.net\/cameroun\/wp-json\/wp\/v2\/posts\/27479\/revisions"}],"wp:featuredmedia":[{"embeddable":true,"href":"https:\/\/www.africa-press.net\/cameroun\/wp-json\/wp\/v2\/media\/27478"}],"wp:attachment":[{"href":"https:\/\/www.africa-press.net\/cameroun\/wp-json\/wp\/v2\/media?parent=27479"}],"wp:term":[{"taxonomy":"category","embeddable":true,"href":"https:\/\/www.africa-press.net\/cameroun\/wp-json\/wp\/v2\/categories?post=27479"},{"taxonomy":"post_tag","embeddable":true,"href":"https:\/\/www.africa-press.net\/cameroun\/wp-json\/wp\/v2\/tags?post=27479"}],"curies":[{"name":"wp","href":"https:\/\/api.w.org\/{rel}","templated":true}]}}