{"id":27500,"date":"2022-09-17T13:25:01","date_gmt":"2022-09-17T13:25:01","guid":{"rendered":"https:\/\/www.africa-press.net\/cameroun\/politique\/medias-le-journaliste-cedric-noufele-ex-employe-dequinoxe-tv-rejoint-radio-canada"},"modified":"2022-09-17T16:16:29","modified_gmt":"2022-09-17T16:16:29","slug":"medias-le-journaliste-cedric-noufele-ex-employe-dequinoxe-tv-rejoint-radio-canada","status":"publish","type":"post","link":"https:\/\/www.africa-press.net\/cameroun\/toutes-les-actualites\/medias-le-journaliste-cedric-noufele-ex-employe-dequinoxe-tv-rejoint-radio-canada","title":{"rendered":"M\u00e9dias: Le journaliste C\u00e9dric Noufel\u00e9, ex employ\u00e9 d\u2019Equinoxe TV, rejoint Radio Canada"},"content":{"rendered":"<p><span style=\"color: #ff6600\"><strong>Africa-Press &#8211; Cameroun. <\/strong><\/span>Quelques semaines apr\u00e8s son d\u00e9part de la chaine de t\u00e9l\u00e9vision priv\u00e9e Equinoxe TV, C\u00e9dric Noufele, ancien r\u00e9dacteur en chef de la chaine, rebondit \u00e0 Radio Canada en Am\u00e9rique du Nord. L\u2019information est pr\u00e9alablement donn\u00e9e par nos confr\u00e8res de Mediatude ce vendredi 16 septembre 2022. Il a rejoint la chaine le 29 ao\u00fbt 2022, rapportent nos confr\u00e8res, qui pr\u00e9cisent qu\u2019il a rejoint la station de Monitaba, la cinqui\u00e8me province la plus peupl\u00e9e \u00e0 l\u2019Ouest du Canada.<\/p>\n<p>C\u00e9dric Noufele a d\u2019ailleurs d\u00e9j\u00e0 commenc\u00e9 \u00e0 contribuer \u00e0 la r\u00e9daction d\u2019articles publi\u00e9s sur le site de Radio Canada. Il y rejoint d\u2019autres journalistes camerounais \u00e0 l\u2019instar de Godlove Kamwa et Elvis Nouemsi Njik\u00e9.<\/p>\n<p>Ce confr\u00e8re a d\u00e9but\u00e9 sa carri\u00e8re en 2009, comme r\u00e9dacteur en chef dans la Radio universitaire ESG-ISTA, puis a rejoint le groupe La Nouvelle Expression pour exercer \u00e0 la radio et \u00e0 la t\u00e9l\u00e9 un an apr\u00e8s. Durant sa carri\u00e8re \u00e0 Equinoxe, il a anim\u00e9 de nombreuses \u00e9mission \u00e0 l\u2019instar de \u00ab <b>Tendances \u00e9conomiques \u00bb, \u00ab La V\u00e9rit\u00e9 en Face \u00bb ; \u00ab Droit de R\u00e9ponse \u00bb\u2026<\/b><\/p>\n<p><strong>Pour plus d&rsquo;informations et d&rsquo;analyses sur la <a href=\"https:\/\/www.africa-press.net\/cameroun\">Cameroun<\/a>, suivez <a href=\"https:\/\/www.africa-press.net\/\">Africa-Press<\/a><\/strong><\/p>\n","protected":false},"excerpt":{"rendered":"<p>Africa-Press &#8211; Cameroun. Quelques semaines apr\u00e8s son d\u00e9part de la chaine de t\u00e9l\u00e9vision priv\u00e9e Equinoxe TV, C\u00e9dric Noufele, ancien r\u00e9dacteur en chef de la chaine, rebondit \u00e0 Radio Canada en Am\u00e9rique du Nord. L\u2019information est pr\u00e9alablement donn\u00e9e par nos confr\u00e8res de Mediatude ce vendredi 16 septembre 2022. Il a rejoint la chaine le 29 ao\u00fbt [&hellip;]<\/p>\n","protected":false},"author":82,"featured_media":27499,"comment_status":"open","ping_status":"closed","sticky":false,"template":"","format":"standard","meta":{"footnotes":""},"categories":[21,11,10],"tags":[36,50,49],"class_list":["post-27500","post","type-post","status-publish","format-standard","has-post-thumbnail","hentry","category-communaute","category-homepage-french","category-toutes-les-actualites","tag-africa-press","tag-africa-press-cameroun","tag-cameroun"],"yoast_head":"<!-- This site is optimized with the Yoast SEO Premium plugin v26.1 (Yoast SEO v27.0) - https:\/\/yoast.com\/product\/yoast-seo-premium-wordpress\/ -->\n<title>M\u00e9dias: Le journaliste C\u00e9dric Noufel\u00e9, ex employ\u00e9 d\u2019Equinoxe TV, rejoint Radio Canada - Cameroun<\/title>\n<meta name=\"description\" content=\"Quelques semaines apr\u00e8s son d\u00e9part de la chaine de t\u00e9l\u00e9vision priv\u00e9e Equinoxe TV, C\u00e9dric Noufele, ancien r\u00e9dacteur en ch ...\" \/>\n<meta name=\"robots\" content=\"index, follow, max-snippet:-1, max-image-preview:large, max-video-preview:-1\" \/>\n<link rel=\"canonical\" href=\"https:\/\/www.africa-press.net\/cameroun\/toutes-les-actualites\/medias-le-journaliste-cedric-noufele-ex-employe-dequinoxe-tv-rejoint-radio-canada\" \/>\n<meta property=\"og:locale\" content=\"fr_FR\" \/>\n<meta property=\"og:type\" content=\"article\" \/>\n<meta property=\"og:title\" content=\"M\u00e9dias: Le journaliste C\u00e9dric Noufel\u00e9, ex employ\u00e9 d\u2019Equinoxe TV, rejoint Radio Canada\" \/>\n<meta property=\"og:description\" content=\"Quelques semaines apr\u00e8s son d\u00e9part de la chaine de t\u00e9l\u00e9vision priv\u00e9e Equinoxe TV, C\u00e9dric Noufele, ancien r\u00e9dacteur en ch ...\" \/>\n<meta property=\"og:url\" content=\"https:\/\/www.africa-press.net\/cameroun\/toutes-les-actualites\/medias-le-journaliste-cedric-noufele-ex-employe-dequinoxe-tv-rejoint-radio-canada\" \/>\n<meta property=\"og:site_name\" content=\"Cameroun\" \/>\n<meta property=\"article:published_time\" content=\"2022-09-17T13:25:01+00:00\" \/>\n<meta property=\"article:modified_time\" content=\"2022-09-17T16:16:29+00:00\" \/>\n<meta property=\"og:image\" content=\"https:\/\/static.africa-press.net\/cameroun\/sites\/57\/2022\/09\/img-6325f2ba96a82.jpg\" \/>\n\t<meta property=\"og:image:width\" content=\"800\" \/>\n\t<meta property=\"og:image:height\" content=\"450\" \/>\n\t<meta property=\"og:image:type\" content=\"image\/jpeg\" \/>\n<meta name=\"author\" content=\"cfeditorfr\" \/>\n<meta name=\"twitter:card\" content=\"summary_large_image\" \/>\n<meta name=\"twitter:label1\" content=\"\u00c9crit par\" \/>\n\t<meta name=\"twitter:data1\" content=\"cfeditorfr\" \/>\n\t<meta name=\"twitter:label2\" content=\"Dur\u00e9e de lecture estim\u00e9e\" \/>\n\t<meta name=\"twitter:data2\" content=\"1 minute\" \/>\n<script type=\"application\/ld+json\" class=\"yoast-schema-graph\">{\"@context\":\"https:\/\/schema.org\",\"@graph\":[{\"@type\":\"Article\",\"@id\":\"https:\/\/www.africa-press.net\/cameroun\/toutes-les-actualites\/medias-le-journaliste-cedric-noufele-ex-employe-dequinoxe-tv-rejoint-radio-canada#article\",\"isPartOf\":{\"@id\":\"https:\/\/www.africa-press.net\/cameroun\/toutes-les-actualites\/medias-le-journaliste-cedric-noufele-ex-employe-dequinoxe-tv-rejoint-radio-canada\"},\"author\":{\"name\":\"cfeditorfr\",\"@id\":\"https:\/\/www.africa-press.net\/cameroun\/#\/schema\/person\/2b1cf3cd81a31e3cd26889ca66d677f1\"},\"headline\":\"M\u00e9dias: Le journaliste C\u00e9dric Noufel\u00e9, ex employ\u00e9 d\u2019Equinoxe TV, rejoint Radio Canada\",\"datePublished\":\"2022-09-17T13:25:01+00:00\",\"dateModified\":\"2022-09-17T16:16:29+00:00\",\"mainEntityOfPage\":{\"@id\":\"https:\/\/www.africa-press.net\/cameroun\/toutes-les-actualites\/medias-le-journaliste-cedric-noufele-ex-employe-dequinoxe-tv-rejoint-radio-canada\"},\"wordCount\":222,\"commentCount\":0,\"image\":{\"@id\":\"https:\/\/www.africa-press.net\/cameroun\/toutes-les-actualites\/medias-le-journaliste-cedric-noufele-ex-employe-dequinoxe-tv-rejoint-radio-canada#primaryimage\"},\"thumbnailUrl\":\"https:\/\/static.africa-press.net\/cameroun\/sites\/57\/2022\/09\/img-6325f2ba96a82.jpg\",\"keywords\":[\"Africa Press\",\"Africa Press-Cameroun\",\"Cameroun\"],\"articleSection\":[\"Communaut\u00e9\",\"homepage-french\",\"Toutes les actualit\u00e9s\"],\"inLanguage\":\"fr-FR\",\"potentialAction\":[{\"@type\":\"CommentAction\",\"name\":\"Comment\",\"target\":[\"https:\/\/www.africa-press.net\/cameroun\/toutes-les-actualites\/medias-le-journaliste-cedric-noufele-ex-employe-dequinoxe-tv-rejoint-radio-canada#respond\"]}]},{\"@type\":\"WebPage\",\"@id\":\"https:\/\/www.africa-press.net\/cameroun\/toutes-les-actualites\/medias-le-journaliste-cedric-noufele-ex-employe-dequinoxe-tv-rejoint-radio-canada\",\"url\":\"https:\/\/www.africa-press.net\/cameroun\/toutes-les-actualites\/medias-le-journaliste-cedric-noufele-ex-employe-dequinoxe-tv-rejoint-radio-canada\",\"name\":\"M\u00e9dias: Le journaliste C\u00e9dric Noufel\u00e9, ex employ\u00e9 d\u2019Equinoxe TV, rejoint Radio Canada - Cameroun\",\"isPartOf\":{\"@id\":\"https:\/\/www.africa-press.net\/cameroun\/#website\"},\"primaryImageOfPage\":{\"@id\":\"https:\/\/www.africa-press.net\/cameroun\/toutes-les-actualites\/medias-le-journaliste-cedric-noufele-ex-employe-dequinoxe-tv-rejoint-radio-canada#primaryimage\"},\"image\":{\"@id\":\"https:\/\/www.africa-press.net\/cameroun\/toutes-les-actualites\/medias-le-journaliste-cedric-noufele-ex-employe-dequinoxe-tv-rejoint-radio-canada#primaryimage\"},\"thumbnailUrl\":\"https:\/\/static.africa-press.net\/cameroun\/sites\/57\/2022\/09\/img-6325f2ba96a82.jpg\",\"datePublished\":\"2022-09-17T13:25:01+00:00\",\"dateModified\":\"2022-09-17T16:16:29+00:00\",\"author\":{\"@id\":\"https:\/\/www.africa-press.net\/cameroun\/#\/schema\/person\/2b1cf3cd81a31e3cd26889ca66d677f1\"},\"description\":\"Quelques semaines apr\u00e8s son d\u00e9part de la chaine de t\u00e9l\u00e9vision priv\u00e9e Equinoxe TV, C\u00e9dric Noufele, ancien r\u00e9dacteur en ch ...\",\"breadcrumb\":{\"@id\":\"https:\/\/www.africa-press.net\/cameroun\/toutes-les-actualites\/medias-le-journaliste-cedric-noufele-ex-employe-dequinoxe-tv-rejoint-radio-canada#breadcrumb\"},\"inLanguage\":\"fr-FR\",\"potentialAction\":[{\"@type\":\"ReadAction\",\"target\":[\"https:\/\/www.africa-press.net\/cameroun\/toutes-les-actualites\/medias-le-journaliste-cedric-noufele-ex-employe-dequinoxe-tv-rejoint-radio-canada\"]}]},{\"@type\":\"ImageObject\",\"inLanguage\":\"fr-FR\",\"@id\":\"https:\/\/www.africa-press.net\/cameroun\/toutes-les-actualites\/medias-le-journaliste-cedric-noufele-ex-employe-dequinoxe-tv-rejoint-radio-canada#primaryimage\",\"url\":\"https:\/\/static.africa-press.net\/cameroun\/sites\/57\/2022\/09\/img-6325f2ba96a82.jpg\",\"contentUrl\":\"https:\/\/static.africa-press.net\/cameroun\/sites\/57\/2022\/09\/img-6325f2ba96a82.jpg\",\"width\":800,\"height\":450,\"caption\":\"M\u00e9dias: Le journaliste C\u00e9dric Noufel\u00e9, ex employ\u00e9 d\u2019Equinoxe TV, rejoint Radio Canada\"},{\"@type\":\"BreadcrumbList\",\"@id\":\"https:\/\/www.africa-press.net\/cameroun\/toutes-les-actualites\/medias-le-journaliste-cedric-noufele-ex-employe-dequinoxe-tv-rejoint-radio-canada#breadcrumb\",\"itemListElement\":[{\"@type\":\"ListItem\",\"position\":1,\"name\":\"Accueil\",\"item\":\"https:\/\/www.africa-press.net\/cameroun\/\"},{\"@type\":\"ListItem\",\"position\":2,\"name\":\"M\u00e9dias: Le journaliste C\u00e9dric Noufel\u00e9, ex employ\u00e9 d\u2019Equinoxe TV, rejoint Radio Canada\"}]},{\"@type\":\"WebSite\",\"@id\":\"https:\/\/www.africa-press.net\/cameroun\/#website\",\"url\":\"https:\/\/www.africa-press.net\/cameroun\/\",\"name\":\"Cameroun\",\"description\":\"Just another Africa News Agency Sites site\",\"potentialAction\":[{\"@type\":\"SearchAction\",\"target\":{\"@type\":\"EntryPoint\",\"urlTemplate\":\"https:\/\/www.africa-press.net\/cameroun\/?s={search_term_string}\"},\"query-input\":{\"@type\":\"PropertyValueSpecification\",\"valueRequired\":true,\"valueName\":\"search_term_string\"}}],\"inLanguage\":\"fr-FR\"},{\"@type\":\"Person\",\"@id\":\"https:\/\/www.africa-press.net\/cameroun\/#\/schema\/person\/2b1cf3cd81a31e3cd26889ca66d677f1\",\"name\":\"cfeditorfr\"}]}<\/script>\n<!-- \/ Yoast SEO Premium plugin. -->","yoast_head_json":{"title":"M\u00e9dias: Le journaliste C\u00e9dric Noufel\u00e9, ex employ\u00e9 d\u2019Equinoxe TV, rejoint Radio Canada - Cameroun","description":"Quelques semaines apr\u00e8s son d\u00e9part de la chaine de t\u00e9l\u00e9vision priv\u00e9e Equinoxe TV, C\u00e9dric Noufele, ancien r\u00e9dacteur en ch ...","robots":{"index":"index","follow":"follow","max-snippet":"max-snippet:-1","max-image-preview":"max-image-preview:large","max-video-preview":"max-video-preview:-1"},"canonical":"https:\/\/www.africa-press.net\/cameroun\/toutes-les-actualites\/medias-le-journaliste-cedric-noufele-ex-employe-dequinoxe-tv-rejoint-radio-canada","og_locale":"fr_FR","og_type":"article","og_title":"M\u00e9dias: Le journaliste C\u00e9dric Noufel\u00e9, ex employ\u00e9 d\u2019Equinoxe TV, rejoint Radio Canada","og_description":"Quelques semaines apr\u00e8s son d\u00e9part de la chaine de t\u00e9l\u00e9vision priv\u00e9e Equinoxe TV, C\u00e9dric Noufele, ancien r\u00e9dacteur en ch ...","og_url":"https:\/\/www.africa-press.net\/cameroun\/toutes-les-actualites\/medias-le-journaliste-cedric-noufele-ex-employe-dequinoxe-tv-rejoint-radio-canada","og_site_name":"Cameroun","article_published_time":"2022-09-17T13:25:01+00:00","article_modified_time":"2022-09-17T16:16:29+00:00","og_image":[{"width":800,"height":450,"url":"https:\/\/static.africa-press.net\/cameroun\/sites\/57\/2022\/09\/img-6325f2ba96a82.jpg","type":"image\/jpeg"}],"author":"cfeditorfr","twitter_card":"summary_large_image","twitter_misc":{"\u00c9crit par":"cfeditorfr","Dur\u00e9e de lecture estim\u00e9e":"1 minute"},"schema":{"@context":"https:\/\/schema.org","@graph":[{"@type":"Article","@id":"https:\/\/www.africa-press.net\/cameroun\/toutes-les-actualites\/medias-le-journaliste-cedric-noufele-ex-employe-dequinoxe-tv-rejoint-radio-canada#article","isPartOf":{"@id":"https:\/\/www.africa-press.net\/cameroun\/toutes-les-actualites\/medias-le-journaliste-cedric-noufele-ex-employe-dequinoxe-tv-rejoint-radio-canada"},"author":{"name":"cfeditorfr","@id":"https:\/\/www.africa-press.net\/cameroun\/#\/schema\/person\/2b1cf3cd81a31e3cd26889ca66d677f1"},"headline":"M\u00e9dias: Le journaliste C\u00e9dric Noufel\u00e9, ex employ\u00e9 d\u2019Equinoxe TV, rejoint Radio Canada","datePublished":"2022-09-17T13:25:01+00:00","dateModified":"2022-09-17T16:16:29+00:00","mainEntityOfPage":{"@id":"https:\/\/www.africa-press.net\/cameroun\/toutes-les-actualites\/medias-le-journaliste-cedric-noufele-ex-employe-dequinoxe-tv-rejoint-radio-canada"},"wordCount":222,"commentCount":0,"image":{"@id":"https:\/\/www.africa-press.net\/cameroun\/toutes-les-actualites\/medias-le-journaliste-cedric-noufele-ex-employe-dequinoxe-tv-rejoint-radio-canada#primaryimage"},"thumbnailUrl":"https:\/\/static.africa-press.net\/cameroun\/sites\/57\/2022\/09\/img-6325f2ba96a82.jpg","keywords":["Africa Press","Africa Press-Cameroun","Cameroun"],"articleSection":["Communaut\u00e9","homepage-french","Toutes les actualit\u00e9s"],"inLanguage":"fr-FR","potentialAction":[{"@type":"CommentAction","name":"Comment","target":["https:\/\/www.africa-press.net\/cameroun\/toutes-les-actualites\/medias-le-journaliste-cedric-noufele-ex-employe-dequinoxe-tv-rejoint-radio-canada#respond"]}]},{"@type":"WebPage","@id":"https:\/\/www.africa-press.net\/cameroun\/toutes-les-actualites\/medias-le-journaliste-cedric-noufele-ex-employe-dequinoxe-tv-rejoint-radio-canada","url":"https:\/\/www.africa-press.net\/cameroun\/toutes-les-actualites\/medias-le-journaliste-cedric-noufele-ex-employe-dequinoxe-tv-rejoint-radio-canada","name":"M\u00e9dias: Le journaliste C\u00e9dric Noufel\u00e9, ex employ\u00e9 d\u2019Equinoxe TV, rejoint Radio Canada - Cameroun","isPartOf":{"@id":"https:\/\/www.africa-press.net\/cameroun\/#website"},"primaryImageOfPage":{"@id":"https:\/\/www.africa-press.net\/cameroun\/toutes-les-actualites\/medias-le-journaliste-cedric-noufele-ex-employe-dequinoxe-tv-rejoint-radio-canada#primaryimage"},"image":{"@id":"https:\/\/www.africa-press.net\/cameroun\/toutes-les-actualites\/medias-le-journaliste-cedric-noufele-ex-employe-dequinoxe-tv-rejoint-radio-canada#primaryimage"},"thumbnailUrl":"https:\/\/static.africa-press.net\/cameroun\/sites\/57\/2022\/09\/img-6325f2ba96a82.jpg","datePublished":"2022-09-17T13:25:01+00:00","dateModified":"2022-09-17T16:16:29+00:00","author":{"@id":"https:\/\/www.africa-press.net\/cameroun\/#\/schema\/person\/2b1cf3cd81a31e3cd26889ca66d677f1"},"description":"Quelques semaines apr\u00e8s son d\u00e9part de la chaine de t\u00e9l\u00e9vision priv\u00e9e Equinoxe TV, C\u00e9dric Noufele, ancien r\u00e9dacteur en ch ...","breadcrumb":{"@id":"https:\/\/www.africa-press.net\/cameroun\/toutes-les-actualites\/medias-le-journaliste-cedric-noufele-ex-employe-dequinoxe-tv-rejoint-radio-canada#breadcrumb"},"inLanguage":"fr-FR","potentialAction":[{"@type":"ReadAction","target":["https:\/\/www.africa-press.net\/cameroun\/toutes-les-actualites\/medias-le-journaliste-cedric-noufele-ex-employe-dequinoxe-tv-rejoint-radio-canada"]}]},{"@type":"ImageObject","inLanguage":"fr-FR","@id":"https:\/\/www.africa-press.net\/cameroun\/toutes-les-actualites\/medias-le-journaliste-cedric-noufele-ex-employe-dequinoxe-tv-rejoint-radio-canada#primaryimage","url":"https:\/\/static.africa-press.net\/cameroun\/sites\/57\/2022\/09\/img-6325f2ba96a82.jpg","contentUrl":"https:\/\/static.africa-press.net\/cameroun\/sites\/57\/2022\/09\/img-6325f2ba96a82.jpg","width":800,"height":450,"caption":"M\u00e9dias: Le journaliste C\u00e9dric Noufel\u00e9, ex employ\u00e9 d\u2019Equinoxe TV, rejoint Radio Canada"},{"@type":"BreadcrumbList","@id":"https:\/\/www.africa-press.net\/cameroun\/toutes-les-actualites\/medias-le-journaliste-cedric-noufele-ex-employe-dequinoxe-tv-rejoint-radio-canada#breadcrumb","itemListElement":[{"@type":"ListItem","position":1,"name":"Accueil","item":"https:\/\/www.africa-press.net\/cameroun\/"},{"@type":"ListItem","position":2,"name":"M\u00e9dias: Le journaliste C\u00e9dric Noufel\u00e9, ex employ\u00e9 d\u2019Equinoxe TV, rejoint Radio Canada"}]},{"@type":"WebSite","@id":"https:\/\/www.africa-press.net\/cameroun\/#website","url":"https:\/\/www.africa-press.net\/cameroun\/","name":"Cameroun","description":"Just another Africa News Agency Sites site","potentialAction":[{"@type":"SearchAction","target":{"@type":"EntryPoint","urlTemplate":"https:\/\/www.africa-press.net\/cameroun\/?s={search_term_string}"},"query-input":{"@type":"PropertyValueSpecification","valueRequired":true,"valueName":"search_term_string"}}],"inLanguage":"fr-FR"},{"@type":"Person","@id":"https:\/\/www.africa-press.net\/cameroun\/#\/schema\/person\/2b1cf3cd81a31e3cd26889ca66d677f1","name":"cfeditorfr"}]}},"_links":{"self":[{"href":"https:\/\/www.africa-press.net\/cameroun\/wp-json\/wp\/v2\/posts\/27500","targetHints":{"allow":["GET"]}}],"collection":[{"href":"https:\/\/www.africa-press.net\/cameroun\/wp-json\/wp\/v2\/posts"}],"about":[{"href":"https:\/\/www.africa-press.net\/cameroun\/wp-json\/wp\/v2\/types\/post"}],"author":[{"embeddable":true,"href":"https:\/\/www.africa-press.net\/cameroun\/wp-json\/wp\/v2\/users\/82"}],"replies":[{"embeddable":true,"href":"https:\/\/www.africa-press.net\/cameroun\/wp-json\/wp\/v2\/comments?post=27500"}],"version-history":[{"count":0,"href":"https:\/\/www.africa-press.net\/cameroun\/wp-json\/wp\/v2\/posts\/27500\/revisions"}],"wp:featuredmedia":[{"embeddable":true,"href":"https:\/\/www.africa-press.net\/cameroun\/wp-json\/wp\/v2\/media\/27499"}],"wp:attachment":[{"href":"https:\/\/www.africa-press.net\/cameroun\/wp-json\/wp\/v2\/media?parent=27500"}],"wp:term":[{"taxonomy":"category","embeddable":true,"href":"https:\/\/www.africa-press.net\/cameroun\/wp-json\/wp\/v2\/categories?post=27500"},{"taxonomy":"post_tag","embeddable":true,"href":"https:\/\/www.africa-press.net\/cameroun\/wp-json\/wp\/v2\/tags?post=27500"}],"curies":[{"name":"wp","href":"https:\/\/api.w.org\/{rel}","templated":true}]}}