{"id":27503,"date":"2022-09-17T13:34:52","date_gmt":"2022-09-17T13:34:52","guid":{"rendered":"https:\/\/www.africa-press.net\/cameroun\/politique\/diplomatie-lelysee-confirme-la-nomination-du-general-thierry-marchand-comme-nouvel-ambassadeur-de-france-au-cameroun"},"modified":"2022-09-17T16:17:29","modified_gmt":"2022-09-17T16:17:29","slug":"diplomatie-lelysee-confirme-la-nomination-du-general-thierry-marchand-comme-nouvel-ambassadeur-de-france-au-cameroun","status":"publish","type":"post","link":"https:\/\/www.africa-press.net\/cameroun\/politique\/diplomatie-lelysee-confirme-la-nomination-du-general-thierry-marchand-comme-nouvel-ambassadeur-de-france-au-cameroun","title":{"rendered":"Diplomatie: L&rsquo;\u00c9lys\u00e9e confirme la nomination du G\u00e9n\u00e9ral Thierry Marchand comme nouvel Ambassadeur de France au Cameroun"},"content":{"rendered":"<p><span style=\"color: #ff6600\"><strong>Africa-Press &#8211; Cameroun. <\/strong><\/span>La France a un nouvel ambassadeur au Cameroun. Il s&rsquo;agit du g\u00e9n\u00e9ral Thierry Marchand, qui a \u00e9t\u00e9 nomm\u00e9 le jeudi 15 septembre 2022 par un d\u00e9cret du pr\u00e9sident fran\u00e7ais Emmanuel Macron. Il est nomm\u00e9 en remplacement de son compatriote Christophe Guilhou, arriv\u00e9 en fin de s\u00e9jour, apr\u00e8s plus de 3 ans pass\u00e9s au Cameroun.<\/p>\n<p>Il a d\u2019ailleurs entam\u00e9 depuis quelques jours une tourn\u00e9e d\u2019adieu au sein de quelques administrations camerounaises, laquelle l\u2019a conduit le jeudi 15 septembre 2022 chez le ministre de la D\u00e9centralisation et du D\u00e9veloppement Local, Georges Elanga Obam.<\/p>\n<p>Il faut pr\u00e9ciser \u00e0 propos du G\u00e9n\u00e9ral Thierry Marchand que le choix port\u00e9 sur sa personne n\u2019est pas anodin car, il intervient dans un contexte o\u00f9 la coop\u00e9ration militaire entre le Cameroun et la France bat de l\u2019aile, alors qu\u2019elle avait \u00e9t\u00e9 renouvel\u00e9e en septembre 2021, apr\u00e8s les accords sign\u00e9s en novembre 1960, en f\u00e9vrier 1974 et en mai 2009. Au mois d\u2019avril dernier, Paul Biya a autoris\u00e9 son pays \u00e0 signer un accord de coop\u00e9ration militaire avec la Russie, une pilule difficile \u00e0 avaler pour l\u2019Elys\u00e9e.<\/p>\n<p>Rappelons que Thierry Marchand a servi au Gabon, en R\u00e9publique Centrafricaine, \u00e0 Djibouti et en Somalie. Depuis 2019, il flirte avec la diplomatie et occupait avant sa nomination au Cameroun la t\u00eate de la Direction de la coop\u00e9ration de s\u00e9curit\u00e9 et de D\u00e9fense (DCSD) du Quai d\u2019Orsay.<\/p>\n<p><strong>Pour plus d&rsquo;informations et d&rsquo;analyses sur la <a href=\"https:\/\/www.africa-press.net\/cameroun\">Cameroun<\/a>, suivez <a href=\"https:\/\/www.africa-press.net\/\">Africa-Press<\/a><\/strong><\/p>\n","protected":false},"excerpt":{"rendered":"<p>Africa-Press &#8211; Cameroun. La France a un nouvel ambassadeur au Cameroun. Il s&rsquo;agit du g\u00e9n\u00e9ral Thierry Marchand, qui a \u00e9t\u00e9 nomm\u00e9 le jeudi 15 septembre 2022 par un d\u00e9cret du pr\u00e9sident fran\u00e7ais Emmanuel Macron. Il est nomm\u00e9 en remplacement de son compatriote Christophe Guilhou, arriv\u00e9 en fin de s\u00e9jour, apr\u00e8s plus de 3 ans pass\u00e9s [&hellip;]<\/p>\n","protected":false},"author":82,"featured_media":27502,"comment_status":"open","ping_status":"closed","sticky":false,"template":"","format":"standard","meta":{"footnotes":""},"categories":[11,2,20,10],"tags":[36,50,49],"class_list":["post-27503","post","type-post","status-publish","format-standard","has-post-thumbnail","hentry","category-homepage-french","category-politique","category-top-nouvelles","category-toutes-les-actualites","tag-africa-press","tag-africa-press-cameroun","tag-cameroun"],"yoast_head":"<!-- This site is optimized with the Yoast SEO Premium plugin v26.1 (Yoast SEO v27.0) - https:\/\/yoast.com\/product\/yoast-seo-premium-wordpress\/ -->\n<title>Diplomatie: L&#039;\u00c9lys\u00e9e confirme la nomination du G\u00e9n\u00e9ral Thierry Marchand comme nouvel Ambassadeur de France au Cameroun - Cameroun<\/title>\n<meta name=\"description\" content=\"La France a un nouvel ambassadeur au Cameroun. Il s&#039;agit du g\u00e9n\u00e9ral Thierry Marchand, qui a \u00e9t\u00e9 nomm\u00e9 le jeudi 15 septem ...\" \/>\n<meta name=\"robots\" content=\"index, follow, max-snippet:-1, max-image-preview:large, max-video-preview:-1\" \/>\n<link rel=\"canonical\" href=\"https:\/\/www.africa-press.net\/cameroun\/politique\/diplomatie-lelysee-confirme-la-nomination-du-general-thierry-marchand-comme-nouvel-ambassadeur-de-france-au-cameroun\" \/>\n<meta property=\"og:locale\" content=\"fr_FR\" \/>\n<meta property=\"og:type\" content=\"article\" \/>\n<meta property=\"og:title\" content=\"Diplomatie: L&#039;\u00c9lys\u00e9e confirme la nomination du G\u00e9n\u00e9ral Thierry Marchand comme nouvel Ambassadeur de France au Cameroun\" \/>\n<meta property=\"og:description\" content=\"La France a un nouvel ambassadeur au Cameroun. Il s&#039;agit du g\u00e9n\u00e9ral Thierry Marchand, qui a \u00e9t\u00e9 nomm\u00e9 le jeudi 15 septem ...\" \/>\n<meta property=\"og:url\" content=\"https:\/\/www.africa-press.net\/cameroun\/politique\/diplomatie-lelysee-confirme-la-nomination-du-general-thierry-marchand-comme-nouvel-ambassadeur-de-france-au-cameroun\" \/>\n<meta property=\"og:site_name\" content=\"Cameroun\" \/>\n<meta property=\"article:published_time\" content=\"2022-09-17T13:34:52+00:00\" \/>\n<meta property=\"article:modified_time\" content=\"2022-09-17T16:17:29+00:00\" \/>\n<meta property=\"og:image\" content=\"https:\/\/static.africa-press.net\/cameroun\/sites\/57\/2022\/09\/img-6325f2e92991a.jpg\" \/>\n\t<meta property=\"og:image:width\" content=\"800\" \/>\n\t<meta property=\"og:image:height\" content=\"687\" \/>\n\t<meta property=\"og:image:type\" content=\"image\/jpeg\" \/>\n<meta name=\"author\" content=\"cfeditorfr\" \/>\n<meta name=\"twitter:card\" content=\"summary_large_image\" \/>\n<meta name=\"twitter:label1\" content=\"\u00c9crit par\" \/>\n\t<meta name=\"twitter:data1\" content=\"cfeditorfr\" \/>\n\t<meta name=\"twitter:label2\" content=\"Dur\u00e9e de lecture estim\u00e9e\" \/>\n\t<meta name=\"twitter:data2\" content=\"2 minutes\" \/>\n<script type=\"application\/ld+json\" class=\"yoast-schema-graph\">{\"@context\":\"https:\/\/schema.org\",\"@graph\":[{\"@type\":\"Article\",\"@id\":\"https:\/\/www.africa-press.net\/cameroun\/politique\/diplomatie-lelysee-confirme-la-nomination-du-general-thierry-marchand-comme-nouvel-ambassadeur-de-france-au-cameroun#article\",\"isPartOf\":{\"@id\":\"https:\/\/www.africa-press.net\/cameroun\/politique\/diplomatie-lelysee-confirme-la-nomination-du-general-thierry-marchand-comme-nouvel-ambassadeur-de-france-au-cameroun\"},\"author\":{\"name\":\"cfeditorfr\",\"@id\":\"https:\/\/www.africa-press.net\/cameroun\/#\/schema\/person\/2b1cf3cd81a31e3cd26889ca66d677f1\"},\"headline\":\"Diplomatie: L&rsquo;\u00c9lys\u00e9e confirme la nomination du G\u00e9n\u00e9ral Thierry Marchand comme nouvel Ambassadeur de France au Cameroun\",\"datePublished\":\"2022-09-17T13:34:52+00:00\",\"dateModified\":\"2022-09-17T16:17:29+00:00\",\"mainEntityOfPage\":{\"@id\":\"https:\/\/www.africa-press.net\/cameroun\/politique\/diplomatie-lelysee-confirme-la-nomination-du-general-thierry-marchand-comme-nouvel-ambassadeur-de-france-au-cameroun\"},\"wordCount\":282,\"commentCount\":0,\"image\":{\"@id\":\"https:\/\/www.africa-press.net\/cameroun\/politique\/diplomatie-lelysee-confirme-la-nomination-du-general-thierry-marchand-comme-nouvel-ambassadeur-de-france-au-cameroun#primaryimage\"},\"thumbnailUrl\":\"https:\/\/static.africa-press.net\/cameroun\/sites\/57\/2022\/09\/img-6325f2e92991a.jpg\",\"keywords\":[\"Africa Press\",\"Africa Press-Cameroun\",\"Cameroun\"],\"articleSection\":[\"homepage-french\",\"Politique\",\"Top Nouvelles\",\"Toutes les actualit\u00e9s\"],\"inLanguage\":\"fr-FR\",\"potentialAction\":[{\"@type\":\"CommentAction\",\"name\":\"Comment\",\"target\":[\"https:\/\/www.africa-press.net\/cameroun\/politique\/diplomatie-lelysee-confirme-la-nomination-du-general-thierry-marchand-comme-nouvel-ambassadeur-de-france-au-cameroun#respond\"]}]},{\"@type\":\"WebPage\",\"@id\":\"https:\/\/www.africa-press.net\/cameroun\/politique\/diplomatie-lelysee-confirme-la-nomination-du-general-thierry-marchand-comme-nouvel-ambassadeur-de-france-au-cameroun\",\"url\":\"https:\/\/www.africa-press.net\/cameroun\/politique\/diplomatie-lelysee-confirme-la-nomination-du-general-thierry-marchand-comme-nouvel-ambassadeur-de-france-au-cameroun\",\"name\":\"Diplomatie: L'\u00c9lys\u00e9e confirme la nomination du G\u00e9n\u00e9ral Thierry Marchand comme nouvel Ambassadeur de France au Cameroun - Cameroun\",\"isPartOf\":{\"@id\":\"https:\/\/www.africa-press.net\/cameroun\/#website\"},\"primaryImageOfPage\":{\"@id\":\"https:\/\/www.africa-press.net\/cameroun\/politique\/diplomatie-lelysee-confirme-la-nomination-du-general-thierry-marchand-comme-nouvel-ambassadeur-de-france-au-cameroun#primaryimage\"},\"image\":{\"@id\":\"https:\/\/www.africa-press.net\/cameroun\/politique\/diplomatie-lelysee-confirme-la-nomination-du-general-thierry-marchand-comme-nouvel-ambassadeur-de-france-au-cameroun#primaryimage\"},\"thumbnailUrl\":\"https:\/\/static.africa-press.net\/cameroun\/sites\/57\/2022\/09\/img-6325f2e92991a.jpg\",\"datePublished\":\"2022-09-17T13:34:52+00:00\",\"dateModified\":\"2022-09-17T16:17:29+00:00\",\"author\":{\"@id\":\"https:\/\/www.africa-press.net\/cameroun\/#\/schema\/person\/2b1cf3cd81a31e3cd26889ca66d677f1\"},\"description\":\"La France a un nouvel ambassadeur au Cameroun. Il s'agit du g\u00e9n\u00e9ral Thierry Marchand, qui a \u00e9t\u00e9 nomm\u00e9 le jeudi 15 septem ...\",\"breadcrumb\":{\"@id\":\"https:\/\/www.africa-press.net\/cameroun\/politique\/diplomatie-lelysee-confirme-la-nomination-du-general-thierry-marchand-comme-nouvel-ambassadeur-de-france-au-cameroun#breadcrumb\"},\"inLanguage\":\"fr-FR\",\"potentialAction\":[{\"@type\":\"ReadAction\",\"target\":[\"https:\/\/www.africa-press.net\/cameroun\/politique\/diplomatie-lelysee-confirme-la-nomination-du-general-thierry-marchand-comme-nouvel-ambassadeur-de-france-au-cameroun\"]}]},{\"@type\":\"ImageObject\",\"inLanguage\":\"fr-FR\",\"@id\":\"https:\/\/www.africa-press.net\/cameroun\/politique\/diplomatie-lelysee-confirme-la-nomination-du-general-thierry-marchand-comme-nouvel-ambassadeur-de-france-au-cameroun#primaryimage\",\"url\":\"https:\/\/static.africa-press.net\/cameroun\/sites\/57\/2022\/09\/img-6325f2e92991a.jpg\",\"contentUrl\":\"https:\/\/static.africa-press.net\/cameroun\/sites\/57\/2022\/09\/img-6325f2e92991a.jpg\",\"width\":800,\"height\":687,\"caption\":\"Diplomatie: L'\u00c9lys\u00e9e confirme la nomination du G\u00e9n\u00e9ral Thierry Marchand comme nouvel Ambassadeur de France au Cameroun\"},{\"@type\":\"BreadcrumbList\",\"@id\":\"https:\/\/www.africa-press.net\/cameroun\/politique\/diplomatie-lelysee-confirme-la-nomination-du-general-thierry-marchand-comme-nouvel-ambassadeur-de-france-au-cameroun#breadcrumb\",\"itemListElement\":[{\"@type\":\"ListItem\",\"position\":1,\"name\":\"Accueil\",\"item\":\"https:\/\/www.africa-press.net\/cameroun\/\"},{\"@type\":\"ListItem\",\"position\":2,\"name\":\"Diplomatie: L&#8217;\u00c9lys\u00e9e confirme la nomination du G\u00e9n\u00e9ral Thierry Marchand comme nouvel Ambassadeur de France au Cameroun\"}]},{\"@type\":\"WebSite\",\"@id\":\"https:\/\/www.africa-press.net\/cameroun\/#website\",\"url\":\"https:\/\/www.africa-press.net\/cameroun\/\",\"name\":\"Cameroun\",\"description\":\"Just another Africa News Agency Sites site\",\"potentialAction\":[{\"@type\":\"SearchAction\",\"target\":{\"@type\":\"EntryPoint\",\"urlTemplate\":\"https:\/\/www.africa-press.net\/cameroun\/?s={search_term_string}\"},\"query-input\":{\"@type\":\"PropertyValueSpecification\",\"valueRequired\":true,\"valueName\":\"search_term_string\"}}],\"inLanguage\":\"fr-FR\"},{\"@type\":\"Person\",\"@id\":\"https:\/\/www.africa-press.net\/cameroun\/#\/schema\/person\/2b1cf3cd81a31e3cd26889ca66d677f1\",\"name\":\"cfeditorfr\"}]}<\/script>\n<!-- \/ Yoast SEO Premium plugin. -->","yoast_head_json":{"title":"Diplomatie: L'\u00c9lys\u00e9e confirme la nomination du G\u00e9n\u00e9ral Thierry Marchand comme nouvel Ambassadeur de France au Cameroun - Cameroun","description":"La France a un nouvel ambassadeur au Cameroun. Il s'agit du g\u00e9n\u00e9ral Thierry Marchand, qui a \u00e9t\u00e9 nomm\u00e9 le jeudi 15 septem ...","robots":{"index":"index","follow":"follow","max-snippet":"max-snippet:-1","max-image-preview":"max-image-preview:large","max-video-preview":"max-video-preview:-1"},"canonical":"https:\/\/www.africa-press.net\/cameroun\/politique\/diplomatie-lelysee-confirme-la-nomination-du-general-thierry-marchand-comme-nouvel-ambassadeur-de-france-au-cameroun","og_locale":"fr_FR","og_type":"article","og_title":"Diplomatie: L'\u00c9lys\u00e9e confirme la nomination du G\u00e9n\u00e9ral Thierry Marchand comme nouvel Ambassadeur de France au Cameroun","og_description":"La France a un nouvel ambassadeur au Cameroun. Il s'agit du g\u00e9n\u00e9ral Thierry Marchand, qui a \u00e9t\u00e9 nomm\u00e9 le jeudi 15 septem ...","og_url":"https:\/\/www.africa-press.net\/cameroun\/politique\/diplomatie-lelysee-confirme-la-nomination-du-general-thierry-marchand-comme-nouvel-ambassadeur-de-france-au-cameroun","og_site_name":"Cameroun","article_published_time":"2022-09-17T13:34:52+00:00","article_modified_time":"2022-09-17T16:17:29+00:00","og_image":[{"width":800,"height":687,"url":"https:\/\/static.africa-press.net\/cameroun\/sites\/57\/2022\/09\/img-6325f2e92991a.jpg","type":"image\/jpeg"}],"author":"cfeditorfr","twitter_card":"summary_large_image","twitter_misc":{"\u00c9crit par":"cfeditorfr","Dur\u00e9e de lecture estim\u00e9e":"2 minutes"},"schema":{"@context":"https:\/\/schema.org","@graph":[{"@type":"Article","@id":"https:\/\/www.africa-press.net\/cameroun\/politique\/diplomatie-lelysee-confirme-la-nomination-du-general-thierry-marchand-comme-nouvel-ambassadeur-de-france-au-cameroun#article","isPartOf":{"@id":"https:\/\/www.africa-press.net\/cameroun\/politique\/diplomatie-lelysee-confirme-la-nomination-du-general-thierry-marchand-comme-nouvel-ambassadeur-de-france-au-cameroun"},"author":{"name":"cfeditorfr","@id":"https:\/\/www.africa-press.net\/cameroun\/#\/schema\/person\/2b1cf3cd81a31e3cd26889ca66d677f1"},"headline":"Diplomatie: L&rsquo;\u00c9lys\u00e9e confirme la nomination du G\u00e9n\u00e9ral Thierry Marchand comme nouvel Ambassadeur de France au Cameroun","datePublished":"2022-09-17T13:34:52+00:00","dateModified":"2022-09-17T16:17:29+00:00","mainEntityOfPage":{"@id":"https:\/\/www.africa-press.net\/cameroun\/politique\/diplomatie-lelysee-confirme-la-nomination-du-general-thierry-marchand-comme-nouvel-ambassadeur-de-france-au-cameroun"},"wordCount":282,"commentCount":0,"image":{"@id":"https:\/\/www.africa-press.net\/cameroun\/politique\/diplomatie-lelysee-confirme-la-nomination-du-general-thierry-marchand-comme-nouvel-ambassadeur-de-france-au-cameroun#primaryimage"},"thumbnailUrl":"https:\/\/static.africa-press.net\/cameroun\/sites\/57\/2022\/09\/img-6325f2e92991a.jpg","keywords":["Africa Press","Africa Press-Cameroun","Cameroun"],"articleSection":["homepage-french","Politique","Top Nouvelles","Toutes les actualit\u00e9s"],"inLanguage":"fr-FR","potentialAction":[{"@type":"CommentAction","name":"Comment","target":["https:\/\/www.africa-press.net\/cameroun\/politique\/diplomatie-lelysee-confirme-la-nomination-du-general-thierry-marchand-comme-nouvel-ambassadeur-de-france-au-cameroun#respond"]}]},{"@type":"WebPage","@id":"https:\/\/www.africa-press.net\/cameroun\/politique\/diplomatie-lelysee-confirme-la-nomination-du-general-thierry-marchand-comme-nouvel-ambassadeur-de-france-au-cameroun","url":"https:\/\/www.africa-press.net\/cameroun\/politique\/diplomatie-lelysee-confirme-la-nomination-du-general-thierry-marchand-comme-nouvel-ambassadeur-de-france-au-cameroun","name":"Diplomatie: L'\u00c9lys\u00e9e confirme la nomination du G\u00e9n\u00e9ral Thierry Marchand comme nouvel Ambassadeur de France au Cameroun - Cameroun","isPartOf":{"@id":"https:\/\/www.africa-press.net\/cameroun\/#website"},"primaryImageOfPage":{"@id":"https:\/\/www.africa-press.net\/cameroun\/politique\/diplomatie-lelysee-confirme-la-nomination-du-general-thierry-marchand-comme-nouvel-ambassadeur-de-france-au-cameroun#primaryimage"},"image":{"@id":"https:\/\/www.africa-press.net\/cameroun\/politique\/diplomatie-lelysee-confirme-la-nomination-du-general-thierry-marchand-comme-nouvel-ambassadeur-de-france-au-cameroun#primaryimage"},"thumbnailUrl":"https:\/\/static.africa-press.net\/cameroun\/sites\/57\/2022\/09\/img-6325f2e92991a.jpg","datePublished":"2022-09-17T13:34:52+00:00","dateModified":"2022-09-17T16:17:29+00:00","author":{"@id":"https:\/\/www.africa-press.net\/cameroun\/#\/schema\/person\/2b1cf3cd81a31e3cd26889ca66d677f1"},"description":"La France a un nouvel ambassadeur au Cameroun. Il s'agit du g\u00e9n\u00e9ral Thierry Marchand, qui a \u00e9t\u00e9 nomm\u00e9 le jeudi 15 septem ...","breadcrumb":{"@id":"https:\/\/www.africa-press.net\/cameroun\/politique\/diplomatie-lelysee-confirme-la-nomination-du-general-thierry-marchand-comme-nouvel-ambassadeur-de-france-au-cameroun#breadcrumb"},"inLanguage":"fr-FR","potentialAction":[{"@type":"ReadAction","target":["https:\/\/www.africa-press.net\/cameroun\/politique\/diplomatie-lelysee-confirme-la-nomination-du-general-thierry-marchand-comme-nouvel-ambassadeur-de-france-au-cameroun"]}]},{"@type":"ImageObject","inLanguage":"fr-FR","@id":"https:\/\/www.africa-press.net\/cameroun\/politique\/diplomatie-lelysee-confirme-la-nomination-du-general-thierry-marchand-comme-nouvel-ambassadeur-de-france-au-cameroun#primaryimage","url":"https:\/\/static.africa-press.net\/cameroun\/sites\/57\/2022\/09\/img-6325f2e92991a.jpg","contentUrl":"https:\/\/static.africa-press.net\/cameroun\/sites\/57\/2022\/09\/img-6325f2e92991a.jpg","width":800,"height":687,"caption":"Diplomatie: L'\u00c9lys\u00e9e confirme la nomination du G\u00e9n\u00e9ral Thierry Marchand comme nouvel Ambassadeur de France au Cameroun"},{"@type":"BreadcrumbList","@id":"https:\/\/www.africa-press.net\/cameroun\/politique\/diplomatie-lelysee-confirme-la-nomination-du-general-thierry-marchand-comme-nouvel-ambassadeur-de-france-au-cameroun#breadcrumb","itemListElement":[{"@type":"ListItem","position":1,"name":"Accueil","item":"https:\/\/www.africa-press.net\/cameroun\/"},{"@type":"ListItem","position":2,"name":"Diplomatie: L&#8217;\u00c9lys\u00e9e confirme la nomination du G\u00e9n\u00e9ral Thierry Marchand comme nouvel Ambassadeur de France au Cameroun"}]},{"@type":"WebSite","@id":"https:\/\/www.africa-press.net\/cameroun\/#website","url":"https:\/\/www.africa-press.net\/cameroun\/","name":"Cameroun","description":"Just another Africa News Agency Sites site","potentialAction":[{"@type":"SearchAction","target":{"@type":"EntryPoint","urlTemplate":"https:\/\/www.africa-press.net\/cameroun\/?s={search_term_string}"},"query-input":{"@type":"PropertyValueSpecification","valueRequired":true,"valueName":"search_term_string"}}],"inLanguage":"fr-FR"},{"@type":"Person","@id":"https:\/\/www.africa-press.net\/cameroun\/#\/schema\/person\/2b1cf3cd81a31e3cd26889ca66d677f1","name":"cfeditorfr"}]}},"_links":{"self":[{"href":"https:\/\/www.africa-press.net\/cameroun\/wp-json\/wp\/v2\/posts\/27503","targetHints":{"allow":["GET"]}}],"collection":[{"href":"https:\/\/www.africa-press.net\/cameroun\/wp-json\/wp\/v2\/posts"}],"about":[{"href":"https:\/\/www.africa-press.net\/cameroun\/wp-json\/wp\/v2\/types\/post"}],"author":[{"embeddable":true,"href":"https:\/\/www.africa-press.net\/cameroun\/wp-json\/wp\/v2\/users\/82"}],"replies":[{"embeddable":true,"href":"https:\/\/www.africa-press.net\/cameroun\/wp-json\/wp\/v2\/comments?post=27503"}],"version-history":[{"count":0,"href":"https:\/\/www.africa-press.net\/cameroun\/wp-json\/wp\/v2\/posts\/27503\/revisions"}],"wp:featuredmedia":[{"embeddable":true,"href":"https:\/\/www.africa-press.net\/cameroun\/wp-json\/wp\/v2\/media\/27502"}],"wp:attachment":[{"href":"https:\/\/www.africa-press.net\/cameroun\/wp-json\/wp\/v2\/media?parent=27503"}],"wp:term":[{"taxonomy":"category","embeddable":true,"href":"https:\/\/www.africa-press.net\/cameroun\/wp-json\/wp\/v2\/categories?post=27503"},{"taxonomy":"post_tag","embeddable":true,"href":"https:\/\/www.africa-press.net\/cameroun\/wp-json\/wp\/v2\/tags?post=27503"}],"curies":[{"name":"wp","href":"https:\/\/api.w.org\/{rel}","templated":true}]}}