{"id":27509,"date":"2022-09-17T13:47:51","date_gmt":"2022-09-17T13:47:51","guid":{"rendered":"https:\/\/www.africa-press.net\/cameroun\/politique\/obseques-de-la-reine-elizabeth-paul-biya-se-fait-representer-par-le-premier-ministre-joseph-dion-ngute"},"modified":"2022-09-17T16:19:25","modified_gmt":"2022-09-17T16:19:25","slug":"obseques-de-la-reine-elizabeth-paul-biya-se-fait-representer-par-le-premier-ministre-joseph-dion-ngute","status":"publish","type":"post","link":"https:\/\/www.africa-press.net\/cameroun\/politique\/obseques-de-la-reine-elizabeth-paul-biya-se-fait-representer-par-le-premier-ministre-joseph-dion-ngute","title":{"rendered":"Obs\u00e8ques de la reine Elizabeth: Paul Biya se fait repr\u00e9senter par le Premier Ministre Joseph Dion Ngute"},"content":{"rendered":"<p><span style=\"color: #ff6600\"><strong>Africa-Press &#8211; Cameroun. <\/strong><\/span>La Reine d\u2019Angleterre, Elizabeth II, d\u00e9c\u00e9d\u00e9e le 8 septembre 2022 \u00e0 l\u2019\u00e2ge de 96 ans, sera inhum\u00e9e le lundi 19 septembre 2022. Ses fun\u00e9railles vont r\u00e9unir le gotha des personnalit\u00e9s politiques et les plus grandes c\u00e9l\u00e9brit\u00e9s de la plan\u00e8te. Le pr\u00e9sident camerounais Paul Biya a d\u00e9cid\u00e9 de se faire repr\u00e9senter \u00e0 cette c\u00e9r\u00e9monie par le premier ministre chef du Gouvernement Joseph Dion Ngute.<\/p>\n<p>La pr\u00e9sidence de la R\u00e9publique l\u2019a annonc\u00e9 dans un communiqu\u00e9 rendu public ce vendredi 16 septembre 2022. <b>\u00ab Le Chef de l\u2019Etat S.E. Paul Biya a \u00e9t\u00e9 invit\u00e9 par le gouvernement britannique, \u00e0 prendre part aux obs\u00e8ques de la Reine Elizabeth II, le lundi 19 septembre 2022. Il a d\u00e9sign\u00e9 le premier ministre, chef du gouvernement, Joseph Dion Ngute, pour le repr\u00e9senter<\/b> \u00bb, rapporte en substance le communiqu\u00e9 sign\u00e9 de Samuel Mvondo Ayolo, le directeur du cabinet civil.<\/p>\n<p>Le document renseigne \u00e9galement que le chef du gouvernement se fera accompagner dans ce voyage par le ministre d\u00e9l\u00e9gu\u00e9 aupr\u00e8s du ministre des Relations Ext\u00e9rieures charg\u00e9 de la Coop\u00e9ration avec le Commonwealth, F\u00e9lix Mbayu. Les deux hommes ont d\u2019ailleurs quitt\u00e9 Yaound\u00e9 \u00e0 destination de Londres ce vendredi 16 septembre 2022.<\/p>\n<p>L\u2019inhumation d\u2019Elizabeth II aura lieu dans la soir\u00e9e de lundi au terme d\u2019une une c\u00e9r\u00e9monie priv\u00e9e \u00e0 la chapelle Saint-Georges du ch\u00e2teau de Windsor, en p\u00e9riph\u00e9rie ouest de Londres, \u00e0 la suite de ses fun\u00e9railles d&rsquo;Etat dans la matin\u00e9e.<\/p>\n<p><strong>Pour plus d&rsquo;informations et d&rsquo;analyses sur la <a href=\"https:\/\/www.africa-press.net\/cameroun\">Cameroun<\/a>, suivez <a href=\"https:\/\/www.africa-press.net\/\">Africa-Press<\/a><\/strong><\/p>\n","protected":false},"excerpt":{"rendered":"<p>Africa-Press &#8211; Cameroun. La Reine d\u2019Angleterre, Elizabeth II, d\u00e9c\u00e9d\u00e9e le 8 septembre 2022 \u00e0 l\u2019\u00e2ge de 96 ans, sera inhum\u00e9e le lundi 19 septembre 2022. Ses fun\u00e9railles vont r\u00e9unir le gotha des personnalit\u00e9s politiques et les plus grandes c\u00e9l\u00e9brit\u00e9s de la plan\u00e8te. Le pr\u00e9sident camerounais Paul Biya a d\u00e9cid\u00e9 de se faire repr\u00e9senter \u00e0 cette [&hellip;]<\/p>\n","protected":false},"author":82,"featured_media":27508,"comment_status":"open","ping_status":"closed","sticky":false,"template":"","format":"standard","meta":{"footnotes":""},"categories":[11,2,10],"tags":[36,50,49],"class_list":["post-27509","post","type-post","status-publish","format-standard","has-post-thumbnail","hentry","category-homepage-french","category-politique","category-toutes-les-actualites","tag-africa-press","tag-africa-press-cameroun","tag-cameroun"],"yoast_head":"<!-- This site is optimized with the Yoast SEO Premium plugin v26.1 (Yoast SEO v27.0) - https:\/\/yoast.com\/product\/yoast-seo-premium-wordpress\/ -->\n<title>Obs\u00e8ques de la reine Elizabeth: Paul Biya se fait repr\u00e9senter par le Premier Ministre Joseph Dion Ngute - Cameroun<\/title>\n<meta name=\"description\" content=\"La Reine d\u2019Angleterre, Elizabeth II, d\u00e9c\u00e9d\u00e9e le 8 septembre 2022 \u00e0 l\u2019\u00e2ge de 96 ans, sera inhum\u00e9e le lundi 19 septembre 2 ...\" \/>\n<meta name=\"robots\" content=\"index, follow, max-snippet:-1, max-image-preview:large, max-video-preview:-1\" \/>\n<link rel=\"canonical\" href=\"https:\/\/www.africa-press.net\/cameroun\/politique\/obseques-de-la-reine-elizabeth-paul-biya-se-fait-representer-par-le-premier-ministre-joseph-dion-ngute\" \/>\n<meta property=\"og:locale\" content=\"fr_FR\" \/>\n<meta property=\"og:type\" content=\"article\" \/>\n<meta property=\"og:title\" content=\"Obs\u00e8ques de la reine Elizabeth: Paul Biya se fait repr\u00e9senter par le Premier Ministre Joseph Dion Ngute\" \/>\n<meta property=\"og:description\" content=\"La Reine d\u2019Angleterre, Elizabeth II, d\u00e9c\u00e9d\u00e9e le 8 septembre 2022 \u00e0 l\u2019\u00e2ge de 96 ans, sera inhum\u00e9e le lundi 19 septembre 2 ...\" \/>\n<meta property=\"og:url\" content=\"https:\/\/www.africa-press.net\/cameroun\/politique\/obseques-de-la-reine-elizabeth-paul-biya-se-fait-representer-par-le-premier-ministre-joseph-dion-ngute\" \/>\n<meta property=\"og:site_name\" content=\"Cameroun\" \/>\n<meta property=\"article:published_time\" content=\"2022-09-17T13:47:51+00:00\" \/>\n<meta property=\"article:modified_time\" content=\"2022-09-17T16:19:25+00:00\" \/>\n<meta property=\"og:image\" content=\"https:\/\/static.africa-press.net\/cameroun\/sites\/57\/2022\/09\/img-6325f36104b3c.jpg\" \/>\n\t<meta property=\"og:image:width\" content=\"800\" \/>\n\t<meta property=\"og:image:height\" content=\"555\" \/>\n\t<meta property=\"og:image:type\" content=\"image\/jpeg\" \/>\n<meta name=\"author\" content=\"cfeditorfr\" \/>\n<meta name=\"twitter:card\" content=\"summary_large_image\" \/>\n<meta name=\"twitter:label1\" content=\"\u00c9crit par\" \/>\n\t<meta name=\"twitter:data1\" content=\"cfeditorfr\" \/>\n\t<meta name=\"twitter:label2\" content=\"Dur\u00e9e de lecture estim\u00e9e\" \/>\n\t<meta name=\"twitter:data2\" content=\"2 minutes\" \/>\n<script type=\"application\/ld+json\" class=\"yoast-schema-graph\">{\"@context\":\"https:\/\/schema.org\",\"@graph\":[{\"@type\":\"Article\",\"@id\":\"https:\/\/www.africa-press.net\/cameroun\/politique\/obseques-de-la-reine-elizabeth-paul-biya-se-fait-representer-par-le-premier-ministre-joseph-dion-ngute#article\",\"isPartOf\":{\"@id\":\"https:\/\/www.africa-press.net\/cameroun\/politique\/obseques-de-la-reine-elizabeth-paul-biya-se-fait-representer-par-le-premier-ministre-joseph-dion-ngute\"},\"author\":{\"name\":\"cfeditorfr\",\"@id\":\"https:\/\/www.africa-press.net\/cameroun\/#\/schema\/person\/2b1cf3cd81a31e3cd26889ca66d677f1\"},\"headline\":\"Obs\u00e8ques de la reine Elizabeth: Paul Biya se fait repr\u00e9senter par le Premier Ministre Joseph Dion Ngute\",\"datePublished\":\"2022-09-17T13:47:51+00:00\",\"dateModified\":\"2022-09-17T16:19:25+00:00\",\"mainEntityOfPage\":{\"@id\":\"https:\/\/www.africa-press.net\/cameroun\/politique\/obseques-de-la-reine-elizabeth-paul-biya-se-fait-representer-par-le-premier-ministre-joseph-dion-ngute\"},\"wordCount\":291,\"commentCount\":0,\"image\":{\"@id\":\"https:\/\/www.africa-press.net\/cameroun\/politique\/obseques-de-la-reine-elizabeth-paul-biya-se-fait-representer-par-le-premier-ministre-joseph-dion-ngute#primaryimage\"},\"thumbnailUrl\":\"https:\/\/static.africa-press.net\/cameroun\/sites\/57\/2022\/09\/img-6325f36104b3c.jpg\",\"keywords\":[\"Africa Press\",\"Africa Press-Cameroun\",\"Cameroun\"],\"articleSection\":[\"homepage-french\",\"Politique\",\"Toutes les actualit\u00e9s\"],\"inLanguage\":\"fr-FR\",\"potentialAction\":[{\"@type\":\"CommentAction\",\"name\":\"Comment\",\"target\":[\"https:\/\/www.africa-press.net\/cameroun\/politique\/obseques-de-la-reine-elizabeth-paul-biya-se-fait-representer-par-le-premier-ministre-joseph-dion-ngute#respond\"]}]},{\"@type\":\"WebPage\",\"@id\":\"https:\/\/www.africa-press.net\/cameroun\/politique\/obseques-de-la-reine-elizabeth-paul-biya-se-fait-representer-par-le-premier-ministre-joseph-dion-ngute\",\"url\":\"https:\/\/www.africa-press.net\/cameroun\/politique\/obseques-de-la-reine-elizabeth-paul-biya-se-fait-representer-par-le-premier-ministre-joseph-dion-ngute\",\"name\":\"Obs\u00e8ques de la reine Elizabeth: Paul Biya se fait repr\u00e9senter par le Premier Ministre Joseph Dion Ngute - Cameroun\",\"isPartOf\":{\"@id\":\"https:\/\/www.africa-press.net\/cameroun\/#website\"},\"primaryImageOfPage\":{\"@id\":\"https:\/\/www.africa-press.net\/cameroun\/politique\/obseques-de-la-reine-elizabeth-paul-biya-se-fait-representer-par-le-premier-ministre-joseph-dion-ngute#primaryimage\"},\"image\":{\"@id\":\"https:\/\/www.africa-press.net\/cameroun\/politique\/obseques-de-la-reine-elizabeth-paul-biya-se-fait-representer-par-le-premier-ministre-joseph-dion-ngute#primaryimage\"},\"thumbnailUrl\":\"https:\/\/static.africa-press.net\/cameroun\/sites\/57\/2022\/09\/img-6325f36104b3c.jpg\",\"datePublished\":\"2022-09-17T13:47:51+00:00\",\"dateModified\":\"2022-09-17T16:19:25+00:00\",\"author\":{\"@id\":\"https:\/\/www.africa-press.net\/cameroun\/#\/schema\/person\/2b1cf3cd81a31e3cd26889ca66d677f1\"},\"description\":\"La Reine d\u2019Angleterre, Elizabeth II, d\u00e9c\u00e9d\u00e9e le 8 septembre 2022 \u00e0 l\u2019\u00e2ge de 96 ans, sera inhum\u00e9e le lundi 19 septembre 2 ...\",\"breadcrumb\":{\"@id\":\"https:\/\/www.africa-press.net\/cameroun\/politique\/obseques-de-la-reine-elizabeth-paul-biya-se-fait-representer-par-le-premier-ministre-joseph-dion-ngute#breadcrumb\"},\"inLanguage\":\"fr-FR\",\"potentialAction\":[{\"@type\":\"ReadAction\",\"target\":[\"https:\/\/www.africa-press.net\/cameroun\/politique\/obseques-de-la-reine-elizabeth-paul-biya-se-fait-representer-par-le-premier-ministre-joseph-dion-ngute\"]}]},{\"@type\":\"ImageObject\",\"inLanguage\":\"fr-FR\",\"@id\":\"https:\/\/www.africa-press.net\/cameroun\/politique\/obseques-de-la-reine-elizabeth-paul-biya-se-fait-representer-par-le-premier-ministre-joseph-dion-ngute#primaryimage\",\"url\":\"https:\/\/static.africa-press.net\/cameroun\/sites\/57\/2022\/09\/img-6325f36104b3c.jpg\",\"contentUrl\":\"https:\/\/static.africa-press.net\/cameroun\/sites\/57\/2022\/09\/img-6325f36104b3c.jpg\",\"width\":800,\"height\":555,\"caption\":\"Obs\u00e8ques de la reine Elizabeth: Paul Biya se fait repr\u00e9senter par le Premier Ministre Joseph Dion Ngute\"},{\"@type\":\"BreadcrumbList\",\"@id\":\"https:\/\/www.africa-press.net\/cameroun\/politique\/obseques-de-la-reine-elizabeth-paul-biya-se-fait-representer-par-le-premier-ministre-joseph-dion-ngute#breadcrumb\",\"itemListElement\":[{\"@type\":\"ListItem\",\"position\":1,\"name\":\"Accueil\",\"item\":\"https:\/\/www.africa-press.net\/cameroun\/\"},{\"@type\":\"ListItem\",\"position\":2,\"name\":\"Obs\u00e8ques de la reine Elizabeth: Paul Biya se fait repr\u00e9senter par le Premier Ministre Joseph Dion Ngute\"}]},{\"@type\":\"WebSite\",\"@id\":\"https:\/\/www.africa-press.net\/cameroun\/#website\",\"url\":\"https:\/\/www.africa-press.net\/cameroun\/\",\"name\":\"Cameroun\",\"description\":\"Just another Africa News Agency Sites site\",\"potentialAction\":[{\"@type\":\"SearchAction\",\"target\":{\"@type\":\"EntryPoint\",\"urlTemplate\":\"https:\/\/www.africa-press.net\/cameroun\/?s={search_term_string}\"},\"query-input\":{\"@type\":\"PropertyValueSpecification\",\"valueRequired\":true,\"valueName\":\"search_term_string\"}}],\"inLanguage\":\"fr-FR\"},{\"@type\":\"Person\",\"@id\":\"https:\/\/www.africa-press.net\/cameroun\/#\/schema\/person\/2b1cf3cd81a31e3cd26889ca66d677f1\",\"name\":\"cfeditorfr\"}]}<\/script>\n<!-- \/ Yoast SEO Premium plugin. -->","yoast_head_json":{"title":"Obs\u00e8ques de la reine Elizabeth: Paul Biya se fait repr\u00e9senter par le Premier Ministre Joseph Dion Ngute - Cameroun","description":"La Reine d\u2019Angleterre, Elizabeth II, d\u00e9c\u00e9d\u00e9e le 8 septembre 2022 \u00e0 l\u2019\u00e2ge de 96 ans, sera inhum\u00e9e le lundi 19 septembre 2 ...","robots":{"index":"index","follow":"follow","max-snippet":"max-snippet:-1","max-image-preview":"max-image-preview:large","max-video-preview":"max-video-preview:-1"},"canonical":"https:\/\/www.africa-press.net\/cameroun\/politique\/obseques-de-la-reine-elizabeth-paul-biya-se-fait-representer-par-le-premier-ministre-joseph-dion-ngute","og_locale":"fr_FR","og_type":"article","og_title":"Obs\u00e8ques de la reine Elizabeth: Paul Biya se fait repr\u00e9senter par le Premier Ministre Joseph Dion Ngute","og_description":"La Reine d\u2019Angleterre, Elizabeth II, d\u00e9c\u00e9d\u00e9e le 8 septembre 2022 \u00e0 l\u2019\u00e2ge de 96 ans, sera inhum\u00e9e le lundi 19 septembre 2 ...","og_url":"https:\/\/www.africa-press.net\/cameroun\/politique\/obseques-de-la-reine-elizabeth-paul-biya-se-fait-representer-par-le-premier-ministre-joseph-dion-ngute","og_site_name":"Cameroun","article_published_time":"2022-09-17T13:47:51+00:00","article_modified_time":"2022-09-17T16:19:25+00:00","og_image":[{"width":800,"height":555,"url":"https:\/\/static.africa-press.net\/cameroun\/sites\/57\/2022\/09\/img-6325f36104b3c.jpg","type":"image\/jpeg"}],"author":"cfeditorfr","twitter_card":"summary_large_image","twitter_misc":{"\u00c9crit par":"cfeditorfr","Dur\u00e9e de lecture estim\u00e9e":"2 minutes"},"schema":{"@context":"https:\/\/schema.org","@graph":[{"@type":"Article","@id":"https:\/\/www.africa-press.net\/cameroun\/politique\/obseques-de-la-reine-elizabeth-paul-biya-se-fait-representer-par-le-premier-ministre-joseph-dion-ngute#article","isPartOf":{"@id":"https:\/\/www.africa-press.net\/cameroun\/politique\/obseques-de-la-reine-elizabeth-paul-biya-se-fait-representer-par-le-premier-ministre-joseph-dion-ngute"},"author":{"name":"cfeditorfr","@id":"https:\/\/www.africa-press.net\/cameroun\/#\/schema\/person\/2b1cf3cd81a31e3cd26889ca66d677f1"},"headline":"Obs\u00e8ques de la reine Elizabeth: Paul Biya se fait repr\u00e9senter par le Premier Ministre Joseph Dion Ngute","datePublished":"2022-09-17T13:47:51+00:00","dateModified":"2022-09-17T16:19:25+00:00","mainEntityOfPage":{"@id":"https:\/\/www.africa-press.net\/cameroun\/politique\/obseques-de-la-reine-elizabeth-paul-biya-se-fait-representer-par-le-premier-ministre-joseph-dion-ngute"},"wordCount":291,"commentCount":0,"image":{"@id":"https:\/\/www.africa-press.net\/cameroun\/politique\/obseques-de-la-reine-elizabeth-paul-biya-se-fait-representer-par-le-premier-ministre-joseph-dion-ngute#primaryimage"},"thumbnailUrl":"https:\/\/static.africa-press.net\/cameroun\/sites\/57\/2022\/09\/img-6325f36104b3c.jpg","keywords":["Africa Press","Africa Press-Cameroun","Cameroun"],"articleSection":["homepage-french","Politique","Toutes les actualit\u00e9s"],"inLanguage":"fr-FR","potentialAction":[{"@type":"CommentAction","name":"Comment","target":["https:\/\/www.africa-press.net\/cameroun\/politique\/obseques-de-la-reine-elizabeth-paul-biya-se-fait-representer-par-le-premier-ministre-joseph-dion-ngute#respond"]}]},{"@type":"WebPage","@id":"https:\/\/www.africa-press.net\/cameroun\/politique\/obseques-de-la-reine-elizabeth-paul-biya-se-fait-representer-par-le-premier-ministre-joseph-dion-ngute","url":"https:\/\/www.africa-press.net\/cameroun\/politique\/obseques-de-la-reine-elizabeth-paul-biya-se-fait-representer-par-le-premier-ministre-joseph-dion-ngute","name":"Obs\u00e8ques de la reine Elizabeth: Paul Biya se fait repr\u00e9senter par le Premier Ministre Joseph Dion Ngute - Cameroun","isPartOf":{"@id":"https:\/\/www.africa-press.net\/cameroun\/#website"},"primaryImageOfPage":{"@id":"https:\/\/www.africa-press.net\/cameroun\/politique\/obseques-de-la-reine-elizabeth-paul-biya-se-fait-representer-par-le-premier-ministre-joseph-dion-ngute#primaryimage"},"image":{"@id":"https:\/\/www.africa-press.net\/cameroun\/politique\/obseques-de-la-reine-elizabeth-paul-biya-se-fait-representer-par-le-premier-ministre-joseph-dion-ngute#primaryimage"},"thumbnailUrl":"https:\/\/static.africa-press.net\/cameroun\/sites\/57\/2022\/09\/img-6325f36104b3c.jpg","datePublished":"2022-09-17T13:47:51+00:00","dateModified":"2022-09-17T16:19:25+00:00","author":{"@id":"https:\/\/www.africa-press.net\/cameroun\/#\/schema\/person\/2b1cf3cd81a31e3cd26889ca66d677f1"},"description":"La Reine d\u2019Angleterre, Elizabeth II, d\u00e9c\u00e9d\u00e9e le 8 septembre 2022 \u00e0 l\u2019\u00e2ge de 96 ans, sera inhum\u00e9e le lundi 19 septembre 2 ...","breadcrumb":{"@id":"https:\/\/www.africa-press.net\/cameroun\/politique\/obseques-de-la-reine-elizabeth-paul-biya-se-fait-representer-par-le-premier-ministre-joseph-dion-ngute#breadcrumb"},"inLanguage":"fr-FR","potentialAction":[{"@type":"ReadAction","target":["https:\/\/www.africa-press.net\/cameroun\/politique\/obseques-de-la-reine-elizabeth-paul-biya-se-fait-representer-par-le-premier-ministre-joseph-dion-ngute"]}]},{"@type":"ImageObject","inLanguage":"fr-FR","@id":"https:\/\/www.africa-press.net\/cameroun\/politique\/obseques-de-la-reine-elizabeth-paul-biya-se-fait-representer-par-le-premier-ministre-joseph-dion-ngute#primaryimage","url":"https:\/\/static.africa-press.net\/cameroun\/sites\/57\/2022\/09\/img-6325f36104b3c.jpg","contentUrl":"https:\/\/static.africa-press.net\/cameroun\/sites\/57\/2022\/09\/img-6325f36104b3c.jpg","width":800,"height":555,"caption":"Obs\u00e8ques de la reine Elizabeth: Paul Biya se fait repr\u00e9senter par le Premier Ministre Joseph Dion Ngute"},{"@type":"BreadcrumbList","@id":"https:\/\/www.africa-press.net\/cameroun\/politique\/obseques-de-la-reine-elizabeth-paul-biya-se-fait-representer-par-le-premier-ministre-joseph-dion-ngute#breadcrumb","itemListElement":[{"@type":"ListItem","position":1,"name":"Accueil","item":"https:\/\/www.africa-press.net\/cameroun\/"},{"@type":"ListItem","position":2,"name":"Obs\u00e8ques de la reine Elizabeth: Paul Biya se fait repr\u00e9senter par le Premier Ministre Joseph Dion Ngute"}]},{"@type":"WebSite","@id":"https:\/\/www.africa-press.net\/cameroun\/#website","url":"https:\/\/www.africa-press.net\/cameroun\/","name":"Cameroun","description":"Just another Africa News Agency Sites site","potentialAction":[{"@type":"SearchAction","target":{"@type":"EntryPoint","urlTemplate":"https:\/\/www.africa-press.net\/cameroun\/?s={search_term_string}"},"query-input":{"@type":"PropertyValueSpecification","valueRequired":true,"valueName":"search_term_string"}}],"inLanguage":"fr-FR"},{"@type":"Person","@id":"https:\/\/www.africa-press.net\/cameroun\/#\/schema\/person\/2b1cf3cd81a31e3cd26889ca66d677f1","name":"cfeditorfr"}]}},"_links":{"self":[{"href":"https:\/\/www.africa-press.net\/cameroun\/wp-json\/wp\/v2\/posts\/27509","targetHints":{"allow":["GET"]}}],"collection":[{"href":"https:\/\/www.africa-press.net\/cameroun\/wp-json\/wp\/v2\/posts"}],"about":[{"href":"https:\/\/www.africa-press.net\/cameroun\/wp-json\/wp\/v2\/types\/post"}],"author":[{"embeddable":true,"href":"https:\/\/www.africa-press.net\/cameroun\/wp-json\/wp\/v2\/users\/82"}],"replies":[{"embeddable":true,"href":"https:\/\/www.africa-press.net\/cameroun\/wp-json\/wp\/v2\/comments?post=27509"}],"version-history":[{"count":0,"href":"https:\/\/www.africa-press.net\/cameroun\/wp-json\/wp\/v2\/posts\/27509\/revisions"}],"wp:featuredmedia":[{"embeddable":true,"href":"https:\/\/www.africa-press.net\/cameroun\/wp-json\/wp\/v2\/media\/27508"}],"wp:attachment":[{"href":"https:\/\/www.africa-press.net\/cameroun\/wp-json\/wp\/v2\/media?parent=27509"}],"wp:term":[{"taxonomy":"category","embeddable":true,"href":"https:\/\/www.africa-press.net\/cameroun\/wp-json\/wp\/v2\/categories?post=27509"},{"taxonomy":"post_tag","embeddable":true,"href":"https:\/\/www.africa-press.net\/cameroun\/wp-json\/wp\/v2\/tags?post=27509"}],"curies":[{"name":"wp","href":"https:\/\/api.w.org\/{rel}","templated":true}]}}