{"id":27518,"date":"2022-09-17T14:11:48","date_gmt":"2022-09-17T14:11:48","guid":{"rendered":"https:\/\/www.africa-press.net\/cameroun\/politique\/cameroun-etats-unis-hommage-luniversite-de-patrice-nganang-va-lhonorer-a-travers-un-symposium"},"modified":"2022-09-17T16:22:18","modified_gmt":"2022-09-17T16:22:18","slug":"cameroun-etats-unis-hommage-luniversite-de-patrice-nganang-va-lhonorer-a-travers-un-symposium","status":"publish","type":"post","link":"https:\/\/www.africa-press.net\/cameroun\/politique\/cameroun-etats-unis-hommage-luniversite-de-patrice-nganang-va-lhonorer-a-travers-un-symposium","title":{"rendered":"Cameroun\/Etats-Unis \u2013 Hommage : L\u2019universit\u00e9 de Patrice Nganang va l\u2019honorer \u00e0 travers un symposium"},"content":{"rendered":"<p><span style=\"color: #ff6600\"><strong>Africa-Press &#8211; Cameroun. <\/strong><\/span>Patrice Nganang bient\u00f4t honor\u00e9 aux Etats-Unis d\u2019Am\u00e9rique. Un Symposium sur l\u2019\u0153uvre de l\u2019\u00e9crivain d\u2019origine camerounaise va \u00eatre organis\u00e9 le 6 Octobre 2022 \u00e0 l\u2019universit\u00e9 de Princeton, l\u00e0 o\u00f9 l\u2019homme de lettres travaille comme enseignant.<\/p>\n<p>L\u2019\u00e9v\u00e9nement va \u00eatre coorganis\u00e9 par le Conseil des Humanit\u00e9s, le Centre des Arts Lewis, le d\u00e9partement d\u2019Etudes Afro-Am\u00e9ricaines, le d\u00e9partement de litt\u00e9rature compar\u00e9e, le d\u00e9partement de francais et italien et le programme d\u2019\u00e9tudes africaines. Le d\u00e9partement d\u2019Africana, Stony Brook University, Farrar, Strauss et Giroux vont \u00e9galement participer \u00e0 l\u2019\u00e9v\u00e9nement.<\/p>\n<p>6 intervenants r\u00e9partis en 2 panels vont se succ\u00e9der sur l\u2019estrade. Jean Michel Devesa (Universit\u00e9 de Limoges), Peter Vakunta (Defense Language \u2013Institute \u2013 Foreign Language Center, Monterrey, Californie), Bertrand Eric Oka Kouame (Universit\u00e9 d\u2019Abidjan-Cocody, C\u00f4te d\u2019Ivoire), Armelle Touko (Adinkra Editions, Yaound\u00e9), Roger Fopa (Universit\u00e9 du Kwazulu-Natal, Afrique du Sud), Nsah Mala, Aarhus University, Danemark) sont les principaux acteurs de cet hommage. Des \u00e9changes sur la traduction seront anim\u00e9s par Patrice Nganang et Amy Reid du New college of Florida.<\/p>\n<p><strong>Pour plus d&rsquo;informations et d&rsquo;analyses sur la <a href=\"https:\/\/www.africa-press.net\/cameroun\">Cameroun<\/a>, suivez <a href=\"https:\/\/www.africa-press.net\/\">Africa-Press<\/a><\/strong><\/p>\n","protected":false},"excerpt":{"rendered":"<p>Africa-Press &#8211; Cameroun. Patrice Nganang bient\u00f4t honor\u00e9 aux Etats-Unis d\u2019Am\u00e9rique. Un Symposium sur l\u2019\u0153uvre de l\u2019\u00e9crivain d\u2019origine camerounaise va \u00eatre organis\u00e9 le 6 Octobre 2022 \u00e0 l\u2019universit\u00e9 de Princeton, l\u00e0 o\u00f9 l\u2019homme de lettres travaille comme enseignant. L\u2019\u00e9v\u00e9nement va \u00eatre coorganis\u00e9 par le Conseil des Humanit\u00e9s, le Centre des Arts Lewis, le d\u00e9partement d\u2019Etudes Afro-Am\u00e9ricaines, [&hellip;]<\/p>\n","protected":false},"author":82,"featured_media":27517,"comment_status":"open","ping_status":"closed","sticky":false,"template":"","format":"standard","meta":{"footnotes":""},"categories":[11,2,10],"tags":[36,50,49],"class_list":["post-27518","post","type-post","status-publish","format-standard","has-post-thumbnail","hentry","category-homepage-french","category-politique","category-toutes-les-actualites","tag-africa-press","tag-africa-press-cameroun","tag-cameroun"],"yoast_head":"<!-- This site is optimized with the Yoast SEO Premium plugin v26.1 (Yoast SEO v27.0) - https:\/\/yoast.com\/product\/yoast-seo-premium-wordpress\/ -->\n<title>Cameroun\/Etats-Unis \u2013 Hommage : L\u2019universit\u00e9 de Patrice Nganang va l\u2019honorer \u00e0 travers un symposium - Cameroun<\/title>\n<meta name=\"description\" content=\"Patrice Nganang bient\u00f4t honor\u00e9 aux Etats-Unis d\u2019Am\u00e9rique. Un Symposium sur l\u2019\u0153uvre de l\u2019\u00e9crivain d\u2019origine camerounaise ...\" \/>\n<meta name=\"robots\" content=\"index, follow, max-snippet:-1, max-image-preview:large, max-video-preview:-1\" \/>\n<link rel=\"canonical\" href=\"https:\/\/www.africa-press.net\/cameroun\/politique\/cameroun-etats-unis-hommage-luniversite-de-patrice-nganang-va-lhonorer-a-travers-un-symposium\" \/>\n<meta property=\"og:locale\" content=\"fr_FR\" \/>\n<meta property=\"og:type\" content=\"article\" \/>\n<meta property=\"og:title\" content=\"Cameroun\/Etats-Unis \u2013 Hommage : L\u2019universit\u00e9 de Patrice Nganang va l\u2019honorer \u00e0 travers un symposium\" \/>\n<meta property=\"og:description\" content=\"Patrice Nganang bient\u00f4t honor\u00e9 aux Etats-Unis d\u2019Am\u00e9rique. Un Symposium sur l\u2019\u0153uvre de l\u2019\u00e9crivain d\u2019origine camerounaise ...\" \/>\n<meta property=\"og:url\" content=\"https:\/\/www.africa-press.net\/cameroun\/politique\/cameroun-etats-unis-hommage-luniversite-de-patrice-nganang-va-lhonorer-a-travers-un-symposium\" \/>\n<meta property=\"og:site_name\" content=\"Cameroun\" \/>\n<meta property=\"article:published_time\" content=\"2022-09-17T14:11:48+00:00\" \/>\n<meta property=\"article:modified_time\" content=\"2022-09-17T16:22:18+00:00\" \/>\n<meta property=\"og:image\" content=\"https:\/\/static.africa-press.net\/cameroun\/sites\/57\/2022\/09\/img-6325f410bd861.jpg\" \/>\n\t<meta property=\"og:image:width\" content=\"800\" \/>\n\t<meta property=\"og:image:height\" content=\"480\" \/>\n\t<meta property=\"og:image:type\" content=\"image\/jpeg\" \/>\n<meta name=\"author\" content=\"cfeditorfr\" \/>\n<meta name=\"twitter:card\" content=\"summary_large_image\" \/>\n<meta name=\"twitter:label1\" content=\"\u00c9crit par\" \/>\n\t<meta name=\"twitter:data1\" content=\"cfeditorfr\" \/>\n\t<meta name=\"twitter:label2\" content=\"Dur\u00e9e de lecture estim\u00e9e\" \/>\n\t<meta name=\"twitter:data2\" content=\"1 minute\" \/>\n<script type=\"application\/ld+json\" class=\"yoast-schema-graph\">{\"@context\":\"https:\/\/schema.org\",\"@graph\":[{\"@type\":\"Article\",\"@id\":\"https:\/\/www.africa-press.net\/cameroun\/politique\/cameroun-etats-unis-hommage-luniversite-de-patrice-nganang-va-lhonorer-a-travers-un-symposium#article\",\"isPartOf\":{\"@id\":\"https:\/\/www.africa-press.net\/cameroun\/politique\/cameroun-etats-unis-hommage-luniversite-de-patrice-nganang-va-lhonorer-a-travers-un-symposium\"},\"author\":{\"name\":\"cfeditorfr\",\"@id\":\"https:\/\/www.africa-press.net\/cameroun\/#\/schema\/person\/2b1cf3cd81a31e3cd26889ca66d677f1\"},\"headline\":\"Cameroun\/Etats-Unis \u2013 Hommage : L\u2019universit\u00e9 de Patrice Nganang va l\u2019honorer \u00e0 travers un symposium\",\"datePublished\":\"2022-09-17T14:11:48+00:00\",\"dateModified\":\"2022-09-17T16:22:18+00:00\",\"mainEntityOfPage\":{\"@id\":\"https:\/\/www.africa-press.net\/cameroun\/politique\/cameroun-etats-unis-hommage-luniversite-de-patrice-nganang-va-lhonorer-a-travers-un-symposium\"},\"wordCount\":214,\"commentCount\":0,\"image\":{\"@id\":\"https:\/\/www.africa-press.net\/cameroun\/politique\/cameroun-etats-unis-hommage-luniversite-de-patrice-nganang-va-lhonorer-a-travers-un-symposium#primaryimage\"},\"thumbnailUrl\":\"https:\/\/static.africa-press.net\/cameroun\/sites\/57\/2022\/09\/img-6325f410bd861.jpg\",\"keywords\":[\"Africa Press\",\"Africa Press-Cameroun\",\"Cameroun\"],\"articleSection\":[\"homepage-french\",\"Politique\",\"Toutes les actualit\u00e9s\"],\"inLanguage\":\"fr-FR\",\"potentialAction\":[{\"@type\":\"CommentAction\",\"name\":\"Comment\",\"target\":[\"https:\/\/www.africa-press.net\/cameroun\/politique\/cameroun-etats-unis-hommage-luniversite-de-patrice-nganang-va-lhonorer-a-travers-un-symposium#respond\"]}]},{\"@type\":\"WebPage\",\"@id\":\"https:\/\/www.africa-press.net\/cameroun\/politique\/cameroun-etats-unis-hommage-luniversite-de-patrice-nganang-va-lhonorer-a-travers-un-symposium\",\"url\":\"https:\/\/www.africa-press.net\/cameroun\/politique\/cameroun-etats-unis-hommage-luniversite-de-patrice-nganang-va-lhonorer-a-travers-un-symposium\",\"name\":\"Cameroun\/Etats-Unis \u2013 Hommage : L\u2019universit\u00e9 de Patrice Nganang va l\u2019honorer \u00e0 travers un symposium - Cameroun\",\"isPartOf\":{\"@id\":\"https:\/\/www.africa-press.net\/cameroun\/#website\"},\"primaryImageOfPage\":{\"@id\":\"https:\/\/www.africa-press.net\/cameroun\/politique\/cameroun-etats-unis-hommage-luniversite-de-patrice-nganang-va-lhonorer-a-travers-un-symposium#primaryimage\"},\"image\":{\"@id\":\"https:\/\/www.africa-press.net\/cameroun\/politique\/cameroun-etats-unis-hommage-luniversite-de-patrice-nganang-va-lhonorer-a-travers-un-symposium#primaryimage\"},\"thumbnailUrl\":\"https:\/\/static.africa-press.net\/cameroun\/sites\/57\/2022\/09\/img-6325f410bd861.jpg\",\"datePublished\":\"2022-09-17T14:11:48+00:00\",\"dateModified\":\"2022-09-17T16:22:18+00:00\",\"author\":{\"@id\":\"https:\/\/www.africa-press.net\/cameroun\/#\/schema\/person\/2b1cf3cd81a31e3cd26889ca66d677f1\"},\"description\":\"Patrice Nganang bient\u00f4t honor\u00e9 aux Etats-Unis d\u2019Am\u00e9rique. Un Symposium sur l\u2019\u0153uvre de l\u2019\u00e9crivain d\u2019origine camerounaise ...\",\"breadcrumb\":{\"@id\":\"https:\/\/www.africa-press.net\/cameroun\/politique\/cameroun-etats-unis-hommage-luniversite-de-patrice-nganang-va-lhonorer-a-travers-un-symposium#breadcrumb\"},\"inLanguage\":\"fr-FR\",\"potentialAction\":[{\"@type\":\"ReadAction\",\"target\":[\"https:\/\/www.africa-press.net\/cameroun\/politique\/cameroun-etats-unis-hommage-luniversite-de-patrice-nganang-va-lhonorer-a-travers-un-symposium\"]}]},{\"@type\":\"ImageObject\",\"inLanguage\":\"fr-FR\",\"@id\":\"https:\/\/www.africa-press.net\/cameroun\/politique\/cameroun-etats-unis-hommage-luniversite-de-patrice-nganang-va-lhonorer-a-travers-un-symposium#primaryimage\",\"url\":\"https:\/\/static.africa-press.net\/cameroun\/sites\/57\/2022\/09\/img-6325f410bd861.jpg\",\"contentUrl\":\"https:\/\/static.africa-press.net\/cameroun\/sites\/57\/2022\/09\/img-6325f410bd861.jpg\",\"width\":800,\"height\":480,\"caption\":\"Cameroun\/Etats-Unis \u2013 Hommage : L\u2019universit\u00e9 de Patrice Nganang va l\u2019honorer \u00e0 travers un symposium\"},{\"@type\":\"BreadcrumbList\",\"@id\":\"https:\/\/www.africa-press.net\/cameroun\/politique\/cameroun-etats-unis-hommage-luniversite-de-patrice-nganang-va-lhonorer-a-travers-un-symposium#breadcrumb\",\"itemListElement\":[{\"@type\":\"ListItem\",\"position\":1,\"name\":\"Accueil\",\"item\":\"https:\/\/www.africa-press.net\/cameroun\/\"},{\"@type\":\"ListItem\",\"position\":2,\"name\":\"Cameroun\/Etats-Unis \u2013 Hommage : L\u2019universit\u00e9 de Patrice Nganang va l\u2019honorer \u00e0 travers un symposium\"}]},{\"@type\":\"WebSite\",\"@id\":\"https:\/\/www.africa-press.net\/cameroun\/#website\",\"url\":\"https:\/\/www.africa-press.net\/cameroun\/\",\"name\":\"Cameroun\",\"description\":\"Just another Africa News Agency Sites site\",\"potentialAction\":[{\"@type\":\"SearchAction\",\"target\":{\"@type\":\"EntryPoint\",\"urlTemplate\":\"https:\/\/www.africa-press.net\/cameroun\/?s={search_term_string}\"},\"query-input\":{\"@type\":\"PropertyValueSpecification\",\"valueRequired\":true,\"valueName\":\"search_term_string\"}}],\"inLanguage\":\"fr-FR\"},{\"@type\":\"Person\",\"@id\":\"https:\/\/www.africa-press.net\/cameroun\/#\/schema\/person\/2b1cf3cd81a31e3cd26889ca66d677f1\",\"name\":\"cfeditorfr\"}]}<\/script>\n<!-- \/ Yoast SEO Premium plugin. -->","yoast_head_json":{"title":"Cameroun\/Etats-Unis \u2013 Hommage : L\u2019universit\u00e9 de Patrice Nganang va l\u2019honorer \u00e0 travers un symposium - Cameroun","description":"Patrice Nganang bient\u00f4t honor\u00e9 aux Etats-Unis d\u2019Am\u00e9rique. Un Symposium sur l\u2019\u0153uvre de l\u2019\u00e9crivain d\u2019origine camerounaise ...","robots":{"index":"index","follow":"follow","max-snippet":"max-snippet:-1","max-image-preview":"max-image-preview:large","max-video-preview":"max-video-preview:-1"},"canonical":"https:\/\/www.africa-press.net\/cameroun\/politique\/cameroun-etats-unis-hommage-luniversite-de-patrice-nganang-va-lhonorer-a-travers-un-symposium","og_locale":"fr_FR","og_type":"article","og_title":"Cameroun\/Etats-Unis \u2013 Hommage : L\u2019universit\u00e9 de Patrice Nganang va l\u2019honorer \u00e0 travers un symposium","og_description":"Patrice Nganang bient\u00f4t honor\u00e9 aux Etats-Unis d\u2019Am\u00e9rique. Un Symposium sur l\u2019\u0153uvre de l\u2019\u00e9crivain d\u2019origine camerounaise ...","og_url":"https:\/\/www.africa-press.net\/cameroun\/politique\/cameroun-etats-unis-hommage-luniversite-de-patrice-nganang-va-lhonorer-a-travers-un-symposium","og_site_name":"Cameroun","article_published_time":"2022-09-17T14:11:48+00:00","article_modified_time":"2022-09-17T16:22:18+00:00","og_image":[{"width":800,"height":480,"url":"https:\/\/static.africa-press.net\/cameroun\/sites\/57\/2022\/09\/img-6325f410bd861.jpg","type":"image\/jpeg"}],"author":"cfeditorfr","twitter_card":"summary_large_image","twitter_misc":{"\u00c9crit par":"cfeditorfr","Dur\u00e9e de lecture estim\u00e9e":"1 minute"},"schema":{"@context":"https:\/\/schema.org","@graph":[{"@type":"Article","@id":"https:\/\/www.africa-press.net\/cameroun\/politique\/cameroun-etats-unis-hommage-luniversite-de-patrice-nganang-va-lhonorer-a-travers-un-symposium#article","isPartOf":{"@id":"https:\/\/www.africa-press.net\/cameroun\/politique\/cameroun-etats-unis-hommage-luniversite-de-patrice-nganang-va-lhonorer-a-travers-un-symposium"},"author":{"name":"cfeditorfr","@id":"https:\/\/www.africa-press.net\/cameroun\/#\/schema\/person\/2b1cf3cd81a31e3cd26889ca66d677f1"},"headline":"Cameroun\/Etats-Unis \u2013 Hommage : L\u2019universit\u00e9 de Patrice Nganang va l\u2019honorer \u00e0 travers un symposium","datePublished":"2022-09-17T14:11:48+00:00","dateModified":"2022-09-17T16:22:18+00:00","mainEntityOfPage":{"@id":"https:\/\/www.africa-press.net\/cameroun\/politique\/cameroun-etats-unis-hommage-luniversite-de-patrice-nganang-va-lhonorer-a-travers-un-symposium"},"wordCount":214,"commentCount":0,"image":{"@id":"https:\/\/www.africa-press.net\/cameroun\/politique\/cameroun-etats-unis-hommage-luniversite-de-patrice-nganang-va-lhonorer-a-travers-un-symposium#primaryimage"},"thumbnailUrl":"https:\/\/static.africa-press.net\/cameroun\/sites\/57\/2022\/09\/img-6325f410bd861.jpg","keywords":["Africa Press","Africa Press-Cameroun","Cameroun"],"articleSection":["homepage-french","Politique","Toutes les actualit\u00e9s"],"inLanguage":"fr-FR","potentialAction":[{"@type":"CommentAction","name":"Comment","target":["https:\/\/www.africa-press.net\/cameroun\/politique\/cameroun-etats-unis-hommage-luniversite-de-patrice-nganang-va-lhonorer-a-travers-un-symposium#respond"]}]},{"@type":"WebPage","@id":"https:\/\/www.africa-press.net\/cameroun\/politique\/cameroun-etats-unis-hommage-luniversite-de-patrice-nganang-va-lhonorer-a-travers-un-symposium","url":"https:\/\/www.africa-press.net\/cameroun\/politique\/cameroun-etats-unis-hommage-luniversite-de-patrice-nganang-va-lhonorer-a-travers-un-symposium","name":"Cameroun\/Etats-Unis \u2013 Hommage : L\u2019universit\u00e9 de Patrice Nganang va l\u2019honorer \u00e0 travers un symposium - Cameroun","isPartOf":{"@id":"https:\/\/www.africa-press.net\/cameroun\/#website"},"primaryImageOfPage":{"@id":"https:\/\/www.africa-press.net\/cameroun\/politique\/cameroun-etats-unis-hommage-luniversite-de-patrice-nganang-va-lhonorer-a-travers-un-symposium#primaryimage"},"image":{"@id":"https:\/\/www.africa-press.net\/cameroun\/politique\/cameroun-etats-unis-hommage-luniversite-de-patrice-nganang-va-lhonorer-a-travers-un-symposium#primaryimage"},"thumbnailUrl":"https:\/\/static.africa-press.net\/cameroun\/sites\/57\/2022\/09\/img-6325f410bd861.jpg","datePublished":"2022-09-17T14:11:48+00:00","dateModified":"2022-09-17T16:22:18+00:00","author":{"@id":"https:\/\/www.africa-press.net\/cameroun\/#\/schema\/person\/2b1cf3cd81a31e3cd26889ca66d677f1"},"description":"Patrice Nganang bient\u00f4t honor\u00e9 aux Etats-Unis d\u2019Am\u00e9rique. Un Symposium sur l\u2019\u0153uvre de l\u2019\u00e9crivain d\u2019origine camerounaise ...","breadcrumb":{"@id":"https:\/\/www.africa-press.net\/cameroun\/politique\/cameroun-etats-unis-hommage-luniversite-de-patrice-nganang-va-lhonorer-a-travers-un-symposium#breadcrumb"},"inLanguage":"fr-FR","potentialAction":[{"@type":"ReadAction","target":["https:\/\/www.africa-press.net\/cameroun\/politique\/cameroun-etats-unis-hommage-luniversite-de-patrice-nganang-va-lhonorer-a-travers-un-symposium"]}]},{"@type":"ImageObject","inLanguage":"fr-FR","@id":"https:\/\/www.africa-press.net\/cameroun\/politique\/cameroun-etats-unis-hommage-luniversite-de-patrice-nganang-va-lhonorer-a-travers-un-symposium#primaryimage","url":"https:\/\/static.africa-press.net\/cameroun\/sites\/57\/2022\/09\/img-6325f410bd861.jpg","contentUrl":"https:\/\/static.africa-press.net\/cameroun\/sites\/57\/2022\/09\/img-6325f410bd861.jpg","width":800,"height":480,"caption":"Cameroun\/Etats-Unis \u2013 Hommage : L\u2019universit\u00e9 de Patrice Nganang va l\u2019honorer \u00e0 travers un symposium"},{"@type":"BreadcrumbList","@id":"https:\/\/www.africa-press.net\/cameroun\/politique\/cameroun-etats-unis-hommage-luniversite-de-patrice-nganang-va-lhonorer-a-travers-un-symposium#breadcrumb","itemListElement":[{"@type":"ListItem","position":1,"name":"Accueil","item":"https:\/\/www.africa-press.net\/cameroun\/"},{"@type":"ListItem","position":2,"name":"Cameroun\/Etats-Unis \u2013 Hommage : L\u2019universit\u00e9 de Patrice Nganang va l\u2019honorer \u00e0 travers un symposium"}]},{"@type":"WebSite","@id":"https:\/\/www.africa-press.net\/cameroun\/#website","url":"https:\/\/www.africa-press.net\/cameroun\/","name":"Cameroun","description":"Just another Africa News Agency Sites site","potentialAction":[{"@type":"SearchAction","target":{"@type":"EntryPoint","urlTemplate":"https:\/\/www.africa-press.net\/cameroun\/?s={search_term_string}"},"query-input":{"@type":"PropertyValueSpecification","valueRequired":true,"valueName":"search_term_string"}}],"inLanguage":"fr-FR"},{"@type":"Person","@id":"https:\/\/www.africa-press.net\/cameroun\/#\/schema\/person\/2b1cf3cd81a31e3cd26889ca66d677f1","name":"cfeditorfr"}]}},"_links":{"self":[{"href":"https:\/\/www.africa-press.net\/cameroun\/wp-json\/wp\/v2\/posts\/27518","targetHints":{"allow":["GET"]}}],"collection":[{"href":"https:\/\/www.africa-press.net\/cameroun\/wp-json\/wp\/v2\/posts"}],"about":[{"href":"https:\/\/www.africa-press.net\/cameroun\/wp-json\/wp\/v2\/types\/post"}],"author":[{"embeddable":true,"href":"https:\/\/www.africa-press.net\/cameroun\/wp-json\/wp\/v2\/users\/82"}],"replies":[{"embeddable":true,"href":"https:\/\/www.africa-press.net\/cameroun\/wp-json\/wp\/v2\/comments?post=27518"}],"version-history":[{"count":0,"href":"https:\/\/www.africa-press.net\/cameroun\/wp-json\/wp\/v2\/posts\/27518\/revisions"}],"wp:featuredmedia":[{"embeddable":true,"href":"https:\/\/www.africa-press.net\/cameroun\/wp-json\/wp\/v2\/media\/27517"}],"wp:attachment":[{"href":"https:\/\/www.africa-press.net\/cameroun\/wp-json\/wp\/v2\/media?parent=27518"}],"wp:term":[{"taxonomy":"category","embeddable":true,"href":"https:\/\/www.africa-press.net\/cameroun\/wp-json\/wp\/v2\/categories?post=27518"},{"taxonomy":"post_tag","embeddable":true,"href":"https:\/\/www.africa-press.net\/cameroun\/wp-json\/wp\/v2\/tags?post=27518"}],"curies":[{"name":"wp","href":"https:\/\/api.w.org\/{rel}","templated":true}]}}