{"id":27521,"date":"2022-09-17T14:23:39","date_gmt":"2022-09-17T14:23:39","guid":{"rendered":"https:\/\/www.africa-press.net\/cameroun\/politique\/afrique-ces-preoccupations-qui-vont-meubler-les-travaux-de-la-3eme-session-ordinaire-du-comite-de-politique-monetaire-cpm-de-la-banque-des-etats-de-lafrique-centrale-beac-prevus-le-lun"},"modified":"2022-09-17T16:23:00","modified_gmt":"2022-09-17T16:23:00","slug":"afrique-ces-preoccupations-qui-vont-meubler-les-travaux-de-la-3eme-session-ordinaire-du-comite-de-politique-monetaire-cpm-de-la-banque-des-etats-de-lafrique-centrale-beac-prevus-le-lun","status":"publish","type":"post","link":"https:\/\/www.africa-press.net\/cameroun\/economie\/afrique-ces-preoccupations-qui-vont-meubler-les-travaux-de-la-3eme-session-ordinaire-du-comite-de-politique-monetaire-cpm-de-la-banque-des-etats-de-lafrique-centrale-beac-prevus-le-lun","title":{"rendered":"Afrique : Ces pr\u00e9occupations qui vont meubler les travaux de la 3\u00e8me session ordinaire du Comit\u00e9 de politique mon\u00e9taire (CPM) de la Banque des Etats de l\u2019Afrique Centrale (BEAC), pr\u00e9vus le lundi 26 septembre 2022"},"content":{"rendered":"<p><span style=\"color: #ff6600\"><strong>Africa-Press &#8211; Cameroun. <\/strong><\/span>Un peu plus de deux mois apr\u00e8s les travaux de Douala, capitale \u00e9conomique du Cameroun, les responsables du Comit\u00e9 de politique mon\u00e9taire (CPM) de la Banque des Etats de l\u2019Afrique Centrale (BEAC) vont se r\u00e9unir le 26 septembre 2022, pour sa 3\u00e8me session. Plusieurs pr\u00e9occupations pr\u00e9c\u00e8dent d\u00e9j\u00e0 les travaux pr\u00e9vus dans quelques jours.<\/p>\n<p>Dans une interview accord\u00e9e au journal Cameroon Business Today (CBT) parution du mercredi 14 septembre courant, Abbas Mahamat Tolli, gouverneur de la Beac a \u00e9voqu\u00e9 certaines difficult\u00e9s que traversent les pays de la sous-r\u00e9gion, du fait justement de la persistance des pouss\u00e9es inflationnistes.<\/p>\n<p><b>Sur l\u2019acc\u00e9l\u00e9ration inflationniste au Cameroun et dans la CEMAC<\/b><\/p>\n<p>Le Cameroun qui est l\u2019une des \u00e9conomies les plus importantes de la zone de la Communaut\u00e9 \u00e9conomique et mon\u00e9taire de l\u2019Afrique Centrale (CEMAC) conna\u00eet actuellement une acc\u00e9l\u00e9ration de l\u2019inflation \u00e0 3,8% \u00e0 la fin juin 2022, au-dessus du seuil des 3% admis par la norme. Le gouverneur de le BEAC explique qu\u2019en effet, l\u2019inflation mondiale est en hausse du fait de l\u2019augmentation des prix des denr\u00e9es alimentaires et de l\u2019\u00e9nergie.<\/p>\n<p>Les principales sources de l\u2019inflation sont sur le plan externe, la mutation de l\u2019offre c\u00e9r\u00e9ali\u00e8re au niveau mondial dans le sillage du conflit russo-ukrainien et la hausse du co\u00fbt du fret maritime. Abbas Mahamat Tolli explique \u00e9galement que sur le plan interne, les al\u00e9as climatiques perturbent significativement l\u2019offre et inhibant les efforts d\u2019encadrement des prix ainsi que les mesures fiscalo-douani\u00e8res prises par les gouvernements de la sous-r\u00e9gion pour juguler la pression sur les prix.<\/p>\n<p><b>Sur l\u2019option du resserrement de la politique mon\u00e9taire<\/b><\/p>\n<p>\u00ab <b>Lorsque les observateurs que vous \u00e9voquez mettent en cause l\u2019inad\u00e9quation de l\u2019orientation de la politique mon\u00e9taire avec la structure des diff\u00e9rentes \u00e9conomies de la zone, ils raisonnent comme si le choc inflationniste \u00e9tait un choc d\u2019offre, auquel il aurait fallu r\u00e9pondre autrement que la politique mon\u00e9taire<\/b> \u00bb explique le gouverneur de la BEAC.<\/p>\n<p>Ce dernier ajoute qu\u2019il se trouve que le choc inflationniste actuel a ses d\u00e9terminants aussi bien dans des probl\u00e9matiques d\u2019offres (notamment la flamb\u00e9e des prix des produits de base et alimentaire) que celles de demande (ralentissement de la croissance mondiale et risque de r\u00e9cession dans certains pays) qui exigent une r\u00e9ponse appropri\u00e9e de la politique mon\u00e9taire.<\/p>\n<p><b>Sur l\u2019\u00e9tude permettant de mesurer l\u2019impact des d\u00e9cisions de politique mon\u00e9taire sur les citoyens<\/b><\/p>\n<p>Sans ambig\u00fcit\u00e9, Abbas Mahamat Tolli a avou\u00e9 que la BEAC n\u2019a pas encore men\u00e9 d\u2019\u00e9tude d\u2019impact de ses d\u00e9cisions de politique mon\u00e9taire sur le pouvoir d\u2019achat des citoyens de la CEMAC, particuli\u00e8rement dans le contexte actuel de flamb\u00e9e des prix, car cela para\u00eet selon le responsable quelque peu pr\u00e9matur\u00e9. Il indique que la politique mon\u00e9taire \u00e0 elle seule ne pourrait pas contrer le risque inflationniste.<\/p>\n<p><b>Synth\u00e8se de Jean Daniel Obama<\/b><\/p>\n<p><strong>Pour plus d&rsquo;informations et d&rsquo;analyses sur la <a href=\"https:\/\/www.africa-press.net\/cameroun\">Cameroun<\/a>, suivez <a href=\"https:\/\/www.africa-press.net\/\">Africa-Press<\/a><\/strong><\/p>\n","protected":false},"excerpt":{"rendered":"<p>Africa-Press &#8211; Cameroun. Un peu plus de deux mois apr\u00e8s les travaux de Douala, capitale \u00e9conomique du Cameroun, les responsables du Comit\u00e9 de politique mon\u00e9taire (CPM) de la Banque des Etats de l\u2019Afrique Centrale (BEAC) vont se r\u00e9unir le 26 septembre 2022, pour sa 3\u00e8me session. Plusieurs pr\u00e9occupations pr\u00e9c\u00e8dent d\u00e9j\u00e0 les travaux pr\u00e9vus dans quelques [&hellip;]<\/p>\n","protected":false},"author":82,"featured_media":27520,"comment_status":"open","ping_status":"closed","sticky":false,"template":"","format":"standard","meta":{"footnotes":""},"categories":[3,11,10],"tags":[36,50,49],"class_list":["post-27521","post","type-post","status-publish","format-standard","has-post-thumbnail","hentry","category-economie","category-homepage-french","category-toutes-les-actualites","tag-africa-press","tag-africa-press-cameroun","tag-cameroun"],"yoast_head":"<!-- This site is optimized with the Yoast SEO Premium plugin v26.1 (Yoast SEO v27.0) - https:\/\/yoast.com\/product\/yoast-seo-premium-wordpress\/ -->\n<title>Afrique : Ces pr\u00e9occupations qui vont meubler les travaux de la 3\u00e8me session ordinaire du Comit\u00e9 de politique mon\u00e9taire (CPM) de la Banque des Etats de l\u2019Afrique Centrale (BEAC), pr\u00e9vus le lundi 26 septembre 2022 - Cameroun<\/title>\n<meta name=\"description\" content=\"Un peu plus de deux mois apr\u00e8s les travaux de Douala, capitale \u00e9conomique du Cameroun, les responsables du Comit\u00e9 de pol ...\" \/>\n<meta name=\"robots\" content=\"index, follow, max-snippet:-1, max-image-preview:large, max-video-preview:-1\" \/>\n<link rel=\"canonical\" href=\"https:\/\/www.africa-press.net\/cameroun\/economie\/afrique-ces-preoccupations-qui-vont-meubler-les-travaux-de-la-3eme-session-ordinaire-du-comite-de-politique-monetaire-cpm-de-la-banque-des-etats-de-lafrique-centrale-beac-prevus-le-lun\" \/>\n<meta property=\"og:locale\" content=\"fr_FR\" \/>\n<meta property=\"og:type\" content=\"article\" \/>\n<meta property=\"og:title\" content=\"Afrique : Ces pr\u00e9occupations qui vont meubler les travaux de la 3\u00e8me session ordinaire du Comit\u00e9 de politique mon\u00e9taire (CPM) de la Banque des Etats de l\u2019Afrique Centrale (BEAC), pr\u00e9vus le lundi 26 septembre 2022\" \/>\n<meta property=\"og:description\" content=\"Un peu plus de deux mois apr\u00e8s les travaux de Douala, capitale \u00e9conomique du Cameroun, les responsables du Comit\u00e9 de pol ...\" \/>\n<meta property=\"og:url\" content=\"https:\/\/www.africa-press.net\/cameroun\/economie\/afrique-ces-preoccupations-qui-vont-meubler-les-travaux-de-la-3eme-session-ordinaire-du-comite-de-politique-monetaire-cpm-de-la-banque-des-etats-de-lafrique-centrale-beac-prevus-le-lun\" \/>\n<meta property=\"og:site_name\" content=\"Cameroun\" \/>\n<meta property=\"article:published_time\" content=\"2022-09-17T14:23:39+00:00\" \/>\n<meta property=\"article:modified_time\" content=\"2022-09-17T16:23:00+00:00\" \/>\n<meta property=\"og:image\" content=\"https:\/\/static.africa-press.net\/cameroun\/sites\/57\/2022\/09\/img-6325f44972cd8.jpg\" \/>\n\t<meta property=\"og:image:width\" content=\"800\" \/>\n\t<meta property=\"og:image:height\" content=\"600\" \/>\n\t<meta property=\"og:image:type\" content=\"image\/jpeg\" \/>\n<meta name=\"author\" content=\"cfeditorfr\" \/>\n<meta name=\"twitter:card\" content=\"summary_large_image\" \/>\n<meta name=\"twitter:label1\" content=\"\u00c9crit par\" \/>\n\t<meta name=\"twitter:data1\" content=\"cfeditorfr\" \/>\n\t<meta name=\"twitter:label2\" content=\"Dur\u00e9e de lecture estim\u00e9e\" \/>\n\t<meta name=\"twitter:data2\" content=\"3 minutes\" \/>\n<script type=\"application\/ld+json\" class=\"yoast-schema-graph\">{\"@context\":\"https:\/\/schema.org\",\"@graph\":[{\"@type\":\"Article\",\"@id\":\"https:\/\/www.africa-press.net\/cameroun\/economie\/afrique-ces-preoccupations-qui-vont-meubler-les-travaux-de-la-3eme-session-ordinaire-du-comite-de-politique-monetaire-cpm-de-la-banque-des-etats-de-lafrique-centrale-beac-prevus-le-lun#article\",\"isPartOf\":{\"@id\":\"https:\/\/www.africa-press.net\/cameroun\/economie\/afrique-ces-preoccupations-qui-vont-meubler-les-travaux-de-la-3eme-session-ordinaire-du-comite-de-politique-monetaire-cpm-de-la-banque-des-etats-de-lafrique-centrale-beac-prevus-le-lun\"},\"author\":{\"name\":\"cfeditorfr\",\"@id\":\"https:\/\/www.africa-press.net\/cameroun\/#\/schema\/person\/2b1cf3cd81a31e3cd26889ca66d677f1\"},\"headline\":\"Afrique : Ces pr\u00e9occupations qui vont meubler les travaux de la 3\u00e8me session ordinaire du Comit\u00e9 de politique mon\u00e9taire (CPM) de la Banque des Etats de l\u2019Afrique Centrale (BEAC), pr\u00e9vus le lundi 26 septembre 2022\",\"datePublished\":\"2022-09-17T14:23:39+00:00\",\"dateModified\":\"2022-09-17T16:23:00+00:00\",\"mainEntityOfPage\":{\"@id\":\"https:\/\/www.africa-press.net\/cameroun\/economie\/afrique-ces-preoccupations-qui-vont-meubler-les-travaux-de-la-3eme-session-ordinaire-du-comite-de-politique-monetaire-cpm-de-la-banque-des-etats-de-lafrique-centrale-beac-prevus-le-lun\"},\"wordCount\":566,\"commentCount\":0,\"image\":{\"@id\":\"https:\/\/www.africa-press.net\/cameroun\/economie\/afrique-ces-preoccupations-qui-vont-meubler-les-travaux-de-la-3eme-session-ordinaire-du-comite-de-politique-monetaire-cpm-de-la-banque-des-etats-de-lafrique-centrale-beac-prevus-le-lun#primaryimage\"},\"thumbnailUrl\":\"https:\/\/static.africa-press.net\/cameroun\/sites\/57\/2022\/09\/img-6325f44972cd8.jpg\",\"keywords\":[\"Africa Press\",\"Africa Press-Cameroun\",\"Cameroun\"],\"articleSection\":[\"\u00c9conomie\",\"homepage-french\",\"Toutes les actualit\u00e9s\"],\"inLanguage\":\"fr-FR\",\"potentialAction\":[{\"@type\":\"CommentAction\",\"name\":\"Comment\",\"target\":[\"https:\/\/www.africa-press.net\/cameroun\/economie\/afrique-ces-preoccupations-qui-vont-meubler-les-travaux-de-la-3eme-session-ordinaire-du-comite-de-politique-monetaire-cpm-de-la-banque-des-etats-de-lafrique-centrale-beac-prevus-le-lun#respond\"]}]},{\"@type\":\"WebPage\",\"@id\":\"https:\/\/www.africa-press.net\/cameroun\/economie\/afrique-ces-preoccupations-qui-vont-meubler-les-travaux-de-la-3eme-session-ordinaire-du-comite-de-politique-monetaire-cpm-de-la-banque-des-etats-de-lafrique-centrale-beac-prevus-le-lun\",\"url\":\"https:\/\/www.africa-press.net\/cameroun\/economie\/afrique-ces-preoccupations-qui-vont-meubler-les-travaux-de-la-3eme-session-ordinaire-du-comite-de-politique-monetaire-cpm-de-la-banque-des-etats-de-lafrique-centrale-beac-prevus-le-lun\",\"name\":\"Afrique : Ces pr\u00e9occupations qui vont meubler les travaux de la 3\u00e8me session ordinaire du Comit\u00e9 de politique mon\u00e9taire (CPM) de la Banque des Etats de l\u2019Afrique Centrale (BEAC), pr\u00e9vus le lundi 26 septembre 2022 - Cameroun\",\"isPartOf\":{\"@id\":\"https:\/\/www.africa-press.net\/cameroun\/#website\"},\"primaryImageOfPage\":{\"@id\":\"https:\/\/www.africa-press.net\/cameroun\/economie\/afrique-ces-preoccupations-qui-vont-meubler-les-travaux-de-la-3eme-session-ordinaire-du-comite-de-politique-monetaire-cpm-de-la-banque-des-etats-de-lafrique-centrale-beac-prevus-le-lun#primaryimage\"},\"image\":{\"@id\":\"https:\/\/www.africa-press.net\/cameroun\/economie\/afrique-ces-preoccupations-qui-vont-meubler-les-travaux-de-la-3eme-session-ordinaire-du-comite-de-politique-monetaire-cpm-de-la-banque-des-etats-de-lafrique-centrale-beac-prevus-le-lun#primaryimage\"},\"thumbnailUrl\":\"https:\/\/static.africa-press.net\/cameroun\/sites\/57\/2022\/09\/img-6325f44972cd8.jpg\",\"datePublished\":\"2022-09-17T14:23:39+00:00\",\"dateModified\":\"2022-09-17T16:23:00+00:00\",\"author\":{\"@id\":\"https:\/\/www.africa-press.net\/cameroun\/#\/schema\/person\/2b1cf3cd81a31e3cd26889ca66d677f1\"},\"description\":\"Un peu plus de deux mois apr\u00e8s les travaux de Douala, capitale \u00e9conomique du Cameroun, les responsables du Comit\u00e9 de pol ...\",\"breadcrumb\":{\"@id\":\"https:\/\/www.africa-press.net\/cameroun\/economie\/afrique-ces-preoccupations-qui-vont-meubler-les-travaux-de-la-3eme-session-ordinaire-du-comite-de-politique-monetaire-cpm-de-la-banque-des-etats-de-lafrique-centrale-beac-prevus-le-lun#breadcrumb\"},\"inLanguage\":\"fr-FR\",\"potentialAction\":[{\"@type\":\"ReadAction\",\"target\":[\"https:\/\/www.africa-press.net\/cameroun\/economie\/afrique-ces-preoccupations-qui-vont-meubler-les-travaux-de-la-3eme-session-ordinaire-du-comite-de-politique-monetaire-cpm-de-la-banque-des-etats-de-lafrique-centrale-beac-prevus-le-lun\"]}]},{\"@type\":\"ImageObject\",\"inLanguage\":\"fr-FR\",\"@id\":\"https:\/\/www.africa-press.net\/cameroun\/economie\/afrique-ces-preoccupations-qui-vont-meubler-les-travaux-de-la-3eme-session-ordinaire-du-comite-de-politique-monetaire-cpm-de-la-banque-des-etats-de-lafrique-centrale-beac-prevus-le-lun#primaryimage\",\"url\":\"https:\/\/static.africa-press.net\/cameroun\/sites\/57\/2022\/09\/img-6325f44972cd8.jpg\",\"contentUrl\":\"https:\/\/static.africa-press.net\/cameroun\/sites\/57\/2022\/09\/img-6325f44972cd8.jpg\",\"width\":800,\"height\":600,\"caption\":\"Afrique : Ces pr\u00e9occupations qui vont meubler les travaux de la 3\u00e8me session ordinaire du Comit\u00e9 de politique mon\u00e9taire (CPM) de la Banque des Etats de l\u2019Afrique Centrale (BEAC), pr\u00e9vus le lundi 26 septembre 2022\"},{\"@type\":\"BreadcrumbList\",\"@id\":\"https:\/\/www.africa-press.net\/cameroun\/economie\/afrique-ces-preoccupations-qui-vont-meubler-les-travaux-de-la-3eme-session-ordinaire-du-comite-de-politique-monetaire-cpm-de-la-banque-des-etats-de-lafrique-centrale-beac-prevus-le-lun#breadcrumb\",\"itemListElement\":[{\"@type\":\"ListItem\",\"position\":1,\"name\":\"Accueil\",\"item\":\"https:\/\/www.africa-press.net\/cameroun\/\"},{\"@type\":\"ListItem\",\"position\":2,\"name\":\"Afrique : Ces pr\u00e9occupations qui vont meubler les travaux de la 3\u00e8me session ordinaire du Comit\u00e9 de politique mon\u00e9taire (CPM) de la Banque des Etats de l\u2019Afrique Centrale (BEAC), pr\u00e9vus le lundi 26 septembre 2022\"}]},{\"@type\":\"WebSite\",\"@id\":\"https:\/\/www.africa-press.net\/cameroun\/#website\",\"url\":\"https:\/\/www.africa-press.net\/cameroun\/\",\"name\":\"Cameroun\",\"description\":\"Just another Africa News Agency Sites site\",\"potentialAction\":[{\"@type\":\"SearchAction\",\"target\":{\"@type\":\"EntryPoint\",\"urlTemplate\":\"https:\/\/www.africa-press.net\/cameroun\/?s={search_term_string}\"},\"query-input\":{\"@type\":\"PropertyValueSpecification\",\"valueRequired\":true,\"valueName\":\"search_term_string\"}}],\"inLanguage\":\"fr-FR\"},{\"@type\":\"Person\",\"@id\":\"https:\/\/www.africa-press.net\/cameroun\/#\/schema\/person\/2b1cf3cd81a31e3cd26889ca66d677f1\",\"name\":\"cfeditorfr\"}]}<\/script>\n<!-- \/ Yoast SEO Premium plugin. -->","yoast_head_json":{"title":"Afrique : Ces pr\u00e9occupations qui vont meubler les travaux de la 3\u00e8me session ordinaire du Comit\u00e9 de politique mon\u00e9taire (CPM) de la Banque des Etats de l\u2019Afrique Centrale (BEAC), pr\u00e9vus le lundi 26 septembre 2022 - Cameroun","description":"Un peu plus de deux mois apr\u00e8s les travaux de Douala, capitale \u00e9conomique du Cameroun, les responsables du Comit\u00e9 de pol ...","robots":{"index":"index","follow":"follow","max-snippet":"max-snippet:-1","max-image-preview":"max-image-preview:large","max-video-preview":"max-video-preview:-1"},"canonical":"https:\/\/www.africa-press.net\/cameroun\/economie\/afrique-ces-preoccupations-qui-vont-meubler-les-travaux-de-la-3eme-session-ordinaire-du-comite-de-politique-monetaire-cpm-de-la-banque-des-etats-de-lafrique-centrale-beac-prevus-le-lun","og_locale":"fr_FR","og_type":"article","og_title":"Afrique : Ces pr\u00e9occupations qui vont meubler les travaux de la 3\u00e8me session ordinaire du Comit\u00e9 de politique mon\u00e9taire (CPM) de la Banque des Etats de l\u2019Afrique Centrale (BEAC), pr\u00e9vus le lundi 26 septembre 2022","og_description":"Un peu plus de deux mois apr\u00e8s les travaux de Douala, capitale \u00e9conomique du Cameroun, les responsables du Comit\u00e9 de pol ...","og_url":"https:\/\/www.africa-press.net\/cameroun\/economie\/afrique-ces-preoccupations-qui-vont-meubler-les-travaux-de-la-3eme-session-ordinaire-du-comite-de-politique-monetaire-cpm-de-la-banque-des-etats-de-lafrique-centrale-beac-prevus-le-lun","og_site_name":"Cameroun","article_published_time":"2022-09-17T14:23:39+00:00","article_modified_time":"2022-09-17T16:23:00+00:00","og_image":[{"width":800,"height":600,"url":"https:\/\/static.africa-press.net\/cameroun\/sites\/57\/2022\/09\/img-6325f44972cd8.jpg","type":"image\/jpeg"}],"author":"cfeditorfr","twitter_card":"summary_large_image","twitter_misc":{"\u00c9crit par":"cfeditorfr","Dur\u00e9e de lecture estim\u00e9e":"3 minutes"},"schema":{"@context":"https:\/\/schema.org","@graph":[{"@type":"Article","@id":"https:\/\/www.africa-press.net\/cameroun\/economie\/afrique-ces-preoccupations-qui-vont-meubler-les-travaux-de-la-3eme-session-ordinaire-du-comite-de-politique-monetaire-cpm-de-la-banque-des-etats-de-lafrique-centrale-beac-prevus-le-lun#article","isPartOf":{"@id":"https:\/\/www.africa-press.net\/cameroun\/economie\/afrique-ces-preoccupations-qui-vont-meubler-les-travaux-de-la-3eme-session-ordinaire-du-comite-de-politique-monetaire-cpm-de-la-banque-des-etats-de-lafrique-centrale-beac-prevus-le-lun"},"author":{"name":"cfeditorfr","@id":"https:\/\/www.africa-press.net\/cameroun\/#\/schema\/person\/2b1cf3cd81a31e3cd26889ca66d677f1"},"headline":"Afrique : Ces pr\u00e9occupations qui vont meubler les travaux de la 3\u00e8me session ordinaire du Comit\u00e9 de politique mon\u00e9taire (CPM) de la Banque des Etats de l\u2019Afrique Centrale (BEAC), pr\u00e9vus le lundi 26 septembre 2022","datePublished":"2022-09-17T14:23:39+00:00","dateModified":"2022-09-17T16:23:00+00:00","mainEntityOfPage":{"@id":"https:\/\/www.africa-press.net\/cameroun\/economie\/afrique-ces-preoccupations-qui-vont-meubler-les-travaux-de-la-3eme-session-ordinaire-du-comite-de-politique-monetaire-cpm-de-la-banque-des-etats-de-lafrique-centrale-beac-prevus-le-lun"},"wordCount":566,"commentCount":0,"image":{"@id":"https:\/\/www.africa-press.net\/cameroun\/economie\/afrique-ces-preoccupations-qui-vont-meubler-les-travaux-de-la-3eme-session-ordinaire-du-comite-de-politique-monetaire-cpm-de-la-banque-des-etats-de-lafrique-centrale-beac-prevus-le-lun#primaryimage"},"thumbnailUrl":"https:\/\/static.africa-press.net\/cameroun\/sites\/57\/2022\/09\/img-6325f44972cd8.jpg","keywords":["Africa Press","Africa Press-Cameroun","Cameroun"],"articleSection":["\u00c9conomie","homepage-french","Toutes les actualit\u00e9s"],"inLanguage":"fr-FR","potentialAction":[{"@type":"CommentAction","name":"Comment","target":["https:\/\/www.africa-press.net\/cameroun\/economie\/afrique-ces-preoccupations-qui-vont-meubler-les-travaux-de-la-3eme-session-ordinaire-du-comite-de-politique-monetaire-cpm-de-la-banque-des-etats-de-lafrique-centrale-beac-prevus-le-lun#respond"]}]},{"@type":"WebPage","@id":"https:\/\/www.africa-press.net\/cameroun\/economie\/afrique-ces-preoccupations-qui-vont-meubler-les-travaux-de-la-3eme-session-ordinaire-du-comite-de-politique-monetaire-cpm-de-la-banque-des-etats-de-lafrique-centrale-beac-prevus-le-lun","url":"https:\/\/www.africa-press.net\/cameroun\/economie\/afrique-ces-preoccupations-qui-vont-meubler-les-travaux-de-la-3eme-session-ordinaire-du-comite-de-politique-monetaire-cpm-de-la-banque-des-etats-de-lafrique-centrale-beac-prevus-le-lun","name":"Afrique : Ces pr\u00e9occupations qui vont meubler les travaux de la 3\u00e8me session ordinaire du Comit\u00e9 de politique mon\u00e9taire (CPM) de la Banque des Etats de l\u2019Afrique Centrale (BEAC), pr\u00e9vus le lundi 26 septembre 2022 - Cameroun","isPartOf":{"@id":"https:\/\/www.africa-press.net\/cameroun\/#website"},"primaryImageOfPage":{"@id":"https:\/\/www.africa-press.net\/cameroun\/economie\/afrique-ces-preoccupations-qui-vont-meubler-les-travaux-de-la-3eme-session-ordinaire-du-comite-de-politique-monetaire-cpm-de-la-banque-des-etats-de-lafrique-centrale-beac-prevus-le-lun#primaryimage"},"image":{"@id":"https:\/\/www.africa-press.net\/cameroun\/economie\/afrique-ces-preoccupations-qui-vont-meubler-les-travaux-de-la-3eme-session-ordinaire-du-comite-de-politique-monetaire-cpm-de-la-banque-des-etats-de-lafrique-centrale-beac-prevus-le-lun#primaryimage"},"thumbnailUrl":"https:\/\/static.africa-press.net\/cameroun\/sites\/57\/2022\/09\/img-6325f44972cd8.jpg","datePublished":"2022-09-17T14:23:39+00:00","dateModified":"2022-09-17T16:23:00+00:00","author":{"@id":"https:\/\/www.africa-press.net\/cameroun\/#\/schema\/person\/2b1cf3cd81a31e3cd26889ca66d677f1"},"description":"Un peu plus de deux mois apr\u00e8s les travaux de Douala, capitale \u00e9conomique du Cameroun, les responsables du Comit\u00e9 de pol ...","breadcrumb":{"@id":"https:\/\/www.africa-press.net\/cameroun\/economie\/afrique-ces-preoccupations-qui-vont-meubler-les-travaux-de-la-3eme-session-ordinaire-du-comite-de-politique-monetaire-cpm-de-la-banque-des-etats-de-lafrique-centrale-beac-prevus-le-lun#breadcrumb"},"inLanguage":"fr-FR","potentialAction":[{"@type":"ReadAction","target":["https:\/\/www.africa-press.net\/cameroun\/economie\/afrique-ces-preoccupations-qui-vont-meubler-les-travaux-de-la-3eme-session-ordinaire-du-comite-de-politique-monetaire-cpm-de-la-banque-des-etats-de-lafrique-centrale-beac-prevus-le-lun"]}]},{"@type":"ImageObject","inLanguage":"fr-FR","@id":"https:\/\/www.africa-press.net\/cameroun\/economie\/afrique-ces-preoccupations-qui-vont-meubler-les-travaux-de-la-3eme-session-ordinaire-du-comite-de-politique-monetaire-cpm-de-la-banque-des-etats-de-lafrique-centrale-beac-prevus-le-lun#primaryimage","url":"https:\/\/static.africa-press.net\/cameroun\/sites\/57\/2022\/09\/img-6325f44972cd8.jpg","contentUrl":"https:\/\/static.africa-press.net\/cameroun\/sites\/57\/2022\/09\/img-6325f44972cd8.jpg","width":800,"height":600,"caption":"Afrique : Ces pr\u00e9occupations qui vont meubler les travaux de la 3\u00e8me session ordinaire du Comit\u00e9 de politique mon\u00e9taire (CPM) de la Banque des Etats de l\u2019Afrique Centrale (BEAC), pr\u00e9vus le lundi 26 septembre 2022"},{"@type":"BreadcrumbList","@id":"https:\/\/www.africa-press.net\/cameroun\/economie\/afrique-ces-preoccupations-qui-vont-meubler-les-travaux-de-la-3eme-session-ordinaire-du-comite-de-politique-monetaire-cpm-de-la-banque-des-etats-de-lafrique-centrale-beac-prevus-le-lun#breadcrumb","itemListElement":[{"@type":"ListItem","position":1,"name":"Accueil","item":"https:\/\/www.africa-press.net\/cameroun\/"},{"@type":"ListItem","position":2,"name":"Afrique : Ces pr\u00e9occupations qui vont meubler les travaux de la 3\u00e8me session ordinaire du Comit\u00e9 de politique mon\u00e9taire (CPM) de la Banque des Etats de l\u2019Afrique Centrale (BEAC), pr\u00e9vus le lundi 26 septembre 2022"}]},{"@type":"WebSite","@id":"https:\/\/www.africa-press.net\/cameroun\/#website","url":"https:\/\/www.africa-press.net\/cameroun\/","name":"Cameroun","description":"Just another Africa News Agency Sites site","potentialAction":[{"@type":"SearchAction","target":{"@type":"EntryPoint","urlTemplate":"https:\/\/www.africa-press.net\/cameroun\/?s={search_term_string}"},"query-input":{"@type":"PropertyValueSpecification","valueRequired":true,"valueName":"search_term_string"}}],"inLanguage":"fr-FR"},{"@type":"Person","@id":"https:\/\/www.africa-press.net\/cameroun\/#\/schema\/person\/2b1cf3cd81a31e3cd26889ca66d677f1","name":"cfeditorfr"}]}},"_links":{"self":[{"href":"https:\/\/www.africa-press.net\/cameroun\/wp-json\/wp\/v2\/posts\/27521","targetHints":{"allow":["GET"]}}],"collection":[{"href":"https:\/\/www.africa-press.net\/cameroun\/wp-json\/wp\/v2\/posts"}],"about":[{"href":"https:\/\/www.africa-press.net\/cameroun\/wp-json\/wp\/v2\/types\/post"}],"author":[{"embeddable":true,"href":"https:\/\/www.africa-press.net\/cameroun\/wp-json\/wp\/v2\/users\/82"}],"replies":[{"embeddable":true,"href":"https:\/\/www.africa-press.net\/cameroun\/wp-json\/wp\/v2\/comments?post=27521"}],"version-history":[{"count":0,"href":"https:\/\/www.africa-press.net\/cameroun\/wp-json\/wp\/v2\/posts\/27521\/revisions"}],"wp:featuredmedia":[{"embeddable":true,"href":"https:\/\/www.africa-press.net\/cameroun\/wp-json\/wp\/v2\/media\/27520"}],"wp:attachment":[{"href":"https:\/\/www.africa-press.net\/cameroun\/wp-json\/wp\/v2\/media?parent=27521"}],"wp:term":[{"taxonomy":"category","embeddable":true,"href":"https:\/\/www.africa-press.net\/cameroun\/wp-json\/wp\/v2\/categories?post=27521"},{"taxonomy":"post_tag","embeddable":true,"href":"https:\/\/www.africa-press.net\/cameroun\/wp-json\/wp\/v2\/tags?post=27521"}],"curies":[{"name":"wp","href":"https:\/\/api.w.org\/{rel}","templated":true}]}}