{"id":27524,"date":"2022-09-17T14:30:11","date_gmt":"2022-09-17T14:30:11","guid":{"rendered":"https:\/\/www.africa-press.net\/cameroun\/politique\/cameroun-la-snd30-met-en-priorite-les-industries-locales"},"modified":"2022-09-17T16:23:33","modified_gmt":"2022-09-17T16:23:33","slug":"cameroun-la-snd30-met-en-priorite-les-industries-locales","status":"publish","type":"post","link":"https:\/\/www.africa-press.net\/cameroun\/economie\/cameroun-la-snd30-met-en-priorite-les-industries-locales","title":{"rendered":"Cameroun\u00a0: la SND30 met en priorit\u00e9 les industries locales"},"content":{"rendered":"<p><span style=\"color: #ff6600\"><strong>Africa-Press &#8211; Cameroun. <\/strong><\/span>La revue de ce secteur a eu lieu ce 14 septembre 2022 \u00e0 Yaound\u00e9, sous la pr\u00e9sidence du Ministre de l\u2019Economie, de la Planification et de l\u2019Am\u00e9nagement du Territoire, Alamine Ousmane Mey.<\/p>\n<p>Faire une premi\u00e8re \u00e9valuation de la mise en \u0153uvre de la Strat\u00e9gie nationale de d\u00e9veloppement 2020-2030 (SND30) dans le secteur des industries et services, afin de formuler des recommandations pertinentes. C\u2019\u00e9tait l\u2019objet de l\u2019assise de Yaound\u00e9 le 14 dernier.<\/p>\n<p>\u00ab <b>Plus que par le pass\u00e9, il est aujourd\u2019hui urgent d\u2019accorder une grande priorit\u00e9 \u00e0 la transformation des mati\u00e8res premi\u00e8res locales, afin de gagner en valeur ajout\u00e9e et de r\u00e9duire les importations de biens et services, tout en augmentant l\u2019offre d\u2019exportation<\/b> \u00bb, a estim\u00e9 le Minepat.<\/p>\n<p>De source officielle, la contribution actuelle des industries manufactur\u00e9es et des services dans le PIB est de moins de 14%, alors que la SND30 pr\u00e9voit un objectif de 17% en 2030. Il faut agir, pour r\u00e9sorber progressivement le gap.<\/p>\n<p>C\u2019est donc dans cette dynamique que s\u2019inscrivent les travaux de la revue de la mise en \u0153uvre de la SND30 dans le secteur des industries et services, enjeu majeur de la SND30. Il couvre les domaines des Mines, de l\u2019Industrie et du D\u00e9veloppement Technologique, des Petites et Moyennes entreprises et de l\u2019Artisanat, du Tourisme et du Commerce.<\/p>\n<p>Selon le Ministre de l\u2019Economie, Alamine Ousmane Mey, la SND30 a fait de l\u2019acc\u00e9l\u00e9ration de l\u2019industrialisation, l\u2019objectif principal vers lequel les efforts doivent converger pour la marche de notre pays vers son \u00e9mergence.<\/p>\n<p>Notamment \u00e0 travers la densification de la production industrielle et des exportations manufacturi\u00e8res ; la substitution des importations ; et une meilleure insertion du pays dans les \u00e9changes internationaux gr\u00e2ce au rattrapage technologique, et un rel\u00e8vement de la comp\u00e9titivit\u00e9 interne et externe.<\/p>\n<p><strong>Pour plus d&rsquo;informations et d&rsquo;analyses sur la <a href=\"https:\/\/www.africa-press.net\/cameroun\">Cameroun<\/a>, suivez <a href=\"https:\/\/www.africa-press.net\/\">Africa-Press<\/a><\/strong><\/p>\n","protected":false},"excerpt":{"rendered":"<p>Africa-Press &#8211; Cameroun. La revue de ce secteur a eu lieu ce 14 septembre 2022 \u00e0 Yaound\u00e9, sous la pr\u00e9sidence du Ministre de l\u2019Economie, de la Planification et de l\u2019Am\u00e9nagement du Territoire, Alamine Ousmane Mey. Faire une premi\u00e8re \u00e9valuation de la mise en \u0153uvre de la Strat\u00e9gie nationale de d\u00e9veloppement 2020-2030 (SND30) dans le secteur [&hellip;]<\/p>\n","protected":false},"author":82,"featured_media":27523,"comment_status":"open","ping_status":"closed","sticky":false,"template":"","format":"standard","meta":{"footnotes":""},"categories":[3,11,10],"tags":[36,50,49],"class_list":["post-27524","post","type-post","status-publish","format-standard","has-post-thumbnail","hentry","category-economie","category-homepage-french","category-toutes-les-actualites","tag-africa-press","tag-africa-press-cameroun","tag-cameroun"],"yoast_head":"<!-- This site is optimized with the Yoast SEO Premium plugin v26.1 (Yoast SEO v27.0) - https:\/\/yoast.com\/product\/yoast-seo-premium-wordpress\/ -->\n<title>Cameroun\u00a0: la SND30 met en priorit\u00e9 les industries locales - Cameroun<\/title>\n<meta name=\"description\" content=\"La revue de ce secteur a eu lieu ce 14 septembre 2022 \u00e0 Yaound\u00e9, sous la pr\u00e9sidence du Ministre de l\u2019Economie, de la Pla ...\" \/>\n<meta name=\"robots\" content=\"index, follow, max-snippet:-1, max-image-preview:large, max-video-preview:-1\" \/>\n<link rel=\"canonical\" href=\"https:\/\/www.africa-press.net\/cameroun\/economie\/cameroun-la-snd30-met-en-priorite-les-industries-locales\" \/>\n<meta property=\"og:locale\" content=\"fr_FR\" \/>\n<meta property=\"og:type\" content=\"article\" \/>\n<meta property=\"og:title\" content=\"Cameroun\u00a0: la SND30 met en priorit\u00e9 les industries locales\" \/>\n<meta property=\"og:description\" content=\"La revue de ce secteur a eu lieu ce 14 septembre 2022 \u00e0 Yaound\u00e9, sous la pr\u00e9sidence du Ministre de l\u2019Economie, de la Pla ...\" \/>\n<meta property=\"og:url\" content=\"https:\/\/www.africa-press.net\/cameroun\/economie\/cameroun-la-snd30-met-en-priorite-les-industries-locales\" \/>\n<meta property=\"og:site_name\" content=\"Cameroun\" \/>\n<meta property=\"article:published_time\" content=\"2022-09-17T14:30:11+00:00\" \/>\n<meta property=\"article:modified_time\" content=\"2022-09-17T16:23:33+00:00\" \/>\n<meta property=\"og:image\" content=\"https:\/\/static.africa-press.net\/cameroun\/sites\/57\/2022\/09\/img-6325f46adc61b.jpg\" \/>\n\t<meta property=\"og:image:width\" content=\"720\" \/>\n\t<meta property=\"og:image:height\" content=\"401\" \/>\n\t<meta property=\"og:image:type\" content=\"image\/jpeg\" \/>\n<meta name=\"author\" content=\"cfeditorfr\" \/>\n<meta name=\"twitter:card\" content=\"summary_large_image\" \/>\n<meta name=\"twitter:label1\" content=\"\u00c9crit par\" \/>\n\t<meta name=\"twitter:data1\" content=\"cfeditorfr\" \/>\n\t<meta name=\"twitter:label2\" content=\"Dur\u00e9e de lecture estim\u00e9e\" \/>\n\t<meta name=\"twitter:data2\" content=\"2 minutes\" \/>\n<script type=\"application\/ld+json\" class=\"yoast-schema-graph\">{\"@context\":\"https:\/\/schema.org\",\"@graph\":[{\"@type\":\"Article\",\"@id\":\"https:\/\/www.africa-press.net\/cameroun\/economie\/cameroun-la-snd30-met-en-priorite-les-industries-locales#article\",\"isPartOf\":{\"@id\":\"https:\/\/www.africa-press.net\/cameroun\/economie\/cameroun-la-snd30-met-en-priorite-les-industries-locales\"},\"author\":{\"name\":\"cfeditorfr\",\"@id\":\"https:\/\/www.africa-press.net\/cameroun\/#\/schema\/person\/2b1cf3cd81a31e3cd26889ca66d677f1\"},\"headline\":\"Cameroun\u00a0: la SND30 met en priorit\u00e9 les industries locales\",\"datePublished\":\"2022-09-17T14:30:11+00:00\",\"dateModified\":\"2022-09-17T16:23:33+00:00\",\"mainEntityOfPage\":{\"@id\":\"https:\/\/www.africa-press.net\/cameroun\/economie\/cameroun-la-snd30-met-en-priorite-les-industries-locales\"},\"wordCount\":335,\"commentCount\":0,\"image\":{\"@id\":\"https:\/\/www.africa-press.net\/cameroun\/economie\/cameroun-la-snd30-met-en-priorite-les-industries-locales#primaryimage\"},\"thumbnailUrl\":\"https:\/\/static.africa-press.net\/cameroun\/sites\/57\/2022\/09\/img-6325f46adc61b.jpg\",\"keywords\":[\"Africa Press\",\"Africa Press-Cameroun\",\"Cameroun\"],\"articleSection\":[\"\u00c9conomie\",\"homepage-french\",\"Toutes les actualit\u00e9s\"],\"inLanguage\":\"fr-FR\",\"potentialAction\":[{\"@type\":\"CommentAction\",\"name\":\"Comment\",\"target\":[\"https:\/\/www.africa-press.net\/cameroun\/economie\/cameroun-la-snd30-met-en-priorite-les-industries-locales#respond\"]}]},{\"@type\":\"WebPage\",\"@id\":\"https:\/\/www.africa-press.net\/cameroun\/economie\/cameroun-la-snd30-met-en-priorite-les-industries-locales\",\"url\":\"https:\/\/www.africa-press.net\/cameroun\/economie\/cameroun-la-snd30-met-en-priorite-les-industries-locales\",\"name\":\"Cameroun\u00a0: la SND30 met en priorit\u00e9 les industries locales - Cameroun\",\"isPartOf\":{\"@id\":\"https:\/\/www.africa-press.net\/cameroun\/#website\"},\"primaryImageOfPage\":{\"@id\":\"https:\/\/www.africa-press.net\/cameroun\/economie\/cameroun-la-snd30-met-en-priorite-les-industries-locales#primaryimage\"},\"image\":{\"@id\":\"https:\/\/www.africa-press.net\/cameroun\/economie\/cameroun-la-snd30-met-en-priorite-les-industries-locales#primaryimage\"},\"thumbnailUrl\":\"https:\/\/static.africa-press.net\/cameroun\/sites\/57\/2022\/09\/img-6325f46adc61b.jpg\",\"datePublished\":\"2022-09-17T14:30:11+00:00\",\"dateModified\":\"2022-09-17T16:23:33+00:00\",\"author\":{\"@id\":\"https:\/\/www.africa-press.net\/cameroun\/#\/schema\/person\/2b1cf3cd81a31e3cd26889ca66d677f1\"},\"description\":\"La revue de ce secteur a eu lieu ce 14 septembre 2022 \u00e0 Yaound\u00e9, sous la pr\u00e9sidence du Ministre de l\u2019Economie, de la Pla ...\",\"breadcrumb\":{\"@id\":\"https:\/\/www.africa-press.net\/cameroun\/economie\/cameroun-la-snd30-met-en-priorite-les-industries-locales#breadcrumb\"},\"inLanguage\":\"fr-FR\",\"potentialAction\":[{\"@type\":\"ReadAction\",\"target\":[\"https:\/\/www.africa-press.net\/cameroun\/economie\/cameroun-la-snd30-met-en-priorite-les-industries-locales\"]}]},{\"@type\":\"ImageObject\",\"inLanguage\":\"fr-FR\",\"@id\":\"https:\/\/www.africa-press.net\/cameroun\/economie\/cameroun-la-snd30-met-en-priorite-les-industries-locales#primaryimage\",\"url\":\"https:\/\/static.africa-press.net\/cameroun\/sites\/57\/2022\/09\/img-6325f46adc61b.jpg\",\"contentUrl\":\"https:\/\/static.africa-press.net\/cameroun\/sites\/57\/2022\/09\/img-6325f46adc61b.jpg\",\"width\":720,\"height\":401,\"caption\":\"Cameroun\u00a0: la SND30 met en priorit\u00e9 les industries locales\"},{\"@type\":\"BreadcrumbList\",\"@id\":\"https:\/\/www.africa-press.net\/cameroun\/economie\/cameroun-la-snd30-met-en-priorite-les-industries-locales#breadcrumb\",\"itemListElement\":[{\"@type\":\"ListItem\",\"position\":1,\"name\":\"Accueil\",\"item\":\"https:\/\/www.africa-press.net\/cameroun\/\"},{\"@type\":\"ListItem\",\"position\":2,\"name\":\"Cameroun\u00a0: la SND30 met en priorit\u00e9 les industries locales\"}]},{\"@type\":\"WebSite\",\"@id\":\"https:\/\/www.africa-press.net\/cameroun\/#website\",\"url\":\"https:\/\/www.africa-press.net\/cameroun\/\",\"name\":\"Cameroun\",\"description\":\"Just another Africa News Agency Sites site\",\"potentialAction\":[{\"@type\":\"SearchAction\",\"target\":{\"@type\":\"EntryPoint\",\"urlTemplate\":\"https:\/\/www.africa-press.net\/cameroun\/?s={search_term_string}\"},\"query-input\":{\"@type\":\"PropertyValueSpecification\",\"valueRequired\":true,\"valueName\":\"search_term_string\"}}],\"inLanguage\":\"fr-FR\"},{\"@type\":\"Person\",\"@id\":\"https:\/\/www.africa-press.net\/cameroun\/#\/schema\/person\/2b1cf3cd81a31e3cd26889ca66d677f1\",\"name\":\"cfeditorfr\"}]}<\/script>\n<!-- \/ Yoast SEO Premium plugin. -->","yoast_head_json":{"title":"Cameroun\u00a0: la SND30 met en priorit\u00e9 les industries locales - Cameroun","description":"La revue de ce secteur a eu lieu ce 14 septembre 2022 \u00e0 Yaound\u00e9, sous la pr\u00e9sidence du Ministre de l\u2019Economie, de la Pla ...","robots":{"index":"index","follow":"follow","max-snippet":"max-snippet:-1","max-image-preview":"max-image-preview:large","max-video-preview":"max-video-preview:-1"},"canonical":"https:\/\/www.africa-press.net\/cameroun\/economie\/cameroun-la-snd30-met-en-priorite-les-industries-locales","og_locale":"fr_FR","og_type":"article","og_title":"Cameroun\u00a0: la SND30 met en priorit\u00e9 les industries locales","og_description":"La revue de ce secteur a eu lieu ce 14 septembre 2022 \u00e0 Yaound\u00e9, sous la pr\u00e9sidence du Ministre de l\u2019Economie, de la Pla ...","og_url":"https:\/\/www.africa-press.net\/cameroun\/economie\/cameroun-la-snd30-met-en-priorite-les-industries-locales","og_site_name":"Cameroun","article_published_time":"2022-09-17T14:30:11+00:00","article_modified_time":"2022-09-17T16:23:33+00:00","og_image":[{"width":720,"height":401,"url":"https:\/\/static.africa-press.net\/cameroun\/sites\/57\/2022\/09\/img-6325f46adc61b.jpg","type":"image\/jpeg"}],"author":"cfeditorfr","twitter_card":"summary_large_image","twitter_misc":{"\u00c9crit par":"cfeditorfr","Dur\u00e9e de lecture estim\u00e9e":"2 minutes"},"schema":{"@context":"https:\/\/schema.org","@graph":[{"@type":"Article","@id":"https:\/\/www.africa-press.net\/cameroun\/economie\/cameroun-la-snd30-met-en-priorite-les-industries-locales#article","isPartOf":{"@id":"https:\/\/www.africa-press.net\/cameroun\/economie\/cameroun-la-snd30-met-en-priorite-les-industries-locales"},"author":{"name":"cfeditorfr","@id":"https:\/\/www.africa-press.net\/cameroun\/#\/schema\/person\/2b1cf3cd81a31e3cd26889ca66d677f1"},"headline":"Cameroun\u00a0: la SND30 met en priorit\u00e9 les industries locales","datePublished":"2022-09-17T14:30:11+00:00","dateModified":"2022-09-17T16:23:33+00:00","mainEntityOfPage":{"@id":"https:\/\/www.africa-press.net\/cameroun\/economie\/cameroun-la-snd30-met-en-priorite-les-industries-locales"},"wordCount":335,"commentCount":0,"image":{"@id":"https:\/\/www.africa-press.net\/cameroun\/economie\/cameroun-la-snd30-met-en-priorite-les-industries-locales#primaryimage"},"thumbnailUrl":"https:\/\/static.africa-press.net\/cameroun\/sites\/57\/2022\/09\/img-6325f46adc61b.jpg","keywords":["Africa Press","Africa Press-Cameroun","Cameroun"],"articleSection":["\u00c9conomie","homepage-french","Toutes les actualit\u00e9s"],"inLanguage":"fr-FR","potentialAction":[{"@type":"CommentAction","name":"Comment","target":["https:\/\/www.africa-press.net\/cameroun\/economie\/cameroun-la-snd30-met-en-priorite-les-industries-locales#respond"]}]},{"@type":"WebPage","@id":"https:\/\/www.africa-press.net\/cameroun\/economie\/cameroun-la-snd30-met-en-priorite-les-industries-locales","url":"https:\/\/www.africa-press.net\/cameroun\/economie\/cameroun-la-snd30-met-en-priorite-les-industries-locales","name":"Cameroun\u00a0: la SND30 met en priorit\u00e9 les industries locales - Cameroun","isPartOf":{"@id":"https:\/\/www.africa-press.net\/cameroun\/#website"},"primaryImageOfPage":{"@id":"https:\/\/www.africa-press.net\/cameroun\/economie\/cameroun-la-snd30-met-en-priorite-les-industries-locales#primaryimage"},"image":{"@id":"https:\/\/www.africa-press.net\/cameroun\/economie\/cameroun-la-snd30-met-en-priorite-les-industries-locales#primaryimage"},"thumbnailUrl":"https:\/\/static.africa-press.net\/cameroun\/sites\/57\/2022\/09\/img-6325f46adc61b.jpg","datePublished":"2022-09-17T14:30:11+00:00","dateModified":"2022-09-17T16:23:33+00:00","author":{"@id":"https:\/\/www.africa-press.net\/cameroun\/#\/schema\/person\/2b1cf3cd81a31e3cd26889ca66d677f1"},"description":"La revue de ce secteur a eu lieu ce 14 septembre 2022 \u00e0 Yaound\u00e9, sous la pr\u00e9sidence du Ministre de l\u2019Economie, de la Pla ...","breadcrumb":{"@id":"https:\/\/www.africa-press.net\/cameroun\/economie\/cameroun-la-snd30-met-en-priorite-les-industries-locales#breadcrumb"},"inLanguage":"fr-FR","potentialAction":[{"@type":"ReadAction","target":["https:\/\/www.africa-press.net\/cameroun\/economie\/cameroun-la-snd30-met-en-priorite-les-industries-locales"]}]},{"@type":"ImageObject","inLanguage":"fr-FR","@id":"https:\/\/www.africa-press.net\/cameroun\/economie\/cameroun-la-snd30-met-en-priorite-les-industries-locales#primaryimage","url":"https:\/\/static.africa-press.net\/cameroun\/sites\/57\/2022\/09\/img-6325f46adc61b.jpg","contentUrl":"https:\/\/static.africa-press.net\/cameroun\/sites\/57\/2022\/09\/img-6325f46adc61b.jpg","width":720,"height":401,"caption":"Cameroun\u00a0: la SND30 met en priorit\u00e9 les industries locales"},{"@type":"BreadcrumbList","@id":"https:\/\/www.africa-press.net\/cameroun\/economie\/cameroun-la-snd30-met-en-priorite-les-industries-locales#breadcrumb","itemListElement":[{"@type":"ListItem","position":1,"name":"Accueil","item":"https:\/\/www.africa-press.net\/cameroun\/"},{"@type":"ListItem","position":2,"name":"Cameroun\u00a0: la SND30 met en priorit\u00e9 les industries locales"}]},{"@type":"WebSite","@id":"https:\/\/www.africa-press.net\/cameroun\/#website","url":"https:\/\/www.africa-press.net\/cameroun\/","name":"Cameroun","description":"Just another Africa News Agency Sites site","potentialAction":[{"@type":"SearchAction","target":{"@type":"EntryPoint","urlTemplate":"https:\/\/www.africa-press.net\/cameroun\/?s={search_term_string}"},"query-input":{"@type":"PropertyValueSpecification","valueRequired":true,"valueName":"search_term_string"}}],"inLanguage":"fr-FR"},{"@type":"Person","@id":"https:\/\/www.africa-press.net\/cameroun\/#\/schema\/person\/2b1cf3cd81a31e3cd26889ca66d677f1","name":"cfeditorfr"}]}},"_links":{"self":[{"href":"https:\/\/www.africa-press.net\/cameroun\/wp-json\/wp\/v2\/posts\/27524","targetHints":{"allow":["GET"]}}],"collection":[{"href":"https:\/\/www.africa-press.net\/cameroun\/wp-json\/wp\/v2\/posts"}],"about":[{"href":"https:\/\/www.africa-press.net\/cameroun\/wp-json\/wp\/v2\/types\/post"}],"author":[{"embeddable":true,"href":"https:\/\/www.africa-press.net\/cameroun\/wp-json\/wp\/v2\/users\/82"}],"replies":[{"embeddable":true,"href":"https:\/\/www.africa-press.net\/cameroun\/wp-json\/wp\/v2\/comments?post=27524"}],"version-history":[{"count":0,"href":"https:\/\/www.africa-press.net\/cameroun\/wp-json\/wp\/v2\/posts\/27524\/revisions"}],"wp:featuredmedia":[{"embeddable":true,"href":"https:\/\/www.africa-press.net\/cameroun\/wp-json\/wp\/v2\/media\/27523"}],"wp:attachment":[{"href":"https:\/\/www.africa-press.net\/cameroun\/wp-json\/wp\/v2\/media?parent=27524"}],"wp:term":[{"taxonomy":"category","embeddable":true,"href":"https:\/\/www.africa-press.net\/cameroun\/wp-json\/wp\/v2\/categories?post=27524"},{"taxonomy":"post_tag","embeddable":true,"href":"https:\/\/www.africa-press.net\/cameroun\/wp-json\/wp\/v2\/tags?post=27524"}],"curies":[{"name":"wp","href":"https:\/\/api.w.org\/{rel}","templated":true}]}}