{"id":27527,"date":"2022-09-17T14:35:50","date_gmt":"2022-09-17T14:35:50","guid":{"rendered":"https:\/\/www.africa-press.net\/cameroun\/politique\/cameroun-jfn-center-sappuie-sur-le-feicom-pour-conquerir-les-collectivites"},"modified":"2022-09-17T16:24:24","modified_gmt":"2022-09-17T16:24:24","slug":"cameroun-jfn-center-sappuie-sur-le-feicom-pour-conquerir-les-collectivites","status":"publish","type":"post","link":"https:\/\/www.africa-press.net\/cameroun\/economie\/cameroun-jfn-center-sappuie-sur-le-feicom-pour-conquerir-les-collectivites","title":{"rendered":"Cameroun\u00a0: JFN Center s\u2019appuie sur le Feicom pour conqu\u00e9rir les collectivit\u00e9s"},"content":{"rendered":"<p><span style=\"color: #ff6600\"><strong>Africa-Press &#8211; Cameroun. <\/strong><\/span>Une signature de convention a eu lieu ce 16 septembre 2022 \u00e0 Yaound\u00e9 entre le Fonds Sp\u00e9cial d\u2019Equipement et d\u2019Intervention Intercommunal et JFN group.<\/p>\n<p>JFN Group et le Feicom sont en affaires. Les deux entit\u00e9s se sont entendues ce 16 septembre \u00e0 Yaound\u00e9.\u00ab <b>La convention de partenariat que nous signons ce jour est le couronnement d\u2019une <\/b><b>collaboration entre nos deux structures qui a fait du chemin et qui a produit des r\u00e9sultats <\/b><b>\u00e9loquents. Aussi, hormis le Learning Expedition que j\u2019ai d\u00e9j\u00e0 \u00e9voqu\u00e9, l\u2019on peut citer <\/b><b>le projet Inform\u2019All City financ\u00e9 par le Pricnac et que nous avons gagn\u00e9 au terme <\/b><b>d\u2019un appel d\u2019offres \u00e9prouvant<\/b> \u00bb, a indiqu\u00e9 Alphonse Nafack Pr\u00e9sident du Groupe.<\/p>\n<p><b>Les centres d\u2019int\u00e9r\u00eat de cette convention<\/b><\/p>\n<p>Les deux parties ont pour ambition de mener ensemble des projets structurants. Au rang de ces projets, il y a la cr\u00e9ation d\u2019in incubateur r\u00e9gional dans chaque chef-lieu de R\u00e9gion du Cameroun. \u00ab <b>En partenariat avec la fondation E4Impact, nous sommes en mesure <\/b><b>de transposer au Cameroun le mod\u00e8le kenyan du d\u00e9veloppement local bas\u00e9 sur <\/b><b>un r\u00e9seau national d\u2019incubateurs performants capables d\u2019accompagner la<\/b><b>cr\u00e9ation d\u2019entreprise locales \u00e0 fort impact<\/b> \u00bb, a d\u00e9clar\u00e9 Alphonse Nafack.<\/p>\n<p>Aussi, la formation des personnels des mairies et communes du Cameroun aux technologies Cloud et aux m\u00e9tiers du futur : notre partenariat avec Google Cloud est une formidable opportunit\u00e9 pour la mise en \u0153uvre r\u00e9ussie d\u2019un tel projet.<\/p>\n<p>Par ailleurs, la transformation digitale du Feicom dans la perspective d\u2019am\u00e9liorer la productivit\u00e9 du personnel et la performance globale de l\u2019entreprise. Le renforcement des capacit\u00e9s du personnel du Feicom dans le domaine de l\u2019innovation appliqu\u00e9e et du leadership transformationnel ainsi que dans celui du management agile : en partenariat avec BEM, CentraleSup\u00e9lec, l\u2019ENA de Paris, l\u2019ESSEC de Paris, nous donnons l\u2019opportunit\u00e9 aux cadres dirigeants du Feicom de booster leur cr\u00e9ativit\u00e9 et leur intelligence \u00e0 travers des parcours de formation qui s\u2019appuient sur une mobilit\u00e9 internationale.<\/p>\n<p>Sans oublier, la mise en \u0153uvre par le FEICOM d\u2019une dynamique RSE au profit des personnels admis \u00e0 valoir leurs droits \u00e0 la retraite : en partenariat avec E4Impact, nous donnons l\u2019opportunit\u00e9 \u00e0 cette population de se reconvertir en entrepreneurs, de cr\u00e9er des entreprises \u00e0 fort impact et partant de continuer \u00e0 apporter leur contribution \u00e0 l\u2019\u00e9difice du chantier de l\u2019\u00e9mergence du Cameroun<\/p>\n<p>Cette convention est sign\u00e9e seulement 2 jours apr\u00e8s que certains membres du gouvernement (Ministre des Petites et Moyennes Entreprises, de l\u2019Economie Sociale et de l\u2019Artisanat et le Ministre de l\u2019Emploi et de la Formation Professionnelle) aient pr\u00e9sid\u00e9 l\u2019inauguration de l\u2019immeuble si\u00e8ge de la repr\u00e9sentation r\u00e9gionale pour le Centre, le Sud, l\u2019Est, le Nord, l\u2019Extr\u00eame-nord et l\u2019Adamaoua de JFN CENTER install\u00e9 \u00e0 Yaound\u00e9.<\/p>\n<p>A la m\u00eame occasion, les autorit\u00e9s ont proc\u00e9d\u00e9 au lancement du projet Afawa, initiative de la Banque Africaine de D\u00e9veloppement et du Fonds Africain de Garantie et de Coop\u00e9ration Economique pour favoriser l\u2019acc\u00e8s des femmes au financement en Afrique.<\/p>\n<p><strong>Pour plus d&rsquo;informations et d&rsquo;analyses sur la <a href=\"https:\/\/www.africa-press.net\/cameroun\">Cameroun<\/a>, suivez <a href=\"https:\/\/www.africa-press.net\/\">Africa-Press<\/a><\/strong><\/p>\n","protected":false},"excerpt":{"rendered":"<p>Africa-Press &#8211; Cameroun. Une signature de convention a eu lieu ce 16 septembre 2022 \u00e0 Yaound\u00e9 entre le Fonds Sp\u00e9cial d\u2019Equipement et d\u2019Intervention Intercommunal et JFN group. JFN Group et le Feicom sont en affaires. Les deux entit\u00e9s se sont entendues ce 16 septembre \u00e0 Yaound\u00e9.\u00ab La convention de partenariat que nous signons ce jour [&hellip;]<\/p>\n","protected":false},"author":82,"featured_media":27526,"comment_status":"open","ping_status":"closed","sticky":false,"template":"","format":"standard","meta":{"footnotes":""},"categories":[3,11,10],"tags":[36,50,49],"class_list":["post-27527","post","type-post","status-publish","format-standard","has-post-thumbnail","hentry","category-economie","category-homepage-french","category-toutes-les-actualites","tag-africa-press","tag-africa-press-cameroun","tag-cameroun"],"yoast_head":"<!-- This site is optimized with the Yoast SEO Premium plugin v26.1 (Yoast SEO v27.0) - https:\/\/yoast.com\/product\/yoast-seo-premium-wordpress\/ -->\n<title>Cameroun\u00a0: JFN Center s\u2019appuie sur le Feicom pour conqu\u00e9rir les collectivit\u00e9s - Cameroun<\/title>\n<meta name=\"description\" content=\"Une signature de convention a eu lieu ce 16 septembre 2022 \u00e0 Yaound\u00e9 entre le Fonds Sp\u00e9cial d\u2019Equipement et d\u2019Interventi ...\" \/>\n<meta name=\"robots\" content=\"index, follow, max-snippet:-1, max-image-preview:large, max-video-preview:-1\" \/>\n<link rel=\"canonical\" href=\"https:\/\/www.africa-press.net\/cameroun\/economie\/cameroun-jfn-center-sappuie-sur-le-feicom-pour-conquerir-les-collectivites\" \/>\n<meta property=\"og:locale\" content=\"fr_FR\" \/>\n<meta property=\"og:type\" content=\"article\" \/>\n<meta property=\"og:title\" content=\"Cameroun\u00a0: JFN Center s\u2019appuie sur le Feicom pour conqu\u00e9rir les collectivit\u00e9s\" \/>\n<meta property=\"og:description\" content=\"Une signature de convention a eu lieu ce 16 septembre 2022 \u00e0 Yaound\u00e9 entre le Fonds Sp\u00e9cial d\u2019Equipement et d\u2019Interventi ...\" \/>\n<meta property=\"og:url\" content=\"https:\/\/www.africa-press.net\/cameroun\/economie\/cameroun-jfn-center-sappuie-sur-le-feicom-pour-conquerir-les-collectivites\" \/>\n<meta property=\"og:site_name\" content=\"Cameroun\" \/>\n<meta property=\"article:published_time\" content=\"2022-09-17T14:35:50+00:00\" \/>\n<meta property=\"article:modified_time\" content=\"2022-09-17T16:24:24+00:00\" \/>\n<meta property=\"og:image\" content=\"https:\/\/static.africa-press.net\/cameroun\/sites\/57\/2022\/09\/img-6325f48d31230.jpg\" \/>\n\t<meta property=\"og:image:width\" content=\"1080\" \/>\n\t<meta property=\"og:image:height\" content=\"720\" \/>\n\t<meta property=\"og:image:type\" content=\"image\/jpeg\" \/>\n<meta name=\"author\" content=\"cfeditorfr\" \/>\n<meta name=\"twitter:card\" content=\"summary_large_image\" \/>\n<meta name=\"twitter:label1\" content=\"\u00c9crit par\" \/>\n\t<meta name=\"twitter:data1\" content=\"cfeditorfr\" \/>\n\t<meta name=\"twitter:label2\" content=\"Dur\u00e9e de lecture estim\u00e9e\" \/>\n\t<meta name=\"twitter:data2\" content=\"3 minutes\" \/>\n<script type=\"application\/ld+json\" class=\"yoast-schema-graph\">{\"@context\":\"https:\/\/schema.org\",\"@graph\":[{\"@type\":\"Article\",\"@id\":\"https:\/\/www.africa-press.net\/cameroun\/economie\/cameroun-jfn-center-sappuie-sur-le-feicom-pour-conquerir-les-collectivites#article\",\"isPartOf\":{\"@id\":\"https:\/\/www.africa-press.net\/cameroun\/economie\/cameroun-jfn-center-sappuie-sur-le-feicom-pour-conquerir-les-collectivites\"},\"author\":{\"name\":\"cfeditorfr\",\"@id\":\"https:\/\/www.africa-press.net\/cameroun\/#\/schema\/person\/2b1cf3cd81a31e3cd26889ca66d677f1\"},\"headline\":\"Cameroun\u00a0: JFN Center s\u2019appuie sur le Feicom pour conqu\u00e9rir les collectivit\u00e9s\",\"datePublished\":\"2022-09-17T14:35:50+00:00\",\"dateModified\":\"2022-09-17T16:24:24+00:00\",\"mainEntityOfPage\":{\"@id\":\"https:\/\/www.africa-press.net\/cameroun\/economie\/cameroun-jfn-center-sappuie-sur-le-feicom-pour-conquerir-les-collectivites\"},\"wordCount\":559,\"commentCount\":0,\"image\":{\"@id\":\"https:\/\/www.africa-press.net\/cameroun\/economie\/cameroun-jfn-center-sappuie-sur-le-feicom-pour-conquerir-les-collectivites#primaryimage\"},\"thumbnailUrl\":\"https:\/\/static.africa-press.net\/cameroun\/sites\/57\/2022\/09\/img-6325f48d31230.jpg\",\"keywords\":[\"Africa Press\",\"Africa Press-Cameroun\",\"Cameroun\"],\"articleSection\":[\"\u00c9conomie\",\"homepage-french\",\"Toutes les actualit\u00e9s\"],\"inLanguage\":\"fr-FR\",\"potentialAction\":[{\"@type\":\"CommentAction\",\"name\":\"Comment\",\"target\":[\"https:\/\/www.africa-press.net\/cameroun\/economie\/cameroun-jfn-center-sappuie-sur-le-feicom-pour-conquerir-les-collectivites#respond\"]}]},{\"@type\":\"WebPage\",\"@id\":\"https:\/\/www.africa-press.net\/cameroun\/economie\/cameroun-jfn-center-sappuie-sur-le-feicom-pour-conquerir-les-collectivites\",\"url\":\"https:\/\/www.africa-press.net\/cameroun\/economie\/cameroun-jfn-center-sappuie-sur-le-feicom-pour-conquerir-les-collectivites\",\"name\":\"Cameroun\u00a0: JFN Center s\u2019appuie sur le Feicom pour conqu\u00e9rir les collectivit\u00e9s - Cameroun\",\"isPartOf\":{\"@id\":\"https:\/\/www.africa-press.net\/cameroun\/#website\"},\"primaryImageOfPage\":{\"@id\":\"https:\/\/www.africa-press.net\/cameroun\/economie\/cameroun-jfn-center-sappuie-sur-le-feicom-pour-conquerir-les-collectivites#primaryimage\"},\"image\":{\"@id\":\"https:\/\/www.africa-press.net\/cameroun\/economie\/cameroun-jfn-center-sappuie-sur-le-feicom-pour-conquerir-les-collectivites#primaryimage\"},\"thumbnailUrl\":\"https:\/\/static.africa-press.net\/cameroun\/sites\/57\/2022\/09\/img-6325f48d31230.jpg\",\"datePublished\":\"2022-09-17T14:35:50+00:00\",\"dateModified\":\"2022-09-17T16:24:24+00:00\",\"author\":{\"@id\":\"https:\/\/www.africa-press.net\/cameroun\/#\/schema\/person\/2b1cf3cd81a31e3cd26889ca66d677f1\"},\"description\":\"Une signature de convention a eu lieu ce 16 septembre 2022 \u00e0 Yaound\u00e9 entre le Fonds Sp\u00e9cial d\u2019Equipement et d\u2019Interventi ...\",\"breadcrumb\":{\"@id\":\"https:\/\/www.africa-press.net\/cameroun\/economie\/cameroun-jfn-center-sappuie-sur-le-feicom-pour-conquerir-les-collectivites#breadcrumb\"},\"inLanguage\":\"fr-FR\",\"potentialAction\":[{\"@type\":\"ReadAction\",\"target\":[\"https:\/\/www.africa-press.net\/cameroun\/economie\/cameroun-jfn-center-sappuie-sur-le-feicom-pour-conquerir-les-collectivites\"]}]},{\"@type\":\"ImageObject\",\"inLanguage\":\"fr-FR\",\"@id\":\"https:\/\/www.africa-press.net\/cameroun\/economie\/cameroun-jfn-center-sappuie-sur-le-feicom-pour-conquerir-les-collectivites#primaryimage\",\"url\":\"https:\/\/static.africa-press.net\/cameroun\/sites\/57\/2022\/09\/img-6325f48d31230.jpg\",\"contentUrl\":\"https:\/\/static.africa-press.net\/cameroun\/sites\/57\/2022\/09\/img-6325f48d31230.jpg\",\"width\":1080,\"height\":720,\"caption\":\"Cameroun\u00a0: JFN Center s\u2019appuie sur le Feicom pour conqu\u00e9rir les collectivit\u00e9s\"},{\"@type\":\"BreadcrumbList\",\"@id\":\"https:\/\/www.africa-press.net\/cameroun\/economie\/cameroun-jfn-center-sappuie-sur-le-feicom-pour-conquerir-les-collectivites#breadcrumb\",\"itemListElement\":[{\"@type\":\"ListItem\",\"position\":1,\"name\":\"Accueil\",\"item\":\"https:\/\/www.africa-press.net\/cameroun\/\"},{\"@type\":\"ListItem\",\"position\":2,\"name\":\"Cameroun\u00a0: JFN Center s\u2019appuie sur le Feicom pour conqu\u00e9rir les collectivit\u00e9s\"}]},{\"@type\":\"WebSite\",\"@id\":\"https:\/\/www.africa-press.net\/cameroun\/#website\",\"url\":\"https:\/\/www.africa-press.net\/cameroun\/\",\"name\":\"Cameroun\",\"description\":\"Just another Africa News Agency Sites site\",\"potentialAction\":[{\"@type\":\"SearchAction\",\"target\":{\"@type\":\"EntryPoint\",\"urlTemplate\":\"https:\/\/www.africa-press.net\/cameroun\/?s={search_term_string}\"},\"query-input\":{\"@type\":\"PropertyValueSpecification\",\"valueRequired\":true,\"valueName\":\"search_term_string\"}}],\"inLanguage\":\"fr-FR\"},{\"@type\":\"Person\",\"@id\":\"https:\/\/www.africa-press.net\/cameroun\/#\/schema\/person\/2b1cf3cd81a31e3cd26889ca66d677f1\",\"name\":\"cfeditorfr\"}]}<\/script>\n<!-- \/ Yoast SEO Premium plugin. -->","yoast_head_json":{"title":"Cameroun\u00a0: JFN Center s\u2019appuie sur le Feicom pour conqu\u00e9rir les collectivit\u00e9s - Cameroun","description":"Une signature de convention a eu lieu ce 16 septembre 2022 \u00e0 Yaound\u00e9 entre le Fonds Sp\u00e9cial d\u2019Equipement et d\u2019Interventi ...","robots":{"index":"index","follow":"follow","max-snippet":"max-snippet:-1","max-image-preview":"max-image-preview:large","max-video-preview":"max-video-preview:-1"},"canonical":"https:\/\/www.africa-press.net\/cameroun\/economie\/cameroun-jfn-center-sappuie-sur-le-feicom-pour-conquerir-les-collectivites","og_locale":"fr_FR","og_type":"article","og_title":"Cameroun\u00a0: JFN Center s\u2019appuie sur le Feicom pour conqu\u00e9rir les collectivit\u00e9s","og_description":"Une signature de convention a eu lieu ce 16 septembre 2022 \u00e0 Yaound\u00e9 entre le Fonds Sp\u00e9cial d\u2019Equipement et d\u2019Interventi ...","og_url":"https:\/\/www.africa-press.net\/cameroun\/economie\/cameroun-jfn-center-sappuie-sur-le-feicom-pour-conquerir-les-collectivites","og_site_name":"Cameroun","article_published_time":"2022-09-17T14:35:50+00:00","article_modified_time":"2022-09-17T16:24:24+00:00","og_image":[{"width":1080,"height":720,"url":"https:\/\/static.africa-press.net\/cameroun\/sites\/57\/2022\/09\/img-6325f48d31230.jpg","type":"image\/jpeg"}],"author":"cfeditorfr","twitter_card":"summary_large_image","twitter_misc":{"\u00c9crit par":"cfeditorfr","Dur\u00e9e de lecture estim\u00e9e":"3 minutes"},"schema":{"@context":"https:\/\/schema.org","@graph":[{"@type":"Article","@id":"https:\/\/www.africa-press.net\/cameroun\/economie\/cameroun-jfn-center-sappuie-sur-le-feicom-pour-conquerir-les-collectivites#article","isPartOf":{"@id":"https:\/\/www.africa-press.net\/cameroun\/economie\/cameroun-jfn-center-sappuie-sur-le-feicom-pour-conquerir-les-collectivites"},"author":{"name":"cfeditorfr","@id":"https:\/\/www.africa-press.net\/cameroun\/#\/schema\/person\/2b1cf3cd81a31e3cd26889ca66d677f1"},"headline":"Cameroun\u00a0: JFN Center s\u2019appuie sur le Feicom pour conqu\u00e9rir les collectivit\u00e9s","datePublished":"2022-09-17T14:35:50+00:00","dateModified":"2022-09-17T16:24:24+00:00","mainEntityOfPage":{"@id":"https:\/\/www.africa-press.net\/cameroun\/economie\/cameroun-jfn-center-sappuie-sur-le-feicom-pour-conquerir-les-collectivites"},"wordCount":559,"commentCount":0,"image":{"@id":"https:\/\/www.africa-press.net\/cameroun\/economie\/cameroun-jfn-center-sappuie-sur-le-feicom-pour-conquerir-les-collectivites#primaryimage"},"thumbnailUrl":"https:\/\/static.africa-press.net\/cameroun\/sites\/57\/2022\/09\/img-6325f48d31230.jpg","keywords":["Africa Press","Africa Press-Cameroun","Cameroun"],"articleSection":["\u00c9conomie","homepage-french","Toutes les actualit\u00e9s"],"inLanguage":"fr-FR","potentialAction":[{"@type":"CommentAction","name":"Comment","target":["https:\/\/www.africa-press.net\/cameroun\/economie\/cameroun-jfn-center-sappuie-sur-le-feicom-pour-conquerir-les-collectivites#respond"]}]},{"@type":"WebPage","@id":"https:\/\/www.africa-press.net\/cameroun\/economie\/cameroun-jfn-center-sappuie-sur-le-feicom-pour-conquerir-les-collectivites","url":"https:\/\/www.africa-press.net\/cameroun\/economie\/cameroun-jfn-center-sappuie-sur-le-feicom-pour-conquerir-les-collectivites","name":"Cameroun\u00a0: JFN Center s\u2019appuie sur le Feicom pour conqu\u00e9rir les collectivit\u00e9s - Cameroun","isPartOf":{"@id":"https:\/\/www.africa-press.net\/cameroun\/#website"},"primaryImageOfPage":{"@id":"https:\/\/www.africa-press.net\/cameroun\/economie\/cameroun-jfn-center-sappuie-sur-le-feicom-pour-conquerir-les-collectivites#primaryimage"},"image":{"@id":"https:\/\/www.africa-press.net\/cameroun\/economie\/cameroun-jfn-center-sappuie-sur-le-feicom-pour-conquerir-les-collectivites#primaryimage"},"thumbnailUrl":"https:\/\/static.africa-press.net\/cameroun\/sites\/57\/2022\/09\/img-6325f48d31230.jpg","datePublished":"2022-09-17T14:35:50+00:00","dateModified":"2022-09-17T16:24:24+00:00","author":{"@id":"https:\/\/www.africa-press.net\/cameroun\/#\/schema\/person\/2b1cf3cd81a31e3cd26889ca66d677f1"},"description":"Une signature de convention a eu lieu ce 16 septembre 2022 \u00e0 Yaound\u00e9 entre le Fonds Sp\u00e9cial d\u2019Equipement et d\u2019Interventi ...","breadcrumb":{"@id":"https:\/\/www.africa-press.net\/cameroun\/economie\/cameroun-jfn-center-sappuie-sur-le-feicom-pour-conquerir-les-collectivites#breadcrumb"},"inLanguage":"fr-FR","potentialAction":[{"@type":"ReadAction","target":["https:\/\/www.africa-press.net\/cameroun\/economie\/cameroun-jfn-center-sappuie-sur-le-feicom-pour-conquerir-les-collectivites"]}]},{"@type":"ImageObject","inLanguage":"fr-FR","@id":"https:\/\/www.africa-press.net\/cameroun\/economie\/cameroun-jfn-center-sappuie-sur-le-feicom-pour-conquerir-les-collectivites#primaryimage","url":"https:\/\/static.africa-press.net\/cameroun\/sites\/57\/2022\/09\/img-6325f48d31230.jpg","contentUrl":"https:\/\/static.africa-press.net\/cameroun\/sites\/57\/2022\/09\/img-6325f48d31230.jpg","width":1080,"height":720,"caption":"Cameroun\u00a0: JFN Center s\u2019appuie sur le Feicom pour conqu\u00e9rir les collectivit\u00e9s"},{"@type":"BreadcrumbList","@id":"https:\/\/www.africa-press.net\/cameroun\/economie\/cameroun-jfn-center-sappuie-sur-le-feicom-pour-conquerir-les-collectivites#breadcrumb","itemListElement":[{"@type":"ListItem","position":1,"name":"Accueil","item":"https:\/\/www.africa-press.net\/cameroun\/"},{"@type":"ListItem","position":2,"name":"Cameroun\u00a0: JFN Center s\u2019appuie sur le Feicom pour conqu\u00e9rir les collectivit\u00e9s"}]},{"@type":"WebSite","@id":"https:\/\/www.africa-press.net\/cameroun\/#website","url":"https:\/\/www.africa-press.net\/cameroun\/","name":"Cameroun","description":"Just another Africa News Agency Sites site","potentialAction":[{"@type":"SearchAction","target":{"@type":"EntryPoint","urlTemplate":"https:\/\/www.africa-press.net\/cameroun\/?s={search_term_string}"},"query-input":{"@type":"PropertyValueSpecification","valueRequired":true,"valueName":"search_term_string"}}],"inLanguage":"fr-FR"},{"@type":"Person","@id":"https:\/\/www.africa-press.net\/cameroun\/#\/schema\/person\/2b1cf3cd81a31e3cd26889ca66d677f1","name":"cfeditorfr"}]}},"_links":{"self":[{"href":"https:\/\/www.africa-press.net\/cameroun\/wp-json\/wp\/v2\/posts\/27527","targetHints":{"allow":["GET"]}}],"collection":[{"href":"https:\/\/www.africa-press.net\/cameroun\/wp-json\/wp\/v2\/posts"}],"about":[{"href":"https:\/\/www.africa-press.net\/cameroun\/wp-json\/wp\/v2\/types\/post"}],"author":[{"embeddable":true,"href":"https:\/\/www.africa-press.net\/cameroun\/wp-json\/wp\/v2\/users\/82"}],"replies":[{"embeddable":true,"href":"https:\/\/www.africa-press.net\/cameroun\/wp-json\/wp\/v2\/comments?post=27527"}],"version-history":[{"count":0,"href":"https:\/\/www.africa-press.net\/cameroun\/wp-json\/wp\/v2\/posts\/27527\/revisions"}],"wp:featuredmedia":[{"embeddable":true,"href":"https:\/\/www.africa-press.net\/cameroun\/wp-json\/wp\/v2\/media\/27526"}],"wp:attachment":[{"href":"https:\/\/www.africa-press.net\/cameroun\/wp-json\/wp\/v2\/media?parent=27527"}],"wp:term":[{"taxonomy":"category","embeddable":true,"href":"https:\/\/www.africa-press.net\/cameroun\/wp-json\/wp\/v2\/categories?post=27527"},{"taxonomy":"post_tag","embeddable":true,"href":"https:\/\/www.africa-press.net\/cameroun\/wp-json\/wp\/v2\/tags?post=27527"}],"curies":[{"name":"wp","href":"https:\/\/api.w.org\/{rel}","templated":true}]}}