{"id":27530,"date":"2022-09-17T14:43:43","date_gmt":"2022-09-17T14:43:43","guid":{"rendered":"https:\/\/www.africa-press.net\/cameroun\/politique\/cameroun-un-eleve-opere-a-lhopital-suite-aux-coups-de-lenseignant"},"modified":"2022-09-17T16:25:15","modified_gmt":"2022-09-17T16:25:15","slug":"cameroun-un-eleve-opere-a-lhopital-suite-aux-coups-de-lenseignant","status":"publish","type":"post","link":"https:\/\/www.africa-press.net\/cameroun\/toutes-les-actualites\/cameroun-un-eleve-opere-a-lhopital-suite-aux-coups-de-lenseignant","title":{"rendered":"Cameroun : un \u00e9l\u00e8ve op\u00e9r\u00e9 \u00e0 l\u2019h\u00f4pital suite aux coups de l\u2019enseignant"},"content":{"rendered":"<p><span style=\"color: #ff6600\"><strong>Africa-Press &#8211; Cameroun. <\/strong><\/span><b>L\u2019\u00e9l\u00e8ve d\u2019une classe de premi\u00e8re F4 a \u00e9t\u00e9 transport\u00e9 d\u2019urgence \u00e0 l\u2019h\u00f4pital suite aux coups d\u2019un conseiller d\u2019orientation au lyc\u00e9e technique d\u2019Ambam.<\/b><\/p>\n<p>La s\u00e9ance de conseils a vir\u00e9 \u00e0 une altercation entre le conseiller et un \u00e9l\u00e8ve au Lyc\u00e9e technique d\u2019Ambam dans la r\u00e9gion du Sud. C\u2019\u00e9tait le jeudi 15 septembre 2022. Alors que M. Aim\u00e9 Val\u00e8re Epole dispense les conseils aux \u00e9l\u00e8ves dans une classe de premi\u00e8re F4, l\u2019ambiance surchauffe. Une altercation s\u2019en suit entre l\u2019enseignant et l\u2019apprenant de 17 ans, r\u00e9pondant au nom de Ulrich Ngane Ateba. Des coups du p\u00e9dagogue inflig\u00e9s \u00e0 ce dernier le plonge dans un \u00e9tat de choc.<\/p>\n<p>Transport\u00e9 \u00e0 l\u2019h\u00f4pital r\u00e9gional d\u2019Ebolowa, la victime subira une op\u00e9ration. Les professionnels de la sant\u00e9 d\u00e9clarent qu\u2019il est arriv\u00e9 en \u00e9tat de choc. Ayant eu un choc dans le flanc gauche, il pr\u00e9sentait une rate rompue. Ce qui a n\u00e9cessit\u00e9 une op\u00e9ration pour le mettre hors de danger. Jusqu\u2019aux derni\u00e8res nouvelles, le jeune gar\u00e7on \u00e9tait intern\u00e9 \u00e0 l\u2019h\u00f4pital.<\/p>\n<p>Suite \u00e0 l\u2019annonce de la nouvelle faisant \u00e9tat de la survenue d\u2019actes de violence en milieu scolaire, le ministre des Enseignements secondaires s\u2019est rendu sur les lieux. Pauline Nalova Lyonga apr\u00e8s avoir pris connaissances des circonstances et des contours de l\u2019acte, a r\u00e9it\u00e9r\u00e9 sa position. Pour elle, l\u2019enseignant qui est p\u00e9dagogue ne devrait en aucun cas \u00eatre \u00e0 l\u2019origine du malheur d\u2019un \u00e9l\u00e8ve ou des violences en milieu scolaire. Son r\u00f4le est d\u2019encadrer les apprenants et de les prot\u00e9ger.<\/p>\n<p>Les violences en milieu scolaire constituent un ph\u00e9nom\u00e8ne profond au Cameroun. L\u2019acte du lyc\u00e9e technique d\u2019Ambam l\u2019un des premiers graves de l\u2019ann\u00e9e scolaire 2022-2023 vient ressusciter le d\u00e9bat. Apr\u00e8s deux semaines de cours, plusieurs autres actes mineurs sont enregistr\u00e9s en ville comme en campagne.<\/p>\n<p>L\u2019ann\u00e9e derni\u00e8re, l\u2019on se souvient encore de l\u2019altercation entre une \u00e9l\u00e8ve et son enseignante au lyc\u00e9e bilingue de Nkol-Eton. Au complexe scolaire Yona, un \u00e9l\u00e8ve a poignard\u00e9 son principal le 6 avril 2022. Malgr\u00e9 les initiatives priv\u00e9es et publiques pour circonscrire cette violence en milieu scolaire, le ph\u00e9nom\u00e8ne persiste.<\/p>\n<p><strong>Pour plus d&rsquo;informations et d&rsquo;analyses sur la <a href=\"https:\/\/www.africa-press.net\/cameroun\">Cameroun<\/a>, suivez <a href=\"https:\/\/www.africa-press.net\/\">Africa-Press<\/a><\/strong><\/p>\n","protected":false},"excerpt":{"rendered":"<p>Africa-Press &#8211; Cameroun. L\u2019\u00e9l\u00e8ve d\u2019une classe de premi\u00e8re F4 a \u00e9t\u00e9 transport\u00e9 d\u2019urgence \u00e0 l\u2019h\u00f4pital suite aux coups d\u2019un conseiller d\u2019orientation au lyc\u00e9e technique d\u2019Ambam. La s\u00e9ance de conseils a vir\u00e9 \u00e0 une altercation entre le conseiller et un \u00e9l\u00e8ve au Lyc\u00e9e technique d\u2019Ambam dans la r\u00e9gion du Sud. C\u2019\u00e9tait le jeudi 15 septembre 2022. [&hellip;]<\/p>\n","protected":false},"author":82,"featured_media":27529,"comment_status":"open","ping_status":"closed","sticky":false,"template":"","format":"standard","meta":{"footnotes":""},"categories":[21,11,10],"tags":[36,50,49],"class_list":["post-27530","post","type-post","status-publish","format-standard","has-post-thumbnail","hentry","category-communaute","category-homepage-french","category-toutes-les-actualites","tag-africa-press","tag-africa-press-cameroun","tag-cameroun"],"yoast_head":"<!-- This site is optimized with the Yoast SEO Premium plugin v26.1 (Yoast SEO v27.0) - https:\/\/yoast.com\/product\/yoast-seo-premium-wordpress\/ -->\n<title>Cameroun : un \u00e9l\u00e8ve op\u00e9r\u00e9 \u00e0 l\u2019h\u00f4pital suite aux coups de l\u2019enseignant - Cameroun<\/title>\n<meta name=\"description\" content=\"L\u2019\u00e9l\u00e8ve d\u2019une classe de premi\u00e8re F4 a \u00e9t\u00e9 transport\u00e9 d\u2019urgence \u00e0 l\u2019h\u00f4pital suite aux coups d\u2019un conseiller d\u2019orientat ...\" \/>\n<meta name=\"robots\" content=\"index, follow, max-snippet:-1, max-image-preview:large, max-video-preview:-1\" \/>\n<link rel=\"canonical\" href=\"https:\/\/www.africa-press.net\/cameroun\/toutes-les-actualites\/cameroun-un-eleve-opere-a-lhopital-suite-aux-coups-de-lenseignant\" \/>\n<meta property=\"og:locale\" content=\"fr_FR\" \/>\n<meta property=\"og:type\" content=\"article\" \/>\n<meta property=\"og:title\" content=\"Cameroun : un \u00e9l\u00e8ve op\u00e9r\u00e9 \u00e0 l\u2019h\u00f4pital suite aux coups de l\u2019enseignant\" \/>\n<meta property=\"og:description\" content=\"L\u2019\u00e9l\u00e8ve d\u2019une classe de premi\u00e8re F4 a \u00e9t\u00e9 transport\u00e9 d\u2019urgence \u00e0 l\u2019h\u00f4pital suite aux coups d\u2019un conseiller d\u2019orientat ...\" \/>\n<meta property=\"og:url\" content=\"https:\/\/www.africa-press.net\/cameroun\/toutes-les-actualites\/cameroun-un-eleve-opere-a-lhopital-suite-aux-coups-de-lenseignant\" \/>\n<meta property=\"og:site_name\" content=\"Cameroun\" \/>\n<meta property=\"article:published_time\" content=\"2022-09-17T14:43:43+00:00\" \/>\n<meta property=\"article:modified_time\" content=\"2022-09-17T16:25:15+00:00\" \/>\n<meta property=\"og:image\" content=\"https:\/\/static.africa-press.net\/cameroun\/sites\/57\/2022\/09\/img-6325f4c19bfe3.jpg\" \/>\n\t<meta property=\"og:image:width\" content=\"720\" \/>\n\t<meta property=\"og:image:height\" content=\"540\" \/>\n\t<meta property=\"og:image:type\" content=\"image\/jpeg\" \/>\n<meta name=\"author\" content=\"cfeditorfr\" \/>\n<meta name=\"twitter:card\" content=\"summary_large_image\" \/>\n<meta name=\"twitter:label1\" content=\"\u00c9crit par\" \/>\n\t<meta name=\"twitter:data1\" content=\"cfeditorfr\" \/>\n\t<meta name=\"twitter:label2\" content=\"Dur\u00e9e de lecture estim\u00e9e\" \/>\n\t<meta name=\"twitter:data2\" content=\"2 minutes\" \/>\n<script type=\"application\/ld+json\" class=\"yoast-schema-graph\">{\"@context\":\"https:\/\/schema.org\",\"@graph\":[{\"@type\":\"Article\",\"@id\":\"https:\/\/www.africa-press.net\/cameroun\/toutes-les-actualites\/cameroun-un-eleve-opere-a-lhopital-suite-aux-coups-de-lenseignant#article\",\"isPartOf\":{\"@id\":\"https:\/\/www.africa-press.net\/cameroun\/toutes-les-actualites\/cameroun-un-eleve-opere-a-lhopital-suite-aux-coups-de-lenseignant\"},\"author\":{\"name\":\"cfeditorfr\",\"@id\":\"https:\/\/www.africa-press.net\/cameroun\/#\/schema\/person\/2b1cf3cd81a31e3cd26889ca66d677f1\"},\"headline\":\"Cameroun : un \u00e9l\u00e8ve op\u00e9r\u00e9 \u00e0 l\u2019h\u00f4pital suite aux coups de l\u2019enseignant\",\"datePublished\":\"2022-09-17T14:43:43+00:00\",\"dateModified\":\"2022-09-17T16:25:15+00:00\",\"mainEntityOfPage\":{\"@id\":\"https:\/\/www.africa-press.net\/cameroun\/toutes-les-actualites\/cameroun-un-eleve-opere-a-lhopital-suite-aux-coups-de-lenseignant\"},\"wordCount\":431,\"commentCount\":0,\"image\":{\"@id\":\"https:\/\/www.africa-press.net\/cameroun\/toutes-les-actualites\/cameroun-un-eleve-opere-a-lhopital-suite-aux-coups-de-lenseignant#primaryimage\"},\"thumbnailUrl\":\"https:\/\/static.africa-press.net\/cameroun\/sites\/57\/2022\/09\/img-6325f4c19bfe3.jpg\",\"keywords\":[\"Africa Press\",\"Africa Press-Cameroun\",\"Cameroun\"],\"articleSection\":[\"Communaut\u00e9\",\"homepage-french\",\"Toutes les actualit\u00e9s\"],\"inLanguage\":\"fr-FR\",\"potentialAction\":[{\"@type\":\"CommentAction\",\"name\":\"Comment\",\"target\":[\"https:\/\/www.africa-press.net\/cameroun\/toutes-les-actualites\/cameroun-un-eleve-opere-a-lhopital-suite-aux-coups-de-lenseignant#respond\"]}]},{\"@type\":\"WebPage\",\"@id\":\"https:\/\/www.africa-press.net\/cameroun\/toutes-les-actualites\/cameroun-un-eleve-opere-a-lhopital-suite-aux-coups-de-lenseignant\",\"url\":\"https:\/\/www.africa-press.net\/cameroun\/toutes-les-actualites\/cameroun-un-eleve-opere-a-lhopital-suite-aux-coups-de-lenseignant\",\"name\":\"Cameroun : un \u00e9l\u00e8ve op\u00e9r\u00e9 \u00e0 l\u2019h\u00f4pital suite aux coups de l\u2019enseignant - Cameroun\",\"isPartOf\":{\"@id\":\"https:\/\/www.africa-press.net\/cameroun\/#website\"},\"primaryImageOfPage\":{\"@id\":\"https:\/\/www.africa-press.net\/cameroun\/toutes-les-actualites\/cameroun-un-eleve-opere-a-lhopital-suite-aux-coups-de-lenseignant#primaryimage\"},\"image\":{\"@id\":\"https:\/\/www.africa-press.net\/cameroun\/toutes-les-actualites\/cameroun-un-eleve-opere-a-lhopital-suite-aux-coups-de-lenseignant#primaryimage\"},\"thumbnailUrl\":\"https:\/\/static.africa-press.net\/cameroun\/sites\/57\/2022\/09\/img-6325f4c19bfe3.jpg\",\"datePublished\":\"2022-09-17T14:43:43+00:00\",\"dateModified\":\"2022-09-17T16:25:15+00:00\",\"author\":{\"@id\":\"https:\/\/www.africa-press.net\/cameroun\/#\/schema\/person\/2b1cf3cd81a31e3cd26889ca66d677f1\"},\"description\":\"L\u2019\u00e9l\u00e8ve d\u2019une classe de premi\u00e8re F4 a \u00e9t\u00e9 transport\u00e9 d\u2019urgence \u00e0 l\u2019h\u00f4pital suite aux coups d\u2019un conseiller d\u2019orientat ...\",\"breadcrumb\":{\"@id\":\"https:\/\/www.africa-press.net\/cameroun\/toutes-les-actualites\/cameroun-un-eleve-opere-a-lhopital-suite-aux-coups-de-lenseignant#breadcrumb\"},\"inLanguage\":\"fr-FR\",\"potentialAction\":[{\"@type\":\"ReadAction\",\"target\":[\"https:\/\/www.africa-press.net\/cameroun\/toutes-les-actualites\/cameroun-un-eleve-opere-a-lhopital-suite-aux-coups-de-lenseignant\"]}]},{\"@type\":\"ImageObject\",\"inLanguage\":\"fr-FR\",\"@id\":\"https:\/\/www.africa-press.net\/cameroun\/toutes-les-actualites\/cameroun-un-eleve-opere-a-lhopital-suite-aux-coups-de-lenseignant#primaryimage\",\"url\":\"https:\/\/static.africa-press.net\/cameroun\/sites\/57\/2022\/09\/img-6325f4c19bfe3.jpg\",\"contentUrl\":\"https:\/\/static.africa-press.net\/cameroun\/sites\/57\/2022\/09\/img-6325f4c19bfe3.jpg\",\"width\":720,\"height\":540,\"caption\":\"Cameroun : un \u00e9l\u00e8ve op\u00e9r\u00e9 \u00e0 l\u2019h\u00f4pital suite aux coups de l\u2019enseignant\"},{\"@type\":\"BreadcrumbList\",\"@id\":\"https:\/\/www.africa-press.net\/cameroun\/toutes-les-actualites\/cameroun-un-eleve-opere-a-lhopital-suite-aux-coups-de-lenseignant#breadcrumb\",\"itemListElement\":[{\"@type\":\"ListItem\",\"position\":1,\"name\":\"Accueil\",\"item\":\"https:\/\/www.africa-press.net\/cameroun\/\"},{\"@type\":\"ListItem\",\"position\":2,\"name\":\"Cameroun : un \u00e9l\u00e8ve op\u00e9r\u00e9 \u00e0 l\u2019h\u00f4pital suite aux coups de l\u2019enseignant\"}]},{\"@type\":\"WebSite\",\"@id\":\"https:\/\/www.africa-press.net\/cameroun\/#website\",\"url\":\"https:\/\/www.africa-press.net\/cameroun\/\",\"name\":\"Cameroun\",\"description\":\"Just another Africa News Agency Sites site\",\"potentialAction\":[{\"@type\":\"SearchAction\",\"target\":{\"@type\":\"EntryPoint\",\"urlTemplate\":\"https:\/\/www.africa-press.net\/cameroun\/?s={search_term_string}\"},\"query-input\":{\"@type\":\"PropertyValueSpecification\",\"valueRequired\":true,\"valueName\":\"search_term_string\"}}],\"inLanguage\":\"fr-FR\"},{\"@type\":\"Person\",\"@id\":\"https:\/\/www.africa-press.net\/cameroun\/#\/schema\/person\/2b1cf3cd81a31e3cd26889ca66d677f1\",\"name\":\"cfeditorfr\"}]}<\/script>\n<!-- \/ Yoast SEO Premium plugin. -->","yoast_head_json":{"title":"Cameroun : un \u00e9l\u00e8ve op\u00e9r\u00e9 \u00e0 l\u2019h\u00f4pital suite aux coups de l\u2019enseignant - Cameroun","description":"L\u2019\u00e9l\u00e8ve d\u2019une classe de premi\u00e8re F4 a \u00e9t\u00e9 transport\u00e9 d\u2019urgence \u00e0 l\u2019h\u00f4pital suite aux coups d\u2019un conseiller d\u2019orientat ...","robots":{"index":"index","follow":"follow","max-snippet":"max-snippet:-1","max-image-preview":"max-image-preview:large","max-video-preview":"max-video-preview:-1"},"canonical":"https:\/\/www.africa-press.net\/cameroun\/toutes-les-actualites\/cameroun-un-eleve-opere-a-lhopital-suite-aux-coups-de-lenseignant","og_locale":"fr_FR","og_type":"article","og_title":"Cameroun : un \u00e9l\u00e8ve op\u00e9r\u00e9 \u00e0 l\u2019h\u00f4pital suite aux coups de l\u2019enseignant","og_description":"L\u2019\u00e9l\u00e8ve d\u2019une classe de premi\u00e8re F4 a \u00e9t\u00e9 transport\u00e9 d\u2019urgence \u00e0 l\u2019h\u00f4pital suite aux coups d\u2019un conseiller d\u2019orientat ...","og_url":"https:\/\/www.africa-press.net\/cameroun\/toutes-les-actualites\/cameroun-un-eleve-opere-a-lhopital-suite-aux-coups-de-lenseignant","og_site_name":"Cameroun","article_published_time":"2022-09-17T14:43:43+00:00","article_modified_time":"2022-09-17T16:25:15+00:00","og_image":[{"width":720,"height":540,"url":"https:\/\/static.africa-press.net\/cameroun\/sites\/57\/2022\/09\/img-6325f4c19bfe3.jpg","type":"image\/jpeg"}],"author":"cfeditorfr","twitter_card":"summary_large_image","twitter_misc":{"\u00c9crit par":"cfeditorfr","Dur\u00e9e de lecture estim\u00e9e":"2 minutes"},"schema":{"@context":"https:\/\/schema.org","@graph":[{"@type":"Article","@id":"https:\/\/www.africa-press.net\/cameroun\/toutes-les-actualites\/cameroun-un-eleve-opere-a-lhopital-suite-aux-coups-de-lenseignant#article","isPartOf":{"@id":"https:\/\/www.africa-press.net\/cameroun\/toutes-les-actualites\/cameroun-un-eleve-opere-a-lhopital-suite-aux-coups-de-lenseignant"},"author":{"name":"cfeditorfr","@id":"https:\/\/www.africa-press.net\/cameroun\/#\/schema\/person\/2b1cf3cd81a31e3cd26889ca66d677f1"},"headline":"Cameroun : un \u00e9l\u00e8ve op\u00e9r\u00e9 \u00e0 l\u2019h\u00f4pital suite aux coups de l\u2019enseignant","datePublished":"2022-09-17T14:43:43+00:00","dateModified":"2022-09-17T16:25:15+00:00","mainEntityOfPage":{"@id":"https:\/\/www.africa-press.net\/cameroun\/toutes-les-actualites\/cameroun-un-eleve-opere-a-lhopital-suite-aux-coups-de-lenseignant"},"wordCount":431,"commentCount":0,"image":{"@id":"https:\/\/www.africa-press.net\/cameroun\/toutes-les-actualites\/cameroun-un-eleve-opere-a-lhopital-suite-aux-coups-de-lenseignant#primaryimage"},"thumbnailUrl":"https:\/\/static.africa-press.net\/cameroun\/sites\/57\/2022\/09\/img-6325f4c19bfe3.jpg","keywords":["Africa Press","Africa Press-Cameroun","Cameroun"],"articleSection":["Communaut\u00e9","homepage-french","Toutes les actualit\u00e9s"],"inLanguage":"fr-FR","potentialAction":[{"@type":"CommentAction","name":"Comment","target":["https:\/\/www.africa-press.net\/cameroun\/toutes-les-actualites\/cameroun-un-eleve-opere-a-lhopital-suite-aux-coups-de-lenseignant#respond"]}]},{"@type":"WebPage","@id":"https:\/\/www.africa-press.net\/cameroun\/toutes-les-actualites\/cameroun-un-eleve-opere-a-lhopital-suite-aux-coups-de-lenseignant","url":"https:\/\/www.africa-press.net\/cameroun\/toutes-les-actualites\/cameroun-un-eleve-opere-a-lhopital-suite-aux-coups-de-lenseignant","name":"Cameroun : un \u00e9l\u00e8ve op\u00e9r\u00e9 \u00e0 l\u2019h\u00f4pital suite aux coups de l\u2019enseignant - Cameroun","isPartOf":{"@id":"https:\/\/www.africa-press.net\/cameroun\/#website"},"primaryImageOfPage":{"@id":"https:\/\/www.africa-press.net\/cameroun\/toutes-les-actualites\/cameroun-un-eleve-opere-a-lhopital-suite-aux-coups-de-lenseignant#primaryimage"},"image":{"@id":"https:\/\/www.africa-press.net\/cameroun\/toutes-les-actualites\/cameroun-un-eleve-opere-a-lhopital-suite-aux-coups-de-lenseignant#primaryimage"},"thumbnailUrl":"https:\/\/static.africa-press.net\/cameroun\/sites\/57\/2022\/09\/img-6325f4c19bfe3.jpg","datePublished":"2022-09-17T14:43:43+00:00","dateModified":"2022-09-17T16:25:15+00:00","author":{"@id":"https:\/\/www.africa-press.net\/cameroun\/#\/schema\/person\/2b1cf3cd81a31e3cd26889ca66d677f1"},"description":"L\u2019\u00e9l\u00e8ve d\u2019une classe de premi\u00e8re F4 a \u00e9t\u00e9 transport\u00e9 d\u2019urgence \u00e0 l\u2019h\u00f4pital suite aux coups d\u2019un conseiller d\u2019orientat ...","breadcrumb":{"@id":"https:\/\/www.africa-press.net\/cameroun\/toutes-les-actualites\/cameroun-un-eleve-opere-a-lhopital-suite-aux-coups-de-lenseignant#breadcrumb"},"inLanguage":"fr-FR","potentialAction":[{"@type":"ReadAction","target":["https:\/\/www.africa-press.net\/cameroun\/toutes-les-actualites\/cameroun-un-eleve-opere-a-lhopital-suite-aux-coups-de-lenseignant"]}]},{"@type":"ImageObject","inLanguage":"fr-FR","@id":"https:\/\/www.africa-press.net\/cameroun\/toutes-les-actualites\/cameroun-un-eleve-opere-a-lhopital-suite-aux-coups-de-lenseignant#primaryimage","url":"https:\/\/static.africa-press.net\/cameroun\/sites\/57\/2022\/09\/img-6325f4c19bfe3.jpg","contentUrl":"https:\/\/static.africa-press.net\/cameroun\/sites\/57\/2022\/09\/img-6325f4c19bfe3.jpg","width":720,"height":540,"caption":"Cameroun : un \u00e9l\u00e8ve op\u00e9r\u00e9 \u00e0 l\u2019h\u00f4pital suite aux coups de l\u2019enseignant"},{"@type":"BreadcrumbList","@id":"https:\/\/www.africa-press.net\/cameroun\/toutes-les-actualites\/cameroun-un-eleve-opere-a-lhopital-suite-aux-coups-de-lenseignant#breadcrumb","itemListElement":[{"@type":"ListItem","position":1,"name":"Accueil","item":"https:\/\/www.africa-press.net\/cameroun\/"},{"@type":"ListItem","position":2,"name":"Cameroun : un \u00e9l\u00e8ve op\u00e9r\u00e9 \u00e0 l\u2019h\u00f4pital suite aux coups de l\u2019enseignant"}]},{"@type":"WebSite","@id":"https:\/\/www.africa-press.net\/cameroun\/#website","url":"https:\/\/www.africa-press.net\/cameroun\/","name":"Cameroun","description":"Just another Africa News Agency Sites site","potentialAction":[{"@type":"SearchAction","target":{"@type":"EntryPoint","urlTemplate":"https:\/\/www.africa-press.net\/cameroun\/?s={search_term_string}"},"query-input":{"@type":"PropertyValueSpecification","valueRequired":true,"valueName":"search_term_string"}}],"inLanguage":"fr-FR"},{"@type":"Person","@id":"https:\/\/www.africa-press.net\/cameroun\/#\/schema\/person\/2b1cf3cd81a31e3cd26889ca66d677f1","name":"cfeditorfr"}]}},"_links":{"self":[{"href":"https:\/\/www.africa-press.net\/cameroun\/wp-json\/wp\/v2\/posts\/27530","targetHints":{"allow":["GET"]}}],"collection":[{"href":"https:\/\/www.africa-press.net\/cameroun\/wp-json\/wp\/v2\/posts"}],"about":[{"href":"https:\/\/www.africa-press.net\/cameroun\/wp-json\/wp\/v2\/types\/post"}],"author":[{"embeddable":true,"href":"https:\/\/www.africa-press.net\/cameroun\/wp-json\/wp\/v2\/users\/82"}],"replies":[{"embeddable":true,"href":"https:\/\/www.africa-press.net\/cameroun\/wp-json\/wp\/v2\/comments?post=27530"}],"version-history":[{"count":0,"href":"https:\/\/www.africa-press.net\/cameroun\/wp-json\/wp\/v2\/posts\/27530\/revisions"}],"wp:featuredmedia":[{"embeddable":true,"href":"https:\/\/www.africa-press.net\/cameroun\/wp-json\/wp\/v2\/media\/27529"}],"wp:attachment":[{"href":"https:\/\/www.africa-press.net\/cameroun\/wp-json\/wp\/v2\/media?parent=27530"}],"wp:term":[{"taxonomy":"category","embeddable":true,"href":"https:\/\/www.africa-press.net\/cameroun\/wp-json\/wp\/v2\/categories?post=27530"},{"taxonomy":"post_tag","embeddable":true,"href":"https:\/\/www.africa-press.net\/cameroun\/wp-json\/wp\/v2\/tags?post=27530"}],"curies":[{"name":"wp","href":"https:\/\/api.w.org\/{rel}","templated":true}]}}