{"id":27536,"date":"2022-09-17T15:00:09","date_gmt":"2022-09-17T15:00:09","guid":{"rendered":"https:\/\/www.africa-press.net\/cameroun\/politique\/cameroun-loapi-celebre-son-60eme-anniversaire"},"modified":"2022-09-17T16:26:33","modified_gmt":"2022-09-17T16:26:33","slug":"cameroun-loapi-celebre-son-60eme-anniversaire","status":"publish","type":"post","link":"https:\/\/www.africa-press.net\/cameroun\/toutes-les-actualites\/cameroun-loapi-celebre-son-60eme-anniversaire","title":{"rendered":"Cameroun : l\u2019OAPI c\u00e9l\u00e8bre son 60\u00e8me anniversaire"},"content":{"rendered":"<p><span style=\"color: #ff6600\"><strong>Africa-Press &#8211; Cameroun. <\/strong><\/span><b>Le lancement des activit\u00e9s relatives \u00e0 cette c\u00e9l\u00e9bration a eu lieu mardi 13 septembre 2022, \u00e0 l\u2019occasion de la journ\u00e9e africaine de la technologie et de la propri\u00e9t\u00e9 intellectuelle.<\/b><\/p>\n<p>C\u2019est un double \u00e9v\u00e8nement que l\u2019Organisation africaine de la propri\u00e9t\u00e9 intellectuelle (OAPI) a organis\u00e9 mardi 13 septembre dans la ville de Yaound\u00e9 : le lancement des activit\u00e9s li\u00e9es \u00e0 la c\u00e9l\u00e9bration de ses 60 ann\u00e9es d\u2019existence et la comm\u00e9moration de la journ\u00e9e africaine de la technologie et de la propri\u00e9t\u00e9 intellectuelle. Pour l\u2019occasion, une r\u00e9flexion scientifique a r\u00e9uni un panel d\u2019experts.<\/p>\n<p>Le th\u00e8me choisi pour la circonstance \u00e9tait \u00ab <b>propri\u00e9t\u00e9 intellectuelle, levier de l\u2019industrialisation et de la diversification \u00e9conomique en Afrique<\/b> \u00bb. Il s\u2019est agi \u00e0 travers ce th\u00e8me, de relever les obstacles \u00e0 l\u2019industrialisation et \u00e0 la diversification des \u00e9conomies africaines. Il \u00e9tait aussi question de ressortir des opportunit\u00e9s favorisant une \u00e9mergence \u00e9conomique \u00e0 travers l\u2019industrialisation et la diversification \u00e9conomique.<\/p>\n<p>Des \u00e9changes et des partages d\u2019exp\u00e9riences des experts ont meubl\u00e9 cette rencontre.<\/p>\n<p>\u00ab <b>Aujourd\u2019hui on a besoin de machines agricoles. Il faut que l\u2019Etat nous aide \u00e0 avoir des machines qui vont nous permettre de transformer nos mati\u00e8res premi\u00e8res. En 2002, quand nous avons lanc\u00e9 notre premier produit sur le march\u00e9, il \u00e9tait question qu\u2019en moins de 5 ans, on ait 70 produits locaux sur le march\u00e9. Aujourd\u2019hui on n\u2019en compte que 34 apr\u00e8s 7 ans. Nous avons des difficult\u00e9s \u00e0 obtenir un certificat d\u2019implantation et la probl\u00e9matique de la main d\u2019\u0153uvre fiable<\/b> \u00bb, \u00e9num\u00e8re Bertin Tchoffo, PDG de Pafic Sarl.<\/p>\n<p>Pour le Pr Kengne Fodouop, \u00ab <b>On ne peut pas parler de levier sans parler de d\u00e9fis. Il y a des d\u00e9fis de la diversification de l\u2019\u00e9conomie comme il y a des d\u00e9fis de l\u2019industrialisation. Et l\u2019un des premiers d\u00e9fis de la diversification de l\u2019\u00e9conomie dans l\u2019espace OAPI, c\u2019est le fait que les pays de l\u2019espace OAPI sont domin\u00e9s depuis leur accession \u00e0 l\u2019ind\u00e9pendance par l\u2019\u00e9conomie de rente. <\/b>\u00bb<\/p>\n<p>A la question de savoir comment faire face \u00e0 ces d\u00e9fis, l\u2019universitaire indique que ces 17 pays de l\u2019espace OAPI doivent <b>\u00ab mettre en place un processus de production ; avoir des machines de production et rompre avec ce pass\u00e9. \u00bb<\/b><\/p>\n<p>Notons que le m\u00eame th\u00e8me servira le fil d\u2019ariane au sommet des chefs d\u2019Etat et des gouvernements de l\u2019Union africaine sur l\u2019industrialisation et la diversification \u00e9conomique qui se tiendra du 20 au 25 novembre 2022 \u00e0 Niamey, au Niger.<\/p>\n<p><strong>Pour plus d&rsquo;informations et d&rsquo;analyses sur la <a href=\"https:\/\/www.africa-press.net\/cameroun\">Cameroun<\/a>, suivez <a href=\"https:\/\/www.africa-press.net\/\">Africa-Press<\/a><\/strong><\/p>\n","protected":false},"excerpt":{"rendered":"<p>Africa-Press &#8211; Cameroun. Le lancement des activit\u00e9s relatives \u00e0 cette c\u00e9l\u00e9bration a eu lieu mardi 13 septembre 2022, \u00e0 l\u2019occasion de la journ\u00e9e africaine de la technologie et de la propri\u00e9t\u00e9 intellectuelle. C\u2019est un double \u00e9v\u00e8nement que l\u2019Organisation africaine de la propri\u00e9t\u00e9 intellectuelle (OAPI) a organis\u00e9 mardi 13 septembre dans la ville de Yaound\u00e9 : [&hellip;]<\/p>\n","protected":false},"author":82,"featured_media":27535,"comment_status":"open","ping_status":"closed","sticky":false,"template":"","format":"standard","meta":{"footnotes":""},"categories":[21,11,10],"tags":[36,50,49],"class_list":["post-27536","post","type-post","status-publish","format-standard","has-post-thumbnail","hentry","category-communaute","category-homepage-french","category-toutes-les-actualites","tag-africa-press","tag-africa-press-cameroun","tag-cameroun"],"yoast_head":"<!-- This site is optimized with the Yoast SEO Premium plugin v26.1 (Yoast SEO v27.0) - https:\/\/yoast.com\/product\/yoast-seo-premium-wordpress\/ -->\n<title>Cameroun : l\u2019OAPI c\u00e9l\u00e8bre son 60\u00e8me anniversaire - Cameroun<\/title>\n<meta name=\"description\" content=\"Le lancement des activit\u00e9s relatives \u00e0 cette c\u00e9l\u00e9bration a eu lieu mardi 13 septembre 2022, \u00e0 l\u2019occasion de la journ\u00e9 ...\" \/>\n<meta name=\"robots\" content=\"index, follow, max-snippet:-1, max-image-preview:large, max-video-preview:-1\" \/>\n<link rel=\"canonical\" href=\"https:\/\/www.africa-press.net\/cameroun\/toutes-les-actualites\/cameroun-loapi-celebre-son-60eme-anniversaire\" \/>\n<meta property=\"og:locale\" content=\"fr_FR\" \/>\n<meta property=\"og:type\" content=\"article\" \/>\n<meta property=\"og:title\" content=\"Cameroun : l\u2019OAPI c\u00e9l\u00e8bre son 60\u00e8me anniversaire\" \/>\n<meta property=\"og:description\" content=\"Le lancement des activit\u00e9s relatives \u00e0 cette c\u00e9l\u00e9bration a eu lieu mardi 13 septembre 2022, \u00e0 l\u2019occasion de la journ\u00e9 ...\" \/>\n<meta property=\"og:url\" content=\"https:\/\/www.africa-press.net\/cameroun\/toutes-les-actualites\/cameroun-loapi-celebre-son-60eme-anniversaire\" \/>\n<meta property=\"og:site_name\" content=\"Cameroun\" \/>\n<meta property=\"article:published_time\" content=\"2022-09-17T15:00:09+00:00\" \/>\n<meta property=\"article:modified_time\" content=\"2022-09-17T16:26:33+00:00\" \/>\n<meta property=\"og:image\" content=\"https:\/\/static.africa-press.net\/cameroun\/sites\/57\/2022\/09\/img-6325f51af3679.jpg\" \/>\n\t<meta property=\"og:image:width\" content=\"1080\" \/>\n\t<meta property=\"og:image:height\" content=\"607\" \/>\n\t<meta property=\"og:image:type\" content=\"image\/jpeg\" \/>\n<meta name=\"author\" content=\"cfeditorfr\" \/>\n<meta name=\"twitter:card\" content=\"summary_large_image\" \/>\n<meta name=\"twitter:label1\" content=\"\u00c9crit par\" \/>\n\t<meta name=\"twitter:data1\" content=\"cfeditorfr\" \/>\n\t<meta name=\"twitter:label2\" content=\"Dur\u00e9e de lecture estim\u00e9e\" \/>\n\t<meta name=\"twitter:data2\" content=\"3 minutes\" \/>\n<script type=\"application\/ld+json\" class=\"yoast-schema-graph\">{\"@context\":\"https:\/\/schema.org\",\"@graph\":[{\"@type\":\"Article\",\"@id\":\"https:\/\/www.africa-press.net\/cameroun\/toutes-les-actualites\/cameroun-loapi-celebre-son-60eme-anniversaire#article\",\"isPartOf\":{\"@id\":\"https:\/\/www.africa-press.net\/cameroun\/toutes-les-actualites\/cameroun-loapi-celebre-son-60eme-anniversaire\"},\"author\":{\"name\":\"cfeditorfr\",\"@id\":\"https:\/\/www.africa-press.net\/cameroun\/#\/schema\/person\/2b1cf3cd81a31e3cd26889ca66d677f1\"},\"headline\":\"Cameroun : l\u2019OAPI c\u00e9l\u00e8bre son 60\u00e8me anniversaire\",\"datePublished\":\"2022-09-17T15:00:09+00:00\",\"dateModified\":\"2022-09-17T16:26:33+00:00\",\"mainEntityOfPage\":{\"@id\":\"https:\/\/www.africa-press.net\/cameroun\/toutes-les-actualites\/cameroun-loapi-celebre-son-60eme-anniversaire\"},\"wordCount\":459,\"commentCount\":0,\"image\":{\"@id\":\"https:\/\/www.africa-press.net\/cameroun\/toutes-les-actualites\/cameroun-loapi-celebre-son-60eme-anniversaire#primaryimage\"},\"thumbnailUrl\":\"https:\/\/static.africa-press.net\/cameroun\/sites\/57\/2022\/09\/img-6325f51af3679.jpg\",\"keywords\":[\"Africa Press\",\"Africa Press-Cameroun\",\"Cameroun\"],\"articleSection\":[\"Communaut\u00e9\",\"homepage-french\",\"Toutes les actualit\u00e9s\"],\"inLanguage\":\"fr-FR\",\"potentialAction\":[{\"@type\":\"CommentAction\",\"name\":\"Comment\",\"target\":[\"https:\/\/www.africa-press.net\/cameroun\/toutes-les-actualites\/cameroun-loapi-celebre-son-60eme-anniversaire#respond\"]}]},{\"@type\":\"WebPage\",\"@id\":\"https:\/\/www.africa-press.net\/cameroun\/toutes-les-actualites\/cameroun-loapi-celebre-son-60eme-anniversaire\",\"url\":\"https:\/\/www.africa-press.net\/cameroun\/toutes-les-actualites\/cameroun-loapi-celebre-son-60eme-anniversaire\",\"name\":\"Cameroun : l\u2019OAPI c\u00e9l\u00e8bre son 60\u00e8me anniversaire - Cameroun\",\"isPartOf\":{\"@id\":\"https:\/\/www.africa-press.net\/cameroun\/#website\"},\"primaryImageOfPage\":{\"@id\":\"https:\/\/www.africa-press.net\/cameroun\/toutes-les-actualites\/cameroun-loapi-celebre-son-60eme-anniversaire#primaryimage\"},\"image\":{\"@id\":\"https:\/\/www.africa-press.net\/cameroun\/toutes-les-actualites\/cameroun-loapi-celebre-son-60eme-anniversaire#primaryimage\"},\"thumbnailUrl\":\"https:\/\/static.africa-press.net\/cameroun\/sites\/57\/2022\/09\/img-6325f51af3679.jpg\",\"datePublished\":\"2022-09-17T15:00:09+00:00\",\"dateModified\":\"2022-09-17T16:26:33+00:00\",\"author\":{\"@id\":\"https:\/\/www.africa-press.net\/cameroun\/#\/schema\/person\/2b1cf3cd81a31e3cd26889ca66d677f1\"},\"description\":\"Le lancement des activit\u00e9s relatives \u00e0 cette c\u00e9l\u00e9bration a eu lieu mardi 13 septembre 2022, \u00e0 l\u2019occasion de la journ\u00e9 ...\",\"breadcrumb\":{\"@id\":\"https:\/\/www.africa-press.net\/cameroun\/toutes-les-actualites\/cameroun-loapi-celebre-son-60eme-anniversaire#breadcrumb\"},\"inLanguage\":\"fr-FR\",\"potentialAction\":[{\"@type\":\"ReadAction\",\"target\":[\"https:\/\/www.africa-press.net\/cameroun\/toutes-les-actualites\/cameroun-loapi-celebre-son-60eme-anniversaire\"]}]},{\"@type\":\"ImageObject\",\"inLanguage\":\"fr-FR\",\"@id\":\"https:\/\/www.africa-press.net\/cameroun\/toutes-les-actualites\/cameroun-loapi-celebre-son-60eme-anniversaire#primaryimage\",\"url\":\"https:\/\/static.africa-press.net\/cameroun\/sites\/57\/2022\/09\/img-6325f51af3679.jpg\",\"contentUrl\":\"https:\/\/static.africa-press.net\/cameroun\/sites\/57\/2022\/09\/img-6325f51af3679.jpg\",\"width\":1080,\"height\":607,\"caption\":\"Cameroun : l\u2019OAPI c\u00e9l\u00e8bre son 60\u00e8me anniversaire\"},{\"@type\":\"BreadcrumbList\",\"@id\":\"https:\/\/www.africa-press.net\/cameroun\/toutes-les-actualites\/cameroun-loapi-celebre-son-60eme-anniversaire#breadcrumb\",\"itemListElement\":[{\"@type\":\"ListItem\",\"position\":1,\"name\":\"Accueil\",\"item\":\"https:\/\/www.africa-press.net\/cameroun\/\"},{\"@type\":\"ListItem\",\"position\":2,\"name\":\"Cameroun : l\u2019OAPI c\u00e9l\u00e8bre son 60\u00e8me anniversaire\"}]},{\"@type\":\"WebSite\",\"@id\":\"https:\/\/www.africa-press.net\/cameroun\/#website\",\"url\":\"https:\/\/www.africa-press.net\/cameroun\/\",\"name\":\"Cameroun\",\"description\":\"Just another Africa News Agency Sites site\",\"potentialAction\":[{\"@type\":\"SearchAction\",\"target\":{\"@type\":\"EntryPoint\",\"urlTemplate\":\"https:\/\/www.africa-press.net\/cameroun\/?s={search_term_string}\"},\"query-input\":{\"@type\":\"PropertyValueSpecification\",\"valueRequired\":true,\"valueName\":\"search_term_string\"}}],\"inLanguage\":\"fr-FR\"},{\"@type\":\"Person\",\"@id\":\"https:\/\/www.africa-press.net\/cameroun\/#\/schema\/person\/2b1cf3cd81a31e3cd26889ca66d677f1\",\"name\":\"cfeditorfr\"}]}<\/script>\n<!-- \/ Yoast SEO Premium plugin. -->","yoast_head_json":{"title":"Cameroun : l\u2019OAPI c\u00e9l\u00e8bre son 60\u00e8me anniversaire - Cameroun","description":"Le lancement des activit\u00e9s relatives \u00e0 cette c\u00e9l\u00e9bration a eu lieu mardi 13 septembre 2022, \u00e0 l\u2019occasion de la journ\u00e9 ...","robots":{"index":"index","follow":"follow","max-snippet":"max-snippet:-1","max-image-preview":"max-image-preview:large","max-video-preview":"max-video-preview:-1"},"canonical":"https:\/\/www.africa-press.net\/cameroun\/toutes-les-actualites\/cameroun-loapi-celebre-son-60eme-anniversaire","og_locale":"fr_FR","og_type":"article","og_title":"Cameroun : l\u2019OAPI c\u00e9l\u00e8bre son 60\u00e8me anniversaire","og_description":"Le lancement des activit\u00e9s relatives \u00e0 cette c\u00e9l\u00e9bration a eu lieu mardi 13 septembre 2022, \u00e0 l\u2019occasion de la journ\u00e9 ...","og_url":"https:\/\/www.africa-press.net\/cameroun\/toutes-les-actualites\/cameroun-loapi-celebre-son-60eme-anniversaire","og_site_name":"Cameroun","article_published_time":"2022-09-17T15:00:09+00:00","article_modified_time":"2022-09-17T16:26:33+00:00","og_image":[{"width":1080,"height":607,"url":"https:\/\/static.africa-press.net\/cameroun\/sites\/57\/2022\/09\/img-6325f51af3679.jpg","type":"image\/jpeg"}],"author":"cfeditorfr","twitter_card":"summary_large_image","twitter_misc":{"\u00c9crit par":"cfeditorfr","Dur\u00e9e de lecture estim\u00e9e":"3 minutes"},"schema":{"@context":"https:\/\/schema.org","@graph":[{"@type":"Article","@id":"https:\/\/www.africa-press.net\/cameroun\/toutes-les-actualites\/cameroun-loapi-celebre-son-60eme-anniversaire#article","isPartOf":{"@id":"https:\/\/www.africa-press.net\/cameroun\/toutes-les-actualites\/cameroun-loapi-celebre-son-60eme-anniversaire"},"author":{"name":"cfeditorfr","@id":"https:\/\/www.africa-press.net\/cameroun\/#\/schema\/person\/2b1cf3cd81a31e3cd26889ca66d677f1"},"headline":"Cameroun : l\u2019OAPI c\u00e9l\u00e8bre son 60\u00e8me anniversaire","datePublished":"2022-09-17T15:00:09+00:00","dateModified":"2022-09-17T16:26:33+00:00","mainEntityOfPage":{"@id":"https:\/\/www.africa-press.net\/cameroun\/toutes-les-actualites\/cameroun-loapi-celebre-son-60eme-anniversaire"},"wordCount":459,"commentCount":0,"image":{"@id":"https:\/\/www.africa-press.net\/cameroun\/toutes-les-actualites\/cameroun-loapi-celebre-son-60eme-anniversaire#primaryimage"},"thumbnailUrl":"https:\/\/static.africa-press.net\/cameroun\/sites\/57\/2022\/09\/img-6325f51af3679.jpg","keywords":["Africa Press","Africa Press-Cameroun","Cameroun"],"articleSection":["Communaut\u00e9","homepage-french","Toutes les actualit\u00e9s"],"inLanguage":"fr-FR","potentialAction":[{"@type":"CommentAction","name":"Comment","target":["https:\/\/www.africa-press.net\/cameroun\/toutes-les-actualites\/cameroun-loapi-celebre-son-60eme-anniversaire#respond"]}]},{"@type":"WebPage","@id":"https:\/\/www.africa-press.net\/cameroun\/toutes-les-actualites\/cameroun-loapi-celebre-son-60eme-anniversaire","url":"https:\/\/www.africa-press.net\/cameroun\/toutes-les-actualites\/cameroun-loapi-celebre-son-60eme-anniversaire","name":"Cameroun : l\u2019OAPI c\u00e9l\u00e8bre son 60\u00e8me anniversaire - Cameroun","isPartOf":{"@id":"https:\/\/www.africa-press.net\/cameroun\/#website"},"primaryImageOfPage":{"@id":"https:\/\/www.africa-press.net\/cameroun\/toutes-les-actualites\/cameroun-loapi-celebre-son-60eme-anniversaire#primaryimage"},"image":{"@id":"https:\/\/www.africa-press.net\/cameroun\/toutes-les-actualites\/cameroun-loapi-celebre-son-60eme-anniversaire#primaryimage"},"thumbnailUrl":"https:\/\/static.africa-press.net\/cameroun\/sites\/57\/2022\/09\/img-6325f51af3679.jpg","datePublished":"2022-09-17T15:00:09+00:00","dateModified":"2022-09-17T16:26:33+00:00","author":{"@id":"https:\/\/www.africa-press.net\/cameroun\/#\/schema\/person\/2b1cf3cd81a31e3cd26889ca66d677f1"},"description":"Le lancement des activit\u00e9s relatives \u00e0 cette c\u00e9l\u00e9bration a eu lieu mardi 13 septembre 2022, \u00e0 l\u2019occasion de la journ\u00e9 ...","breadcrumb":{"@id":"https:\/\/www.africa-press.net\/cameroun\/toutes-les-actualites\/cameroun-loapi-celebre-son-60eme-anniversaire#breadcrumb"},"inLanguage":"fr-FR","potentialAction":[{"@type":"ReadAction","target":["https:\/\/www.africa-press.net\/cameroun\/toutes-les-actualites\/cameroun-loapi-celebre-son-60eme-anniversaire"]}]},{"@type":"ImageObject","inLanguage":"fr-FR","@id":"https:\/\/www.africa-press.net\/cameroun\/toutes-les-actualites\/cameroun-loapi-celebre-son-60eme-anniversaire#primaryimage","url":"https:\/\/static.africa-press.net\/cameroun\/sites\/57\/2022\/09\/img-6325f51af3679.jpg","contentUrl":"https:\/\/static.africa-press.net\/cameroun\/sites\/57\/2022\/09\/img-6325f51af3679.jpg","width":1080,"height":607,"caption":"Cameroun : l\u2019OAPI c\u00e9l\u00e8bre son 60\u00e8me anniversaire"},{"@type":"BreadcrumbList","@id":"https:\/\/www.africa-press.net\/cameroun\/toutes-les-actualites\/cameroun-loapi-celebre-son-60eme-anniversaire#breadcrumb","itemListElement":[{"@type":"ListItem","position":1,"name":"Accueil","item":"https:\/\/www.africa-press.net\/cameroun\/"},{"@type":"ListItem","position":2,"name":"Cameroun : l\u2019OAPI c\u00e9l\u00e8bre son 60\u00e8me anniversaire"}]},{"@type":"WebSite","@id":"https:\/\/www.africa-press.net\/cameroun\/#website","url":"https:\/\/www.africa-press.net\/cameroun\/","name":"Cameroun","description":"Just another Africa News Agency Sites site","potentialAction":[{"@type":"SearchAction","target":{"@type":"EntryPoint","urlTemplate":"https:\/\/www.africa-press.net\/cameroun\/?s={search_term_string}"},"query-input":{"@type":"PropertyValueSpecification","valueRequired":true,"valueName":"search_term_string"}}],"inLanguage":"fr-FR"},{"@type":"Person","@id":"https:\/\/www.africa-press.net\/cameroun\/#\/schema\/person\/2b1cf3cd81a31e3cd26889ca66d677f1","name":"cfeditorfr"}]}},"_links":{"self":[{"href":"https:\/\/www.africa-press.net\/cameroun\/wp-json\/wp\/v2\/posts\/27536","targetHints":{"allow":["GET"]}}],"collection":[{"href":"https:\/\/www.africa-press.net\/cameroun\/wp-json\/wp\/v2\/posts"}],"about":[{"href":"https:\/\/www.africa-press.net\/cameroun\/wp-json\/wp\/v2\/types\/post"}],"author":[{"embeddable":true,"href":"https:\/\/www.africa-press.net\/cameroun\/wp-json\/wp\/v2\/users\/82"}],"replies":[{"embeddable":true,"href":"https:\/\/www.africa-press.net\/cameroun\/wp-json\/wp\/v2\/comments?post=27536"}],"version-history":[{"count":0,"href":"https:\/\/www.africa-press.net\/cameroun\/wp-json\/wp\/v2\/posts\/27536\/revisions"}],"wp:featuredmedia":[{"embeddable":true,"href":"https:\/\/www.africa-press.net\/cameroun\/wp-json\/wp\/v2\/media\/27535"}],"wp:attachment":[{"href":"https:\/\/www.africa-press.net\/cameroun\/wp-json\/wp\/v2\/media?parent=27536"}],"wp:term":[{"taxonomy":"category","embeddable":true,"href":"https:\/\/www.africa-press.net\/cameroun\/wp-json\/wp\/v2\/categories?post=27536"},{"taxonomy":"post_tag","embeddable":true,"href":"https:\/\/www.africa-press.net\/cameroun\/wp-json\/wp\/v2\/tags?post=27536"}],"curies":[{"name":"wp","href":"https:\/\/api.w.org\/{rel}","templated":true}]}}