{"id":27539,"date":"2022-09-17T15:08:43","date_gmt":"2022-09-17T15:08:43","guid":{"rendered":"https:\/\/www.africa-press.net\/cameroun\/politique\/marche-des-titres-publics-de-la-beac-baisse-des-couts-des-emprunts-et-de-loffre-au-mois-daout-2022"},"modified":"2022-09-17T16:27:05","modified_gmt":"2022-09-17T16:27:05","slug":"marche-des-titres-publics-de-la-beac-baisse-des-couts-des-emprunts-et-de-loffre-au-mois-daout-2022","status":"publish","type":"post","link":"https:\/\/www.africa-press.net\/cameroun\/economie\/marche-des-titres-publics-de-la-beac-baisse-des-couts-des-emprunts-et-de-loffre-au-mois-daout-2022","title":{"rendered":"March\u00e9 des titres publics de la Beac\u00a0: baisse des co\u00fbts des emprunts et de l\u2019offre au mois d\u2019ao\u00fbt 2022"},"content":{"rendered":"<p><span style=\"color: #ff6600\"><strong>Africa-Press &#8211; Cameroun. <\/strong><\/span>Investir au Cameroun) &#8211; Entre juillet et ao\u00fbt 2022, le co\u00fbt moyen des ressources mobilis\u00e9es par les Etats sur le march\u00e9 des titres publics de la Banque des Etats de l\u2019Afrique centrale (Beac), l\u2019institut d\u2019\u00e9mission des six pays de la Cemac (Cameroun, Congo, Gabon, Tchad, RCA et Guin\u00e9e \u00e9quatoriale), a baiss\u00e9 de 0,66 point. Selon les donn\u00e9es publi\u00e9es par la Cellule de r\u00e8glement et de conservation des titres de la Beac, ce co\u00fbt moyen est pass\u00e9 de 7,69% en juillet, \u00e0 7,03% en ao\u00fbt dernier.<\/p>\n<p>Ce fl\u00e9chissement des co\u00fbts des emprunts s\u2019est accompagn\u00e9 d\u2019une baisse du taux de participation (de 34,01% en juillet \u00e0 30,39 en ao\u00fbt) des banques op\u00e9rant sur ce march\u00e9 comme Sp\u00e9cialistes en valeur du Tr\u00e9sor (SVT). Ce refroidissement de l\u2019int\u00e9r\u00eat des SVT pour les appels de fonds des Etats a lui-m\u00eame induit une r\u00e9duction du taux de souscription aux op\u00e9rations de recherche des financements de 29,7%, passant de 116,85% en juillet \u00e0 87,08% au mois d\u2019ao\u00fbt 2022.<\/p>\n<p>Cette baisse des co\u00fbts, elle-m\u00eame cons\u00e9cutive \u00e0 un fl\u00e9chissement de l\u2019offre des SVT peut s\u2019expliquer par l\u2019essoufflement des banques op\u00e9rant comme SVT, qui ont \u00e9t\u00e9 tr\u00e8s sollicit\u00e9es depuis le d\u00e9but de l\u2019ann\u00e9e, aussi bien sur le march\u00e9 des titres publics que sur le march\u00e9 financier unifi\u00e9.<\/p>\n<p>De plus, en cette fin d\u2019ann\u00e9e 2022, soumises \u00e0 l\u2019obligation de respect des ratios prudentiels \u00e9dict\u00e9s par les autorit\u00e9s mon\u00e9taires et de r\u00e9gulation, ces SVT peuvent ne plus disposer de ressources suffisantes pour r\u00e9pondre aux appels de fonds des Etats de la Cemac op\u00e9rant sur le march\u00e9 mon\u00e9taire sous-r\u00e9gional.<\/p>\n<p><b>BRM<\/b><\/p>\n<p><strong>Pour plus d&rsquo;informations et d&rsquo;analyses sur la <a href=\"https:\/\/www.africa-press.net\/cameroun\">Cameroun<\/a>, suivez <a href=\"https:\/\/www.africa-press.net\/\">Africa-Press<\/a><\/strong><\/p>\n","protected":false},"excerpt":{"rendered":"<p>Africa-Press &#8211; Cameroun. Investir au Cameroun) &#8211; Entre juillet et ao\u00fbt 2022, le co\u00fbt moyen des ressources mobilis\u00e9es par les Etats sur le march\u00e9 des titres publics de la Banque des Etats de l\u2019Afrique centrale (Beac), l\u2019institut d\u2019\u00e9mission des six pays de la Cemac (Cameroun, Congo, Gabon, Tchad, RCA et Guin\u00e9e \u00e9quatoriale), a baiss\u00e9 de [&hellip;]<\/p>\n","protected":false},"author":82,"featured_media":27538,"comment_status":"open","ping_status":"closed","sticky":false,"template":"","format":"standard","meta":{"footnotes":""},"categories":[3,11,10],"tags":[36,50,49],"class_list":["post-27539","post","type-post","status-publish","format-standard","has-post-thumbnail","hentry","category-economie","category-homepage-french","category-toutes-les-actualites","tag-africa-press","tag-africa-press-cameroun","tag-cameroun"],"yoast_head":"<!-- This site is optimized with the Yoast SEO Premium plugin v26.1 (Yoast SEO v27.0) - https:\/\/yoast.com\/product\/yoast-seo-premium-wordpress\/ -->\n<title>March\u00e9 des titres publics de la Beac\u00a0: baisse des co\u00fbts des emprunts et de l\u2019offre au mois d\u2019ao\u00fbt 2022 - Cameroun<\/title>\n<meta name=\"description\" content=\"Investir au Cameroun) - Entre juillet et ao\u00fbt 2022, le co\u00fbt moyen des ressources mobilis\u00e9es par les Etats sur le march\u00e9 ...\" \/>\n<meta name=\"robots\" content=\"index, follow, max-snippet:-1, max-image-preview:large, max-video-preview:-1\" \/>\n<link rel=\"canonical\" href=\"https:\/\/www.africa-press.net\/cameroun\/economie\/marche-des-titres-publics-de-la-beac-baisse-des-couts-des-emprunts-et-de-loffre-au-mois-daout-2022\" \/>\n<meta property=\"og:locale\" content=\"fr_FR\" \/>\n<meta property=\"og:type\" content=\"article\" \/>\n<meta property=\"og:title\" content=\"March\u00e9 des titres publics de la Beac\u00a0: baisse des co\u00fbts des emprunts et de l\u2019offre au mois d\u2019ao\u00fbt 2022\" \/>\n<meta property=\"og:description\" content=\"Investir au Cameroun) - Entre juillet et ao\u00fbt 2022, le co\u00fbt moyen des ressources mobilis\u00e9es par les Etats sur le march\u00e9 ...\" \/>\n<meta property=\"og:url\" content=\"https:\/\/www.africa-press.net\/cameroun\/economie\/marche-des-titres-publics-de-la-beac-baisse-des-couts-des-emprunts-et-de-loffre-au-mois-daout-2022\" \/>\n<meta property=\"og:site_name\" content=\"Cameroun\" \/>\n<meta property=\"article:published_time\" content=\"2022-09-17T15:08:43+00:00\" \/>\n<meta property=\"article:modified_time\" content=\"2022-09-17T16:27:05+00:00\" \/>\n<meta property=\"og:image\" content=\"https:\/\/static.africa-press.net\/cameroun\/sites\/57\/2022\/09\/img-6325f53f6e152.jpg\" \/>\n\t<meta property=\"og:image:width\" content=\"720\" \/>\n\t<meta property=\"og:image:height\" content=\"479\" \/>\n\t<meta property=\"og:image:type\" content=\"image\/jpeg\" \/>\n<meta name=\"author\" content=\"cfeditorfr\" \/>\n<meta name=\"twitter:card\" content=\"summary_large_image\" \/>\n<meta name=\"twitter:label1\" content=\"\u00c9crit par\" \/>\n\t<meta name=\"twitter:data1\" content=\"cfeditorfr\" \/>\n\t<meta name=\"twitter:label2\" content=\"Dur\u00e9e de lecture estim\u00e9e\" \/>\n\t<meta name=\"twitter:data2\" content=\"2 minutes\" \/>\n<script type=\"application\/ld+json\" class=\"yoast-schema-graph\">{\"@context\":\"https:\/\/schema.org\",\"@graph\":[{\"@type\":\"Article\",\"@id\":\"https:\/\/www.africa-press.net\/cameroun\/economie\/marche-des-titres-publics-de-la-beac-baisse-des-couts-des-emprunts-et-de-loffre-au-mois-daout-2022#article\",\"isPartOf\":{\"@id\":\"https:\/\/www.africa-press.net\/cameroun\/economie\/marche-des-titres-publics-de-la-beac-baisse-des-couts-des-emprunts-et-de-loffre-au-mois-daout-2022\"},\"author\":{\"name\":\"cfeditorfr\",\"@id\":\"https:\/\/www.africa-press.net\/cameroun\/#\/schema\/person\/2b1cf3cd81a31e3cd26889ca66d677f1\"},\"headline\":\"March\u00e9 des titres publics de la Beac\u00a0: baisse des co\u00fbts des emprunts et de l\u2019offre au mois d\u2019ao\u00fbt 2022\",\"datePublished\":\"2022-09-17T15:08:43+00:00\",\"dateModified\":\"2022-09-17T16:27:05+00:00\",\"mainEntityOfPage\":{\"@id\":\"https:\/\/www.africa-press.net\/cameroun\/economie\/marche-des-titres-publics-de-la-beac-baisse-des-couts-des-emprunts-et-de-loffre-au-mois-daout-2022\"},\"wordCount\":330,\"commentCount\":0,\"image\":{\"@id\":\"https:\/\/www.africa-press.net\/cameroun\/economie\/marche-des-titres-publics-de-la-beac-baisse-des-couts-des-emprunts-et-de-loffre-au-mois-daout-2022#primaryimage\"},\"thumbnailUrl\":\"https:\/\/static.africa-press.net\/cameroun\/sites\/57\/2022\/09\/img-6325f53f6e152.jpg\",\"keywords\":[\"Africa Press\",\"Africa Press-Cameroun\",\"Cameroun\"],\"articleSection\":[\"\u00c9conomie\",\"homepage-french\",\"Toutes les actualit\u00e9s\"],\"inLanguage\":\"fr-FR\",\"potentialAction\":[{\"@type\":\"CommentAction\",\"name\":\"Comment\",\"target\":[\"https:\/\/www.africa-press.net\/cameroun\/economie\/marche-des-titres-publics-de-la-beac-baisse-des-couts-des-emprunts-et-de-loffre-au-mois-daout-2022#respond\"]}]},{\"@type\":\"WebPage\",\"@id\":\"https:\/\/www.africa-press.net\/cameroun\/economie\/marche-des-titres-publics-de-la-beac-baisse-des-couts-des-emprunts-et-de-loffre-au-mois-daout-2022\",\"url\":\"https:\/\/www.africa-press.net\/cameroun\/economie\/marche-des-titres-publics-de-la-beac-baisse-des-couts-des-emprunts-et-de-loffre-au-mois-daout-2022\",\"name\":\"March\u00e9 des titres publics de la Beac\u00a0: baisse des co\u00fbts des emprunts et de l\u2019offre au mois d\u2019ao\u00fbt 2022 - Cameroun\",\"isPartOf\":{\"@id\":\"https:\/\/www.africa-press.net\/cameroun\/#website\"},\"primaryImageOfPage\":{\"@id\":\"https:\/\/www.africa-press.net\/cameroun\/economie\/marche-des-titres-publics-de-la-beac-baisse-des-couts-des-emprunts-et-de-loffre-au-mois-daout-2022#primaryimage\"},\"image\":{\"@id\":\"https:\/\/www.africa-press.net\/cameroun\/economie\/marche-des-titres-publics-de-la-beac-baisse-des-couts-des-emprunts-et-de-loffre-au-mois-daout-2022#primaryimage\"},\"thumbnailUrl\":\"https:\/\/static.africa-press.net\/cameroun\/sites\/57\/2022\/09\/img-6325f53f6e152.jpg\",\"datePublished\":\"2022-09-17T15:08:43+00:00\",\"dateModified\":\"2022-09-17T16:27:05+00:00\",\"author\":{\"@id\":\"https:\/\/www.africa-press.net\/cameroun\/#\/schema\/person\/2b1cf3cd81a31e3cd26889ca66d677f1\"},\"description\":\"Investir au Cameroun) - Entre juillet et ao\u00fbt 2022, le co\u00fbt moyen des ressources mobilis\u00e9es par les Etats sur le march\u00e9 ...\",\"breadcrumb\":{\"@id\":\"https:\/\/www.africa-press.net\/cameroun\/economie\/marche-des-titres-publics-de-la-beac-baisse-des-couts-des-emprunts-et-de-loffre-au-mois-daout-2022#breadcrumb\"},\"inLanguage\":\"fr-FR\",\"potentialAction\":[{\"@type\":\"ReadAction\",\"target\":[\"https:\/\/www.africa-press.net\/cameroun\/economie\/marche-des-titres-publics-de-la-beac-baisse-des-couts-des-emprunts-et-de-loffre-au-mois-daout-2022\"]}]},{\"@type\":\"ImageObject\",\"inLanguage\":\"fr-FR\",\"@id\":\"https:\/\/www.africa-press.net\/cameroun\/economie\/marche-des-titres-publics-de-la-beac-baisse-des-couts-des-emprunts-et-de-loffre-au-mois-daout-2022#primaryimage\",\"url\":\"https:\/\/static.africa-press.net\/cameroun\/sites\/57\/2022\/09\/img-6325f53f6e152.jpg\",\"contentUrl\":\"https:\/\/static.africa-press.net\/cameroun\/sites\/57\/2022\/09\/img-6325f53f6e152.jpg\",\"width\":720,\"height\":479,\"caption\":\"March\u00e9 des titres publics de la Beac\u00a0: baisse des co\u00fbts des emprunts et de l\u2019offre au mois d\u2019ao\u00fbt 2022\"},{\"@type\":\"BreadcrumbList\",\"@id\":\"https:\/\/www.africa-press.net\/cameroun\/economie\/marche-des-titres-publics-de-la-beac-baisse-des-couts-des-emprunts-et-de-loffre-au-mois-daout-2022#breadcrumb\",\"itemListElement\":[{\"@type\":\"ListItem\",\"position\":1,\"name\":\"Accueil\",\"item\":\"https:\/\/www.africa-press.net\/cameroun\/\"},{\"@type\":\"ListItem\",\"position\":2,\"name\":\"March\u00e9 des titres publics de la Beac\u00a0: baisse des co\u00fbts des emprunts et de l\u2019offre au mois d\u2019ao\u00fbt 2022\"}]},{\"@type\":\"WebSite\",\"@id\":\"https:\/\/www.africa-press.net\/cameroun\/#website\",\"url\":\"https:\/\/www.africa-press.net\/cameroun\/\",\"name\":\"Cameroun\",\"description\":\"Just another Africa News Agency Sites site\",\"potentialAction\":[{\"@type\":\"SearchAction\",\"target\":{\"@type\":\"EntryPoint\",\"urlTemplate\":\"https:\/\/www.africa-press.net\/cameroun\/?s={search_term_string}\"},\"query-input\":{\"@type\":\"PropertyValueSpecification\",\"valueRequired\":true,\"valueName\":\"search_term_string\"}}],\"inLanguage\":\"fr-FR\"},{\"@type\":\"Person\",\"@id\":\"https:\/\/www.africa-press.net\/cameroun\/#\/schema\/person\/2b1cf3cd81a31e3cd26889ca66d677f1\",\"name\":\"cfeditorfr\"}]}<\/script>\n<!-- \/ Yoast SEO Premium plugin. -->","yoast_head_json":{"title":"March\u00e9 des titres publics de la Beac\u00a0: baisse des co\u00fbts des emprunts et de l\u2019offre au mois d\u2019ao\u00fbt 2022 - Cameroun","description":"Investir au Cameroun) - Entre juillet et ao\u00fbt 2022, le co\u00fbt moyen des ressources mobilis\u00e9es par les Etats sur le march\u00e9 ...","robots":{"index":"index","follow":"follow","max-snippet":"max-snippet:-1","max-image-preview":"max-image-preview:large","max-video-preview":"max-video-preview:-1"},"canonical":"https:\/\/www.africa-press.net\/cameroun\/economie\/marche-des-titres-publics-de-la-beac-baisse-des-couts-des-emprunts-et-de-loffre-au-mois-daout-2022","og_locale":"fr_FR","og_type":"article","og_title":"March\u00e9 des titres publics de la Beac\u00a0: baisse des co\u00fbts des emprunts et de l\u2019offre au mois d\u2019ao\u00fbt 2022","og_description":"Investir au Cameroun) - Entre juillet et ao\u00fbt 2022, le co\u00fbt moyen des ressources mobilis\u00e9es par les Etats sur le march\u00e9 ...","og_url":"https:\/\/www.africa-press.net\/cameroun\/economie\/marche-des-titres-publics-de-la-beac-baisse-des-couts-des-emprunts-et-de-loffre-au-mois-daout-2022","og_site_name":"Cameroun","article_published_time":"2022-09-17T15:08:43+00:00","article_modified_time":"2022-09-17T16:27:05+00:00","og_image":[{"width":720,"height":479,"url":"https:\/\/static.africa-press.net\/cameroun\/sites\/57\/2022\/09\/img-6325f53f6e152.jpg","type":"image\/jpeg"}],"author":"cfeditorfr","twitter_card":"summary_large_image","twitter_misc":{"\u00c9crit par":"cfeditorfr","Dur\u00e9e de lecture estim\u00e9e":"2 minutes"},"schema":{"@context":"https:\/\/schema.org","@graph":[{"@type":"Article","@id":"https:\/\/www.africa-press.net\/cameroun\/economie\/marche-des-titres-publics-de-la-beac-baisse-des-couts-des-emprunts-et-de-loffre-au-mois-daout-2022#article","isPartOf":{"@id":"https:\/\/www.africa-press.net\/cameroun\/economie\/marche-des-titres-publics-de-la-beac-baisse-des-couts-des-emprunts-et-de-loffre-au-mois-daout-2022"},"author":{"name":"cfeditorfr","@id":"https:\/\/www.africa-press.net\/cameroun\/#\/schema\/person\/2b1cf3cd81a31e3cd26889ca66d677f1"},"headline":"March\u00e9 des titres publics de la Beac\u00a0: baisse des co\u00fbts des emprunts et de l\u2019offre au mois d\u2019ao\u00fbt 2022","datePublished":"2022-09-17T15:08:43+00:00","dateModified":"2022-09-17T16:27:05+00:00","mainEntityOfPage":{"@id":"https:\/\/www.africa-press.net\/cameroun\/economie\/marche-des-titres-publics-de-la-beac-baisse-des-couts-des-emprunts-et-de-loffre-au-mois-daout-2022"},"wordCount":330,"commentCount":0,"image":{"@id":"https:\/\/www.africa-press.net\/cameroun\/economie\/marche-des-titres-publics-de-la-beac-baisse-des-couts-des-emprunts-et-de-loffre-au-mois-daout-2022#primaryimage"},"thumbnailUrl":"https:\/\/static.africa-press.net\/cameroun\/sites\/57\/2022\/09\/img-6325f53f6e152.jpg","keywords":["Africa Press","Africa Press-Cameroun","Cameroun"],"articleSection":["\u00c9conomie","homepage-french","Toutes les actualit\u00e9s"],"inLanguage":"fr-FR","potentialAction":[{"@type":"CommentAction","name":"Comment","target":["https:\/\/www.africa-press.net\/cameroun\/economie\/marche-des-titres-publics-de-la-beac-baisse-des-couts-des-emprunts-et-de-loffre-au-mois-daout-2022#respond"]}]},{"@type":"WebPage","@id":"https:\/\/www.africa-press.net\/cameroun\/economie\/marche-des-titres-publics-de-la-beac-baisse-des-couts-des-emprunts-et-de-loffre-au-mois-daout-2022","url":"https:\/\/www.africa-press.net\/cameroun\/economie\/marche-des-titres-publics-de-la-beac-baisse-des-couts-des-emprunts-et-de-loffre-au-mois-daout-2022","name":"March\u00e9 des titres publics de la Beac\u00a0: baisse des co\u00fbts des emprunts et de l\u2019offre au mois d\u2019ao\u00fbt 2022 - Cameroun","isPartOf":{"@id":"https:\/\/www.africa-press.net\/cameroun\/#website"},"primaryImageOfPage":{"@id":"https:\/\/www.africa-press.net\/cameroun\/economie\/marche-des-titres-publics-de-la-beac-baisse-des-couts-des-emprunts-et-de-loffre-au-mois-daout-2022#primaryimage"},"image":{"@id":"https:\/\/www.africa-press.net\/cameroun\/economie\/marche-des-titres-publics-de-la-beac-baisse-des-couts-des-emprunts-et-de-loffre-au-mois-daout-2022#primaryimage"},"thumbnailUrl":"https:\/\/static.africa-press.net\/cameroun\/sites\/57\/2022\/09\/img-6325f53f6e152.jpg","datePublished":"2022-09-17T15:08:43+00:00","dateModified":"2022-09-17T16:27:05+00:00","author":{"@id":"https:\/\/www.africa-press.net\/cameroun\/#\/schema\/person\/2b1cf3cd81a31e3cd26889ca66d677f1"},"description":"Investir au Cameroun) - Entre juillet et ao\u00fbt 2022, le co\u00fbt moyen des ressources mobilis\u00e9es par les Etats sur le march\u00e9 ...","breadcrumb":{"@id":"https:\/\/www.africa-press.net\/cameroun\/economie\/marche-des-titres-publics-de-la-beac-baisse-des-couts-des-emprunts-et-de-loffre-au-mois-daout-2022#breadcrumb"},"inLanguage":"fr-FR","potentialAction":[{"@type":"ReadAction","target":["https:\/\/www.africa-press.net\/cameroun\/economie\/marche-des-titres-publics-de-la-beac-baisse-des-couts-des-emprunts-et-de-loffre-au-mois-daout-2022"]}]},{"@type":"ImageObject","inLanguage":"fr-FR","@id":"https:\/\/www.africa-press.net\/cameroun\/economie\/marche-des-titres-publics-de-la-beac-baisse-des-couts-des-emprunts-et-de-loffre-au-mois-daout-2022#primaryimage","url":"https:\/\/static.africa-press.net\/cameroun\/sites\/57\/2022\/09\/img-6325f53f6e152.jpg","contentUrl":"https:\/\/static.africa-press.net\/cameroun\/sites\/57\/2022\/09\/img-6325f53f6e152.jpg","width":720,"height":479,"caption":"March\u00e9 des titres publics de la Beac\u00a0: baisse des co\u00fbts des emprunts et de l\u2019offre au mois d\u2019ao\u00fbt 2022"},{"@type":"BreadcrumbList","@id":"https:\/\/www.africa-press.net\/cameroun\/economie\/marche-des-titres-publics-de-la-beac-baisse-des-couts-des-emprunts-et-de-loffre-au-mois-daout-2022#breadcrumb","itemListElement":[{"@type":"ListItem","position":1,"name":"Accueil","item":"https:\/\/www.africa-press.net\/cameroun\/"},{"@type":"ListItem","position":2,"name":"March\u00e9 des titres publics de la Beac\u00a0: baisse des co\u00fbts des emprunts et de l\u2019offre au mois d\u2019ao\u00fbt 2022"}]},{"@type":"WebSite","@id":"https:\/\/www.africa-press.net\/cameroun\/#website","url":"https:\/\/www.africa-press.net\/cameroun\/","name":"Cameroun","description":"Just another Africa News Agency Sites site","potentialAction":[{"@type":"SearchAction","target":{"@type":"EntryPoint","urlTemplate":"https:\/\/www.africa-press.net\/cameroun\/?s={search_term_string}"},"query-input":{"@type":"PropertyValueSpecification","valueRequired":true,"valueName":"search_term_string"}}],"inLanguage":"fr-FR"},{"@type":"Person","@id":"https:\/\/www.africa-press.net\/cameroun\/#\/schema\/person\/2b1cf3cd81a31e3cd26889ca66d677f1","name":"cfeditorfr"}]}},"_links":{"self":[{"href":"https:\/\/www.africa-press.net\/cameroun\/wp-json\/wp\/v2\/posts\/27539","targetHints":{"allow":["GET"]}}],"collection":[{"href":"https:\/\/www.africa-press.net\/cameroun\/wp-json\/wp\/v2\/posts"}],"about":[{"href":"https:\/\/www.africa-press.net\/cameroun\/wp-json\/wp\/v2\/types\/post"}],"author":[{"embeddable":true,"href":"https:\/\/www.africa-press.net\/cameroun\/wp-json\/wp\/v2\/users\/82"}],"replies":[{"embeddable":true,"href":"https:\/\/www.africa-press.net\/cameroun\/wp-json\/wp\/v2\/comments?post=27539"}],"version-history":[{"count":0,"href":"https:\/\/www.africa-press.net\/cameroun\/wp-json\/wp\/v2\/posts\/27539\/revisions"}],"wp:featuredmedia":[{"embeddable":true,"href":"https:\/\/www.africa-press.net\/cameroun\/wp-json\/wp\/v2\/media\/27538"}],"wp:attachment":[{"href":"https:\/\/www.africa-press.net\/cameroun\/wp-json\/wp\/v2\/media?parent=27539"}],"wp:term":[{"taxonomy":"category","embeddable":true,"href":"https:\/\/www.africa-press.net\/cameroun\/wp-json\/wp\/v2\/categories?post=27539"},{"taxonomy":"post_tag","embeddable":true,"href":"https:\/\/www.africa-press.net\/cameroun\/wp-json\/wp\/v2\/tags?post=27539"}],"curies":[{"name":"wp","href":"https:\/\/api.w.org\/{rel}","templated":true}]}}