{"id":27554,"date":"2022-09-17T16:14:35","date_gmt":"2022-09-17T16:14:35","guid":{"rendered":"https:\/\/www.africa-press.net\/cameroun\/politique\/cameroun-avec-jean-pierre-amougou-belinga-une-polemique-peut-en-cacher-une-autre"},"modified":"2022-09-17T17:09:55","modified_gmt":"2022-09-17T17:09:55","slug":"cameroun-avec-jean-pierre-amougou-belinga-une-polemique-peut-en-cacher-une-autre","status":"publish","type":"post","link":"https:\/\/www.africa-press.net\/cameroun\/politique\/cameroun-avec-jean-pierre-amougou-belinga-une-polemique-peut-en-cacher-une-autre","title":{"rendered":"Cameroun : avec Jean-Pierre Amougou Belinga, une pol\u00e9mique peut en cacher une autre"},"content":{"rendered":"<p><span style=\"color: #ff6600\"><strong>Africa-Press &#8211; Cameroun. <\/strong><\/span>Sans doute s\u2019en serait-il bien pass\u00e9. Au Cameroun, Jean-Pierre Amougou Belinga n\u2019en finit plus de faire parler de lui. Sujet m\u00e9diatique par excellence, l\u2019homme d\u2019affaires \u00e0 la fulgurante ascension, patron de Vision 4 et de Telesud, se retrouve une nouvelle fois sous le feu des projecteurs.<\/p>\n<p>Il ne s\u2019agit pas ici du contentieux qui l\u2019oppose \u00e0 l\u2019administration fiscale et qui l\u2019a pr\u00e9cipit\u00e9, bien malgr\u00e9 lui, au c\u0153ur de la guerre des clans qui fait rage \u00e0 Yaound\u00e9 dans la perspective de l\u2019apr\u00e8s-Biya. Cette fois, la pol\u00e9mique est partie de l\u2019inauguration d\u2019un immeuble devant abriter les bureaux de ses entreprises.<\/p>\n<p><b>Bloc de b\u00e9ton et de verre<\/b><\/p>\n<p>Il faut dire qu\u2019Amougou Belinga n\u2019a pas fait dans la dentelle. L\u2019\u00e9v\u00e8nement, qui s\u2019est tenu \u00e0 la fin d\u2019ao\u00fbt, a donn\u00e9 lieu \u00e0 un d\u00e9fil\u00e9 de personnalit\u00e9s et a fait l\u2019objet de plusieurs reportages dithyrambiques dans les m\u00e9dias de l\u2019homme d\u2019affaires et dans une certaine presse. Le bloc de b\u00e9ton et de verre, situ\u00e9 en plein c\u0153ur de la capitale, en face du palais des sports et non loin du nouvel hypermarch\u00e9 construit par Carrefour, est pr\u00e9sent\u00e9 par l\u2019entourage du magnat comme l\u2019illustration de sa volont\u00e9 de \u00ab donner un coup de modernit\u00e9 au groupe \u00bb qu\u2019il a b\u00e2ti.<\/p>\n<p>Sauf que c\u2019est moins pour son esth\u00e9tique que pour le nom qui lui a \u00e9t\u00e9 donn\u00e9 que la derni\u00e8re r\u00e9alisation d\u2019Amougou Belingfait couler encre et salive. D\u00e9tenteur d\u2019un titre de notabilit\u00e9 traditionnelle chez les Ewondos, peuple qui occupait le centre de Yaound\u00e9 avant l\u2019arriv\u00e9e des Europ\u00e9ens, l\u2019homme d\u2019affaires a entrepris de donner \u00e0 l\u2019\u00e9difice une dimension culturelle en le nommant \u00ab Immeuble Ekang \u00bb, en r\u00e9f\u00e9rence au groupe ethnique qui rassemble les Betis (dont les Ewondos sont un sous-groupe), les Bulus \u2013 dont est originaire le pr\u00e9sident \u2013 et les Fangs.<\/p>\n<p>Dans son architecture pourtant, l\u2019immeuble Ekang n\u2019a rien de traditionnel, si ce n\u2019est peut-\u00eatre ce tam-tam dispos\u00e9, tel un logo, \u00e0 c\u00f4t\u00e9 du nom du building au sommet de ses neuf \u00e9tages. Qui plus est, au Cameroun, personne n\u2019a oubli\u00e9 cette sortie d\u2019Amougou Belinga, en juillet 2020, au cours de laquelle il qualifiait \u00ab ses fr\u00e8res \u00bb de personnes fonci\u00e8rement \u00ab paresseuses, malhonn\u00eates, sournoises et m\u00e9chantes \u00bb.<\/p>\n<p><b>Marketing communautaire<\/b><\/p>\n<p>Le nom du b\u00e2timent suscite en tout cas curiosit\u00e9 et interrogations, les mauvaises langues soup\u00e7onnant l\u2019entrepreneur de vouloir se servir de sa communaut\u00e9 comme d\u2019un paravent pour mettre cet investissement priv\u00e9 \u00e0 l\u2019abri d\u2019un \u00e9ventuel d\u00e9saccord avec l\u2019\u00c9tat, voire de verser dans le marketing communautaire. \u00ab Il ne s\u2019agit de rien d\u2019autre que d\u2019une appellation \u00e0 connotation tribale, qui met \u00e0 mal la coh\u00e9sion des peuples et des tribus vivant dans la capitale camerounaise \u00bb, s\u2019est ainsi emport\u00e9 l\u2019avocat Christian Ntimbane Bomo, en \u00e9cho au m\u00e9contentement exprim\u00e9 sur les r\u00e9seaux sociaux.<\/p>\n<p>Dans une tribune, l\u2019\u00e9conomiste Thierry Amougou \u00e9voque, lui, une double grille de lecture. \u00ab Le c\u00f4t\u00e9 positif \u00e0 ces projets ethno-tribaux tient au fait qu\u2019une concurrence monopolistique peut na\u00eetre entre diff\u00e9rents groupes tribaux, chacun s\u2019\u00e9vertuant \u00e0 \u00eatre excellent dans l\u2019exaltation de son identit\u00e9 et de sa culture dans une sorte de mouvement national d\u2019\u00e9mulation qui enrichit le pays de sa diversit\u00e9 culturelle, \u00e9crit le chercheur au Centre tricontinental (Cetri). Leur c\u00f4t\u00e9 dangereux et n\u00e9gatif est le potentiel destructeur de la nation camerounaise qu\u2019ils peuvent porter en devenant des armes de destruction de la citoyennet\u00e9 camerounaise pour des citoyennet\u00e9s ethno-tribales. \u00bb<\/p>\n<p>Pour Amougou Belinga lui-m\u00eame, le choix de ce patronyme trouve ses raisons ailleurs. \u00ab Cet immeuble symbolise le rassemblement de tous les Ekangs autour d\u2019une m\u00eame table pour r\u00e9gler leurs diff\u00e9rends, penser leur d\u00e9veloppement, a-t-il expliqu\u00e9 dans l\u2019un de ses m\u00e9dias. Le tam-tam sur le logo symbolise l\u2019\u00e9difice comme une plateforme de communication entre les peuples de la for\u00eat et ceux d\u2019ailleurs. \u00bb<\/p>\n<p><b>Un prix d\u00e9fiant toute concurrence<\/b><\/p>\n<p>Pour comprendre comment l\u2019op\u00e9rateur a acquis, pour 23,5 millions de francs CFA (35 700 euros), ce terrain situ\u00e9 \u00e0 Warda et d\u2019un peu plus de 4 700 m\u00b2, il a fallu se rendre \u00e0 la mairie de la ville de Yaound\u00e9. Dans un espace o\u00f9 les mercuriales de l\u2019\u00c9tat le fixent \u00e0 20 000 F CFA, un prix unitaire de 5 000 F CFA le m\u00b2 surprend.<\/p>\n<p>Car tel est le c\u0153ur de l\u2019autre pol\u00e9mique li\u00e9e \u00e0 cet immeuble, laquelle est apparue apr\u00e8s la mise en circulation d\u2019un document relatif \u00e0 l\u2019attribution d\u00e9finitive dudit lotissement \u00e0 la soci\u00e9t\u00e9 immobili\u00e8re Starline \u2013 propri\u00e9t\u00e9 de Belinga \u2013 pour un co\u00fbt relativement bas. Selon nos informations, le terrain en question est situ\u00e9 sur un domaine d\u00e9clar\u00e9 d\u2019utilit\u00e9 publique par la mairie autour des ann\u00e9es 2010 et pour lequel Amougou Belinga avait obtenu une attribution provisoire en 2018. Gilbert Ntsimi Evouna, qui occupait les fonctions de d\u00e9l\u00e9gu\u00e9 du gouvernement, l\u2019avait n\u00e9anmoins enjoint de le mettre en valeur dans les plus brefs d\u00e9lais.<\/p>\n<p>R\u00e9put\u00e9 proche de Louis-Paul Motaze, le ministre des Finances, Amougou Belinga a-t-il jou\u00e9 de ses r\u00e9seaux au sein du pouvoir pour acqu\u00e9rir ce terrain \u00e0 un prix avantageux ? \u00ab Absolument pas \u00bb, tranche un cadre de la mairie de Yaound\u00e9. \u00ab La municipalit\u00e9 ne vend pas de terrains, mais elle fait des attributions. Dans ce cas, le montant vers\u00e9 correspond \u00e0 des frais de r\u00e9gularisation qui sont fix\u00e9s au prix standard de 5 000 francs le m\u00b2. \u00bb Pas s\u00fbr que cela suffise \u00e0 \u00e9teindre les soup\u00e7ons.<\/p>\n<p><strong>Pour plus d&rsquo;informations et d&rsquo;analyses sur la <a href=\"https:\/\/www.africa-press.net\/cameroun\">Cameroun<\/a>, suivez <a href=\"https:\/\/www.africa-press.net\/\">Africa-Press<\/a><\/strong><\/p>\n","protected":false},"excerpt":{"rendered":"<p>Africa-Press &#8211; Cameroun. Sans doute s\u2019en serait-il bien pass\u00e9. Au Cameroun, Jean-Pierre Amougou Belinga n\u2019en finit plus de faire parler de lui. Sujet m\u00e9diatique par excellence, l\u2019homme d\u2019affaires \u00e0 la fulgurante ascension, patron de Vision 4 et de Telesud, se retrouve une nouvelle fois sous le feu des projecteurs. Il ne s\u2019agit pas ici du [&hellip;]<\/p>\n","protected":false},"author":82,"featured_media":27553,"comment_status":"open","ping_status":"closed","sticky":false,"template":"","format":"standard","meta":{"footnotes":""},"categories":[7,11,2,10],"tags":[36,50,49],"class_list":["post-27554","post","type-post","status-publish","format-standard","has-post-thumbnail","hentry","category-dossiers","category-homepage-french","category-politique","category-toutes-les-actualites","tag-africa-press","tag-africa-press-cameroun","tag-cameroun"],"yoast_head":"<!-- This site is optimized with the Yoast SEO Premium plugin v26.1 (Yoast SEO v27.0) - https:\/\/yoast.com\/product\/yoast-seo-premium-wordpress\/ -->\n<title>Cameroun : avec Jean-Pierre Amougou Belinga, une pol\u00e9mique peut en cacher une autre - Cameroun<\/title>\n<meta name=\"description\" content=\"Sans doute s\u2019en serait-il bien pass\u00e9. Au Cameroun, Jean-Pierre Amougou Belinga n\u2019en finit plus de faire parler de lui. S ...\" \/>\n<meta name=\"robots\" content=\"index, follow, max-snippet:-1, max-image-preview:large, max-video-preview:-1\" \/>\n<link rel=\"canonical\" href=\"https:\/\/www.africa-press.net\/cameroun\/politique\/cameroun-avec-jean-pierre-amougou-belinga-une-polemique-peut-en-cacher-une-autre\" \/>\n<meta property=\"og:locale\" content=\"fr_FR\" \/>\n<meta property=\"og:type\" content=\"article\" \/>\n<meta property=\"og:title\" content=\"Cameroun : avec Jean-Pierre Amougou Belinga, une pol\u00e9mique peut en cacher une autre\" \/>\n<meta property=\"og:description\" content=\"Sans doute s\u2019en serait-il bien pass\u00e9. Au Cameroun, Jean-Pierre Amougou Belinga n\u2019en finit plus de faire parler de lui. S ...\" \/>\n<meta property=\"og:url\" content=\"https:\/\/www.africa-press.net\/cameroun\/politique\/cameroun-avec-jean-pierre-amougou-belinga-une-polemique-peut-en-cacher-une-autre\" \/>\n<meta property=\"og:site_name\" content=\"Cameroun\" \/>\n<meta property=\"article:published_time\" content=\"2022-09-17T16:14:35+00:00\" \/>\n<meta property=\"article:modified_time\" content=\"2022-09-17T17:09:55+00:00\" \/>\n<meta property=\"og:image\" content=\"https:\/\/static.africa-press.net\/cameroun\/sites\/57\/2022\/09\/postQueueImg_1-6325ff324c2db.jpg\" \/>\n\t<meta property=\"og:image:width\" content=\"1256\" \/>\n\t<meta property=\"og:image:height\" content=\"628\" \/>\n\t<meta property=\"og:image:type\" content=\"image\/jpeg\" \/>\n<meta name=\"author\" content=\"cfeditorfr\" \/>\n<meta name=\"twitter:card\" content=\"summary_large_image\" \/>\n<meta name=\"twitter:label1\" content=\"\u00c9crit par\" \/>\n\t<meta name=\"twitter:data1\" content=\"cfeditorfr\" \/>\n\t<meta name=\"twitter:label2\" content=\"Dur\u00e9e de lecture estim\u00e9e\" \/>\n\t<meta name=\"twitter:data2\" content=\"5 minutes\" \/>\n<script type=\"application\/ld+json\" class=\"yoast-schema-graph\">{\"@context\":\"https:\/\/schema.org\",\"@graph\":[{\"@type\":\"Article\",\"@id\":\"https:\/\/www.africa-press.net\/cameroun\/politique\/cameroun-avec-jean-pierre-amougou-belinga-une-polemique-peut-en-cacher-une-autre#article\",\"isPartOf\":{\"@id\":\"https:\/\/www.africa-press.net\/cameroun\/politique\/cameroun-avec-jean-pierre-amougou-belinga-une-polemique-peut-en-cacher-une-autre\"},\"author\":{\"name\":\"cfeditorfr\",\"@id\":\"https:\/\/www.africa-press.net\/cameroun\/#\/schema\/person\/2b1cf3cd81a31e3cd26889ca66d677f1\"},\"headline\":\"Cameroun : avec Jean-Pierre Amougou Belinga, une pol\u00e9mique peut en cacher une autre\",\"datePublished\":\"2022-09-17T16:14:35+00:00\",\"dateModified\":\"2022-09-17T17:09:55+00:00\",\"mainEntityOfPage\":{\"@id\":\"https:\/\/www.africa-press.net\/cameroun\/politique\/cameroun-avec-jean-pierre-amougou-belinga-une-polemique-peut-en-cacher-une-autre\"},\"wordCount\":983,\"commentCount\":0,\"image\":{\"@id\":\"https:\/\/www.africa-press.net\/cameroun\/politique\/cameroun-avec-jean-pierre-amougou-belinga-une-polemique-peut-en-cacher-une-autre#primaryimage\"},\"thumbnailUrl\":\"https:\/\/static.africa-press.net\/cameroun\/sites\/57\/2022\/09\/postQueueImg_1-6325ff324c2db.jpg\",\"keywords\":[\"Africa Press\",\"Africa Press-Cameroun\",\"Cameroun\"],\"articleSection\":[\"Dossiers\",\"homepage-french\",\"Politique\",\"Toutes les actualit\u00e9s\"],\"inLanguage\":\"fr-FR\",\"potentialAction\":[{\"@type\":\"CommentAction\",\"name\":\"Comment\",\"target\":[\"https:\/\/www.africa-press.net\/cameroun\/politique\/cameroun-avec-jean-pierre-amougou-belinga-une-polemique-peut-en-cacher-une-autre#respond\"]}]},{\"@type\":\"WebPage\",\"@id\":\"https:\/\/www.africa-press.net\/cameroun\/politique\/cameroun-avec-jean-pierre-amougou-belinga-une-polemique-peut-en-cacher-une-autre\",\"url\":\"https:\/\/www.africa-press.net\/cameroun\/politique\/cameroun-avec-jean-pierre-amougou-belinga-une-polemique-peut-en-cacher-une-autre\",\"name\":\"Cameroun : avec Jean-Pierre Amougou Belinga, une pol\u00e9mique peut en cacher une autre - Cameroun\",\"isPartOf\":{\"@id\":\"https:\/\/www.africa-press.net\/cameroun\/#website\"},\"primaryImageOfPage\":{\"@id\":\"https:\/\/www.africa-press.net\/cameroun\/politique\/cameroun-avec-jean-pierre-amougou-belinga-une-polemique-peut-en-cacher-une-autre#primaryimage\"},\"image\":{\"@id\":\"https:\/\/www.africa-press.net\/cameroun\/politique\/cameroun-avec-jean-pierre-amougou-belinga-une-polemique-peut-en-cacher-une-autre#primaryimage\"},\"thumbnailUrl\":\"https:\/\/static.africa-press.net\/cameroun\/sites\/57\/2022\/09\/postQueueImg_1-6325ff324c2db.jpg\",\"datePublished\":\"2022-09-17T16:14:35+00:00\",\"dateModified\":\"2022-09-17T17:09:55+00:00\",\"author\":{\"@id\":\"https:\/\/www.africa-press.net\/cameroun\/#\/schema\/person\/2b1cf3cd81a31e3cd26889ca66d677f1\"},\"description\":\"Sans doute s\u2019en serait-il bien pass\u00e9. Au Cameroun, Jean-Pierre Amougou Belinga n\u2019en finit plus de faire parler de lui. S ...\",\"breadcrumb\":{\"@id\":\"https:\/\/www.africa-press.net\/cameroun\/politique\/cameroun-avec-jean-pierre-amougou-belinga-une-polemique-peut-en-cacher-une-autre#breadcrumb\"},\"inLanguage\":\"fr-FR\",\"potentialAction\":[{\"@type\":\"ReadAction\",\"target\":[\"https:\/\/www.africa-press.net\/cameroun\/politique\/cameroun-avec-jean-pierre-amougou-belinga-une-polemique-peut-en-cacher-une-autre\"]}]},{\"@type\":\"ImageObject\",\"inLanguage\":\"fr-FR\",\"@id\":\"https:\/\/www.africa-press.net\/cameroun\/politique\/cameroun-avec-jean-pierre-amougou-belinga-une-polemique-peut-en-cacher-une-autre#primaryimage\",\"url\":\"https:\/\/static.africa-press.net\/cameroun\/sites\/57\/2022\/09\/postQueueImg_1-6325ff324c2db.jpg\",\"contentUrl\":\"https:\/\/static.africa-press.net\/cameroun\/sites\/57\/2022\/09\/postQueueImg_1-6325ff324c2db.jpg\",\"width\":1256,\"height\":628,\"caption\":\"Cameroun : avec Jean-Pierre Amougou Belinga, une pol\u00e9mique peut en cacher une autre\"},{\"@type\":\"BreadcrumbList\",\"@id\":\"https:\/\/www.africa-press.net\/cameroun\/politique\/cameroun-avec-jean-pierre-amougou-belinga-une-polemique-peut-en-cacher-une-autre#breadcrumb\",\"itemListElement\":[{\"@type\":\"ListItem\",\"position\":1,\"name\":\"Accueil\",\"item\":\"https:\/\/www.africa-press.net\/cameroun\/\"},{\"@type\":\"ListItem\",\"position\":2,\"name\":\"Cameroun : avec Jean-Pierre Amougou Belinga, une pol\u00e9mique peut en cacher une autre\"}]},{\"@type\":\"WebSite\",\"@id\":\"https:\/\/www.africa-press.net\/cameroun\/#website\",\"url\":\"https:\/\/www.africa-press.net\/cameroun\/\",\"name\":\"Cameroun\",\"description\":\"Just another Africa News Agency Sites site\",\"potentialAction\":[{\"@type\":\"SearchAction\",\"target\":{\"@type\":\"EntryPoint\",\"urlTemplate\":\"https:\/\/www.africa-press.net\/cameroun\/?s={search_term_string}\"},\"query-input\":{\"@type\":\"PropertyValueSpecification\",\"valueRequired\":true,\"valueName\":\"search_term_string\"}}],\"inLanguage\":\"fr-FR\"},{\"@type\":\"Person\",\"@id\":\"https:\/\/www.africa-press.net\/cameroun\/#\/schema\/person\/2b1cf3cd81a31e3cd26889ca66d677f1\",\"name\":\"cfeditorfr\"}]}<\/script>\n<!-- \/ Yoast SEO Premium plugin. -->","yoast_head_json":{"title":"Cameroun : avec Jean-Pierre Amougou Belinga, une pol\u00e9mique peut en cacher une autre - Cameroun","description":"Sans doute s\u2019en serait-il bien pass\u00e9. Au Cameroun, Jean-Pierre Amougou Belinga n\u2019en finit plus de faire parler de lui. S ...","robots":{"index":"index","follow":"follow","max-snippet":"max-snippet:-1","max-image-preview":"max-image-preview:large","max-video-preview":"max-video-preview:-1"},"canonical":"https:\/\/www.africa-press.net\/cameroun\/politique\/cameroun-avec-jean-pierre-amougou-belinga-une-polemique-peut-en-cacher-une-autre","og_locale":"fr_FR","og_type":"article","og_title":"Cameroun : avec Jean-Pierre Amougou Belinga, une pol\u00e9mique peut en cacher une autre","og_description":"Sans doute s\u2019en serait-il bien pass\u00e9. Au Cameroun, Jean-Pierre Amougou Belinga n\u2019en finit plus de faire parler de lui. S ...","og_url":"https:\/\/www.africa-press.net\/cameroun\/politique\/cameroun-avec-jean-pierre-amougou-belinga-une-polemique-peut-en-cacher-une-autre","og_site_name":"Cameroun","article_published_time":"2022-09-17T16:14:35+00:00","article_modified_time":"2022-09-17T17:09:55+00:00","og_image":[{"width":1256,"height":628,"url":"https:\/\/static.africa-press.net\/cameroun\/sites\/57\/2022\/09\/postQueueImg_1-6325ff324c2db.jpg","type":"image\/jpeg"}],"author":"cfeditorfr","twitter_card":"summary_large_image","twitter_misc":{"\u00c9crit par":"cfeditorfr","Dur\u00e9e de lecture estim\u00e9e":"5 minutes"},"schema":{"@context":"https:\/\/schema.org","@graph":[{"@type":"Article","@id":"https:\/\/www.africa-press.net\/cameroun\/politique\/cameroun-avec-jean-pierre-amougou-belinga-une-polemique-peut-en-cacher-une-autre#article","isPartOf":{"@id":"https:\/\/www.africa-press.net\/cameroun\/politique\/cameroun-avec-jean-pierre-amougou-belinga-une-polemique-peut-en-cacher-une-autre"},"author":{"name":"cfeditorfr","@id":"https:\/\/www.africa-press.net\/cameroun\/#\/schema\/person\/2b1cf3cd81a31e3cd26889ca66d677f1"},"headline":"Cameroun : avec Jean-Pierre Amougou Belinga, une pol\u00e9mique peut en cacher une autre","datePublished":"2022-09-17T16:14:35+00:00","dateModified":"2022-09-17T17:09:55+00:00","mainEntityOfPage":{"@id":"https:\/\/www.africa-press.net\/cameroun\/politique\/cameroun-avec-jean-pierre-amougou-belinga-une-polemique-peut-en-cacher-une-autre"},"wordCount":983,"commentCount":0,"image":{"@id":"https:\/\/www.africa-press.net\/cameroun\/politique\/cameroun-avec-jean-pierre-amougou-belinga-une-polemique-peut-en-cacher-une-autre#primaryimage"},"thumbnailUrl":"https:\/\/static.africa-press.net\/cameroun\/sites\/57\/2022\/09\/postQueueImg_1-6325ff324c2db.jpg","keywords":["Africa Press","Africa Press-Cameroun","Cameroun"],"articleSection":["Dossiers","homepage-french","Politique","Toutes les actualit\u00e9s"],"inLanguage":"fr-FR","potentialAction":[{"@type":"CommentAction","name":"Comment","target":["https:\/\/www.africa-press.net\/cameroun\/politique\/cameroun-avec-jean-pierre-amougou-belinga-une-polemique-peut-en-cacher-une-autre#respond"]}]},{"@type":"WebPage","@id":"https:\/\/www.africa-press.net\/cameroun\/politique\/cameroun-avec-jean-pierre-amougou-belinga-une-polemique-peut-en-cacher-une-autre","url":"https:\/\/www.africa-press.net\/cameroun\/politique\/cameroun-avec-jean-pierre-amougou-belinga-une-polemique-peut-en-cacher-une-autre","name":"Cameroun : avec Jean-Pierre Amougou Belinga, une pol\u00e9mique peut en cacher une autre - Cameroun","isPartOf":{"@id":"https:\/\/www.africa-press.net\/cameroun\/#website"},"primaryImageOfPage":{"@id":"https:\/\/www.africa-press.net\/cameroun\/politique\/cameroun-avec-jean-pierre-amougou-belinga-une-polemique-peut-en-cacher-une-autre#primaryimage"},"image":{"@id":"https:\/\/www.africa-press.net\/cameroun\/politique\/cameroun-avec-jean-pierre-amougou-belinga-une-polemique-peut-en-cacher-une-autre#primaryimage"},"thumbnailUrl":"https:\/\/static.africa-press.net\/cameroun\/sites\/57\/2022\/09\/postQueueImg_1-6325ff324c2db.jpg","datePublished":"2022-09-17T16:14:35+00:00","dateModified":"2022-09-17T17:09:55+00:00","author":{"@id":"https:\/\/www.africa-press.net\/cameroun\/#\/schema\/person\/2b1cf3cd81a31e3cd26889ca66d677f1"},"description":"Sans doute s\u2019en serait-il bien pass\u00e9. Au Cameroun, Jean-Pierre Amougou Belinga n\u2019en finit plus de faire parler de lui. S ...","breadcrumb":{"@id":"https:\/\/www.africa-press.net\/cameroun\/politique\/cameroun-avec-jean-pierre-amougou-belinga-une-polemique-peut-en-cacher-une-autre#breadcrumb"},"inLanguage":"fr-FR","potentialAction":[{"@type":"ReadAction","target":["https:\/\/www.africa-press.net\/cameroun\/politique\/cameroun-avec-jean-pierre-amougou-belinga-une-polemique-peut-en-cacher-une-autre"]}]},{"@type":"ImageObject","inLanguage":"fr-FR","@id":"https:\/\/www.africa-press.net\/cameroun\/politique\/cameroun-avec-jean-pierre-amougou-belinga-une-polemique-peut-en-cacher-une-autre#primaryimage","url":"https:\/\/static.africa-press.net\/cameroun\/sites\/57\/2022\/09\/postQueueImg_1-6325ff324c2db.jpg","contentUrl":"https:\/\/static.africa-press.net\/cameroun\/sites\/57\/2022\/09\/postQueueImg_1-6325ff324c2db.jpg","width":1256,"height":628,"caption":"Cameroun : avec Jean-Pierre Amougou Belinga, une pol\u00e9mique peut en cacher une autre"},{"@type":"BreadcrumbList","@id":"https:\/\/www.africa-press.net\/cameroun\/politique\/cameroun-avec-jean-pierre-amougou-belinga-une-polemique-peut-en-cacher-une-autre#breadcrumb","itemListElement":[{"@type":"ListItem","position":1,"name":"Accueil","item":"https:\/\/www.africa-press.net\/cameroun\/"},{"@type":"ListItem","position":2,"name":"Cameroun : avec Jean-Pierre Amougou Belinga, une pol\u00e9mique peut en cacher une autre"}]},{"@type":"WebSite","@id":"https:\/\/www.africa-press.net\/cameroun\/#website","url":"https:\/\/www.africa-press.net\/cameroun\/","name":"Cameroun","description":"Just another Africa News Agency Sites site","potentialAction":[{"@type":"SearchAction","target":{"@type":"EntryPoint","urlTemplate":"https:\/\/www.africa-press.net\/cameroun\/?s={search_term_string}"},"query-input":{"@type":"PropertyValueSpecification","valueRequired":true,"valueName":"search_term_string"}}],"inLanguage":"fr-FR"},{"@type":"Person","@id":"https:\/\/www.africa-press.net\/cameroun\/#\/schema\/person\/2b1cf3cd81a31e3cd26889ca66d677f1","name":"cfeditorfr"}]}},"_links":{"self":[{"href":"https:\/\/www.africa-press.net\/cameroun\/wp-json\/wp\/v2\/posts\/27554","targetHints":{"allow":["GET"]}}],"collection":[{"href":"https:\/\/www.africa-press.net\/cameroun\/wp-json\/wp\/v2\/posts"}],"about":[{"href":"https:\/\/www.africa-press.net\/cameroun\/wp-json\/wp\/v2\/types\/post"}],"author":[{"embeddable":true,"href":"https:\/\/www.africa-press.net\/cameroun\/wp-json\/wp\/v2\/users\/82"}],"replies":[{"embeddable":true,"href":"https:\/\/www.africa-press.net\/cameroun\/wp-json\/wp\/v2\/comments?post=27554"}],"version-history":[{"count":0,"href":"https:\/\/www.africa-press.net\/cameroun\/wp-json\/wp\/v2\/posts\/27554\/revisions"}],"wp:featuredmedia":[{"embeddable":true,"href":"https:\/\/www.africa-press.net\/cameroun\/wp-json\/wp\/v2\/media\/27553"}],"wp:attachment":[{"href":"https:\/\/www.africa-press.net\/cameroun\/wp-json\/wp\/v2\/media?parent=27554"}],"wp:term":[{"taxonomy":"category","embeddable":true,"href":"https:\/\/www.africa-press.net\/cameroun\/wp-json\/wp\/v2\/categories?post=27554"},{"taxonomy":"post_tag","embeddable":true,"href":"https:\/\/www.africa-press.net\/cameroun\/wp-json\/wp\/v2\/tags?post=27554"}],"curies":[{"name":"wp","href":"https:\/\/api.w.org\/{rel}","templated":true}]}}