{"id":2759,"date":"2021-04-29T16:36:59","date_gmt":"2021-04-29T16:36:59","guid":{"rendered":"https:\/\/www.africa-press.net\/cameroun\/politique\/cameroun-operation-epervier-selon-ses-avocats-lancien-ministre-basile-atangana-kouna-meurt-de-faim-en-prison"},"modified":"2021-04-29T20:51:42","modified_gmt":"2021-04-29T20:51:42","slug":"cameroun-operation-epervier-selon-ses-avocats-lancien-ministre-basile-atangana-kouna-meurt-de-faim-en-prison","status":"publish","type":"post","link":"https:\/\/www.africa-press.net\/cameroun\/politique\/cameroun-operation-epervier-selon-ses-avocats-lancien-ministre-basile-atangana-kouna-meurt-de-faim-en-prison","title":{"rendered":"Cameroun &#8211; Op\u00e9ration Epervier: Selon ses avocats, l\u2019ancien ministre Basile Atangana Kouna meurt de faim en prison"},"content":{"rendered":"<p><span style=\"color: #ff6600\"><strong><a href=\"https:\/\/www.africa-press.net\/\">Africa-Press<\/a> &#8211; <a href=\"https:\/\/www.africa-press.net\/cameroun\">Cameroun<\/a>. <\/strong><\/span>Ecrou\u00e9 \u00e0 la prison centrale de Yaound\u00e9-Kondengui depuis mars 2018, Basile Atangana Kouna a du mal \u00e0 subvenir \u00e0 ses besoins alimentaires. C\u2019est du moins ce que ses avocats ont r\u00e9cemment indiqu\u00e9 devant le Tribunal Criminel Sp\u00e9cial (TCS), o\u00f9 l\u2019ancien ministre de l\u2019Eau et de l\u2019Energie est jug\u00e9 pour le d\u00e9tournement pr\u00e9sum\u00e9 de 1,2 milliard de FCFA alors qu\u2019il \u00e9tait directeur g\u00e9n\u00e9ral de la CAMWATER (2002-2011).<\/p>\n<p>Dans son num\u00e9ro du 28 avril 2021, l\u2019hebdomadaire Kalara renseigne que le 14 avril, Ma\u00eetre Yossa, l\u2019un des conseils de l\u2019ancien membre du gouvernement, a sollicit\u00e9 le d\u00e9blocage d\u2019au moins deux comptes bancaires de son client, notamment ceux log\u00e9s \u00e0 la Soci\u00e9t\u00e9 G\u00e9n\u00e9rale et \u00e0 la BICEC.<\/p>\n<p><b>\u00abC\u2019est le compte salaire quand il \u00e9tait ministre. C\u2019est l\u2019argent des salaires qu\u2019il a \u00e9pargn\u00e9, qu\u2019il a travaill\u00e9. C\u2019est le fruit de son \u00e9pargne. \u00c7a n\u2019a rien \u00e0 voir avec le corps du d\u00e9lit\u00bb<\/b><\/p>\n<p>, a-t-il d\u00e9clar\u00e9 \u00e0 l\u2019audience avant d\u2019ajouter: \u00aben lib\u00e9rant ces comptes, \u00e7a lui permet de vivre. Ces comptes sont destin\u00e9s \u00e0 ses aliments. C\u2019est sa pitance !\u00bb.<\/p>\n<p>L\u2019avocat de M. Atangana Kouna rappelle qu\u2019en mars 2018, le juge d\u2019instruction avait proc\u00e9d\u00e9 \u00e0 la saisie et la mise sous scell\u00e9s des biens et comptes bancaires de son client. Le solde des comptes mis sous scell\u00e9s s\u2019\u00e9l\u00e8ve \u00e0 1,6 milliard de FCFA, soit une somme plus \u00e9lev\u00e9e que le 1,2 milliard de FCFA qu\u2019il est accus\u00e9 d\u2019avoir d\u00e9tourn\u00e9. \u00abLorsqu&rsquo;on fait la somme, c&rsquo;est un surplus d&rsquo;au moins 400 millions de FCFA qui se d\u00e9gage. Il y a suffisamment d&rsquo;esp\u00e8ces saisies pour recouvrer le corps du d\u00e9lit\u00bb, a argument\u00e9 Me Yossa.<\/p>\n<p>Face \u00e0 cette demande, le parquet avait sollicit\u00e9 et obtenu un renvoi pour le 21 avril afin de pr\u00e9parer son r\u00e9quisitoire.<\/p>\n<p><b>\u00abSept jours plus tard, le 21 avril, le repr\u00e9sentant du parquet est plut\u00f4t apparu avec un air un peu embarrass\u00e9. Il va annoncer au tribunal qu\u2019il ne pr\u00e9sentera son r\u00e9quisitoire qu\u2019apr\u00e8s l\u2019intervention du \u2018\u2018repr\u00e9sentant d\u00e9sign\u00e9 de la CAMWATER dans la proc\u00e9dure et premier t\u00e9moin de l\u2019accusation\u2019\u2019\u2026 Le tribunal a fix\u00e9 trois jours d\u2019audience pour entendre les t\u00e9moins de l\u2019accusation les 17, 18 et 21 juin prochain\u00bb<\/b>, informe Kalara.<\/p>\n<p>Notre confr\u00e8re rappelle que Basile Atangana Kouna passe en jugement aux c\u00f4t\u00e9s de son successeur \u00e0 la CAMWATER, Jean William Sollo, qui, lui r\u00e9pond d\u2019un suppos\u00e9 d\u00e9tournement de 3,8 milliards de FCFA.<\/p>\n<p><b>\u00abDans ce dossier, le parquet et le Secr\u00e9taire G\u00e9n\u00e9ral \u00e0 la Pr\u00e9sidence de la R\u00e9publique, Ferdinand Ngoh Ngoh, font les mains et les pieds pour que le tribunal acc\u00e8de \u00e9galement \u00e0 la requ\u00eate de M. Atangana Kouna qui sollicite le d\u00e9blocage de son coffre-fort log\u00e9 \u00e0 BGFI Bank afin de lui permettre de restituer l\u2019int\u00e9gralit\u00e9 de la somme de 1,2 milliard de FCFA au centre des poursuites afin de b\u00e9n\u00e9ficier d\u2019un arr\u00eat de la proc\u00e9dure judiciaire. Mais le tribunal a d\u00e9cid\u00e9 de r\u00e9pondre \u00e0 cette demande au moment de rendre son verdict final\u00bb<\/b><\/p>\n<p>, pr\u00e9cise le journal.<\/p>\n","protected":false},"excerpt":{"rendered":"<p>Africa-Press &#8211; Cameroun. Ecrou\u00e9 \u00e0 la prison centrale de Yaound\u00e9-Kondengui depuis mars 2018, Basile Atangana Kouna a du mal \u00e0 subvenir \u00e0 ses besoins alimentaires. C\u2019est du moins ce que ses avocats ont r\u00e9cemment indiqu\u00e9 devant le Tribunal Criminel Sp\u00e9cial (TCS), o\u00f9 l\u2019ancien ministre de l\u2019Eau et de l\u2019Energie est jug\u00e9 pour le d\u00e9tournement pr\u00e9sum\u00e9 [&hellip;]<\/p>\n","protected":false},"author":82,"featured_media":2758,"comment_status":"open","ping_status":"closed","sticky":false,"template":"","format":"standard","meta":{"footnotes":""},"categories":[11,2,10],"tags":[36,50,49],"class_list":["post-2759","post","type-post","status-publish","format-standard","has-post-thumbnail","hentry","category-homepage-french","category-politique","category-toutes-les-actualites","tag-africa-press","tag-africa-press-cameroun","tag-cameroun"],"yoast_head":"<!-- This site is optimized with the Yoast SEO Premium plugin v26.1 (Yoast SEO v27.0) - https:\/\/yoast.com\/product\/yoast-seo-premium-wordpress\/ -->\n<title>Cameroun - Op\u00e9ration Epervier: Selon ses avocats, l\u2019ancien ministre Basile Atangana Kouna meurt de faim en prison - Cameroun<\/title>\n<meta name=\"description\" content=\"Ecrou\u00e9 \u00e0 la prison centrale de Yaound\u00e9-Kondengui depuis mars 2018, Basile Atangana Kouna a du mal \u00e0 subvenir \u00e0 ses besoi ...\" \/>\n<meta name=\"robots\" content=\"index, follow, max-snippet:-1, max-image-preview:large, max-video-preview:-1\" \/>\n<link rel=\"canonical\" href=\"https:\/\/www.africa-press.net\/cameroun\/politique\/cameroun-operation-epervier-selon-ses-avocats-lancien-ministre-basile-atangana-kouna-meurt-de-faim-en-prison\" \/>\n<meta property=\"og:locale\" content=\"fr_FR\" \/>\n<meta property=\"og:type\" content=\"article\" \/>\n<meta property=\"og:title\" content=\"Cameroun - Op\u00e9ration Epervier: Selon ses avocats, l\u2019ancien ministre Basile Atangana Kouna meurt de faim en prison\" \/>\n<meta property=\"og:description\" content=\"Ecrou\u00e9 \u00e0 la prison centrale de Yaound\u00e9-Kondengui depuis mars 2018, Basile Atangana Kouna a du mal \u00e0 subvenir \u00e0 ses besoi ...\" \/>\n<meta property=\"og:url\" content=\"https:\/\/www.africa-press.net\/cameroun\/politique\/cameroun-operation-epervier-selon-ses-avocats-lancien-ministre-basile-atangana-kouna-meurt-de-faim-en-prison\" \/>\n<meta property=\"og:site_name\" content=\"Cameroun\" \/>\n<meta property=\"article:published_time\" content=\"2021-04-29T16:36:59+00:00\" \/>\n<meta property=\"article:modified_time\" content=\"2021-04-29T20:51:42+00:00\" \/>\n<meta property=\"og:image\" content=\"https:\/\/static.africa-press.net\/cameroun\/sites\/57\/2021\/04\/img-608b0a90e9725.jpg\" \/>\n\t<meta property=\"og:image:width\" content=\"800\" \/>\n\t<meta property=\"og:image:height\" content=\"560\" \/>\n\t<meta property=\"og:image:type\" content=\"image\/jpeg\" \/>\n<meta name=\"author\" content=\"cfeditorfr\" \/>\n<meta name=\"twitter:card\" content=\"summary_large_image\" \/>\n<meta name=\"twitter:label1\" content=\"\u00c9crit par\" \/>\n\t<meta name=\"twitter:data1\" content=\"cfeditorfr\" \/>\n\t<meta name=\"twitter:label2\" content=\"Dur\u00e9e de lecture estim\u00e9e\" \/>\n\t<meta name=\"twitter:data2\" content=\"3 minutes\" \/>\n<script type=\"application\/ld+json\" class=\"yoast-schema-graph\">{\"@context\":\"https:\/\/schema.org\",\"@graph\":[{\"@type\":\"Article\",\"@id\":\"https:\/\/www.africa-press.net\/cameroun\/politique\/cameroun-operation-epervier-selon-ses-avocats-lancien-ministre-basile-atangana-kouna-meurt-de-faim-en-prison#article\",\"isPartOf\":{\"@id\":\"https:\/\/www.africa-press.net\/cameroun\/politique\/cameroun-operation-epervier-selon-ses-avocats-lancien-ministre-basile-atangana-kouna-meurt-de-faim-en-prison\"},\"author\":{\"name\":\"cfeditorfr\",\"@id\":\"https:\/\/www.africa-press.net\/cameroun\/#\/schema\/person\/2b1cf3cd81a31e3cd26889ca66d677f1\"},\"headline\":\"Cameroun &#8211; Op\u00e9ration Epervier: Selon ses avocats, l\u2019ancien ministre Basile Atangana Kouna meurt de faim en prison\",\"datePublished\":\"2021-04-29T16:36:59+00:00\",\"dateModified\":\"2021-04-29T20:51:42+00:00\",\"mainEntityOfPage\":{\"@id\":\"https:\/\/www.africa-press.net\/cameroun\/politique\/cameroun-operation-epervier-selon-ses-avocats-lancien-ministre-basile-atangana-kouna-meurt-de-faim-en-prison\"},\"wordCount\":568,\"commentCount\":0,\"image\":{\"@id\":\"https:\/\/www.africa-press.net\/cameroun\/politique\/cameroun-operation-epervier-selon-ses-avocats-lancien-ministre-basile-atangana-kouna-meurt-de-faim-en-prison#primaryimage\"},\"thumbnailUrl\":\"https:\/\/static.africa-press.net\/cameroun\/sites\/57\/2021\/04\/img-608b0a90e9725.jpg\",\"keywords\":[\"Africa Press\",\"Africa Press-Cameroun\",\"Cameroun\"],\"articleSection\":[\"homepage-french\",\"Politique\",\"Toutes les actualit\u00e9s\"],\"inLanguage\":\"fr-FR\",\"potentialAction\":[{\"@type\":\"CommentAction\",\"name\":\"Comment\",\"target\":[\"https:\/\/www.africa-press.net\/cameroun\/politique\/cameroun-operation-epervier-selon-ses-avocats-lancien-ministre-basile-atangana-kouna-meurt-de-faim-en-prison#respond\"]}]},{\"@type\":\"WebPage\",\"@id\":\"https:\/\/www.africa-press.net\/cameroun\/politique\/cameroun-operation-epervier-selon-ses-avocats-lancien-ministre-basile-atangana-kouna-meurt-de-faim-en-prison\",\"url\":\"https:\/\/www.africa-press.net\/cameroun\/politique\/cameroun-operation-epervier-selon-ses-avocats-lancien-ministre-basile-atangana-kouna-meurt-de-faim-en-prison\",\"name\":\"Cameroun - Op\u00e9ration Epervier: Selon ses avocats, l\u2019ancien ministre Basile Atangana Kouna meurt de faim en prison - Cameroun\",\"isPartOf\":{\"@id\":\"https:\/\/www.africa-press.net\/cameroun\/#website\"},\"primaryImageOfPage\":{\"@id\":\"https:\/\/www.africa-press.net\/cameroun\/politique\/cameroun-operation-epervier-selon-ses-avocats-lancien-ministre-basile-atangana-kouna-meurt-de-faim-en-prison#primaryimage\"},\"image\":{\"@id\":\"https:\/\/www.africa-press.net\/cameroun\/politique\/cameroun-operation-epervier-selon-ses-avocats-lancien-ministre-basile-atangana-kouna-meurt-de-faim-en-prison#primaryimage\"},\"thumbnailUrl\":\"https:\/\/static.africa-press.net\/cameroun\/sites\/57\/2021\/04\/img-608b0a90e9725.jpg\",\"datePublished\":\"2021-04-29T16:36:59+00:00\",\"dateModified\":\"2021-04-29T20:51:42+00:00\",\"author\":{\"@id\":\"https:\/\/www.africa-press.net\/cameroun\/#\/schema\/person\/2b1cf3cd81a31e3cd26889ca66d677f1\"},\"description\":\"Ecrou\u00e9 \u00e0 la prison centrale de Yaound\u00e9-Kondengui depuis mars 2018, Basile Atangana Kouna a du mal \u00e0 subvenir \u00e0 ses besoi ...\",\"breadcrumb\":{\"@id\":\"https:\/\/www.africa-press.net\/cameroun\/politique\/cameroun-operation-epervier-selon-ses-avocats-lancien-ministre-basile-atangana-kouna-meurt-de-faim-en-prison#breadcrumb\"},\"inLanguage\":\"fr-FR\",\"potentialAction\":[{\"@type\":\"ReadAction\",\"target\":[\"https:\/\/www.africa-press.net\/cameroun\/politique\/cameroun-operation-epervier-selon-ses-avocats-lancien-ministre-basile-atangana-kouna-meurt-de-faim-en-prison\"]}]},{\"@type\":\"ImageObject\",\"inLanguage\":\"fr-FR\",\"@id\":\"https:\/\/www.africa-press.net\/cameroun\/politique\/cameroun-operation-epervier-selon-ses-avocats-lancien-ministre-basile-atangana-kouna-meurt-de-faim-en-prison#primaryimage\",\"url\":\"https:\/\/static.africa-press.net\/cameroun\/sites\/57\/2021\/04\/img-608b0a90e9725.jpg\",\"contentUrl\":\"https:\/\/static.africa-press.net\/cameroun\/sites\/57\/2021\/04\/img-608b0a90e9725.jpg\",\"width\":800,\"height\":560,\"caption\":\"Cameroun - Op\u00e9ration Epervier: Selon ses avocats, l\u2019ancien ministre Basile Atangana Kouna meurt de faim en prison\"},{\"@type\":\"BreadcrumbList\",\"@id\":\"https:\/\/www.africa-press.net\/cameroun\/politique\/cameroun-operation-epervier-selon-ses-avocats-lancien-ministre-basile-atangana-kouna-meurt-de-faim-en-prison#breadcrumb\",\"itemListElement\":[{\"@type\":\"ListItem\",\"position\":1,\"name\":\"Accueil\",\"item\":\"https:\/\/www.africa-press.net\/cameroun\/\"},{\"@type\":\"ListItem\",\"position\":2,\"name\":\"Cameroun &#8211; Op\u00e9ration Epervier: Selon ses avocats, l\u2019ancien ministre Basile Atangana Kouna meurt de faim en prison\"}]},{\"@type\":\"WebSite\",\"@id\":\"https:\/\/www.africa-press.net\/cameroun\/#website\",\"url\":\"https:\/\/www.africa-press.net\/cameroun\/\",\"name\":\"Cameroun\",\"description\":\"Just another Africa News Agency Sites site\",\"potentialAction\":[{\"@type\":\"SearchAction\",\"target\":{\"@type\":\"EntryPoint\",\"urlTemplate\":\"https:\/\/www.africa-press.net\/cameroun\/?s={search_term_string}\"},\"query-input\":{\"@type\":\"PropertyValueSpecification\",\"valueRequired\":true,\"valueName\":\"search_term_string\"}}],\"inLanguage\":\"fr-FR\"},{\"@type\":\"Person\",\"@id\":\"https:\/\/www.africa-press.net\/cameroun\/#\/schema\/person\/2b1cf3cd81a31e3cd26889ca66d677f1\",\"name\":\"cfeditorfr\"}]}<\/script>\n<!-- \/ Yoast SEO Premium plugin. -->","yoast_head_json":{"title":"Cameroun - Op\u00e9ration Epervier: Selon ses avocats, l\u2019ancien ministre Basile Atangana Kouna meurt de faim en prison - Cameroun","description":"Ecrou\u00e9 \u00e0 la prison centrale de Yaound\u00e9-Kondengui depuis mars 2018, Basile Atangana Kouna a du mal \u00e0 subvenir \u00e0 ses besoi ...","robots":{"index":"index","follow":"follow","max-snippet":"max-snippet:-1","max-image-preview":"max-image-preview:large","max-video-preview":"max-video-preview:-1"},"canonical":"https:\/\/www.africa-press.net\/cameroun\/politique\/cameroun-operation-epervier-selon-ses-avocats-lancien-ministre-basile-atangana-kouna-meurt-de-faim-en-prison","og_locale":"fr_FR","og_type":"article","og_title":"Cameroun - Op\u00e9ration Epervier: Selon ses avocats, l\u2019ancien ministre Basile Atangana Kouna meurt de faim en prison","og_description":"Ecrou\u00e9 \u00e0 la prison centrale de Yaound\u00e9-Kondengui depuis mars 2018, Basile Atangana Kouna a du mal \u00e0 subvenir \u00e0 ses besoi ...","og_url":"https:\/\/www.africa-press.net\/cameroun\/politique\/cameroun-operation-epervier-selon-ses-avocats-lancien-ministre-basile-atangana-kouna-meurt-de-faim-en-prison","og_site_name":"Cameroun","article_published_time":"2021-04-29T16:36:59+00:00","article_modified_time":"2021-04-29T20:51:42+00:00","og_image":[{"width":800,"height":560,"url":"https:\/\/static.africa-press.net\/cameroun\/sites\/57\/2021\/04\/img-608b0a90e9725.jpg","type":"image\/jpeg"}],"author":"cfeditorfr","twitter_card":"summary_large_image","twitter_misc":{"\u00c9crit par":"cfeditorfr","Dur\u00e9e de lecture estim\u00e9e":"3 minutes"},"schema":{"@context":"https:\/\/schema.org","@graph":[{"@type":"Article","@id":"https:\/\/www.africa-press.net\/cameroun\/politique\/cameroun-operation-epervier-selon-ses-avocats-lancien-ministre-basile-atangana-kouna-meurt-de-faim-en-prison#article","isPartOf":{"@id":"https:\/\/www.africa-press.net\/cameroun\/politique\/cameroun-operation-epervier-selon-ses-avocats-lancien-ministre-basile-atangana-kouna-meurt-de-faim-en-prison"},"author":{"name":"cfeditorfr","@id":"https:\/\/www.africa-press.net\/cameroun\/#\/schema\/person\/2b1cf3cd81a31e3cd26889ca66d677f1"},"headline":"Cameroun &#8211; Op\u00e9ration Epervier: Selon ses avocats, l\u2019ancien ministre Basile Atangana Kouna meurt de faim en prison","datePublished":"2021-04-29T16:36:59+00:00","dateModified":"2021-04-29T20:51:42+00:00","mainEntityOfPage":{"@id":"https:\/\/www.africa-press.net\/cameroun\/politique\/cameroun-operation-epervier-selon-ses-avocats-lancien-ministre-basile-atangana-kouna-meurt-de-faim-en-prison"},"wordCount":568,"commentCount":0,"image":{"@id":"https:\/\/www.africa-press.net\/cameroun\/politique\/cameroun-operation-epervier-selon-ses-avocats-lancien-ministre-basile-atangana-kouna-meurt-de-faim-en-prison#primaryimage"},"thumbnailUrl":"https:\/\/static.africa-press.net\/cameroun\/sites\/57\/2021\/04\/img-608b0a90e9725.jpg","keywords":["Africa Press","Africa Press-Cameroun","Cameroun"],"articleSection":["homepage-french","Politique","Toutes les actualit\u00e9s"],"inLanguage":"fr-FR","potentialAction":[{"@type":"CommentAction","name":"Comment","target":["https:\/\/www.africa-press.net\/cameroun\/politique\/cameroun-operation-epervier-selon-ses-avocats-lancien-ministre-basile-atangana-kouna-meurt-de-faim-en-prison#respond"]}]},{"@type":"WebPage","@id":"https:\/\/www.africa-press.net\/cameroun\/politique\/cameroun-operation-epervier-selon-ses-avocats-lancien-ministre-basile-atangana-kouna-meurt-de-faim-en-prison","url":"https:\/\/www.africa-press.net\/cameroun\/politique\/cameroun-operation-epervier-selon-ses-avocats-lancien-ministre-basile-atangana-kouna-meurt-de-faim-en-prison","name":"Cameroun - Op\u00e9ration Epervier: Selon ses avocats, l\u2019ancien ministre Basile Atangana Kouna meurt de faim en prison - Cameroun","isPartOf":{"@id":"https:\/\/www.africa-press.net\/cameroun\/#website"},"primaryImageOfPage":{"@id":"https:\/\/www.africa-press.net\/cameroun\/politique\/cameroun-operation-epervier-selon-ses-avocats-lancien-ministre-basile-atangana-kouna-meurt-de-faim-en-prison#primaryimage"},"image":{"@id":"https:\/\/www.africa-press.net\/cameroun\/politique\/cameroun-operation-epervier-selon-ses-avocats-lancien-ministre-basile-atangana-kouna-meurt-de-faim-en-prison#primaryimage"},"thumbnailUrl":"https:\/\/static.africa-press.net\/cameroun\/sites\/57\/2021\/04\/img-608b0a90e9725.jpg","datePublished":"2021-04-29T16:36:59+00:00","dateModified":"2021-04-29T20:51:42+00:00","author":{"@id":"https:\/\/www.africa-press.net\/cameroun\/#\/schema\/person\/2b1cf3cd81a31e3cd26889ca66d677f1"},"description":"Ecrou\u00e9 \u00e0 la prison centrale de Yaound\u00e9-Kondengui depuis mars 2018, Basile Atangana Kouna a du mal \u00e0 subvenir \u00e0 ses besoi ...","breadcrumb":{"@id":"https:\/\/www.africa-press.net\/cameroun\/politique\/cameroun-operation-epervier-selon-ses-avocats-lancien-ministre-basile-atangana-kouna-meurt-de-faim-en-prison#breadcrumb"},"inLanguage":"fr-FR","potentialAction":[{"@type":"ReadAction","target":["https:\/\/www.africa-press.net\/cameroun\/politique\/cameroun-operation-epervier-selon-ses-avocats-lancien-ministre-basile-atangana-kouna-meurt-de-faim-en-prison"]}]},{"@type":"ImageObject","inLanguage":"fr-FR","@id":"https:\/\/www.africa-press.net\/cameroun\/politique\/cameroun-operation-epervier-selon-ses-avocats-lancien-ministre-basile-atangana-kouna-meurt-de-faim-en-prison#primaryimage","url":"https:\/\/static.africa-press.net\/cameroun\/sites\/57\/2021\/04\/img-608b0a90e9725.jpg","contentUrl":"https:\/\/static.africa-press.net\/cameroun\/sites\/57\/2021\/04\/img-608b0a90e9725.jpg","width":800,"height":560,"caption":"Cameroun - Op\u00e9ration Epervier: Selon ses avocats, l\u2019ancien ministre Basile Atangana Kouna meurt de faim en prison"},{"@type":"BreadcrumbList","@id":"https:\/\/www.africa-press.net\/cameroun\/politique\/cameroun-operation-epervier-selon-ses-avocats-lancien-ministre-basile-atangana-kouna-meurt-de-faim-en-prison#breadcrumb","itemListElement":[{"@type":"ListItem","position":1,"name":"Accueil","item":"https:\/\/www.africa-press.net\/cameroun\/"},{"@type":"ListItem","position":2,"name":"Cameroun &#8211; Op\u00e9ration Epervier: Selon ses avocats, l\u2019ancien ministre Basile Atangana Kouna meurt de faim en prison"}]},{"@type":"WebSite","@id":"https:\/\/www.africa-press.net\/cameroun\/#website","url":"https:\/\/www.africa-press.net\/cameroun\/","name":"Cameroun","description":"Just another Africa News Agency Sites site","potentialAction":[{"@type":"SearchAction","target":{"@type":"EntryPoint","urlTemplate":"https:\/\/www.africa-press.net\/cameroun\/?s={search_term_string}"},"query-input":{"@type":"PropertyValueSpecification","valueRequired":true,"valueName":"search_term_string"}}],"inLanguage":"fr-FR"},{"@type":"Person","@id":"https:\/\/www.africa-press.net\/cameroun\/#\/schema\/person\/2b1cf3cd81a31e3cd26889ca66d677f1","name":"cfeditorfr"}]}},"_links":{"self":[{"href":"https:\/\/www.africa-press.net\/cameroun\/wp-json\/wp\/v2\/posts\/2759","targetHints":{"allow":["GET"]}}],"collection":[{"href":"https:\/\/www.africa-press.net\/cameroun\/wp-json\/wp\/v2\/posts"}],"about":[{"href":"https:\/\/www.africa-press.net\/cameroun\/wp-json\/wp\/v2\/types\/post"}],"author":[{"embeddable":true,"href":"https:\/\/www.africa-press.net\/cameroun\/wp-json\/wp\/v2\/users\/82"}],"replies":[{"embeddable":true,"href":"https:\/\/www.africa-press.net\/cameroun\/wp-json\/wp\/v2\/comments?post=2759"}],"version-history":[{"count":0,"href":"https:\/\/www.africa-press.net\/cameroun\/wp-json\/wp\/v2\/posts\/2759\/revisions"}],"wp:featuredmedia":[{"embeddable":true,"href":"https:\/\/www.africa-press.net\/cameroun\/wp-json\/wp\/v2\/media\/2758"}],"wp:attachment":[{"href":"https:\/\/www.africa-press.net\/cameroun\/wp-json\/wp\/v2\/media?parent=2759"}],"wp:term":[{"taxonomy":"category","embeddable":true,"href":"https:\/\/www.africa-press.net\/cameroun\/wp-json\/wp\/v2\/categories?post=2759"},{"taxonomy":"post_tag","embeddable":true,"href":"https:\/\/www.africa-press.net\/cameroun\/wp-json\/wp\/v2\/tags?post=2759"}],"curies":[{"name":"wp","href":"https:\/\/api.w.org\/{rel}","templated":true}]}}