{"id":2762,"date":"2021-04-29T16:47:20","date_gmt":"2021-04-29T16:47:20","guid":{"rendered":"https:\/\/www.africa-press.net\/cameroun\/politique\/cameroun-liberte-de-la-presse-un-groupe-de-patrons-de-presse-soppose-a-une-marche-projetee-par-un-autre"},"modified":"2021-04-29T20:52:55","modified_gmt":"2021-04-29T20:52:55","slug":"cameroun-liberte-de-la-presse-un-groupe-de-patrons-de-presse-soppose-a-une-marche-projetee-par-un-autre","status":"publish","type":"post","link":"https:\/\/www.africa-press.net\/cameroun\/politique\/cameroun-liberte-de-la-presse-un-groupe-de-patrons-de-presse-soppose-a-une-marche-projetee-par-un-autre","title":{"rendered":"Cameroun &#8211; Libert\u00e9 de la presse: Un groupe de patrons de presse s\u2019oppose \u00e0 une marche projet\u00e9e par un autre"},"content":{"rendered":"<p><span style=\"color: #ff6600\"><strong><a href=\"https:\/\/www.africa-press.net\/\">Africa-Press<\/a> &#8211; <a href=\"https:\/\/www.africa-press.net\/cameroun\">Cameroun<\/a>. <\/strong><\/span>La meilleure preuve que la presse se porte mal au Cameroun ! Des journalistes projettent une marche pacifique pour revendiquer de meilleures conditions d\u2019exercice du m\u00e9tier. D\u2019autres journalistes d\u00e9savouent l\u2019initiative.<\/p>\n<p>A l\u2019occasion de la Journ\u00e9e internationale de la presse le 3 mai 2021, des \u00e9diteurs de journaux, r\u00e9unis sous le R\u00e9seau des Patrons de Presse du Cameroun (REPAC), projettent un rassemblement pacifique \u00e0 Yaound\u00e9. A cet effet, leur pr\u00e9sident, Fran\u00e7ois Mboke, patron du journal Diapason, a saisi le sous-pr\u00e9fet de Yaound\u00e9 1er aux fins d\u2019obtenir une autorisation pour cette \u00abmarche pacifique [qui] sera accompagn\u00e9e de quelques pancartes portant quelques sollicitations des pouvoirs publics vis-\u00e0-vis de la presse\u00bb.<\/p>\n<p>En r\u00e9action, un autre groupe de promoteurs de presse, vient de publier une d\u00e9claration de d\u00e9sapprobation. Ces derniers, regroup\u00e9s au sein du Collectif des Communicateurs R\u00e9publicains et Patriotes (CCRP), estiment qu\u2019il s\u2019agit d\u2019une forme de chantage \u00e0 l\u2019endroit des autorit\u00e9s.<\/p>\n<p><b>Ci-dessous leur d\u00e9claration:<\/b><\/p>\n<p>Collectif des Communicateurs R\u00e9publicains et Patriotes (CCRP) \u00e0 l\u2019occasion de la c\u00e9l\u00e9bration de la journ\u00e9e mondiale de la presse le 03 mai 2021<\/p>\n<p>A une \u00e9poque soci\u00e9t\u00e9 close et litt\u00e9ralement ferm\u00e9e, le Cameroun, sous l\u2019impulsion et la volont\u00e9 du Pr\u00e9sident PAUL BIYA, s\u2019est ouvert \u00e0 la d\u00e9mocratie comme mode de gouvernement, accordant une place incontestable \u00e0 l\u2019expression tous azimuts des libert\u00e9s en g\u00e9n\u00e9ral et de la libert\u00e9 de presse en particulier.<\/p>\n<p>Avec plus de 600 titres, une centaine de radios et de chaines t\u00e9l\u00e9vision, ainsi qu\u2019une kyrielle d\u2019organes de presse cybern\u00e9tiques qui meublent le Landerneau m\u00e9diatique camerounais, il est ais\u00e9 de constater que le Gouvernement n\u2019a m\u00e9nag\u00e9 aucun effort pour faciliter le d\u00e9ploiement libre des m\u00e9dias, mettant en valeur leur qualificatif de \u00ab Quatri\u00e8me Pouvoir \u00bb.<\/p>\n<p>\u2022 La suppression de la censure administrative ;<\/p>\n<p>\u2022 La cr\u00e9ation d\u2019un journal sur simple d\u00e9claration d\u2019existence ;<\/p>\n<p>\u2022 L\u2019appui institutionnel de l\u2019\u00c9tat \u00e0 la presse \u00e0 capitaux priv\u00e9s ;<\/p>\n<p>\u2022 La d\u00e9signation r\u00e9currente des acteurs des m\u00e9dias au sein des instances d\u00e9lib\u00e9rantes et consultatives \u00e0 l\u2019instar de la Commission Nationale des Droits de l\u2019Homme et des Libert\u00e9s, du Conseil National de la Communication, de la Commission de D\u00e9livrance de la carte de presse;<\/p>\n<p>\u2022 L\u2019existence des multiples plateformes de concertations avec les journalistes et assimil\u00e9s, tels que les \u00e9tats-g\u00e9n\u00e9raux de la Communication, pour ne citer que cela, sont autant de t\u00e9moins vibrants et \u00e9loquents de la d\u00e9termination de l\u2019Etat \u00e0 promouvoir la libert\u00e9 de la presse au Cameroun. Ainsi dans un contexte marqu\u00e9 par les s\u00e9vices de la Covid-19, coupl\u00e9s aux menaces s\u00e9curitaires exacerb\u00e9es par le climat politique tendu dans certains pays fr\u00e8res, le Collectif des Communicateurs R\u00e9publicains et Patriotes :<\/p>\n<p>\u2022 Trouve irresponsable toute tentative de d\u00e9voyer la presse camerounaise en pr\u00e9tendant hors cadre institutionnel formuler des pr\u00e9occupations au Gouvernement qui, malgr\u00e9 la crise, a r\u00e9ussi \u00e0 mobiliser 120 millions de FCFA pour la Presse ;<\/p>\n<p>\u2022 Qualifie de d\u00e9raisonnable toute initiative visant \u00e0 instrumentaliser la presse, qui jusqu\u2019ici honore avec brio ses missions d\u2019information et de formation de l\u2019opinion publique ;<\/p>\n<p>\u2022 Condamne vivement les desseins et les sir\u00e8nes du chantage pr\u00e9judiciables au bon fonctionnement de l\u2019\u00c9tat;<\/p>\n<p>\u2022 Affirme son total soutien aux Institutions de la R\u00e9publique et au Pr\u00e9sident PAUL BIYA qui les incarne au nom de l\u2019ensemble des Camerounais qui l\u2019ont \u00e9lu \u00e0 plus de 70% des suffrages lors du scrutin pr\u00e9sidentiel de 2018<\/p>\n<p>\u2022 Se d\u00e9solidarise de toute action visant \u00e0 d\u00e9stabiliser le pouvoir qui est r\u00e9solu \u00e0 maintenir le Cameroun sur les rails de l\u2019\u00e9mergence 2035 telle que pr\u00f4n\u00e9e par le Chef de l\u2019Etat ;<\/p>\n<p>\u2022 Encourage l\u2019am\u00e9lioration des conditions d\u2019exercice de la libert\u00e9 de presse \u00e0 travers un dialogue r\u00e9publicain entre le Gouvernement et les Acteurs des m\u00e9dias au sein des instances pr\u00e9vues \u00e0 cet effet;<\/p>\n<p>\u2022 R\u00e9it\u00e8re son serment infaillible de d\u00e9fendre la stabilit\u00e9 d\u2019un \u00c9tat, soucieux du meilleur \u00e9panouissement des m\u00e9dias pour les g\u00e9n\u00e9rations pr\u00e9sentes sans compromettre le devenir des g\u00e9n\u00e9rations futures, h\u00e9riti\u00e8res de nos agissements et actes.<b><\/b><\/p>\n","protected":false},"excerpt":{"rendered":"<p>Africa-Press &#8211; Cameroun. La meilleure preuve que la presse se porte mal au Cameroun ! Des journalistes projettent une marche pacifique pour revendiquer de meilleures conditions d\u2019exercice du m\u00e9tier. D\u2019autres journalistes d\u00e9savouent l\u2019initiative. A l\u2019occasion de la Journ\u00e9e internationale de la presse le 3 mai 2021, des \u00e9diteurs de journaux, r\u00e9unis sous le R\u00e9seau des [&hellip;]<\/p>\n","protected":false},"author":82,"featured_media":2761,"comment_status":"open","ping_status":"closed","sticky":false,"template":"","format":"standard","meta":{"footnotes":""},"categories":[11,2,10],"tags":[36,50,49],"class_list":["post-2762","post","type-post","status-publish","format-standard","has-post-thumbnail","hentry","category-homepage-french","category-politique","category-toutes-les-actualites","tag-africa-press","tag-africa-press-cameroun","tag-cameroun"],"yoast_head":"<!-- This site is optimized with the Yoast SEO Premium plugin v26.1 (Yoast SEO v27.0) - https:\/\/yoast.com\/product\/yoast-seo-premium-wordpress\/ -->\n<title>Cameroun - Libert\u00e9 de la presse: Un groupe de patrons de presse s\u2019oppose \u00e0 une marche projet\u00e9e par un autre - Cameroun<\/title>\n<meta name=\"description\" content=\"La meilleure preuve que la presse se porte mal au Cameroun ! Des journalistes projettent une marche pacifique pour reven ...\" \/>\n<meta name=\"robots\" content=\"index, follow, max-snippet:-1, max-image-preview:large, max-video-preview:-1\" \/>\n<link rel=\"canonical\" href=\"https:\/\/www.africa-press.net\/cameroun\/politique\/cameroun-liberte-de-la-presse-un-groupe-de-patrons-de-presse-soppose-a-une-marche-projetee-par-un-autre\" \/>\n<meta property=\"og:locale\" content=\"fr_FR\" \/>\n<meta property=\"og:type\" content=\"article\" \/>\n<meta property=\"og:title\" content=\"Cameroun - Libert\u00e9 de la presse: Un groupe de patrons de presse s\u2019oppose \u00e0 une marche projet\u00e9e par un autre\" \/>\n<meta property=\"og:description\" content=\"La meilleure preuve que la presse se porte mal au Cameroun ! Des journalistes projettent une marche pacifique pour reven ...\" \/>\n<meta property=\"og:url\" content=\"https:\/\/www.africa-press.net\/cameroun\/politique\/cameroun-liberte-de-la-presse-un-groupe-de-patrons-de-presse-soppose-a-une-marche-projetee-par-un-autre\" \/>\n<meta property=\"og:site_name\" content=\"Cameroun\" \/>\n<meta property=\"article:published_time\" content=\"2021-04-29T16:47:20+00:00\" \/>\n<meta property=\"article:modified_time\" content=\"2021-04-29T20:52:55+00:00\" \/>\n<meta property=\"og:image\" content=\"https:\/\/static.africa-press.net\/cameroun\/sites\/57\/2021\/04\/img-608b0ae1accdb.jpg\" \/>\n\t<meta property=\"og:image:width\" content=\"800\" \/>\n\t<meta property=\"og:image:height\" content=\"526\" \/>\n\t<meta property=\"og:image:type\" content=\"image\/jpeg\" \/>\n<meta name=\"author\" content=\"cfeditorfr\" \/>\n<meta name=\"twitter:card\" content=\"summary_large_image\" \/>\n<meta name=\"twitter:label1\" content=\"\u00c9crit par\" \/>\n\t<meta name=\"twitter:data1\" content=\"cfeditorfr\" \/>\n\t<meta name=\"twitter:label2\" content=\"Dur\u00e9e de lecture estim\u00e9e\" \/>\n\t<meta name=\"twitter:data2\" content=\"3 minutes\" \/>\n<script type=\"application\/ld+json\" class=\"yoast-schema-graph\">{\"@context\":\"https:\/\/schema.org\",\"@graph\":[{\"@type\":\"Article\",\"@id\":\"https:\/\/www.africa-press.net\/cameroun\/politique\/cameroun-liberte-de-la-presse-un-groupe-de-patrons-de-presse-soppose-a-une-marche-projetee-par-un-autre#article\",\"isPartOf\":{\"@id\":\"https:\/\/www.africa-press.net\/cameroun\/politique\/cameroun-liberte-de-la-presse-un-groupe-de-patrons-de-presse-soppose-a-une-marche-projetee-par-un-autre\"},\"author\":{\"name\":\"cfeditorfr\",\"@id\":\"https:\/\/www.africa-press.net\/cameroun\/#\/schema\/person\/2b1cf3cd81a31e3cd26889ca66d677f1\"},\"headline\":\"Cameroun &#8211; Libert\u00e9 de la presse: Un groupe de patrons de presse s\u2019oppose \u00e0 une marche projet\u00e9e par un autre\",\"datePublished\":\"2021-04-29T16:47:20+00:00\",\"dateModified\":\"2021-04-29T20:52:55+00:00\",\"mainEntityOfPage\":{\"@id\":\"https:\/\/www.africa-press.net\/cameroun\/politique\/cameroun-liberte-de-la-presse-un-groupe-de-patrons-de-presse-soppose-a-une-marche-projetee-par-un-autre\"},\"wordCount\":744,\"commentCount\":0,\"image\":{\"@id\":\"https:\/\/www.africa-press.net\/cameroun\/politique\/cameroun-liberte-de-la-presse-un-groupe-de-patrons-de-presse-soppose-a-une-marche-projetee-par-un-autre#primaryimage\"},\"thumbnailUrl\":\"https:\/\/static.africa-press.net\/cameroun\/sites\/57\/2021\/04\/img-608b0ae1accdb.jpg\",\"keywords\":[\"Africa Press\",\"Africa Press-Cameroun\",\"Cameroun\"],\"articleSection\":[\"homepage-french\",\"Politique\",\"Toutes les actualit\u00e9s\"],\"inLanguage\":\"fr-FR\",\"potentialAction\":[{\"@type\":\"CommentAction\",\"name\":\"Comment\",\"target\":[\"https:\/\/www.africa-press.net\/cameroun\/politique\/cameroun-liberte-de-la-presse-un-groupe-de-patrons-de-presse-soppose-a-une-marche-projetee-par-un-autre#respond\"]}]},{\"@type\":\"WebPage\",\"@id\":\"https:\/\/www.africa-press.net\/cameroun\/politique\/cameroun-liberte-de-la-presse-un-groupe-de-patrons-de-presse-soppose-a-une-marche-projetee-par-un-autre\",\"url\":\"https:\/\/www.africa-press.net\/cameroun\/politique\/cameroun-liberte-de-la-presse-un-groupe-de-patrons-de-presse-soppose-a-une-marche-projetee-par-un-autre\",\"name\":\"Cameroun - Libert\u00e9 de la presse: Un groupe de patrons de presse s\u2019oppose \u00e0 une marche projet\u00e9e par un autre - Cameroun\",\"isPartOf\":{\"@id\":\"https:\/\/www.africa-press.net\/cameroun\/#website\"},\"primaryImageOfPage\":{\"@id\":\"https:\/\/www.africa-press.net\/cameroun\/politique\/cameroun-liberte-de-la-presse-un-groupe-de-patrons-de-presse-soppose-a-une-marche-projetee-par-un-autre#primaryimage\"},\"image\":{\"@id\":\"https:\/\/www.africa-press.net\/cameroun\/politique\/cameroun-liberte-de-la-presse-un-groupe-de-patrons-de-presse-soppose-a-une-marche-projetee-par-un-autre#primaryimage\"},\"thumbnailUrl\":\"https:\/\/static.africa-press.net\/cameroun\/sites\/57\/2021\/04\/img-608b0ae1accdb.jpg\",\"datePublished\":\"2021-04-29T16:47:20+00:00\",\"dateModified\":\"2021-04-29T20:52:55+00:00\",\"author\":{\"@id\":\"https:\/\/www.africa-press.net\/cameroun\/#\/schema\/person\/2b1cf3cd81a31e3cd26889ca66d677f1\"},\"description\":\"La meilleure preuve que la presse se porte mal au Cameroun ! Des journalistes projettent une marche pacifique pour reven ...\",\"breadcrumb\":{\"@id\":\"https:\/\/www.africa-press.net\/cameroun\/politique\/cameroun-liberte-de-la-presse-un-groupe-de-patrons-de-presse-soppose-a-une-marche-projetee-par-un-autre#breadcrumb\"},\"inLanguage\":\"fr-FR\",\"potentialAction\":[{\"@type\":\"ReadAction\",\"target\":[\"https:\/\/www.africa-press.net\/cameroun\/politique\/cameroun-liberte-de-la-presse-un-groupe-de-patrons-de-presse-soppose-a-une-marche-projetee-par-un-autre\"]}]},{\"@type\":\"ImageObject\",\"inLanguage\":\"fr-FR\",\"@id\":\"https:\/\/www.africa-press.net\/cameroun\/politique\/cameroun-liberte-de-la-presse-un-groupe-de-patrons-de-presse-soppose-a-une-marche-projetee-par-un-autre#primaryimage\",\"url\":\"https:\/\/static.africa-press.net\/cameroun\/sites\/57\/2021\/04\/img-608b0ae1accdb.jpg\",\"contentUrl\":\"https:\/\/static.africa-press.net\/cameroun\/sites\/57\/2021\/04\/img-608b0ae1accdb.jpg\",\"width\":800,\"height\":526,\"caption\":\"Cameroun - Libert\u00e9 de la presse: Un groupe de patrons de presse s\u2019oppose \u00e0 une marche projet\u00e9e par un autre\"},{\"@type\":\"BreadcrumbList\",\"@id\":\"https:\/\/www.africa-press.net\/cameroun\/politique\/cameroun-liberte-de-la-presse-un-groupe-de-patrons-de-presse-soppose-a-une-marche-projetee-par-un-autre#breadcrumb\",\"itemListElement\":[{\"@type\":\"ListItem\",\"position\":1,\"name\":\"Accueil\",\"item\":\"https:\/\/www.africa-press.net\/cameroun\/\"},{\"@type\":\"ListItem\",\"position\":2,\"name\":\"Cameroun &#8211; Libert\u00e9 de la presse: Un groupe de patrons de presse s\u2019oppose \u00e0 une marche projet\u00e9e par un autre\"}]},{\"@type\":\"WebSite\",\"@id\":\"https:\/\/www.africa-press.net\/cameroun\/#website\",\"url\":\"https:\/\/www.africa-press.net\/cameroun\/\",\"name\":\"Cameroun\",\"description\":\"Just another Africa News Agency Sites site\",\"potentialAction\":[{\"@type\":\"SearchAction\",\"target\":{\"@type\":\"EntryPoint\",\"urlTemplate\":\"https:\/\/www.africa-press.net\/cameroun\/?s={search_term_string}\"},\"query-input\":{\"@type\":\"PropertyValueSpecification\",\"valueRequired\":true,\"valueName\":\"search_term_string\"}}],\"inLanguage\":\"fr-FR\"},{\"@type\":\"Person\",\"@id\":\"https:\/\/www.africa-press.net\/cameroun\/#\/schema\/person\/2b1cf3cd81a31e3cd26889ca66d677f1\",\"name\":\"cfeditorfr\"}]}<\/script>\n<!-- \/ Yoast SEO Premium plugin. -->","yoast_head_json":{"title":"Cameroun - Libert\u00e9 de la presse: Un groupe de patrons de presse s\u2019oppose \u00e0 une marche projet\u00e9e par un autre - Cameroun","description":"La meilleure preuve que la presse se porte mal au Cameroun ! Des journalistes projettent une marche pacifique pour reven ...","robots":{"index":"index","follow":"follow","max-snippet":"max-snippet:-1","max-image-preview":"max-image-preview:large","max-video-preview":"max-video-preview:-1"},"canonical":"https:\/\/www.africa-press.net\/cameroun\/politique\/cameroun-liberte-de-la-presse-un-groupe-de-patrons-de-presse-soppose-a-une-marche-projetee-par-un-autre","og_locale":"fr_FR","og_type":"article","og_title":"Cameroun - Libert\u00e9 de la presse: Un groupe de patrons de presse s\u2019oppose \u00e0 une marche projet\u00e9e par un autre","og_description":"La meilleure preuve que la presse se porte mal au Cameroun ! Des journalistes projettent une marche pacifique pour reven ...","og_url":"https:\/\/www.africa-press.net\/cameroun\/politique\/cameroun-liberte-de-la-presse-un-groupe-de-patrons-de-presse-soppose-a-une-marche-projetee-par-un-autre","og_site_name":"Cameroun","article_published_time":"2021-04-29T16:47:20+00:00","article_modified_time":"2021-04-29T20:52:55+00:00","og_image":[{"width":800,"height":526,"url":"https:\/\/static.africa-press.net\/cameroun\/sites\/57\/2021\/04\/img-608b0ae1accdb.jpg","type":"image\/jpeg"}],"author":"cfeditorfr","twitter_card":"summary_large_image","twitter_misc":{"\u00c9crit par":"cfeditorfr","Dur\u00e9e de lecture estim\u00e9e":"3 minutes"},"schema":{"@context":"https:\/\/schema.org","@graph":[{"@type":"Article","@id":"https:\/\/www.africa-press.net\/cameroun\/politique\/cameroun-liberte-de-la-presse-un-groupe-de-patrons-de-presse-soppose-a-une-marche-projetee-par-un-autre#article","isPartOf":{"@id":"https:\/\/www.africa-press.net\/cameroun\/politique\/cameroun-liberte-de-la-presse-un-groupe-de-patrons-de-presse-soppose-a-une-marche-projetee-par-un-autre"},"author":{"name":"cfeditorfr","@id":"https:\/\/www.africa-press.net\/cameroun\/#\/schema\/person\/2b1cf3cd81a31e3cd26889ca66d677f1"},"headline":"Cameroun &#8211; Libert\u00e9 de la presse: Un groupe de patrons de presse s\u2019oppose \u00e0 une marche projet\u00e9e par un autre","datePublished":"2021-04-29T16:47:20+00:00","dateModified":"2021-04-29T20:52:55+00:00","mainEntityOfPage":{"@id":"https:\/\/www.africa-press.net\/cameroun\/politique\/cameroun-liberte-de-la-presse-un-groupe-de-patrons-de-presse-soppose-a-une-marche-projetee-par-un-autre"},"wordCount":744,"commentCount":0,"image":{"@id":"https:\/\/www.africa-press.net\/cameroun\/politique\/cameroun-liberte-de-la-presse-un-groupe-de-patrons-de-presse-soppose-a-une-marche-projetee-par-un-autre#primaryimage"},"thumbnailUrl":"https:\/\/static.africa-press.net\/cameroun\/sites\/57\/2021\/04\/img-608b0ae1accdb.jpg","keywords":["Africa Press","Africa Press-Cameroun","Cameroun"],"articleSection":["homepage-french","Politique","Toutes les actualit\u00e9s"],"inLanguage":"fr-FR","potentialAction":[{"@type":"CommentAction","name":"Comment","target":["https:\/\/www.africa-press.net\/cameroun\/politique\/cameroun-liberte-de-la-presse-un-groupe-de-patrons-de-presse-soppose-a-une-marche-projetee-par-un-autre#respond"]}]},{"@type":"WebPage","@id":"https:\/\/www.africa-press.net\/cameroun\/politique\/cameroun-liberte-de-la-presse-un-groupe-de-patrons-de-presse-soppose-a-une-marche-projetee-par-un-autre","url":"https:\/\/www.africa-press.net\/cameroun\/politique\/cameroun-liberte-de-la-presse-un-groupe-de-patrons-de-presse-soppose-a-une-marche-projetee-par-un-autre","name":"Cameroun - Libert\u00e9 de la presse: Un groupe de patrons de presse s\u2019oppose \u00e0 une marche projet\u00e9e par un autre - Cameroun","isPartOf":{"@id":"https:\/\/www.africa-press.net\/cameroun\/#website"},"primaryImageOfPage":{"@id":"https:\/\/www.africa-press.net\/cameroun\/politique\/cameroun-liberte-de-la-presse-un-groupe-de-patrons-de-presse-soppose-a-une-marche-projetee-par-un-autre#primaryimage"},"image":{"@id":"https:\/\/www.africa-press.net\/cameroun\/politique\/cameroun-liberte-de-la-presse-un-groupe-de-patrons-de-presse-soppose-a-une-marche-projetee-par-un-autre#primaryimage"},"thumbnailUrl":"https:\/\/static.africa-press.net\/cameroun\/sites\/57\/2021\/04\/img-608b0ae1accdb.jpg","datePublished":"2021-04-29T16:47:20+00:00","dateModified":"2021-04-29T20:52:55+00:00","author":{"@id":"https:\/\/www.africa-press.net\/cameroun\/#\/schema\/person\/2b1cf3cd81a31e3cd26889ca66d677f1"},"description":"La meilleure preuve que la presse se porte mal au Cameroun ! Des journalistes projettent une marche pacifique pour reven ...","breadcrumb":{"@id":"https:\/\/www.africa-press.net\/cameroun\/politique\/cameroun-liberte-de-la-presse-un-groupe-de-patrons-de-presse-soppose-a-une-marche-projetee-par-un-autre#breadcrumb"},"inLanguage":"fr-FR","potentialAction":[{"@type":"ReadAction","target":["https:\/\/www.africa-press.net\/cameroun\/politique\/cameroun-liberte-de-la-presse-un-groupe-de-patrons-de-presse-soppose-a-une-marche-projetee-par-un-autre"]}]},{"@type":"ImageObject","inLanguage":"fr-FR","@id":"https:\/\/www.africa-press.net\/cameroun\/politique\/cameroun-liberte-de-la-presse-un-groupe-de-patrons-de-presse-soppose-a-une-marche-projetee-par-un-autre#primaryimage","url":"https:\/\/static.africa-press.net\/cameroun\/sites\/57\/2021\/04\/img-608b0ae1accdb.jpg","contentUrl":"https:\/\/static.africa-press.net\/cameroun\/sites\/57\/2021\/04\/img-608b0ae1accdb.jpg","width":800,"height":526,"caption":"Cameroun - Libert\u00e9 de la presse: Un groupe de patrons de presse s\u2019oppose \u00e0 une marche projet\u00e9e par un autre"},{"@type":"BreadcrumbList","@id":"https:\/\/www.africa-press.net\/cameroun\/politique\/cameroun-liberte-de-la-presse-un-groupe-de-patrons-de-presse-soppose-a-une-marche-projetee-par-un-autre#breadcrumb","itemListElement":[{"@type":"ListItem","position":1,"name":"Accueil","item":"https:\/\/www.africa-press.net\/cameroun\/"},{"@type":"ListItem","position":2,"name":"Cameroun &#8211; Libert\u00e9 de la presse: Un groupe de patrons de presse s\u2019oppose \u00e0 une marche projet\u00e9e par un autre"}]},{"@type":"WebSite","@id":"https:\/\/www.africa-press.net\/cameroun\/#website","url":"https:\/\/www.africa-press.net\/cameroun\/","name":"Cameroun","description":"Just another Africa News Agency Sites site","potentialAction":[{"@type":"SearchAction","target":{"@type":"EntryPoint","urlTemplate":"https:\/\/www.africa-press.net\/cameroun\/?s={search_term_string}"},"query-input":{"@type":"PropertyValueSpecification","valueRequired":true,"valueName":"search_term_string"}}],"inLanguage":"fr-FR"},{"@type":"Person","@id":"https:\/\/www.africa-press.net\/cameroun\/#\/schema\/person\/2b1cf3cd81a31e3cd26889ca66d677f1","name":"cfeditorfr"}]}},"_links":{"self":[{"href":"https:\/\/www.africa-press.net\/cameroun\/wp-json\/wp\/v2\/posts\/2762","targetHints":{"allow":["GET"]}}],"collection":[{"href":"https:\/\/www.africa-press.net\/cameroun\/wp-json\/wp\/v2\/posts"}],"about":[{"href":"https:\/\/www.africa-press.net\/cameroun\/wp-json\/wp\/v2\/types\/post"}],"author":[{"embeddable":true,"href":"https:\/\/www.africa-press.net\/cameroun\/wp-json\/wp\/v2\/users\/82"}],"replies":[{"embeddable":true,"href":"https:\/\/www.africa-press.net\/cameroun\/wp-json\/wp\/v2\/comments?post=2762"}],"version-history":[{"count":0,"href":"https:\/\/www.africa-press.net\/cameroun\/wp-json\/wp\/v2\/posts\/2762\/revisions"}],"wp:featuredmedia":[{"embeddable":true,"href":"https:\/\/www.africa-press.net\/cameroun\/wp-json\/wp\/v2\/media\/2761"}],"wp:attachment":[{"href":"https:\/\/www.africa-press.net\/cameroun\/wp-json\/wp\/v2\/media?parent=2762"}],"wp:term":[{"taxonomy":"category","embeddable":true,"href":"https:\/\/www.africa-press.net\/cameroun\/wp-json\/wp\/v2\/categories?post=2762"},{"taxonomy":"post_tag","embeddable":true,"href":"https:\/\/www.africa-press.net\/cameroun\/wp-json\/wp\/v2\/tags?post=2762"}],"curies":[{"name":"wp","href":"https:\/\/api.w.org\/{rel}","templated":true}]}}