{"id":27665,"date":"2022-09-21T17:00:00","date_gmt":"2022-09-21T17:00:00","guid":{"rendered":"https:\/\/www.africa-press.net\/cameroun\/?p=27665"},"modified":"2022-09-17T19:07:55","modified_gmt":"2022-09-17T19:07:55","slug":"balades-dans-les-villes-bioniques-du-futur-de-vincent-callebaut","status":"publish","type":"post","link":"https:\/\/www.africa-press.net\/cameroun\/toutes-les-actualites\/balades-dans-les-villes-bioniques-du-futur-de-vincent-callebaut","title":{"rendered":"Balades dans les villes bioniques du futur de Vincent Callebaut"},"content":{"rendered":"<p><span style=\"color: #ff6600\"><strong>Africa-Press &#8211; Cameroun. <\/strong><\/span>Install\u00e9 \u00e0 Paris, l&rsquo;architecte belge Vincent Callebaut multiplie depuis dix ans les projets de b\u00e2timents, de quartiers et de cit\u00e9s pens\u00e9s pour r\u00e9pondre aux in\u00e9luctables \u00e9volutions en cours. Mieux compris en Asie, o\u00f9 l&rsquo;urbanisation massive engendre des m\u00e9galopoles d\u00e9mesur\u00e9es, il a cr\u00e9\u00e9 plusieurs immeubles qui visent l&rsquo;autonomie, totale ou partielle, en \u00e9nergie et en ressources naturelles. V\u00e9g\u00e9talisation, \u00e9nergies renouvelables et fermes verticales sont au programme. L&rsquo;architecte voit aussi plus loin et imagine des villes flottantes\u2026<\/p>\n\r\n                <style type=\"text\/css\">\r\n                    \r\n                    #td_uid_1_69f0444ac58b2  .td-doubleSlider-2 .td-item1 {\r\n                        background: url(https:\/\/static.africa-press.net\/cameroun\/sites\/57\/2022\/09\/postMediaimg_2_1-632619fe335eb-80x60.jpg) 0 0 no-repeat;\r\n                    }\r\n                    #td_uid_1_69f0444ac58b2  .td-doubleSlider-2 .td-item2 {\r\n                        background: url(https:\/\/static.africa-press.net\/cameroun\/sites\/57\/2022\/09\/postMediaimg_2_2-63261a0fc8ab4-80x60.jpg) 0 0 no-repeat;\r\n                    }\r\n                    #td_uid_1_69f0444ac58b2  .td-doubleSlider-2 .td-item3 {\r\n                        background: url(https:\/\/static.africa-press.net\/cameroun\/sites\/57\/2022\/09\/postMediaimg_2_3-63261a1e35663-80x60.jpg) 0 0 no-repeat;\r\n                    }\r\n                    #td_uid_1_69f0444ac58b2  .td-doubleSlider-2 .td-item4 {\r\n                        background: url(https:\/\/static.africa-press.net\/cameroun\/sites\/57\/2022\/09\/postMediaimg_2_4-63261a2c4bd61-80x60.jpg) 0 0 no-repeat;\r\n                    }\r\n                    #td_uid_1_69f0444ac58b2  .td-doubleSlider-2 .td-item5 {\r\n                        background: url(https:\/\/static.africa-press.net\/cameroun\/sites\/57\/2022\/09\/postMediaimg_2_5-63261a39b8b6f-80x60.jpg) 0 0 no-repeat;\r\n                    }\r\n                    #td_uid_1_69f0444ac58b2  .td-doubleSlider-2 .td-item6 {\r\n                        background: url(https:\/\/static.africa-press.net\/cameroun\/sites\/57\/2022\/09\/postMediaimg_2_6-63261a4633bb3-80x60.jpg) 0 0 no-repeat;\r\n                    }\r\n                    #td_uid_1_69f0444ac58b2  .td-doubleSlider-2 .td-item7 {\r\n                        background: url(https:\/\/static.africa-press.net\/cameroun\/sites\/57\/2022\/09\/postMediaimg_2_7-63261a529c933-80x60.jpg) 0 0 no-repeat;\r\n                    }\r\n                    #td_uid_1_69f0444ac58b2  .td-doubleSlider-2 .td-item8 {\r\n                        background: url(https:\/\/static.africa-press.net\/cameroun\/sites\/57\/2022\/09\/postMediaimg_2_8-63261a6096570-80x60.jpg) 0 0 no-repeat;\r\n                    }\r\n                    #td_uid_1_69f0444ac58b2  .td-doubleSlider-2 .td-item9 {\r\n                        background: url(https:\/\/static.africa-press.net\/cameroun\/sites\/57\/2022\/09\/postMediaimg_2_9-63261a6d9d690-80x60.jpg) 0 0 no-repeat;\r\n                    }\r\n                    #td_uid_1_69f0444ac58b2  .td-doubleSlider-2 .td-item10 {\r\n                        background: url(https:\/\/static.africa-press.net\/cameroun\/sites\/57\/2022\/09\/postMediaimg_2_10-63261a7b606ab-80x60.jpg) 0 0 no-repeat;\r\n                    }\r\n                    #td_uid_1_69f0444ac58b2  .td-doubleSlider-2 .td-item11 {\r\n                        background: url(https:\/\/static.africa-press.net\/cameroun\/sites\/57\/2022\/09\/postMediaimg_2_11-63261a882921b-80x60.jpg) 0 0 no-repeat;\r\n                    }\r\n                    #td_uid_1_69f0444ac58b2  .td-doubleSlider-2 .td-item12 {\r\n                        background: url(https:\/\/static.africa-press.net\/cameroun\/sites\/57\/2022\/09\/postMediaimg_2_12-63261a951717a-80x60.jpg) 0 0 no-repeat;\r\n                    }\r\n                    #td_uid_1_69f0444ac58b2  .td-doubleSlider-2 .td-item13 {\r\n                        background: url(https:\/\/static.africa-press.net\/cameroun\/sites\/57\/2022\/09\/postMediaimg_2_13-63261aa16e94c-80x60.jpg) 0 0 no-repeat;\r\n                    }\r\n                    #td_uid_1_69f0444ac58b2  .td-doubleSlider-2 .td-item14 {\r\n                        background: url(https:\/\/static.africa-press.net\/cameroun\/sites\/57\/2022\/09\/postMediaimg_2_14-80x60.jpg) 0 0 no-repeat;\r\n                    }\r\n                    #td_uid_1_69f0444ac58b2  .td-doubleSlider-2 .td-item15 {\r\n                        background: url(https:\/\/static.africa-press.net\/cameroun\/sites\/57\/2022\/09\/postMediaimg_2_15-80x60.jpg) 0 0 no-repeat;\r\n                    }\r\n                    #td_uid_1_69f0444ac58b2  .td-doubleSlider-2 .td-item16 {\r\n                        background: url(https:\/\/static.africa-press.net\/cameroun\/sites\/57\/2022\/09\/postMediaimg_2_16-80x60.jpg) 0 0 no-repeat;\r\n                    }\r\n                    #td_uid_1_69f0444ac58b2  .td-doubleSlider-2 .td-item17 {\r\n                        background: url(https:\/\/static.africa-press.net\/cameroun\/sites\/57\/2022\/09\/postMediaimg_2_17-80x60.jpg) 0 0 no-repeat;\r\n                    }\r\n                    #td_uid_1_69f0444ac58b2  .td-doubleSlider-2 .td-item18 {\r\n                        background: url(https:\/\/static.africa-press.net\/cameroun\/sites\/57\/2022\/09\/postMediaimg_2_18-80x60.jpg) 0 0 no-repeat;\r\n                    }\r\n                    #td_uid_1_69f0444ac58b2  .td-doubleSlider-2 .td-item19 {\r\n                        background: url(https:\/\/static.africa-press.net\/cameroun\/sites\/57\/2022\/09\/postMediaimg_2_19-80x60.jpg) 0 0 no-repeat;\r\n                    }\r\n                <\/style>\r\n\r\n                <div id=\"td_uid_1_69f0444ac58b2\" class=\"td-gallery td-slide-on-2-columns\">\r\n                    <div class=\"post_td_gallery\">\r\n                        <div class=\"td-gallery-slide-top\">\r\n                           <div class=\"td-gallery-title\"><\/div>\r\n\r\n                            <div class=\"td-gallery-controls-wrapper\">\r\n                                <div class=\"td-gallery-slide-count\"><span class=\"td-gallery-slide-item-focus\">1<\/span> de 19<\/div>\r\n                                <div class=\"td-gallery-slide-prev-next-but\">\r\n                                    <i class = \"td-icon-left doubleSliderPrevButton\"><\/i>\r\n                                    <i class = \"td-icon-right doubleSliderNextButton\"><\/i>\r\n                                <\/div>\r\n                            <\/div>\r\n                        <\/div>\r\n\r\n                        <div class = \"td-doubleSlider-1 \">\r\n                            <div class = \"td-slider\">\r\n                                \r\n                    <div class = \"td-slide-item td-item1\">\r\n                        <figure class=\"td-slide-galery-figure td-slide-popup-gallery\">\r\n                            <a class=\"slide-gallery-image-link\" href=\"https:\/\/static.africa-press.net\/cameroun\/sites\/57\/2022\/09\/postMediaimg_2_1-632619fe335eb.jpg\" title=\"postMediaimg_2_1-632619fe335eb\"  data-caption=\"\"  data-description=\"\">\r\n                                <img decoding=\"async\" src=\"https:\/\/static.africa-press.net\/cameroun\/sites\/57\/2022\/09\/postMediaimg_2_1-632619fe335eb.jpg\" srcset=\"https:\/\/static.africa-press.net\/cameroun\/sites\/57\/2022\/09\/postMediaimg_2_1-632619fe335eb.jpg 1520w, https:\/\/static.africa-press.net\/cameroun\/sites\/57\/2022\/09\/postMediaimg_2_1-632619fe335eb-300x169.jpg 300w, https:\/\/static.africa-press.net\/cameroun\/sites\/57\/2022\/09\/postMediaimg_2_1-632619fe335eb-1024x576.jpg 1024w, https:\/\/static.africa-press.net\/cameroun\/sites\/57\/2022\/09\/postMediaimg_2_1-632619fe335eb-768x432.jpg 768w\" sizes=\"(max-width: 1520px) 100vw, 1520px\" alt=\"\">\r\n                            <\/a>\r\n                            \r\n                        <\/figure>\r\n                    <\/div>\r\n                    <div class = \"td-slide-item td-item2\">\r\n                        <figure class=\"td-slide-galery-figure td-slide-popup-gallery\">\r\n                            <a class=\"slide-gallery-image-link\" href=\"https:\/\/static.africa-press.net\/cameroun\/sites\/57\/2022\/09\/postMediaimg_2_2-63261a0fc8ab4.jpg\" title=\"postMediaimg_2_2-63261a0fc8ab4\"  data-caption=\"\"  data-description=\"\">\r\n                                <img decoding=\"async\" src=\"https:\/\/static.africa-press.net\/cameroun\/sites\/57\/2022\/09\/postMediaimg_2_2-63261a0fc8ab4.jpg\" srcset=\"https:\/\/static.africa-press.net\/cameroun\/sites\/57\/2022\/09\/postMediaimg_2_2-63261a0fc8ab4.jpg 1520w, https:\/\/static.africa-press.net\/cameroun\/sites\/57\/2022\/09\/postMediaimg_2_2-63261a0fc8ab4-300x169.jpg 300w, https:\/\/static.africa-press.net\/cameroun\/sites\/57\/2022\/09\/postMediaimg_2_2-63261a0fc8ab4-1024x576.jpg 1024w, https:\/\/static.africa-press.net\/cameroun\/sites\/57\/2022\/09\/postMediaimg_2_2-63261a0fc8ab4-768x432.jpg 768w\" sizes=\"(max-width: 1520px) 100vw, 1520px\" alt=\"\">\r\n                            <\/a>\r\n                            \r\n                        <\/figure>\r\n                    <\/div>\r\n                    <div class = \"td-slide-item td-item3\">\r\n                        <figure class=\"td-slide-galery-figure td-slide-popup-gallery\">\r\n                            <a class=\"slide-gallery-image-link\" href=\"https:\/\/static.africa-press.net\/cameroun\/sites\/57\/2022\/09\/postMediaimg_2_3-63261a1e35663.jpg\" title=\"postMediaimg_2_3-63261a1e35663\"  data-caption=\"\"  data-description=\"\">\r\n                                <img decoding=\"async\" src=\"https:\/\/static.africa-press.net\/cameroun\/sites\/57\/2022\/09\/postMediaimg_2_3-63261a1e35663.jpg\" srcset=\"https:\/\/static.africa-press.net\/cameroun\/sites\/57\/2022\/09\/postMediaimg_2_3-63261a1e35663.jpg 1520w, https:\/\/static.africa-press.net\/cameroun\/sites\/57\/2022\/09\/postMediaimg_2_3-63261a1e35663-300x169.jpg 300w, https:\/\/static.africa-press.net\/cameroun\/sites\/57\/2022\/09\/postMediaimg_2_3-63261a1e35663-1024x576.jpg 1024w, https:\/\/static.africa-press.net\/cameroun\/sites\/57\/2022\/09\/postMediaimg_2_3-63261a1e35663-768x432.jpg 768w\" sizes=\"(max-width: 1520px) 100vw, 1520px\" alt=\"\">\r\n                            <\/a>\r\n                            \r\n                        <\/figure>\r\n                    <\/div>\r\n                    <div class = \"td-slide-item td-item4\">\r\n                        <figure class=\"td-slide-galery-figure td-slide-popup-gallery\">\r\n                            <a class=\"slide-gallery-image-link\" href=\"https:\/\/static.africa-press.net\/cameroun\/sites\/57\/2022\/09\/postMediaimg_2_4-63261a2c4bd61.jpg\" title=\"postMediaimg_2_4-63261a2c4bd61\"  data-caption=\"\"  data-description=\"\">\r\n                                <img decoding=\"async\" src=\"https:\/\/static.africa-press.net\/cameroun\/sites\/57\/2022\/09\/postMediaimg_2_4-63261a2c4bd61.jpg\" srcset=\"https:\/\/static.africa-press.net\/cameroun\/sites\/57\/2022\/09\/postMediaimg_2_4-63261a2c4bd61.jpg 1520w, https:\/\/static.africa-press.net\/cameroun\/sites\/57\/2022\/09\/postMediaimg_2_4-63261a2c4bd61-300x169.jpg 300w, https:\/\/static.africa-press.net\/cameroun\/sites\/57\/2022\/09\/postMediaimg_2_4-63261a2c4bd61-1024x576.jpg 1024w, https:\/\/static.africa-press.net\/cameroun\/sites\/57\/2022\/09\/postMediaimg_2_4-63261a2c4bd61-768x432.jpg 768w\" sizes=\"(max-width: 1520px) 100vw, 1520px\" alt=\"\">\r\n                            <\/a>\r\n                            \r\n                        <\/figure>\r\n                    <\/div>\r\n                    <div class = \"td-slide-item td-item5\">\r\n                        <figure class=\"td-slide-galery-figure td-slide-popup-gallery\">\r\n                            <a class=\"slide-gallery-image-link\" href=\"https:\/\/static.africa-press.net\/cameroun\/sites\/57\/2022\/09\/postMediaimg_2_5-63261a39b8b6f.jpg\" title=\"postMediaimg_2_5-63261a39b8b6f\"  data-caption=\"\"  data-description=\"\">\r\n                                <img decoding=\"async\" src=\"https:\/\/static.africa-press.net\/cameroun\/sites\/57\/2022\/09\/postMediaimg_2_5-63261a39b8b6f.jpg\" srcset=\"https:\/\/static.africa-press.net\/cameroun\/sites\/57\/2022\/09\/postMediaimg_2_5-63261a39b8b6f.jpg 1520w, https:\/\/static.africa-press.net\/cameroun\/sites\/57\/2022\/09\/postMediaimg_2_5-63261a39b8b6f-300x169.jpg 300w, https:\/\/static.africa-press.net\/cameroun\/sites\/57\/2022\/09\/postMediaimg_2_5-63261a39b8b6f-1024x576.jpg 1024w, https:\/\/static.africa-press.net\/cameroun\/sites\/57\/2022\/09\/postMediaimg_2_5-63261a39b8b6f-768x432.jpg 768w\" sizes=\"(max-width: 1520px) 100vw, 1520px\" alt=\"\">\r\n                            <\/a>\r\n                            \r\n                        <\/figure>\r\n                    <\/div>\r\n                    <div class = \"td-slide-item td-item6\">\r\n                        <figure class=\"td-slide-galery-figure td-slide-popup-gallery\">\r\n                            <a class=\"slide-gallery-image-link\" href=\"https:\/\/static.africa-press.net\/cameroun\/sites\/57\/2022\/09\/postMediaimg_2_6-63261a4633bb3.jpg\" title=\"postMediaimg_2_6-63261a4633bb3\"  data-caption=\"\"  data-description=\"\">\r\n                                <img decoding=\"async\" src=\"https:\/\/static.africa-press.net\/cameroun\/sites\/57\/2022\/09\/postMediaimg_2_6-63261a4633bb3.jpg\" srcset=\"https:\/\/static.africa-press.net\/cameroun\/sites\/57\/2022\/09\/postMediaimg_2_6-63261a4633bb3.jpg 1520w, https:\/\/static.africa-press.net\/cameroun\/sites\/57\/2022\/09\/postMediaimg_2_6-63261a4633bb3-300x169.jpg 300w, https:\/\/static.africa-press.net\/cameroun\/sites\/57\/2022\/09\/postMediaimg_2_6-63261a4633bb3-1024x576.jpg 1024w, https:\/\/static.africa-press.net\/cameroun\/sites\/57\/2022\/09\/postMediaimg_2_6-63261a4633bb3-768x432.jpg 768w\" sizes=\"(max-width: 1520px) 100vw, 1520px\" alt=\"\">\r\n                            <\/a>\r\n                            \r\n                        <\/figure>\r\n                    <\/div>\r\n                    <div class = \"td-slide-item td-item7\">\r\n                        <figure class=\"td-slide-galery-figure td-slide-popup-gallery\">\r\n                            <a class=\"slide-gallery-image-link\" href=\"https:\/\/static.africa-press.net\/cameroun\/sites\/57\/2022\/09\/postMediaimg_2_7-63261a529c933.jpg\" title=\"postMediaimg_2_7-63261a529c933\"  data-caption=\"\"  data-description=\"\">\r\n                                <img decoding=\"async\" src=\"https:\/\/static.africa-press.net\/cameroun\/sites\/57\/2022\/09\/postMediaimg_2_7-63261a529c933.jpg\" srcset=\"https:\/\/static.africa-press.net\/cameroun\/sites\/57\/2022\/09\/postMediaimg_2_7-63261a529c933.jpg 1520w, https:\/\/static.africa-press.net\/cameroun\/sites\/57\/2022\/09\/postMediaimg_2_7-63261a529c933-300x169.jpg 300w, https:\/\/static.africa-press.net\/cameroun\/sites\/57\/2022\/09\/postMediaimg_2_7-63261a529c933-1024x576.jpg 1024w, https:\/\/static.africa-press.net\/cameroun\/sites\/57\/2022\/09\/postMediaimg_2_7-63261a529c933-768x432.jpg 768w\" sizes=\"(max-width: 1520px) 100vw, 1520px\" alt=\"\">\r\n                            <\/a>\r\n                            \r\n                        <\/figure>\r\n                    <\/div>\r\n                    <div class = \"td-slide-item td-item8\">\r\n                        <figure class=\"td-slide-galery-figure td-slide-popup-gallery\">\r\n                            <a class=\"slide-gallery-image-link\" href=\"https:\/\/static.africa-press.net\/cameroun\/sites\/57\/2022\/09\/postMediaimg_2_8-63261a6096570.jpg\" title=\"postMediaimg_2_8-63261a6096570\"  data-caption=\"\"  data-description=\"\">\r\n                                <img decoding=\"async\" src=\"https:\/\/static.africa-press.net\/cameroun\/sites\/57\/2022\/09\/postMediaimg_2_8-63261a6096570.jpg\" srcset=\"https:\/\/static.africa-press.net\/cameroun\/sites\/57\/2022\/09\/postMediaimg_2_8-63261a6096570.jpg 1520w, https:\/\/static.africa-press.net\/cameroun\/sites\/57\/2022\/09\/postMediaimg_2_8-63261a6096570-300x169.jpg 300w, https:\/\/static.africa-press.net\/cameroun\/sites\/57\/2022\/09\/postMediaimg_2_8-63261a6096570-1024x576.jpg 1024w, https:\/\/static.africa-press.net\/cameroun\/sites\/57\/2022\/09\/postMediaimg_2_8-63261a6096570-768x432.jpg 768w\" sizes=\"(max-width: 1520px) 100vw, 1520px\" alt=\"\">\r\n                            <\/a>\r\n                            \r\n                        <\/figure>\r\n                    <\/div>\r\n                    <div class = \"td-slide-item td-item9\">\r\n                        <figure class=\"td-slide-galery-figure td-slide-popup-gallery\">\r\n                            <a class=\"slide-gallery-image-link\" href=\"https:\/\/static.africa-press.net\/cameroun\/sites\/57\/2022\/09\/postMediaimg_2_9-63261a6d9d690.jpg\" title=\"postMediaimg_2_9-63261a6d9d690\"  data-caption=\"\"  data-description=\"\">\r\n                                <img decoding=\"async\" src=\"https:\/\/static.africa-press.net\/cameroun\/sites\/57\/2022\/09\/postMediaimg_2_9-63261a6d9d690.jpg\" srcset=\"https:\/\/static.africa-press.net\/cameroun\/sites\/57\/2022\/09\/postMediaimg_2_9-63261a6d9d690.jpg 1520w, https:\/\/static.africa-press.net\/cameroun\/sites\/57\/2022\/09\/postMediaimg_2_9-63261a6d9d690-300x169.jpg 300w, https:\/\/static.africa-press.net\/cameroun\/sites\/57\/2022\/09\/postMediaimg_2_9-63261a6d9d690-1024x576.jpg 1024w, https:\/\/static.africa-press.net\/cameroun\/sites\/57\/2022\/09\/postMediaimg_2_9-63261a6d9d690-768x432.jpg 768w\" sizes=\"(max-width: 1520px) 100vw, 1520px\" alt=\"\">\r\n                            <\/a>\r\n                            \r\n                        <\/figure>\r\n                    <\/div>\r\n                    <div class = \"td-slide-item td-item10\">\r\n                        <figure class=\"td-slide-galery-figure td-slide-popup-gallery\">\r\n                            <a class=\"slide-gallery-image-link\" href=\"https:\/\/static.africa-press.net\/cameroun\/sites\/57\/2022\/09\/postMediaimg_2_10-63261a7b606ab.jpg\" title=\"postMediaimg_2_10-63261a7b606ab\"  data-caption=\"\"  data-description=\"\">\r\n                                <img decoding=\"async\" src=\"https:\/\/static.africa-press.net\/cameroun\/sites\/57\/2022\/09\/postMediaimg_2_10-63261a7b606ab.jpg\" srcset=\"https:\/\/static.africa-press.net\/cameroun\/sites\/57\/2022\/09\/postMediaimg_2_10-63261a7b606ab.jpg 1520w, https:\/\/static.africa-press.net\/cameroun\/sites\/57\/2022\/09\/postMediaimg_2_10-63261a7b606ab-300x169.jpg 300w, https:\/\/static.africa-press.net\/cameroun\/sites\/57\/2022\/09\/postMediaimg_2_10-63261a7b606ab-1024x576.jpg 1024w, https:\/\/static.africa-press.net\/cameroun\/sites\/57\/2022\/09\/postMediaimg_2_10-63261a7b606ab-768x432.jpg 768w\" sizes=\"(max-width: 1520px) 100vw, 1520px\" alt=\"\">\r\n                            <\/a>\r\n                            \r\n                        <\/figure>\r\n                    <\/div>\r\n                    <div class = \"td-slide-item td-item11\">\r\n                        <figure class=\"td-slide-galery-figure td-slide-popup-gallery\">\r\n                            <a class=\"slide-gallery-image-link\" href=\"https:\/\/static.africa-press.net\/cameroun\/sites\/57\/2022\/09\/postMediaimg_2_11-63261a882921b.jpg\" title=\"postMediaimg_2_11-63261a882921b\"  data-caption=\"\"  data-description=\"\">\r\n                                <img decoding=\"async\" src=\"https:\/\/static.africa-press.net\/cameroun\/sites\/57\/2022\/09\/postMediaimg_2_11-63261a882921b.jpg\" srcset=\"https:\/\/static.africa-press.net\/cameroun\/sites\/57\/2022\/09\/postMediaimg_2_11-63261a882921b.jpg 1520w, https:\/\/static.africa-press.net\/cameroun\/sites\/57\/2022\/09\/postMediaimg_2_11-63261a882921b-300x169.jpg 300w, https:\/\/static.africa-press.net\/cameroun\/sites\/57\/2022\/09\/postMediaimg_2_11-63261a882921b-1024x576.jpg 1024w, https:\/\/static.africa-press.net\/cameroun\/sites\/57\/2022\/09\/postMediaimg_2_11-63261a882921b-768x432.jpg 768w\" sizes=\"(max-width: 1520px) 100vw, 1520px\" alt=\"\">\r\n                            <\/a>\r\n                            \r\n                        <\/figure>\r\n                    <\/div>\r\n                    <div class = \"td-slide-item td-item12\">\r\n                        <figure class=\"td-slide-galery-figure td-slide-popup-gallery\">\r\n                            <a class=\"slide-gallery-image-link\" href=\"https:\/\/static.africa-press.net\/cameroun\/sites\/57\/2022\/09\/postMediaimg_2_12-63261a951717a.jpg\" title=\"postMediaimg_2_12-63261a951717a\"  data-caption=\"\"  data-description=\"\">\r\n                                <img decoding=\"async\" src=\"https:\/\/static.africa-press.net\/cameroun\/sites\/57\/2022\/09\/postMediaimg_2_12-63261a951717a.jpg\" srcset=\"https:\/\/static.africa-press.net\/cameroun\/sites\/57\/2022\/09\/postMediaimg_2_12-63261a951717a.jpg 1520w, https:\/\/static.africa-press.net\/cameroun\/sites\/57\/2022\/09\/postMediaimg_2_12-63261a951717a-300x169.jpg 300w, https:\/\/static.africa-press.net\/cameroun\/sites\/57\/2022\/09\/postMediaimg_2_12-63261a951717a-1024x576.jpg 1024w, https:\/\/static.africa-press.net\/cameroun\/sites\/57\/2022\/09\/postMediaimg_2_12-63261a951717a-768x432.jpg 768w\" sizes=\"(max-width: 1520px) 100vw, 1520px\" alt=\"\">\r\n                            <\/a>\r\n                            \r\n                        <\/figure>\r\n                    <\/div>\r\n                    <div class = \"td-slide-item td-item13\">\r\n                        <figure class=\"td-slide-galery-figure td-slide-popup-gallery\">\r\n                            <a class=\"slide-gallery-image-link\" href=\"https:\/\/static.africa-press.net\/cameroun\/sites\/57\/2022\/09\/postMediaimg_2_13-63261aa16e94c.jpg\" title=\"postMediaimg_2_13-63261aa16e94c\"  data-caption=\"\"  data-description=\"\">\r\n                                <img decoding=\"async\" src=\"https:\/\/static.africa-press.net\/cameroun\/sites\/57\/2022\/09\/postMediaimg_2_13-63261aa16e94c.jpg\" srcset=\"https:\/\/static.africa-press.net\/cameroun\/sites\/57\/2022\/09\/postMediaimg_2_13-63261aa16e94c.jpg 1520w, https:\/\/static.africa-press.net\/cameroun\/sites\/57\/2022\/09\/postMediaimg_2_13-63261aa16e94c-300x169.jpg 300w, https:\/\/static.africa-press.net\/cameroun\/sites\/57\/2022\/09\/postMediaimg_2_13-63261aa16e94c-1024x576.jpg 1024w, https:\/\/static.africa-press.net\/cameroun\/sites\/57\/2022\/09\/postMediaimg_2_13-63261aa16e94c-768x432.jpg 768w\" sizes=\"(max-width: 1520px) 100vw, 1520px\" alt=\"\">\r\n                            <\/a>\r\n                            \r\n                        <\/figure>\r\n                    <\/div>\r\n                    <div class = \"td-slide-item td-item14\">\r\n                        <figure class=\"td-slide-galery-figure td-slide-popup-gallery\">\r\n                            <a class=\"slide-gallery-image-link\" href=\"https:\/\/static.africa-press.net\/cameroun\/sites\/57\/2022\/09\/postMediaimg_2_14.jpg\" title=\"postMediaimg_2_14\"  data-caption=\"\"  data-description=\"\">\r\n                                <img decoding=\"async\" src=\"https:\/\/static.africa-press.net\/cameroun\/sites\/57\/2022\/09\/postMediaimg_2_14.jpg\" srcset=\"https:\/\/static.africa-press.net\/cameroun\/sites\/57\/2022\/09\/postMediaimg_2_14.jpg 1520w, https:\/\/static.africa-press.net\/cameroun\/sites\/57\/2022\/09\/postMediaimg_2_14-300x169.jpg 300w, https:\/\/static.africa-press.net\/cameroun\/sites\/57\/2022\/09\/postMediaimg_2_14-1024x576.jpg 1024w, https:\/\/static.africa-press.net\/cameroun\/sites\/57\/2022\/09\/postMediaimg_2_14-768x432.jpg 768w\" sizes=\"(max-width: 1520px) 100vw, 1520px\" alt=\"\">\r\n                            <\/a>\r\n                            \r\n                        <\/figure>\r\n                    <\/div>\r\n                    <div class = \"td-slide-item td-item15\">\r\n                        <figure class=\"td-slide-galery-figure td-slide-popup-gallery\">\r\n                            <a class=\"slide-gallery-image-link\" href=\"https:\/\/static.africa-press.net\/cameroun\/sites\/57\/2022\/09\/postMediaimg_2_15.jpg\" title=\"postMediaimg_2_15\"  data-caption=\"\"  data-description=\"\">\r\n                                <img decoding=\"async\" src=\"https:\/\/static.africa-press.net\/cameroun\/sites\/57\/2022\/09\/postMediaimg_2_15.jpg\" srcset=\"https:\/\/static.africa-press.net\/cameroun\/sites\/57\/2022\/09\/postMediaimg_2_15.jpg 1520w, https:\/\/static.africa-press.net\/cameroun\/sites\/57\/2022\/09\/postMediaimg_2_15-300x169.jpg 300w, https:\/\/static.africa-press.net\/cameroun\/sites\/57\/2022\/09\/postMediaimg_2_15-1024x576.jpg 1024w, https:\/\/static.africa-press.net\/cameroun\/sites\/57\/2022\/09\/postMediaimg_2_15-768x432.jpg 768w\" sizes=\"(max-width: 1520px) 100vw, 1520px\" alt=\"\">\r\n                            <\/a>\r\n                            \r\n                        <\/figure>\r\n                    <\/div>\r\n                    <div class = \"td-slide-item td-item16\">\r\n                        <figure class=\"td-slide-galery-figure td-slide-popup-gallery\">\r\n                            <a class=\"slide-gallery-image-link\" href=\"https:\/\/static.africa-press.net\/cameroun\/sites\/57\/2022\/09\/postMediaimg_2_16.jpg\" title=\"postMediaimg_2_16\"  data-caption=\"\"  data-description=\"\">\r\n                                <img decoding=\"async\" src=\"https:\/\/static.africa-press.net\/cameroun\/sites\/57\/2022\/09\/postMediaimg_2_16.jpg\" srcset=\"https:\/\/static.africa-press.net\/cameroun\/sites\/57\/2022\/09\/postMediaimg_2_16.jpg 1520w, https:\/\/static.africa-press.net\/cameroun\/sites\/57\/2022\/09\/postMediaimg_2_16-300x169.jpg 300w, https:\/\/static.africa-press.net\/cameroun\/sites\/57\/2022\/09\/postMediaimg_2_16-1024x576.jpg 1024w, https:\/\/static.africa-press.net\/cameroun\/sites\/57\/2022\/09\/postMediaimg_2_16-768x432.jpg 768w\" sizes=\"(max-width: 1520px) 100vw, 1520px\" alt=\"\">\r\n                            <\/a>\r\n                            \r\n                        <\/figure>\r\n                    <\/div>\r\n                    <div class = \"td-slide-item td-item17\">\r\n                        <figure class=\"td-slide-galery-figure td-slide-popup-gallery\">\r\n                            <a class=\"slide-gallery-image-link\" href=\"https:\/\/static.africa-press.net\/cameroun\/sites\/57\/2022\/09\/postMediaimg_2_17.jpg\" title=\"postMediaimg_2_17\"  data-caption=\"\"  data-description=\"\">\r\n                                <img decoding=\"async\" src=\"https:\/\/static.africa-press.net\/cameroun\/sites\/57\/2022\/09\/postMediaimg_2_17.jpg\" srcset=\"https:\/\/static.africa-press.net\/cameroun\/sites\/57\/2022\/09\/postMediaimg_2_17.jpg 1520w, https:\/\/static.africa-press.net\/cameroun\/sites\/57\/2022\/09\/postMediaimg_2_17-300x169.jpg 300w, https:\/\/static.africa-press.net\/cameroun\/sites\/57\/2022\/09\/postMediaimg_2_17-1024x576.jpg 1024w, https:\/\/static.africa-press.net\/cameroun\/sites\/57\/2022\/09\/postMediaimg_2_17-768x432.jpg 768w\" sizes=\"(max-width: 1520px) 100vw, 1520px\" alt=\"\">\r\n                            <\/a>\r\n                            \r\n                        <\/figure>\r\n                    <\/div>\r\n                    <div class = \"td-slide-item td-item18\">\r\n                        <figure class=\"td-slide-galery-figure td-slide-popup-gallery\">\r\n                            <a class=\"slide-gallery-image-link\" href=\"https:\/\/static.africa-press.net\/cameroun\/sites\/57\/2022\/09\/postMediaimg_2_18.jpg\" title=\"postMediaimg_2_18\"  data-caption=\"\"  data-description=\"\">\r\n                                <img decoding=\"async\" src=\"https:\/\/static.africa-press.net\/cameroun\/sites\/57\/2022\/09\/postMediaimg_2_18.jpg\" srcset=\"https:\/\/static.africa-press.net\/cameroun\/sites\/57\/2022\/09\/postMediaimg_2_18.jpg 1520w, https:\/\/static.africa-press.net\/cameroun\/sites\/57\/2022\/09\/postMediaimg_2_18-300x169.jpg 300w, https:\/\/static.africa-press.net\/cameroun\/sites\/57\/2022\/09\/postMediaimg_2_18-1024x576.jpg 1024w, https:\/\/static.africa-press.net\/cameroun\/sites\/57\/2022\/09\/postMediaimg_2_18-768x432.jpg 768w\" sizes=\"(max-width: 1520px) 100vw, 1520px\" alt=\"\">\r\n                            <\/a>\r\n                            \r\n                        <\/figure>\r\n                    <\/div>\r\n                    <div class = \"td-slide-item td-item19\">\r\n                        <figure class=\"td-slide-galery-figure td-slide-popup-gallery\">\r\n                            <a class=\"slide-gallery-image-link\" href=\"https:\/\/static.africa-press.net\/cameroun\/sites\/57\/2022\/09\/postMediaimg_2_19.jpg\" title=\"postMediaimg_2_19\"  data-caption=\"\"  data-description=\"\">\r\n                                <img decoding=\"async\" src=\"https:\/\/static.africa-press.net\/cameroun\/sites\/57\/2022\/09\/postMediaimg_2_19.jpg\" srcset=\"https:\/\/static.africa-press.net\/cameroun\/sites\/57\/2022\/09\/postMediaimg_2_19.jpg 1520w, https:\/\/static.africa-press.net\/cameroun\/sites\/57\/2022\/09\/postMediaimg_2_19-300x169.jpg 300w, https:\/\/static.africa-press.net\/cameroun\/sites\/57\/2022\/09\/postMediaimg_2_19-1024x576.jpg 1024w, https:\/\/static.africa-press.net\/cameroun\/sites\/57\/2022\/09\/postMediaimg_2_19-768x432.jpg 768w\" sizes=\"(max-width: 1520px) 100vw, 1520px\" alt=\"\">\r\n                            <\/a>\r\n                            \r\n                        <\/figure>\r\n                    <\/div>\r\n                            <\/div>\r\n                        <\/div>\r\n\r\n                        <div class = \"td-doubleSlider-2\">\r\n                            <div class = \"td-slider\">\r\n                                \r\n                    <div class = \"td-button td-item1\">\r\n                        <div class = \"td-border\"><\/div>\r\n                    <\/div>\r\n                    <div class = \"td-button td-item2\">\r\n                        <div class = \"td-border\"><\/div>\r\n                    <\/div>\r\n                    <div class = \"td-button td-item3\">\r\n                        <div class = \"td-border\"><\/div>\r\n                    <\/div>\r\n                    <div class = \"td-button td-item4\">\r\n                        <div class = \"td-border\"><\/div>\r\n                    <\/div>\r\n                    <div class = \"td-button td-item5\">\r\n                        <div class = \"td-border\"><\/div>\r\n                    <\/div>\r\n                    <div class = \"td-button td-item6\">\r\n                        <div class = \"td-border\"><\/div>\r\n                    <\/div>\r\n                    <div class = \"td-button td-item7\">\r\n                        <div class = \"td-border\"><\/div>\r\n                    <\/div>\r\n                    <div class = \"td-button td-item8\">\r\n                        <div class = \"td-border\"><\/div>\r\n                    <\/div>\r\n                    <div class = \"td-button td-item9\">\r\n                        <div class = \"td-border\"><\/div>\r\n                    <\/div>\r\n                    <div class = \"td-button td-item10\">\r\n                        <div class = \"td-border\"><\/div>\r\n                    <\/div>\r\n                    <div class = \"td-button td-item11\">\r\n                        <div class = \"td-border\"><\/div>\r\n                    <\/div>\r\n                    <div class = \"td-button td-item12\">\r\n                        <div class = \"td-border\"><\/div>\r\n                    <\/div>\r\n                    <div class = \"td-button td-item13\">\r\n                        <div class = \"td-border\"><\/div>\r\n                    <\/div>\r\n                    <div class = \"td-button td-item14\">\r\n                        <div class = \"td-border\"><\/div>\r\n                    <\/div>\r\n                    <div class = \"td-button td-item15\">\r\n                        <div class = \"td-border\"><\/div>\r\n                    <\/div>\r\n                    <div class = \"td-button td-item16\">\r\n                        <div class = \"td-border\"><\/div>\r\n                    <\/div>\r\n                    <div class = \"td-button td-item17\">\r\n                        <div class = \"td-border\"><\/div>\r\n                    <\/div>\r\n                    <div class = \"td-button td-item18\">\r\n                        <div class = \"td-border\"><\/div>\r\n                    <\/div>\r\n                    <div class = \"td-button td-item19\">\r\n                        <div class = \"td-border\"><\/div>\r\n                    <\/div>\r\n                            <\/div>\r\n                        <\/div>\r\n\r\n                    <\/div>\r\n\r\n                <\/div>\r\n                \n<p><strong>Pour plus d&rsquo;informations et d&rsquo;analyses sur la <a href=\"https:\/\/www.africa-press.net\/cameroun\">Cameroun<\/a>, suivez <a href=\"https:\/\/www.africa-press.net\/\">Africa-Press<\/a><\/strong><\/p>\n","protected":false},"excerpt":{"rendered":"<p>Africa-Press &#8211; Cameroun. Install\u00e9 \u00e0 Paris, l&rsquo;architecte belge Vincent Callebaut multiplie depuis dix ans les projets de b\u00e2timents, de quartiers et de cit\u00e9s pens\u00e9s pour r\u00e9pondre aux in\u00e9luctables \u00e9volutions en cours. Mieux compris en Asie, o\u00f9 l&rsquo;urbanisation massive engendre des m\u00e9galopoles d\u00e9mesur\u00e9es, il a cr\u00e9\u00e9 plusieurs immeubles qui visent l&rsquo;autonomie, totale ou partielle, en \u00e9nergie [&hellip;]<\/p>\n","protected":false},"author":82,"featured_media":27664,"comment_status":"open","ping_status":"closed","sticky":false,"template":"","format":"standard","meta":{"footnotes":""},"categories":[22,11,10],"tags":[36,50,49],"class_list":["post-27665","post","type-post","status-publish","format-standard","has-post-thumbnail","hentry","category-divers","category-homepage-french","category-toutes-les-actualites","tag-africa-press","tag-africa-press-cameroun","tag-cameroun"],"yoast_head":"<!-- This site is optimized with the Yoast SEO Premium plugin v26.1 (Yoast SEO v27.0) - https:\/\/yoast.com\/product\/yoast-seo-premium-wordpress\/ -->\n<title>Balades dans les villes bioniques du futur de Vincent Callebaut - Cameroun<\/title>\n<meta name=\"description\" content=\"Install\u00e9 \u00e0 Paris, l&#039;architecte belge Vincent Callebaut multiplie depuis dix ans les projets de b\u00e2timents, de quartiers e ...\" \/>\n<meta name=\"robots\" content=\"index, follow, max-snippet:-1, max-image-preview:large, max-video-preview:-1\" \/>\n<link rel=\"canonical\" href=\"https:\/\/www.africa-press.net\/cameroun\/toutes-les-actualites\/balades-dans-les-villes-bioniques-du-futur-de-vincent-callebaut\" \/>\n<meta property=\"og:locale\" content=\"fr_FR\" \/>\n<meta property=\"og:type\" content=\"article\" \/>\n<meta property=\"og:title\" content=\"Balades dans les villes bioniques du futur de Vincent Callebaut\" \/>\n<meta property=\"og:description\" content=\"Install\u00e9 \u00e0 Paris, l&#039;architecte belge Vincent Callebaut multiplie depuis dix ans les projets de b\u00e2timents, de quartiers e ...\" \/>\n<meta property=\"og:url\" content=\"https:\/\/www.africa-press.net\/cameroun\/toutes-les-actualites\/balades-dans-les-villes-bioniques-du-futur-de-vincent-callebaut\" \/>\n<meta property=\"og:site_name\" content=\"Cameroun\" \/>\n<meta property=\"article:published_time\" content=\"2022-09-21T17:00:00+00:00\" \/>\n<meta property=\"og:image\" content=\"https:\/\/static.africa-press.net\/cameroun\/sites\/57\/2022\/09\/postQueueImg_2-63261af5a5c21.jpg\" \/>\n\t<meta property=\"og:image:width\" content=\"1520\" \/>\n\t<meta property=\"og:image:height\" content=\"855\" \/>\n\t<meta property=\"og:image:type\" content=\"image\/jpeg\" \/>\n<meta name=\"author\" content=\"cfeditorfr\" \/>\n<meta name=\"twitter:card\" content=\"summary_large_image\" \/>\n<meta name=\"twitter:label1\" content=\"\u00c9crit par\" \/>\n\t<meta name=\"twitter:data1\" content=\"cfeditorfr\" \/>\n\t<meta name=\"twitter:label2\" content=\"Dur\u00e9e de lecture estim\u00e9e\" \/>\n\t<meta name=\"twitter:data2\" content=\"1 minute\" \/>\n<script type=\"application\/ld+json\" class=\"yoast-schema-graph\">{\"@context\":\"https:\/\/schema.org\",\"@graph\":[{\"@type\":\"Article\",\"@id\":\"https:\/\/www.africa-press.net\/cameroun\/toutes-les-actualites\/balades-dans-les-villes-bioniques-du-futur-de-vincent-callebaut#article\",\"isPartOf\":{\"@id\":\"https:\/\/www.africa-press.net\/cameroun\/toutes-les-actualites\/balades-dans-les-villes-bioniques-du-futur-de-vincent-callebaut\"},\"author\":{\"name\":\"cfeditorfr\",\"@id\":\"https:\/\/www.africa-press.net\/cameroun\/#\/schema\/person\/2b1cf3cd81a31e3cd26889ca66d677f1\"},\"headline\":\"Balades dans les villes bioniques du futur de Vincent Callebaut\",\"datePublished\":\"2022-09-21T17:00:00+00:00\",\"mainEntityOfPage\":{\"@id\":\"https:\/\/www.africa-press.net\/cameroun\/toutes-les-actualites\/balades-dans-les-villes-bioniques-du-futur-de-vincent-callebaut\"},\"wordCount\":123,\"commentCount\":0,\"image\":{\"@id\":\"https:\/\/www.africa-press.net\/cameroun\/toutes-les-actualites\/balades-dans-les-villes-bioniques-du-futur-de-vincent-callebaut#primaryimage\"},\"thumbnailUrl\":\"https:\/\/static.africa-press.net\/cameroun\/sites\/57\/2022\/09\/postQueueImg_2-63261af5a5c21.jpg\",\"keywords\":[\"Africa Press\",\"Africa Press-Cameroun\",\"Cameroun\"],\"articleSection\":[\"Divers\",\"homepage-french\",\"Toutes les actualit\u00e9s\"],\"inLanguage\":\"fr-FR\",\"potentialAction\":[{\"@type\":\"CommentAction\",\"name\":\"Comment\",\"target\":[\"https:\/\/www.africa-press.net\/cameroun\/toutes-les-actualites\/balades-dans-les-villes-bioniques-du-futur-de-vincent-callebaut#respond\"]}]},{\"@type\":\"WebPage\",\"@id\":\"https:\/\/www.africa-press.net\/cameroun\/toutes-les-actualites\/balades-dans-les-villes-bioniques-du-futur-de-vincent-callebaut\",\"url\":\"https:\/\/www.africa-press.net\/cameroun\/toutes-les-actualites\/balades-dans-les-villes-bioniques-du-futur-de-vincent-callebaut\",\"name\":\"Balades dans les villes bioniques du futur de Vincent Callebaut - Cameroun\",\"isPartOf\":{\"@id\":\"https:\/\/www.africa-press.net\/cameroun\/#website\"},\"primaryImageOfPage\":{\"@id\":\"https:\/\/www.africa-press.net\/cameroun\/toutes-les-actualites\/balades-dans-les-villes-bioniques-du-futur-de-vincent-callebaut#primaryimage\"},\"image\":{\"@id\":\"https:\/\/www.africa-press.net\/cameroun\/toutes-les-actualites\/balades-dans-les-villes-bioniques-du-futur-de-vincent-callebaut#primaryimage\"},\"thumbnailUrl\":\"https:\/\/static.africa-press.net\/cameroun\/sites\/57\/2022\/09\/postQueueImg_2-63261af5a5c21.jpg\",\"datePublished\":\"2022-09-21T17:00:00+00:00\",\"author\":{\"@id\":\"https:\/\/www.africa-press.net\/cameroun\/#\/schema\/person\/2b1cf3cd81a31e3cd26889ca66d677f1\"},\"description\":\"Install\u00e9 \u00e0 Paris, l'architecte belge Vincent Callebaut multiplie depuis dix ans les projets de b\u00e2timents, de quartiers e ...\",\"breadcrumb\":{\"@id\":\"https:\/\/www.africa-press.net\/cameroun\/toutes-les-actualites\/balades-dans-les-villes-bioniques-du-futur-de-vincent-callebaut#breadcrumb\"},\"inLanguage\":\"fr-FR\",\"potentialAction\":[{\"@type\":\"ReadAction\",\"target\":[\"https:\/\/www.africa-press.net\/cameroun\/toutes-les-actualites\/balades-dans-les-villes-bioniques-du-futur-de-vincent-callebaut\"]}]},{\"@type\":\"ImageObject\",\"inLanguage\":\"fr-FR\",\"@id\":\"https:\/\/www.africa-press.net\/cameroun\/toutes-les-actualites\/balades-dans-les-villes-bioniques-du-futur-de-vincent-callebaut#primaryimage\",\"url\":\"https:\/\/static.africa-press.net\/cameroun\/sites\/57\/2022\/09\/postQueueImg_2-63261af5a5c21.jpg\",\"contentUrl\":\"https:\/\/static.africa-press.net\/cameroun\/sites\/57\/2022\/09\/postQueueImg_2-63261af5a5c21.jpg\",\"width\":1520,\"height\":855,\"caption\":\"Balades dans les villes bioniques du futur de Vincent Callebaut\"},{\"@type\":\"BreadcrumbList\",\"@id\":\"https:\/\/www.africa-press.net\/cameroun\/toutes-les-actualites\/balades-dans-les-villes-bioniques-du-futur-de-vincent-callebaut#breadcrumb\",\"itemListElement\":[{\"@type\":\"ListItem\",\"position\":1,\"name\":\"Accueil\",\"item\":\"https:\/\/www.africa-press.net\/cameroun\/\"},{\"@type\":\"ListItem\",\"position\":2,\"name\":\"Balades dans les villes bioniques du futur de Vincent Callebaut\"}]},{\"@type\":\"WebSite\",\"@id\":\"https:\/\/www.africa-press.net\/cameroun\/#website\",\"url\":\"https:\/\/www.africa-press.net\/cameroun\/\",\"name\":\"Cameroun\",\"description\":\"Just another Africa News Agency Sites site\",\"potentialAction\":[{\"@type\":\"SearchAction\",\"target\":{\"@type\":\"EntryPoint\",\"urlTemplate\":\"https:\/\/www.africa-press.net\/cameroun\/?s={search_term_string}\"},\"query-input\":{\"@type\":\"PropertyValueSpecification\",\"valueRequired\":true,\"valueName\":\"search_term_string\"}}],\"inLanguage\":\"fr-FR\"},{\"@type\":\"Person\",\"@id\":\"https:\/\/www.africa-press.net\/cameroun\/#\/schema\/person\/2b1cf3cd81a31e3cd26889ca66d677f1\",\"name\":\"cfeditorfr\"}]}<\/script>\n<!-- \/ Yoast SEO Premium plugin. -->","yoast_head_json":{"title":"Balades dans les villes bioniques du futur de Vincent Callebaut - Cameroun","description":"Install\u00e9 \u00e0 Paris, l'architecte belge Vincent Callebaut multiplie depuis dix ans les projets de b\u00e2timents, de quartiers e ...","robots":{"index":"index","follow":"follow","max-snippet":"max-snippet:-1","max-image-preview":"max-image-preview:large","max-video-preview":"max-video-preview:-1"},"canonical":"https:\/\/www.africa-press.net\/cameroun\/toutes-les-actualites\/balades-dans-les-villes-bioniques-du-futur-de-vincent-callebaut","og_locale":"fr_FR","og_type":"article","og_title":"Balades dans les villes bioniques du futur de Vincent Callebaut","og_description":"Install\u00e9 \u00e0 Paris, l'architecte belge Vincent Callebaut multiplie depuis dix ans les projets de b\u00e2timents, de quartiers e ...","og_url":"https:\/\/www.africa-press.net\/cameroun\/toutes-les-actualites\/balades-dans-les-villes-bioniques-du-futur-de-vincent-callebaut","og_site_name":"Cameroun","article_published_time":"2022-09-21T17:00:00+00:00","og_image":[{"width":1520,"height":855,"url":"https:\/\/static.africa-press.net\/cameroun\/sites\/57\/2022\/09\/postQueueImg_2-63261af5a5c21.jpg","type":"image\/jpeg"}],"author":"cfeditorfr","twitter_card":"summary_large_image","twitter_misc":{"\u00c9crit par":"cfeditorfr","Dur\u00e9e de lecture estim\u00e9e":"1 minute"},"schema":{"@context":"https:\/\/schema.org","@graph":[{"@type":"Article","@id":"https:\/\/www.africa-press.net\/cameroun\/toutes-les-actualites\/balades-dans-les-villes-bioniques-du-futur-de-vincent-callebaut#article","isPartOf":{"@id":"https:\/\/www.africa-press.net\/cameroun\/toutes-les-actualites\/balades-dans-les-villes-bioniques-du-futur-de-vincent-callebaut"},"author":{"name":"cfeditorfr","@id":"https:\/\/www.africa-press.net\/cameroun\/#\/schema\/person\/2b1cf3cd81a31e3cd26889ca66d677f1"},"headline":"Balades dans les villes bioniques du futur de Vincent Callebaut","datePublished":"2022-09-21T17:00:00+00:00","mainEntityOfPage":{"@id":"https:\/\/www.africa-press.net\/cameroun\/toutes-les-actualites\/balades-dans-les-villes-bioniques-du-futur-de-vincent-callebaut"},"wordCount":123,"commentCount":0,"image":{"@id":"https:\/\/www.africa-press.net\/cameroun\/toutes-les-actualites\/balades-dans-les-villes-bioniques-du-futur-de-vincent-callebaut#primaryimage"},"thumbnailUrl":"https:\/\/static.africa-press.net\/cameroun\/sites\/57\/2022\/09\/postQueueImg_2-63261af5a5c21.jpg","keywords":["Africa Press","Africa Press-Cameroun","Cameroun"],"articleSection":["Divers","homepage-french","Toutes les actualit\u00e9s"],"inLanguage":"fr-FR","potentialAction":[{"@type":"CommentAction","name":"Comment","target":["https:\/\/www.africa-press.net\/cameroun\/toutes-les-actualites\/balades-dans-les-villes-bioniques-du-futur-de-vincent-callebaut#respond"]}]},{"@type":"WebPage","@id":"https:\/\/www.africa-press.net\/cameroun\/toutes-les-actualites\/balades-dans-les-villes-bioniques-du-futur-de-vincent-callebaut","url":"https:\/\/www.africa-press.net\/cameroun\/toutes-les-actualites\/balades-dans-les-villes-bioniques-du-futur-de-vincent-callebaut","name":"Balades dans les villes bioniques du futur de Vincent Callebaut - Cameroun","isPartOf":{"@id":"https:\/\/www.africa-press.net\/cameroun\/#website"},"primaryImageOfPage":{"@id":"https:\/\/www.africa-press.net\/cameroun\/toutes-les-actualites\/balades-dans-les-villes-bioniques-du-futur-de-vincent-callebaut#primaryimage"},"image":{"@id":"https:\/\/www.africa-press.net\/cameroun\/toutes-les-actualites\/balades-dans-les-villes-bioniques-du-futur-de-vincent-callebaut#primaryimage"},"thumbnailUrl":"https:\/\/static.africa-press.net\/cameroun\/sites\/57\/2022\/09\/postQueueImg_2-63261af5a5c21.jpg","datePublished":"2022-09-21T17:00:00+00:00","author":{"@id":"https:\/\/www.africa-press.net\/cameroun\/#\/schema\/person\/2b1cf3cd81a31e3cd26889ca66d677f1"},"description":"Install\u00e9 \u00e0 Paris, l'architecte belge Vincent Callebaut multiplie depuis dix ans les projets de b\u00e2timents, de quartiers e ...","breadcrumb":{"@id":"https:\/\/www.africa-press.net\/cameroun\/toutes-les-actualites\/balades-dans-les-villes-bioniques-du-futur-de-vincent-callebaut#breadcrumb"},"inLanguage":"fr-FR","potentialAction":[{"@type":"ReadAction","target":["https:\/\/www.africa-press.net\/cameroun\/toutes-les-actualites\/balades-dans-les-villes-bioniques-du-futur-de-vincent-callebaut"]}]},{"@type":"ImageObject","inLanguage":"fr-FR","@id":"https:\/\/www.africa-press.net\/cameroun\/toutes-les-actualites\/balades-dans-les-villes-bioniques-du-futur-de-vincent-callebaut#primaryimage","url":"https:\/\/static.africa-press.net\/cameroun\/sites\/57\/2022\/09\/postQueueImg_2-63261af5a5c21.jpg","contentUrl":"https:\/\/static.africa-press.net\/cameroun\/sites\/57\/2022\/09\/postQueueImg_2-63261af5a5c21.jpg","width":1520,"height":855,"caption":"Balades dans les villes bioniques du futur de Vincent Callebaut"},{"@type":"BreadcrumbList","@id":"https:\/\/www.africa-press.net\/cameroun\/toutes-les-actualites\/balades-dans-les-villes-bioniques-du-futur-de-vincent-callebaut#breadcrumb","itemListElement":[{"@type":"ListItem","position":1,"name":"Accueil","item":"https:\/\/www.africa-press.net\/cameroun\/"},{"@type":"ListItem","position":2,"name":"Balades dans les villes bioniques du futur de Vincent Callebaut"}]},{"@type":"WebSite","@id":"https:\/\/www.africa-press.net\/cameroun\/#website","url":"https:\/\/www.africa-press.net\/cameroun\/","name":"Cameroun","description":"Just another Africa News Agency Sites site","potentialAction":[{"@type":"SearchAction","target":{"@type":"EntryPoint","urlTemplate":"https:\/\/www.africa-press.net\/cameroun\/?s={search_term_string}"},"query-input":{"@type":"PropertyValueSpecification","valueRequired":true,"valueName":"search_term_string"}}],"inLanguage":"fr-FR"},{"@type":"Person","@id":"https:\/\/www.africa-press.net\/cameroun\/#\/schema\/person\/2b1cf3cd81a31e3cd26889ca66d677f1","name":"cfeditorfr"}]}},"_links":{"self":[{"href":"https:\/\/www.africa-press.net\/cameroun\/wp-json\/wp\/v2\/posts\/27665","targetHints":{"allow":["GET"]}}],"collection":[{"href":"https:\/\/www.africa-press.net\/cameroun\/wp-json\/wp\/v2\/posts"}],"about":[{"href":"https:\/\/www.africa-press.net\/cameroun\/wp-json\/wp\/v2\/types\/post"}],"author":[{"embeddable":true,"href":"https:\/\/www.africa-press.net\/cameroun\/wp-json\/wp\/v2\/users\/82"}],"replies":[{"embeddable":true,"href":"https:\/\/www.africa-press.net\/cameroun\/wp-json\/wp\/v2\/comments?post=27665"}],"version-history":[{"count":0,"href":"https:\/\/www.africa-press.net\/cameroun\/wp-json\/wp\/v2\/posts\/27665\/revisions"}],"wp:featuredmedia":[{"embeddable":true,"href":"https:\/\/www.africa-press.net\/cameroun\/wp-json\/wp\/v2\/media\/27664"}],"wp:attachment":[{"href":"https:\/\/www.africa-press.net\/cameroun\/wp-json\/wp\/v2\/media?parent=27665"}],"wp:term":[{"taxonomy":"category","embeddable":true,"href":"https:\/\/www.africa-press.net\/cameroun\/wp-json\/wp\/v2\/categories?post=27665"},{"taxonomy":"post_tag","embeddable":true,"href":"https:\/\/www.africa-press.net\/cameroun\/wp-json\/wp\/v2\/tags?post=27665"}],"curies":[{"name":"wp","href":"https:\/\/api.w.org\/{rel}","templated":true}]}}