{"id":2768,"date":"2021-04-29T17:03:54","date_gmt":"2021-04-29T17:03:54","guid":{"rendered":"https:\/\/www.africa-press.net\/cameroun\/politique\/cameroun-medias-le-syndicat-national-des-journalistes-du-cameroun-ne-veut-pas-soutenir-la-manifestation-que-prepare-un-groupe-de-patrons-de-presse"},"modified":"2021-04-29T19:39:09","modified_gmt":"2021-04-29T19:39:09","slug":"cameroun-medias-le-syndicat-national-des-journalistes-du-cameroun-ne-veut-pas-soutenir-la-manifestation-que-prepare-un-groupe-de-patrons-de-presse","status":"publish","type":"post","link":"https:\/\/www.africa-press.net\/cameroun\/politique\/cameroun-medias-le-syndicat-national-des-journalistes-du-cameroun-ne-veut-pas-soutenir-la-manifestation-que-prepare-un-groupe-de-patrons-de-presse","title":{"rendered":"Cameroun &#8211; M\u00e9dias: Le Syndicat National des Journalistes du Cameroun ne veut pas soutenir la manifestation que pr\u00e9pare un groupe de patrons de presse"},"content":{"rendered":"<p><span style=\"color: #ff6600\"><strong><a href=\"https:\/\/www.africa-press.net\/\">Africa-Press<\/a> &#8211; <a href=\"https:\/\/www.africa-press.net\/cameroun\">Cameroun<\/a>. <\/strong><\/span>Le Syndicat National des Journalistes du Cameroun (SNJC) n\u2019est pas solidaire du R\u00e9seau des Patrons de Presse du Cameroun (REPAC) qui souhaite organiser une manifestation \u00e0 Yaound\u00e9 le 3 mai prochain. Le pr\u00e9sident de la section SNJC de la r\u00e9gion du Centre, Thierry Eba, a d\u00e9clar\u00e9 ce 28 avril 2021 sur la t\u00e9l\u00e9vision Bnews 1 que son syndicat n\u2019est pas pr\u00eat \u00e0 soutenir cette initiative. Pour plusieurs raisons. \u00abLe SNJC n\u2019a pas \u00e9t\u00e9 officiellement associ\u00e9 \u00e0 cette plainte. Mais nous sommes au courant, nous sommes au parfum de ce que les patrons de presse ont pris la d\u00e9cision de faire gr\u00e8ve notamment \u00e0 l\u2019occasion de la journ\u00e9e internationale de la libert\u00e9 de la presse. Ce qui reste un peu curieux, c\u2019est que jusqu\u2019ici, nous ne savons pas pourquoi les patrons de presse veulent faire gr\u00e8ve. Aucun motif l\u00e9gal n\u2019a \u00e9t\u00e9 mis en avant. Et \u00e7a fait que nous ne pouvons pas nous joindre \u00e0 un mouvement dans lequel nous n\u2019avons pas une claire visibilit\u00e9. D\u2019autant plus que les int\u00e9r\u00eats des patrons de presse ne sont pas toujours les int\u00e9r\u00eats des travailleurs\u00bb, a expliqu\u00e9 le dirigeant syndical.<\/p>\n<p>Thierry Eba met en cause les mauvaises habitudes de certains acteurs du milieu m\u00e9diatique, habitu\u00e9s \u00e0 privil\u00e9gier leurs int\u00e9r\u00eats personnels. \u00abVous savez comment la presse fonctionne aujourd\u2019hui. Il y a beaucoup de groupuscules qui accompagnent certains patrons de presse et tr\u00e8s souvent il y a une grosse dichotomie au niveau des int\u00e9r\u00eats entre travailleurs et patronat\u00bb, rappelle Thierry Eba. Il en vient \u00e0 croire que le mouvement des membres du REPAC aurait mieux port\u00e9 s\u2019ils avaient associ\u00e9 les travailleurs. \u00abJe me demande bien comment la mobilisation va se faire. Parce que prendre la d\u00e9cision de faire gr\u00e8ve, c\u2019est prendre un temps d\u2019arr\u00eat, analyser le contexte, les cons\u00e9quences de la gr\u00e8ve, les obligations m\u00eame des gr\u00e9vistes. On ne se l\u00e8ve pas un matin et on d\u00e9cide de marcher\u00bb.<\/p>\n<p>Il accuse \u00abcertains patrons de presse\u00bb de contribuer \u00e0 entretenir le flou dans la corporation. Soutenant que le REPAC est lui-m\u00eame divis\u00e9 \u00abparce qu\u2019il y a ceux qui mangent \u00e0 la cuill\u00e8re de l\u2019Etat qui ne pourront jamais manifester\u00bb. Thierry Eba se \u00abdemande combien de patrons de presse on verra \u00e0 cette mobilisation ?\u00bb.<\/p>\n","protected":false},"excerpt":{"rendered":"<p>Africa-Press &#8211; Cameroun. Le Syndicat National des Journalistes du Cameroun (SNJC) n\u2019est pas solidaire du R\u00e9seau des Patrons de Presse du Cameroun (REPAC) qui souhaite organiser une manifestation \u00e0 Yaound\u00e9 le 3 mai prochain. Le pr\u00e9sident de la section SNJC de la r\u00e9gion du Centre, Thierry Eba, a d\u00e9clar\u00e9 ce 28 avril 2021 sur la [&hellip;]<\/p>\n","protected":false},"author":82,"featured_media":2767,"comment_status":"open","ping_status":"closed","sticky":false,"template":"","format":"standard","meta":{"footnotes":""},"categories":[11,2,10],"tags":[36,50,49],"class_list":["post-2768","post","type-post","status-publish","format-standard","has-post-thumbnail","hentry","category-homepage-french","category-politique","category-toutes-les-actualites","tag-africa-press","tag-africa-press-cameroun","tag-cameroun"],"yoast_head":"<!-- This site is optimized with the Yoast SEO Premium plugin v26.1 (Yoast SEO v27.0) - https:\/\/yoast.com\/product\/yoast-seo-premium-wordpress\/ -->\n<title>Cameroun - M\u00e9dias: Le Syndicat National des Journalistes du Cameroun ne veut pas soutenir la manifestation que pr\u00e9pare un groupe de patrons de presse - Cameroun<\/title>\n<meta name=\"description\" content=\"Le Syndicat National des Journalistes du Cameroun (SNJC) n\u2019est pas solidaire du R\u00e9seau des Patrons de Presse du Cameroun ...\" \/>\n<meta name=\"robots\" content=\"index, follow, max-snippet:-1, max-image-preview:large, max-video-preview:-1\" \/>\n<link rel=\"canonical\" href=\"https:\/\/www.africa-press.net\/cameroun\/politique\/cameroun-medias-le-syndicat-national-des-journalistes-du-cameroun-ne-veut-pas-soutenir-la-manifestation-que-prepare-un-groupe-de-patrons-de-presse\" \/>\n<meta property=\"og:locale\" content=\"fr_FR\" \/>\n<meta property=\"og:type\" content=\"article\" \/>\n<meta property=\"og:title\" content=\"Cameroun - M\u00e9dias: Le Syndicat National des Journalistes du Cameroun ne veut pas soutenir la manifestation que pr\u00e9pare un groupe de patrons de presse\" \/>\n<meta property=\"og:description\" content=\"Le Syndicat National des Journalistes du Cameroun (SNJC) n\u2019est pas solidaire du R\u00e9seau des Patrons de Presse du Cameroun ...\" \/>\n<meta property=\"og:url\" content=\"https:\/\/www.africa-press.net\/cameroun\/politique\/cameroun-medias-le-syndicat-national-des-journalistes-du-cameroun-ne-veut-pas-soutenir-la-manifestation-que-prepare-un-groupe-de-patrons-de-presse\" \/>\n<meta property=\"og:site_name\" content=\"Cameroun\" \/>\n<meta property=\"article:published_time\" content=\"2021-04-29T17:03:54+00:00\" \/>\n<meta property=\"article:modified_time\" content=\"2021-04-29T19:39:09+00:00\" \/>\n<meta property=\"og:image\" content=\"https:\/\/static.africa-press.net\/cameroun\/sites\/57\/2021\/04\/img-608b0b40ea7f1.jpg\" \/>\n\t<meta property=\"og:image:width\" content=\"800\" \/>\n\t<meta property=\"og:image:height\" content=\"618\" \/>\n\t<meta property=\"og:image:type\" content=\"image\/jpeg\" \/>\n<meta name=\"author\" content=\"cfeditorfr\" \/>\n<meta name=\"twitter:card\" content=\"summary_large_image\" \/>\n<meta name=\"twitter:label1\" content=\"\u00c9crit par\" \/>\n\t<meta name=\"twitter:data1\" content=\"cfeditorfr\" \/>\n\t<meta name=\"twitter:label2\" content=\"Dur\u00e9e de lecture estim\u00e9e\" \/>\n\t<meta name=\"twitter:data2\" content=\"2 minutes\" \/>\n<script type=\"application\/ld+json\" class=\"yoast-schema-graph\">{\"@context\":\"https:\/\/schema.org\",\"@graph\":[{\"@type\":\"Article\",\"@id\":\"https:\/\/www.africa-press.net\/cameroun\/politique\/cameroun-medias-le-syndicat-national-des-journalistes-du-cameroun-ne-veut-pas-soutenir-la-manifestation-que-prepare-un-groupe-de-patrons-de-presse#article\",\"isPartOf\":{\"@id\":\"https:\/\/www.africa-press.net\/cameroun\/politique\/cameroun-medias-le-syndicat-national-des-journalistes-du-cameroun-ne-veut-pas-soutenir-la-manifestation-que-prepare-un-groupe-de-patrons-de-presse\"},\"author\":{\"name\":\"cfeditorfr\",\"@id\":\"https:\/\/www.africa-press.net\/cameroun\/#\/schema\/person\/2b1cf3cd81a31e3cd26889ca66d677f1\"},\"headline\":\"Cameroun &#8211; M\u00e9dias: Le Syndicat National des Journalistes du Cameroun ne veut pas soutenir la manifestation que pr\u00e9pare un groupe de patrons de presse\",\"datePublished\":\"2021-04-29T17:03:54+00:00\",\"dateModified\":\"2021-04-29T19:39:09+00:00\",\"mainEntityOfPage\":{\"@id\":\"https:\/\/www.africa-press.net\/cameroun\/politique\/cameroun-medias-le-syndicat-national-des-journalistes-du-cameroun-ne-veut-pas-soutenir-la-manifestation-que-prepare-un-groupe-de-patrons-de-presse\"},\"wordCount\":431,\"commentCount\":0,\"image\":{\"@id\":\"https:\/\/www.africa-press.net\/cameroun\/politique\/cameroun-medias-le-syndicat-national-des-journalistes-du-cameroun-ne-veut-pas-soutenir-la-manifestation-que-prepare-un-groupe-de-patrons-de-presse#primaryimage\"},\"thumbnailUrl\":\"https:\/\/static.africa-press.net\/cameroun\/sites\/57\/2021\/04\/img-608b0b40ea7f1.jpg\",\"keywords\":[\"Africa Press\",\"Africa Press-Cameroun\",\"Cameroun\"],\"articleSection\":[\"homepage-french\",\"Politique\",\"Toutes les actualit\u00e9s\"],\"inLanguage\":\"fr-FR\",\"potentialAction\":[{\"@type\":\"CommentAction\",\"name\":\"Comment\",\"target\":[\"https:\/\/www.africa-press.net\/cameroun\/politique\/cameroun-medias-le-syndicat-national-des-journalistes-du-cameroun-ne-veut-pas-soutenir-la-manifestation-que-prepare-un-groupe-de-patrons-de-presse#respond\"]}]},{\"@type\":\"WebPage\",\"@id\":\"https:\/\/www.africa-press.net\/cameroun\/politique\/cameroun-medias-le-syndicat-national-des-journalistes-du-cameroun-ne-veut-pas-soutenir-la-manifestation-que-prepare-un-groupe-de-patrons-de-presse\",\"url\":\"https:\/\/www.africa-press.net\/cameroun\/politique\/cameroun-medias-le-syndicat-national-des-journalistes-du-cameroun-ne-veut-pas-soutenir-la-manifestation-que-prepare-un-groupe-de-patrons-de-presse\",\"name\":\"Cameroun - M\u00e9dias: Le Syndicat National des Journalistes du Cameroun ne veut pas soutenir la manifestation que pr\u00e9pare un groupe de patrons de presse - Cameroun\",\"isPartOf\":{\"@id\":\"https:\/\/www.africa-press.net\/cameroun\/#website\"},\"primaryImageOfPage\":{\"@id\":\"https:\/\/www.africa-press.net\/cameroun\/politique\/cameroun-medias-le-syndicat-national-des-journalistes-du-cameroun-ne-veut-pas-soutenir-la-manifestation-que-prepare-un-groupe-de-patrons-de-presse#primaryimage\"},\"image\":{\"@id\":\"https:\/\/www.africa-press.net\/cameroun\/politique\/cameroun-medias-le-syndicat-national-des-journalistes-du-cameroun-ne-veut-pas-soutenir-la-manifestation-que-prepare-un-groupe-de-patrons-de-presse#primaryimage\"},\"thumbnailUrl\":\"https:\/\/static.africa-press.net\/cameroun\/sites\/57\/2021\/04\/img-608b0b40ea7f1.jpg\",\"datePublished\":\"2021-04-29T17:03:54+00:00\",\"dateModified\":\"2021-04-29T19:39:09+00:00\",\"author\":{\"@id\":\"https:\/\/www.africa-press.net\/cameroun\/#\/schema\/person\/2b1cf3cd81a31e3cd26889ca66d677f1\"},\"description\":\"Le Syndicat National des Journalistes du Cameroun (SNJC) n\u2019est pas solidaire du R\u00e9seau des Patrons de Presse du Cameroun ...\",\"breadcrumb\":{\"@id\":\"https:\/\/www.africa-press.net\/cameroun\/politique\/cameroun-medias-le-syndicat-national-des-journalistes-du-cameroun-ne-veut-pas-soutenir-la-manifestation-que-prepare-un-groupe-de-patrons-de-presse#breadcrumb\"},\"inLanguage\":\"fr-FR\",\"potentialAction\":[{\"@type\":\"ReadAction\",\"target\":[\"https:\/\/www.africa-press.net\/cameroun\/politique\/cameroun-medias-le-syndicat-national-des-journalistes-du-cameroun-ne-veut-pas-soutenir-la-manifestation-que-prepare-un-groupe-de-patrons-de-presse\"]}]},{\"@type\":\"ImageObject\",\"inLanguage\":\"fr-FR\",\"@id\":\"https:\/\/www.africa-press.net\/cameroun\/politique\/cameroun-medias-le-syndicat-national-des-journalistes-du-cameroun-ne-veut-pas-soutenir-la-manifestation-que-prepare-un-groupe-de-patrons-de-presse#primaryimage\",\"url\":\"https:\/\/static.africa-press.net\/cameroun\/sites\/57\/2021\/04\/img-608b0b40ea7f1.jpg\",\"contentUrl\":\"https:\/\/static.africa-press.net\/cameroun\/sites\/57\/2021\/04\/img-608b0b40ea7f1.jpg\",\"width\":800,\"height\":618,\"caption\":\"Cameroun - M\u00e9dias: Le Syndicat National des Journalistes du Cameroun ne veut pas soutenir la manifestation que pr\u00e9pare un groupe de patrons de presse\"},{\"@type\":\"BreadcrumbList\",\"@id\":\"https:\/\/www.africa-press.net\/cameroun\/politique\/cameroun-medias-le-syndicat-national-des-journalistes-du-cameroun-ne-veut-pas-soutenir-la-manifestation-que-prepare-un-groupe-de-patrons-de-presse#breadcrumb\",\"itemListElement\":[{\"@type\":\"ListItem\",\"position\":1,\"name\":\"Accueil\",\"item\":\"https:\/\/www.africa-press.net\/cameroun\/\"},{\"@type\":\"ListItem\",\"position\":2,\"name\":\"Cameroun &#8211; M\u00e9dias: Le Syndicat National des Journalistes du Cameroun ne veut pas soutenir la manifestation que pr\u00e9pare un groupe de patrons de presse\"}]},{\"@type\":\"WebSite\",\"@id\":\"https:\/\/www.africa-press.net\/cameroun\/#website\",\"url\":\"https:\/\/www.africa-press.net\/cameroun\/\",\"name\":\"Cameroun\",\"description\":\"Just another Africa News Agency Sites site\",\"potentialAction\":[{\"@type\":\"SearchAction\",\"target\":{\"@type\":\"EntryPoint\",\"urlTemplate\":\"https:\/\/www.africa-press.net\/cameroun\/?s={search_term_string}\"},\"query-input\":{\"@type\":\"PropertyValueSpecification\",\"valueRequired\":true,\"valueName\":\"search_term_string\"}}],\"inLanguage\":\"fr-FR\"},{\"@type\":\"Person\",\"@id\":\"https:\/\/www.africa-press.net\/cameroun\/#\/schema\/person\/2b1cf3cd81a31e3cd26889ca66d677f1\",\"name\":\"cfeditorfr\"}]}<\/script>\n<!-- \/ Yoast SEO Premium plugin. -->","yoast_head_json":{"title":"Cameroun - M\u00e9dias: Le Syndicat National des Journalistes du Cameroun ne veut pas soutenir la manifestation que pr\u00e9pare un groupe de patrons de presse - Cameroun","description":"Le Syndicat National des Journalistes du Cameroun (SNJC) n\u2019est pas solidaire du R\u00e9seau des Patrons de Presse du Cameroun ...","robots":{"index":"index","follow":"follow","max-snippet":"max-snippet:-1","max-image-preview":"max-image-preview:large","max-video-preview":"max-video-preview:-1"},"canonical":"https:\/\/www.africa-press.net\/cameroun\/politique\/cameroun-medias-le-syndicat-national-des-journalistes-du-cameroun-ne-veut-pas-soutenir-la-manifestation-que-prepare-un-groupe-de-patrons-de-presse","og_locale":"fr_FR","og_type":"article","og_title":"Cameroun - M\u00e9dias: Le Syndicat National des Journalistes du Cameroun ne veut pas soutenir la manifestation que pr\u00e9pare un groupe de patrons de presse","og_description":"Le Syndicat National des Journalistes du Cameroun (SNJC) n\u2019est pas solidaire du R\u00e9seau des Patrons de Presse du Cameroun ...","og_url":"https:\/\/www.africa-press.net\/cameroun\/politique\/cameroun-medias-le-syndicat-national-des-journalistes-du-cameroun-ne-veut-pas-soutenir-la-manifestation-que-prepare-un-groupe-de-patrons-de-presse","og_site_name":"Cameroun","article_published_time":"2021-04-29T17:03:54+00:00","article_modified_time":"2021-04-29T19:39:09+00:00","og_image":[{"width":800,"height":618,"url":"https:\/\/static.africa-press.net\/cameroun\/sites\/57\/2021\/04\/img-608b0b40ea7f1.jpg","type":"image\/jpeg"}],"author":"cfeditorfr","twitter_card":"summary_large_image","twitter_misc":{"\u00c9crit par":"cfeditorfr","Dur\u00e9e de lecture estim\u00e9e":"2 minutes"},"schema":{"@context":"https:\/\/schema.org","@graph":[{"@type":"Article","@id":"https:\/\/www.africa-press.net\/cameroun\/politique\/cameroun-medias-le-syndicat-national-des-journalistes-du-cameroun-ne-veut-pas-soutenir-la-manifestation-que-prepare-un-groupe-de-patrons-de-presse#article","isPartOf":{"@id":"https:\/\/www.africa-press.net\/cameroun\/politique\/cameroun-medias-le-syndicat-national-des-journalistes-du-cameroun-ne-veut-pas-soutenir-la-manifestation-que-prepare-un-groupe-de-patrons-de-presse"},"author":{"name":"cfeditorfr","@id":"https:\/\/www.africa-press.net\/cameroun\/#\/schema\/person\/2b1cf3cd81a31e3cd26889ca66d677f1"},"headline":"Cameroun &#8211; M\u00e9dias: Le Syndicat National des Journalistes du Cameroun ne veut pas soutenir la manifestation que pr\u00e9pare un groupe de patrons de presse","datePublished":"2021-04-29T17:03:54+00:00","dateModified":"2021-04-29T19:39:09+00:00","mainEntityOfPage":{"@id":"https:\/\/www.africa-press.net\/cameroun\/politique\/cameroun-medias-le-syndicat-national-des-journalistes-du-cameroun-ne-veut-pas-soutenir-la-manifestation-que-prepare-un-groupe-de-patrons-de-presse"},"wordCount":431,"commentCount":0,"image":{"@id":"https:\/\/www.africa-press.net\/cameroun\/politique\/cameroun-medias-le-syndicat-national-des-journalistes-du-cameroun-ne-veut-pas-soutenir-la-manifestation-que-prepare-un-groupe-de-patrons-de-presse#primaryimage"},"thumbnailUrl":"https:\/\/static.africa-press.net\/cameroun\/sites\/57\/2021\/04\/img-608b0b40ea7f1.jpg","keywords":["Africa Press","Africa Press-Cameroun","Cameroun"],"articleSection":["homepage-french","Politique","Toutes les actualit\u00e9s"],"inLanguage":"fr-FR","potentialAction":[{"@type":"CommentAction","name":"Comment","target":["https:\/\/www.africa-press.net\/cameroun\/politique\/cameroun-medias-le-syndicat-national-des-journalistes-du-cameroun-ne-veut-pas-soutenir-la-manifestation-que-prepare-un-groupe-de-patrons-de-presse#respond"]}]},{"@type":"WebPage","@id":"https:\/\/www.africa-press.net\/cameroun\/politique\/cameroun-medias-le-syndicat-national-des-journalistes-du-cameroun-ne-veut-pas-soutenir-la-manifestation-que-prepare-un-groupe-de-patrons-de-presse","url":"https:\/\/www.africa-press.net\/cameroun\/politique\/cameroun-medias-le-syndicat-national-des-journalistes-du-cameroun-ne-veut-pas-soutenir-la-manifestation-que-prepare-un-groupe-de-patrons-de-presse","name":"Cameroun - M\u00e9dias: Le Syndicat National des Journalistes du Cameroun ne veut pas soutenir la manifestation que pr\u00e9pare un groupe de patrons de presse - Cameroun","isPartOf":{"@id":"https:\/\/www.africa-press.net\/cameroun\/#website"},"primaryImageOfPage":{"@id":"https:\/\/www.africa-press.net\/cameroun\/politique\/cameroun-medias-le-syndicat-national-des-journalistes-du-cameroun-ne-veut-pas-soutenir-la-manifestation-que-prepare-un-groupe-de-patrons-de-presse#primaryimage"},"image":{"@id":"https:\/\/www.africa-press.net\/cameroun\/politique\/cameroun-medias-le-syndicat-national-des-journalistes-du-cameroun-ne-veut-pas-soutenir-la-manifestation-que-prepare-un-groupe-de-patrons-de-presse#primaryimage"},"thumbnailUrl":"https:\/\/static.africa-press.net\/cameroun\/sites\/57\/2021\/04\/img-608b0b40ea7f1.jpg","datePublished":"2021-04-29T17:03:54+00:00","dateModified":"2021-04-29T19:39:09+00:00","author":{"@id":"https:\/\/www.africa-press.net\/cameroun\/#\/schema\/person\/2b1cf3cd81a31e3cd26889ca66d677f1"},"description":"Le Syndicat National des Journalistes du Cameroun (SNJC) n\u2019est pas solidaire du R\u00e9seau des Patrons de Presse du Cameroun ...","breadcrumb":{"@id":"https:\/\/www.africa-press.net\/cameroun\/politique\/cameroun-medias-le-syndicat-national-des-journalistes-du-cameroun-ne-veut-pas-soutenir-la-manifestation-que-prepare-un-groupe-de-patrons-de-presse#breadcrumb"},"inLanguage":"fr-FR","potentialAction":[{"@type":"ReadAction","target":["https:\/\/www.africa-press.net\/cameroun\/politique\/cameroun-medias-le-syndicat-national-des-journalistes-du-cameroun-ne-veut-pas-soutenir-la-manifestation-que-prepare-un-groupe-de-patrons-de-presse"]}]},{"@type":"ImageObject","inLanguage":"fr-FR","@id":"https:\/\/www.africa-press.net\/cameroun\/politique\/cameroun-medias-le-syndicat-national-des-journalistes-du-cameroun-ne-veut-pas-soutenir-la-manifestation-que-prepare-un-groupe-de-patrons-de-presse#primaryimage","url":"https:\/\/static.africa-press.net\/cameroun\/sites\/57\/2021\/04\/img-608b0b40ea7f1.jpg","contentUrl":"https:\/\/static.africa-press.net\/cameroun\/sites\/57\/2021\/04\/img-608b0b40ea7f1.jpg","width":800,"height":618,"caption":"Cameroun - M\u00e9dias: Le Syndicat National des Journalistes du Cameroun ne veut pas soutenir la manifestation que pr\u00e9pare un groupe de patrons de presse"},{"@type":"BreadcrumbList","@id":"https:\/\/www.africa-press.net\/cameroun\/politique\/cameroun-medias-le-syndicat-national-des-journalistes-du-cameroun-ne-veut-pas-soutenir-la-manifestation-que-prepare-un-groupe-de-patrons-de-presse#breadcrumb","itemListElement":[{"@type":"ListItem","position":1,"name":"Accueil","item":"https:\/\/www.africa-press.net\/cameroun\/"},{"@type":"ListItem","position":2,"name":"Cameroun &#8211; M\u00e9dias: Le Syndicat National des Journalistes du Cameroun ne veut pas soutenir la manifestation que pr\u00e9pare un groupe de patrons de presse"}]},{"@type":"WebSite","@id":"https:\/\/www.africa-press.net\/cameroun\/#website","url":"https:\/\/www.africa-press.net\/cameroun\/","name":"Cameroun","description":"Just another Africa News Agency Sites site","potentialAction":[{"@type":"SearchAction","target":{"@type":"EntryPoint","urlTemplate":"https:\/\/www.africa-press.net\/cameroun\/?s={search_term_string}"},"query-input":{"@type":"PropertyValueSpecification","valueRequired":true,"valueName":"search_term_string"}}],"inLanguage":"fr-FR"},{"@type":"Person","@id":"https:\/\/www.africa-press.net\/cameroun\/#\/schema\/person\/2b1cf3cd81a31e3cd26889ca66d677f1","name":"cfeditorfr"}]}},"_links":{"self":[{"href":"https:\/\/www.africa-press.net\/cameroun\/wp-json\/wp\/v2\/posts\/2768","targetHints":{"allow":["GET"]}}],"collection":[{"href":"https:\/\/www.africa-press.net\/cameroun\/wp-json\/wp\/v2\/posts"}],"about":[{"href":"https:\/\/www.africa-press.net\/cameroun\/wp-json\/wp\/v2\/types\/post"}],"author":[{"embeddable":true,"href":"https:\/\/www.africa-press.net\/cameroun\/wp-json\/wp\/v2\/users\/82"}],"replies":[{"embeddable":true,"href":"https:\/\/www.africa-press.net\/cameroun\/wp-json\/wp\/v2\/comments?post=2768"}],"version-history":[{"count":0,"href":"https:\/\/www.africa-press.net\/cameroun\/wp-json\/wp\/v2\/posts\/2768\/revisions"}],"wp:featuredmedia":[{"embeddable":true,"href":"https:\/\/www.africa-press.net\/cameroun\/wp-json\/wp\/v2\/media\/2767"}],"wp:attachment":[{"href":"https:\/\/www.africa-press.net\/cameroun\/wp-json\/wp\/v2\/media?parent=2768"}],"wp:term":[{"taxonomy":"category","embeddable":true,"href":"https:\/\/www.africa-press.net\/cameroun\/wp-json\/wp\/v2\/categories?post=2768"},{"taxonomy":"post_tag","embeddable":true,"href":"https:\/\/www.africa-press.net\/cameroun\/wp-json\/wp\/v2\/tags?post=2768"}],"curies":[{"name":"wp","href":"https:\/\/api.w.org\/{rel}","templated":true}]}}