{"id":2771,"date":"2021-04-29T17:08:39","date_gmt":"2021-04-29T17:08:39","guid":{"rendered":"https:\/\/www.africa-press.net\/cameroun\/politique\/cameroun-partenariat-lagence-francaise-de-developpement-et-les-communes-et-villes-unies-du-cameroun-pour-des-communes-autonomes"},"modified":"2021-04-29T19:39:57","modified_gmt":"2021-04-29T19:39:57","slug":"cameroun-partenariat-lagence-francaise-de-developpement-et-les-communes-et-villes-unies-du-cameroun-pour-des-communes-autonomes","status":"publish","type":"post","link":"https:\/\/www.africa-press.net\/cameroun\/politique\/cameroun-partenariat-lagence-francaise-de-developpement-et-les-communes-et-villes-unies-du-cameroun-pour-des-communes-autonomes","title":{"rendered":"Cameroun &#8211; Partenariat: L&rsquo;Agence Fran\u00e7aise de D\u00e9veloppement et les Communes et Villes Unies du Cameroun pour des communes autonomes"},"content":{"rendered":"<p><span style=\"color: #ff6600\"><strong><a href=\"https:\/\/www.africa-press.net\/\">Africa-Press<\/a> &#8211; <a href=\"https:\/\/www.africa-press.net\/cameroun\">Cameroun<\/a>. <\/strong><\/span>Les actions de l&rsquo;Agence Fran\u00e7aise de D\u00e9veloppement (AFD) pour une meilleure autonomisation des Communes au c\u0153ur des \u00e9changes entre une d\u00e9l\u00e9gation importante de l&rsquo;AFD et le pr\u00e9sident des Communes et Villes Unies du Cameroun (CVUC). Augustin Tamba, pr\u00e9sident des CVUC, a re\u00e7u en audience J\u00e9r\u00f4me Notebaret et sa suite le 28 avril 2021 \u00e0 Yaound\u00e9.<\/p>\n<p>Il s&rsquo;agit en fait d&rsquo;une discussion entre 2 partenaires de longue date. Les Communes et villes unies du Cameroun et l&rsquo;Agence fran\u00e7aise de d\u00e9veloppement ont pass\u00e9 en revue les chantiers sur lesquels ils sont fortement engag\u00e9s aupr\u00e8s des collectivit\u00e9s territoriales d\u00e9centralis\u00e9es. Le programme national de formation aux m\u00e9tiers de la ville, les questions de d\u00e9centralisation qui interviennent dans de nombreux champ d&rsquo;appui de l&rsquo;AFD en font partie.<\/p>\n<p>\u00abOn voit avec les collectivit\u00e9s et le minist\u00e8re du D\u00e9veloppement local comment on peut accompagner la d\u00e9clinaison d&rsquo;un texte r\u00e9glementaire. Comment on peut accompagner la formation des agents communaux\u00bb, souligne J\u00e9r\u00f4me Notebaret, chef de d\u00e9l\u00e9gation de L&rsquo;AFD.<\/p>\n<p>Cette rencontre est importante \u00e0 plus d&rsquo;un titre. Les CVUC sont en pleine mutation afin de s&rsquo;adapter au nouveau cadre juridique qui r\u00e9git la d\u00e9centralisation au Cameroun et faire des communes, des leviers de d\u00e9veloppement. Objectif, r\u00e9sorber le ch\u00f4mage et la pauvret\u00e9 au del\u00e0 des missions classiques des collectivit\u00e9s territoriales d\u00e9centralis\u00e9es.<\/p>\n<p>Plusieurs actions sont en gestation. \u00abIl y a un certain nombre d&rsquo;actions que nous devons diversifier les ressources des communes. On a abondamment parler de cela avec l&rsquo;AFD, qui est un partenaire strat\u00e9gique du Cameroun. De plus l&rsquo;AFD est dispos\u00e9 \u00e0 accompagner les collectivit\u00e9s territoriales\u00bb, indique Augustin Tamba, pr\u00e9sident des CVUC.<\/p>\n<p>Les 2 partenaires envisagent d&rsquo;aller beaucoup plus loin, avec l&rsquo;ouverture, dans les prochains jours, des journ\u00e9es \u00e9conomiques des communes. Une rencontre pluridisciplinaire qui aura, entre autres, pour missions, favoriser des partenariats, la mise en place des entreprises communales et intercommunales de production avec un impact direct et aussi l&rsquo;am\u00e9lioration des agr\u00e9gats \u00e9conomiques.<\/p>\n","protected":false},"excerpt":{"rendered":"<p>Africa-Press &#8211; Cameroun. Les actions de l&rsquo;Agence Fran\u00e7aise de D\u00e9veloppement (AFD) pour une meilleure autonomisation des Communes au c\u0153ur des \u00e9changes entre une d\u00e9l\u00e9gation importante de l&rsquo;AFD et le pr\u00e9sident des Communes et Villes Unies du Cameroun (CVUC). Augustin Tamba, pr\u00e9sident des CVUC, a re\u00e7u en audience J\u00e9r\u00f4me Notebaret et sa suite le 28 avril [&hellip;]<\/p>\n","protected":false},"author":82,"featured_media":2770,"comment_status":"open","ping_status":"closed","sticky":false,"template":"","format":"standard","meta":{"footnotes":""},"categories":[11,2,10],"tags":[36,50,49],"class_list":["post-2771","post","type-post","status-publish","format-standard","has-post-thumbnail","hentry","category-homepage-french","category-politique","category-toutes-les-actualites","tag-africa-press","tag-africa-press-cameroun","tag-cameroun"],"yoast_head":"<!-- This site is optimized with the Yoast SEO Premium plugin v26.1 (Yoast SEO v27.0) - https:\/\/yoast.com\/product\/yoast-seo-premium-wordpress\/ -->\n<title>Cameroun - Partenariat: L&#039;Agence Fran\u00e7aise de D\u00e9veloppement et les Communes et Villes Unies du Cameroun pour des communes autonomes - Cameroun<\/title>\n<meta name=\"description\" content=\"Les actions de l&#039;Agence Fran\u00e7aise de D\u00e9veloppement (AFD) pour une meilleure autonomisation des Communes au c\u0153ur des \u00e9cha ...\" \/>\n<meta name=\"robots\" content=\"index, follow, max-snippet:-1, max-image-preview:large, max-video-preview:-1\" \/>\n<link rel=\"canonical\" href=\"https:\/\/www.africa-press.net\/cameroun\/politique\/cameroun-partenariat-lagence-francaise-de-developpement-et-les-communes-et-villes-unies-du-cameroun-pour-des-communes-autonomes\" \/>\n<meta property=\"og:locale\" content=\"fr_FR\" \/>\n<meta property=\"og:type\" content=\"article\" \/>\n<meta property=\"og:title\" content=\"Cameroun - Partenariat: L&#039;Agence Fran\u00e7aise de D\u00e9veloppement et les Communes et Villes Unies du Cameroun pour des communes autonomes\" \/>\n<meta property=\"og:description\" content=\"Les actions de l&#039;Agence Fran\u00e7aise de D\u00e9veloppement (AFD) pour une meilleure autonomisation des Communes au c\u0153ur des \u00e9cha ...\" \/>\n<meta property=\"og:url\" content=\"https:\/\/www.africa-press.net\/cameroun\/politique\/cameroun-partenariat-lagence-francaise-de-developpement-et-les-communes-et-villes-unies-du-cameroun-pour-des-communes-autonomes\" \/>\n<meta property=\"og:site_name\" content=\"Cameroun\" \/>\n<meta property=\"article:published_time\" content=\"2021-04-29T17:08:39+00:00\" \/>\n<meta property=\"article:modified_time\" content=\"2021-04-29T19:39:57+00:00\" \/>\n<meta property=\"og:image\" content=\"https:\/\/static.africa-press.net\/cameroun\/sites\/57\/2021\/04\/img-608b0b6e3d65a.jpg\" \/>\n\t<meta property=\"og:image:width\" content=\"800\" \/>\n\t<meta property=\"og:image:height\" content=\"450\" \/>\n\t<meta property=\"og:image:type\" content=\"image\/jpeg\" \/>\n<meta name=\"author\" content=\"cfeditorfr\" \/>\n<meta name=\"twitter:card\" content=\"summary_large_image\" \/>\n<meta name=\"twitter:label1\" content=\"\u00c9crit par\" \/>\n\t<meta name=\"twitter:data1\" content=\"cfeditorfr\" \/>\n\t<meta name=\"twitter:label2\" content=\"Dur\u00e9e de lecture estim\u00e9e\" \/>\n\t<meta name=\"twitter:data2\" content=\"2 minutes\" \/>\n<script type=\"application\/ld+json\" class=\"yoast-schema-graph\">{\"@context\":\"https:\/\/schema.org\",\"@graph\":[{\"@type\":\"Article\",\"@id\":\"https:\/\/www.africa-press.net\/cameroun\/politique\/cameroun-partenariat-lagence-francaise-de-developpement-et-les-communes-et-villes-unies-du-cameroun-pour-des-communes-autonomes#article\",\"isPartOf\":{\"@id\":\"https:\/\/www.africa-press.net\/cameroun\/politique\/cameroun-partenariat-lagence-francaise-de-developpement-et-les-communes-et-villes-unies-du-cameroun-pour-des-communes-autonomes\"},\"author\":{\"name\":\"cfeditorfr\",\"@id\":\"https:\/\/www.africa-press.net\/cameroun\/#\/schema\/person\/2b1cf3cd81a31e3cd26889ca66d677f1\"},\"headline\":\"Cameroun &#8211; Partenariat: L&rsquo;Agence Fran\u00e7aise de D\u00e9veloppement et les Communes et Villes Unies du Cameroun pour des communes autonomes\",\"datePublished\":\"2021-04-29T17:08:39+00:00\",\"dateModified\":\"2021-04-29T19:39:57+00:00\",\"mainEntityOfPage\":{\"@id\":\"https:\/\/www.africa-press.net\/cameroun\/politique\/cameroun-partenariat-lagence-francaise-de-developpement-et-les-communes-et-villes-unies-du-cameroun-pour-des-communes-autonomes\"},\"wordCount\":390,\"commentCount\":0,\"image\":{\"@id\":\"https:\/\/www.africa-press.net\/cameroun\/politique\/cameroun-partenariat-lagence-francaise-de-developpement-et-les-communes-et-villes-unies-du-cameroun-pour-des-communes-autonomes#primaryimage\"},\"thumbnailUrl\":\"https:\/\/static.africa-press.net\/cameroun\/sites\/57\/2021\/04\/img-608b0b6e3d65a.jpg\",\"keywords\":[\"Africa Press\",\"Africa Press-Cameroun\",\"Cameroun\"],\"articleSection\":[\"homepage-french\",\"Politique\",\"Toutes les actualit\u00e9s\"],\"inLanguage\":\"fr-FR\",\"potentialAction\":[{\"@type\":\"CommentAction\",\"name\":\"Comment\",\"target\":[\"https:\/\/www.africa-press.net\/cameroun\/politique\/cameroun-partenariat-lagence-francaise-de-developpement-et-les-communes-et-villes-unies-du-cameroun-pour-des-communes-autonomes#respond\"]}]},{\"@type\":\"WebPage\",\"@id\":\"https:\/\/www.africa-press.net\/cameroun\/politique\/cameroun-partenariat-lagence-francaise-de-developpement-et-les-communes-et-villes-unies-du-cameroun-pour-des-communes-autonomes\",\"url\":\"https:\/\/www.africa-press.net\/cameroun\/politique\/cameroun-partenariat-lagence-francaise-de-developpement-et-les-communes-et-villes-unies-du-cameroun-pour-des-communes-autonomes\",\"name\":\"Cameroun - Partenariat: L'Agence Fran\u00e7aise de D\u00e9veloppement et les Communes et Villes Unies du Cameroun pour des communes autonomes - Cameroun\",\"isPartOf\":{\"@id\":\"https:\/\/www.africa-press.net\/cameroun\/#website\"},\"primaryImageOfPage\":{\"@id\":\"https:\/\/www.africa-press.net\/cameroun\/politique\/cameroun-partenariat-lagence-francaise-de-developpement-et-les-communes-et-villes-unies-du-cameroun-pour-des-communes-autonomes#primaryimage\"},\"image\":{\"@id\":\"https:\/\/www.africa-press.net\/cameroun\/politique\/cameroun-partenariat-lagence-francaise-de-developpement-et-les-communes-et-villes-unies-du-cameroun-pour-des-communes-autonomes#primaryimage\"},\"thumbnailUrl\":\"https:\/\/static.africa-press.net\/cameroun\/sites\/57\/2021\/04\/img-608b0b6e3d65a.jpg\",\"datePublished\":\"2021-04-29T17:08:39+00:00\",\"dateModified\":\"2021-04-29T19:39:57+00:00\",\"author\":{\"@id\":\"https:\/\/www.africa-press.net\/cameroun\/#\/schema\/person\/2b1cf3cd81a31e3cd26889ca66d677f1\"},\"description\":\"Les actions de l'Agence Fran\u00e7aise de D\u00e9veloppement (AFD) pour une meilleure autonomisation des Communes au c\u0153ur des \u00e9cha ...\",\"breadcrumb\":{\"@id\":\"https:\/\/www.africa-press.net\/cameroun\/politique\/cameroun-partenariat-lagence-francaise-de-developpement-et-les-communes-et-villes-unies-du-cameroun-pour-des-communes-autonomes#breadcrumb\"},\"inLanguage\":\"fr-FR\",\"potentialAction\":[{\"@type\":\"ReadAction\",\"target\":[\"https:\/\/www.africa-press.net\/cameroun\/politique\/cameroun-partenariat-lagence-francaise-de-developpement-et-les-communes-et-villes-unies-du-cameroun-pour-des-communes-autonomes\"]}]},{\"@type\":\"ImageObject\",\"inLanguage\":\"fr-FR\",\"@id\":\"https:\/\/www.africa-press.net\/cameroun\/politique\/cameroun-partenariat-lagence-francaise-de-developpement-et-les-communes-et-villes-unies-du-cameroun-pour-des-communes-autonomes#primaryimage\",\"url\":\"https:\/\/static.africa-press.net\/cameroun\/sites\/57\/2021\/04\/img-608b0b6e3d65a.jpg\",\"contentUrl\":\"https:\/\/static.africa-press.net\/cameroun\/sites\/57\/2021\/04\/img-608b0b6e3d65a.jpg\",\"width\":800,\"height\":450,\"caption\":\"Cameroun - Partenariat: L'Agence Fran\u00e7aise de D\u00e9veloppement et les Communes et Villes Unies du Cameroun pour des communes autonomes\"},{\"@type\":\"BreadcrumbList\",\"@id\":\"https:\/\/www.africa-press.net\/cameroun\/politique\/cameroun-partenariat-lagence-francaise-de-developpement-et-les-communes-et-villes-unies-du-cameroun-pour-des-communes-autonomes#breadcrumb\",\"itemListElement\":[{\"@type\":\"ListItem\",\"position\":1,\"name\":\"Accueil\",\"item\":\"https:\/\/www.africa-press.net\/cameroun\/\"},{\"@type\":\"ListItem\",\"position\":2,\"name\":\"Cameroun &#8211; Partenariat: L&#8217;Agence Fran\u00e7aise de D\u00e9veloppement et les Communes et Villes Unies du Cameroun pour des communes autonomes\"}]},{\"@type\":\"WebSite\",\"@id\":\"https:\/\/www.africa-press.net\/cameroun\/#website\",\"url\":\"https:\/\/www.africa-press.net\/cameroun\/\",\"name\":\"Cameroun\",\"description\":\"Just another Africa News Agency Sites site\",\"potentialAction\":[{\"@type\":\"SearchAction\",\"target\":{\"@type\":\"EntryPoint\",\"urlTemplate\":\"https:\/\/www.africa-press.net\/cameroun\/?s={search_term_string}\"},\"query-input\":{\"@type\":\"PropertyValueSpecification\",\"valueRequired\":true,\"valueName\":\"search_term_string\"}}],\"inLanguage\":\"fr-FR\"},{\"@type\":\"Person\",\"@id\":\"https:\/\/www.africa-press.net\/cameroun\/#\/schema\/person\/2b1cf3cd81a31e3cd26889ca66d677f1\",\"name\":\"cfeditorfr\"}]}<\/script>\n<!-- \/ Yoast SEO Premium plugin. -->","yoast_head_json":{"title":"Cameroun - Partenariat: L'Agence Fran\u00e7aise de D\u00e9veloppement et les Communes et Villes Unies du Cameroun pour des communes autonomes - Cameroun","description":"Les actions de l'Agence Fran\u00e7aise de D\u00e9veloppement (AFD) pour une meilleure autonomisation des Communes au c\u0153ur des \u00e9cha ...","robots":{"index":"index","follow":"follow","max-snippet":"max-snippet:-1","max-image-preview":"max-image-preview:large","max-video-preview":"max-video-preview:-1"},"canonical":"https:\/\/www.africa-press.net\/cameroun\/politique\/cameroun-partenariat-lagence-francaise-de-developpement-et-les-communes-et-villes-unies-du-cameroun-pour-des-communes-autonomes","og_locale":"fr_FR","og_type":"article","og_title":"Cameroun - Partenariat: L'Agence Fran\u00e7aise de D\u00e9veloppement et les Communes et Villes Unies du Cameroun pour des communes autonomes","og_description":"Les actions de l'Agence Fran\u00e7aise de D\u00e9veloppement (AFD) pour une meilleure autonomisation des Communes au c\u0153ur des \u00e9cha ...","og_url":"https:\/\/www.africa-press.net\/cameroun\/politique\/cameroun-partenariat-lagence-francaise-de-developpement-et-les-communes-et-villes-unies-du-cameroun-pour-des-communes-autonomes","og_site_name":"Cameroun","article_published_time":"2021-04-29T17:08:39+00:00","article_modified_time":"2021-04-29T19:39:57+00:00","og_image":[{"width":800,"height":450,"url":"https:\/\/static.africa-press.net\/cameroun\/sites\/57\/2021\/04\/img-608b0b6e3d65a.jpg","type":"image\/jpeg"}],"author":"cfeditorfr","twitter_card":"summary_large_image","twitter_misc":{"\u00c9crit par":"cfeditorfr","Dur\u00e9e de lecture estim\u00e9e":"2 minutes"},"schema":{"@context":"https:\/\/schema.org","@graph":[{"@type":"Article","@id":"https:\/\/www.africa-press.net\/cameroun\/politique\/cameroun-partenariat-lagence-francaise-de-developpement-et-les-communes-et-villes-unies-du-cameroun-pour-des-communes-autonomes#article","isPartOf":{"@id":"https:\/\/www.africa-press.net\/cameroun\/politique\/cameroun-partenariat-lagence-francaise-de-developpement-et-les-communes-et-villes-unies-du-cameroun-pour-des-communes-autonomes"},"author":{"name":"cfeditorfr","@id":"https:\/\/www.africa-press.net\/cameroun\/#\/schema\/person\/2b1cf3cd81a31e3cd26889ca66d677f1"},"headline":"Cameroun &#8211; Partenariat: L&rsquo;Agence Fran\u00e7aise de D\u00e9veloppement et les Communes et Villes Unies du Cameroun pour des communes autonomes","datePublished":"2021-04-29T17:08:39+00:00","dateModified":"2021-04-29T19:39:57+00:00","mainEntityOfPage":{"@id":"https:\/\/www.africa-press.net\/cameroun\/politique\/cameroun-partenariat-lagence-francaise-de-developpement-et-les-communes-et-villes-unies-du-cameroun-pour-des-communes-autonomes"},"wordCount":390,"commentCount":0,"image":{"@id":"https:\/\/www.africa-press.net\/cameroun\/politique\/cameroun-partenariat-lagence-francaise-de-developpement-et-les-communes-et-villes-unies-du-cameroun-pour-des-communes-autonomes#primaryimage"},"thumbnailUrl":"https:\/\/static.africa-press.net\/cameroun\/sites\/57\/2021\/04\/img-608b0b6e3d65a.jpg","keywords":["Africa Press","Africa Press-Cameroun","Cameroun"],"articleSection":["homepage-french","Politique","Toutes les actualit\u00e9s"],"inLanguage":"fr-FR","potentialAction":[{"@type":"CommentAction","name":"Comment","target":["https:\/\/www.africa-press.net\/cameroun\/politique\/cameroun-partenariat-lagence-francaise-de-developpement-et-les-communes-et-villes-unies-du-cameroun-pour-des-communes-autonomes#respond"]}]},{"@type":"WebPage","@id":"https:\/\/www.africa-press.net\/cameroun\/politique\/cameroun-partenariat-lagence-francaise-de-developpement-et-les-communes-et-villes-unies-du-cameroun-pour-des-communes-autonomes","url":"https:\/\/www.africa-press.net\/cameroun\/politique\/cameroun-partenariat-lagence-francaise-de-developpement-et-les-communes-et-villes-unies-du-cameroun-pour-des-communes-autonomes","name":"Cameroun - Partenariat: L'Agence Fran\u00e7aise de D\u00e9veloppement et les Communes et Villes Unies du Cameroun pour des communes autonomes - Cameroun","isPartOf":{"@id":"https:\/\/www.africa-press.net\/cameroun\/#website"},"primaryImageOfPage":{"@id":"https:\/\/www.africa-press.net\/cameroun\/politique\/cameroun-partenariat-lagence-francaise-de-developpement-et-les-communes-et-villes-unies-du-cameroun-pour-des-communes-autonomes#primaryimage"},"image":{"@id":"https:\/\/www.africa-press.net\/cameroun\/politique\/cameroun-partenariat-lagence-francaise-de-developpement-et-les-communes-et-villes-unies-du-cameroun-pour-des-communes-autonomes#primaryimage"},"thumbnailUrl":"https:\/\/static.africa-press.net\/cameroun\/sites\/57\/2021\/04\/img-608b0b6e3d65a.jpg","datePublished":"2021-04-29T17:08:39+00:00","dateModified":"2021-04-29T19:39:57+00:00","author":{"@id":"https:\/\/www.africa-press.net\/cameroun\/#\/schema\/person\/2b1cf3cd81a31e3cd26889ca66d677f1"},"description":"Les actions de l'Agence Fran\u00e7aise de D\u00e9veloppement (AFD) pour une meilleure autonomisation des Communes au c\u0153ur des \u00e9cha ...","breadcrumb":{"@id":"https:\/\/www.africa-press.net\/cameroun\/politique\/cameroun-partenariat-lagence-francaise-de-developpement-et-les-communes-et-villes-unies-du-cameroun-pour-des-communes-autonomes#breadcrumb"},"inLanguage":"fr-FR","potentialAction":[{"@type":"ReadAction","target":["https:\/\/www.africa-press.net\/cameroun\/politique\/cameroun-partenariat-lagence-francaise-de-developpement-et-les-communes-et-villes-unies-du-cameroun-pour-des-communes-autonomes"]}]},{"@type":"ImageObject","inLanguage":"fr-FR","@id":"https:\/\/www.africa-press.net\/cameroun\/politique\/cameroun-partenariat-lagence-francaise-de-developpement-et-les-communes-et-villes-unies-du-cameroun-pour-des-communes-autonomes#primaryimage","url":"https:\/\/static.africa-press.net\/cameroun\/sites\/57\/2021\/04\/img-608b0b6e3d65a.jpg","contentUrl":"https:\/\/static.africa-press.net\/cameroun\/sites\/57\/2021\/04\/img-608b0b6e3d65a.jpg","width":800,"height":450,"caption":"Cameroun - Partenariat: L'Agence Fran\u00e7aise de D\u00e9veloppement et les Communes et Villes Unies du Cameroun pour des communes autonomes"},{"@type":"BreadcrumbList","@id":"https:\/\/www.africa-press.net\/cameroun\/politique\/cameroun-partenariat-lagence-francaise-de-developpement-et-les-communes-et-villes-unies-du-cameroun-pour-des-communes-autonomes#breadcrumb","itemListElement":[{"@type":"ListItem","position":1,"name":"Accueil","item":"https:\/\/www.africa-press.net\/cameroun\/"},{"@type":"ListItem","position":2,"name":"Cameroun &#8211; Partenariat: L&#8217;Agence Fran\u00e7aise de D\u00e9veloppement et les Communes et Villes Unies du Cameroun pour des communes autonomes"}]},{"@type":"WebSite","@id":"https:\/\/www.africa-press.net\/cameroun\/#website","url":"https:\/\/www.africa-press.net\/cameroun\/","name":"Cameroun","description":"Just another Africa News Agency Sites site","potentialAction":[{"@type":"SearchAction","target":{"@type":"EntryPoint","urlTemplate":"https:\/\/www.africa-press.net\/cameroun\/?s={search_term_string}"},"query-input":{"@type":"PropertyValueSpecification","valueRequired":true,"valueName":"search_term_string"}}],"inLanguage":"fr-FR"},{"@type":"Person","@id":"https:\/\/www.africa-press.net\/cameroun\/#\/schema\/person\/2b1cf3cd81a31e3cd26889ca66d677f1","name":"cfeditorfr"}]}},"_links":{"self":[{"href":"https:\/\/www.africa-press.net\/cameroun\/wp-json\/wp\/v2\/posts\/2771","targetHints":{"allow":["GET"]}}],"collection":[{"href":"https:\/\/www.africa-press.net\/cameroun\/wp-json\/wp\/v2\/posts"}],"about":[{"href":"https:\/\/www.africa-press.net\/cameroun\/wp-json\/wp\/v2\/types\/post"}],"author":[{"embeddable":true,"href":"https:\/\/www.africa-press.net\/cameroun\/wp-json\/wp\/v2\/users\/82"}],"replies":[{"embeddable":true,"href":"https:\/\/www.africa-press.net\/cameroun\/wp-json\/wp\/v2\/comments?post=2771"}],"version-history":[{"count":0,"href":"https:\/\/www.africa-press.net\/cameroun\/wp-json\/wp\/v2\/posts\/2771\/revisions"}],"wp:featuredmedia":[{"embeddable":true,"href":"https:\/\/www.africa-press.net\/cameroun\/wp-json\/wp\/v2\/media\/2770"}],"wp:attachment":[{"href":"https:\/\/www.africa-press.net\/cameroun\/wp-json\/wp\/v2\/media?parent=2771"}],"wp:term":[{"taxonomy":"category","embeddable":true,"href":"https:\/\/www.africa-press.net\/cameroun\/wp-json\/wp\/v2\/categories?post=2771"},{"taxonomy":"post_tag","embeddable":true,"href":"https:\/\/www.africa-press.net\/cameroun\/wp-json\/wp\/v2\/tags?post=2771"}],"curies":[{"name":"wp","href":"https:\/\/api.w.org\/{rel}","templated":true}]}}