{"id":27750,"date":"2022-09-18T15:24:38","date_gmt":"2022-09-18T15:24:38","guid":{"rendered":"https:\/\/www.africa-press.net\/cameroun\/politique\/prisonniers-politiques-du-mrc-le-proces-de-lentourloupe"},"modified":"2022-09-18T15:50:48","modified_gmt":"2022-09-18T15:50:48","slug":"prisonniers-politiques-du-mrc-le-proces-de-lentourloupe","status":"publish","type":"post","link":"https:\/\/www.africa-press.net\/cameroun\/politique\/prisonniers-politiques-du-mrc-le-proces-de-lentourloupe","title":{"rendered":"Prisonniers politiques du Mrc : Le proc\u00e8s de l\u2019entourloupe"},"content":{"rendered":"<p><span style=\"color: #ff6600\"><strong>Africa-Press &#8211; Cameroun. <\/strong><\/span>La question sur les libert\u00e9s et les droits de l\u2019homme reste donc une probl\u00e9matique cruciale au Cameroun avec le proc\u00e8s ouvert envers le mouvement pour la renaissance du Cameroun (MRC).<\/p>\n<p>En effet, avec le d\u00e9but du proc\u00e8s en justice contre un acte qui est consid\u00e9r\u00e9 comme d\u00e9mocratique et qui permet au peuple d\u2019exprimer son m\u00e9contentement face \u00e0 un syst\u00e8me vici\u00e9e, on a donc la d\u00e9monstration qu\u2019on n\u2019est pas encore sorti de l\u2019auberge.<\/p>\n<p>Avec la premi\u00e8re audience qui s\u2019est d\u00e9roul\u00e9 il y\u2019a quelques jours \u00e0 la cour d\u2019appel du centre, on a eu droit \u00e0 pr\u00e8s de 5 dossiers inscrits au r\u00f4le de la chambre criminelle.<\/p>\n<p>Dans les 5 dossiers, on avait pr\u00e8s de 39 condamn\u00e9s qui sont encore incarc\u00e9r\u00e9s et qui ont re\u00e7us des peines d\u2019emprisonnement ferme qui vareint de 3 ans \u00e0 7 ans. Parmi la pl\u00e9iade de condamn\u00e9s, on pouvait noter la pr\u00e9sence dans cette liste du Pr Alain Fogue et Olivier Bibou Nissack.<\/p>\n<p>Le report des affaires pour le 20 octobre prochain qui a \u00e9t\u00e9 demand\u00e9 par la d\u00e9fense des accus\u00e9s pour compl\u00e9ments de dossiers vient donc lancer une grande saga sur cette affaire qui est la d\u00e9monstration claire que le r\u00e9gime voudrait mettre tout \u0153uvre afin que cette affaire ne soit pas conclus.<\/p>\n<p>Toutefois, l\u2019espoir reste de mise et il est clair que la justice sera dite dans cette rocambolesque surtout avec la pr\u00e9sence au sein de la d\u00e9fense d\u2019une personne qui a une connaissance parfaite du droit et surtout des contours de cette affaire puisque ayant \u00e9t\u00e9 la figure de proue de l\u2019affaire, il s\u2019agit du professeur Maurice Kamto, pr\u00e9sident de la formation politique dont les membres sont incrimin\u00e9s. Il est clair que sa pr\u00e9sence dans le collectif des avocats commis pour cette d\u00e9fense va faire des \u00e9tincelles.<\/p>\n<p><strong>Pour plus d&rsquo;informations et d&rsquo;analyses sur la <a href=\"https:\/\/www.africa-press.net\/cameroun\">Cameroun<\/a>, suivez <a href=\"https:\/\/www.africa-press.net\/\">Africa-Press<\/a><\/strong><\/p>\n","protected":false},"excerpt":{"rendered":"<p>Africa-Press &#8211; Cameroun. La question sur les libert\u00e9s et les droits de l\u2019homme reste donc une probl\u00e9matique cruciale au Cameroun avec le proc\u00e8s ouvert envers le mouvement pour la renaissance du Cameroun (MRC). En effet, avec le d\u00e9but du proc\u00e8s en justice contre un acte qui est consid\u00e9r\u00e9 comme d\u00e9mocratique et qui permet au peuple [&hellip;]<\/p>\n","protected":false},"author":82,"featured_media":27749,"comment_status":"open","ping_status":"closed","sticky":false,"template":"","format":"standard","meta":{"footnotes":""},"categories":[11,2,10],"tags":[36,50,49],"class_list":["post-27750","post","type-post","status-publish","format-standard","has-post-thumbnail","hentry","category-homepage-french","category-politique","category-toutes-les-actualites","tag-africa-press","tag-africa-press-cameroun","tag-cameroun"],"yoast_head":"<!-- This site is optimized with the Yoast SEO Premium plugin v26.1 (Yoast SEO v27.0) - https:\/\/yoast.com\/product\/yoast-seo-premium-wordpress\/ -->\n<title>Prisonniers politiques du Mrc : Le proc\u00e8s de l\u2019entourloupe - Cameroun<\/title>\n<meta name=\"description\" content=\"La question sur les libert\u00e9s et les droits de l\u2019homme reste donc une probl\u00e9matique cruciale au Cameroun avec le proc\u00e8s o ...\" \/>\n<meta name=\"robots\" content=\"index, follow, max-snippet:-1, max-image-preview:large, max-video-preview:-1\" \/>\n<link rel=\"canonical\" href=\"https:\/\/www.africa-press.net\/cameroun\/politique\/prisonniers-politiques-du-mrc-le-proces-de-lentourloupe\" \/>\n<meta property=\"og:locale\" content=\"fr_FR\" \/>\n<meta property=\"og:type\" content=\"article\" \/>\n<meta property=\"og:title\" content=\"Prisonniers politiques du Mrc : Le proc\u00e8s de l\u2019entourloupe\" \/>\n<meta property=\"og:description\" content=\"La question sur les libert\u00e9s et les droits de l\u2019homme reste donc une probl\u00e9matique cruciale au Cameroun avec le proc\u00e8s o ...\" \/>\n<meta property=\"og:url\" content=\"https:\/\/www.africa-press.net\/cameroun\/politique\/prisonniers-politiques-du-mrc-le-proces-de-lentourloupe\" \/>\n<meta property=\"og:site_name\" content=\"Cameroun\" \/>\n<meta property=\"article:published_time\" content=\"2022-09-18T15:24:38+00:00\" \/>\n<meta property=\"article:modified_time\" content=\"2022-09-18T15:50:48+00:00\" \/>\n<meta property=\"og:image\" content=\"https:\/\/static.africa-press.net\/cameroun\/sites\/57\/2022\/09\/postQueueImg_2-63273e33d6938.jpg\" \/>\n\t<meta property=\"og:image:width\" content=\"600\" \/>\n\t<meta property=\"og:image:height\" content=\"450\" \/>\n\t<meta property=\"og:image:type\" content=\"image\/jpeg\" \/>\n<meta name=\"author\" content=\"cfeditorfr\" \/>\n<meta name=\"twitter:card\" content=\"summary_large_image\" \/>\n<meta name=\"twitter:label1\" content=\"\u00c9crit par\" \/>\n\t<meta name=\"twitter:data1\" content=\"cfeditorfr\" \/>\n\t<meta name=\"twitter:label2\" content=\"Dur\u00e9e de lecture estim\u00e9e\" \/>\n\t<meta name=\"twitter:data2\" content=\"2 minutes\" \/>\n<script type=\"application\/ld+json\" class=\"yoast-schema-graph\">{\"@context\":\"https:\/\/schema.org\",\"@graph\":[{\"@type\":\"Article\",\"@id\":\"https:\/\/www.africa-press.net\/cameroun\/politique\/prisonniers-politiques-du-mrc-le-proces-de-lentourloupe#article\",\"isPartOf\":{\"@id\":\"https:\/\/www.africa-press.net\/cameroun\/politique\/prisonniers-politiques-du-mrc-le-proces-de-lentourloupe\"},\"author\":{\"name\":\"cfeditorfr\",\"@id\":\"https:\/\/www.africa-press.net\/cameroun\/#\/schema\/person\/2b1cf3cd81a31e3cd26889ca66d677f1\"},\"headline\":\"Prisonniers politiques du Mrc : Le proc\u00e8s de l\u2019entourloupe\",\"datePublished\":\"2022-09-18T15:24:38+00:00\",\"dateModified\":\"2022-09-18T15:50:48+00:00\",\"mainEntityOfPage\":{\"@id\":\"https:\/\/www.africa-press.net\/cameroun\/politique\/prisonniers-politiques-du-mrc-le-proces-de-lentourloupe\"},\"wordCount\":355,\"commentCount\":0,\"image\":{\"@id\":\"https:\/\/www.africa-press.net\/cameroun\/politique\/prisonniers-politiques-du-mrc-le-proces-de-lentourloupe#primaryimage\"},\"thumbnailUrl\":\"https:\/\/static.africa-press.net\/cameroun\/sites\/57\/2022\/09\/postQueueImg_2-63273e33d6938.jpg\",\"keywords\":[\"Africa Press\",\"Africa Press-Cameroun\",\"Cameroun\"],\"articleSection\":[\"homepage-french\",\"Politique\",\"Toutes les actualit\u00e9s\"],\"inLanguage\":\"fr-FR\",\"potentialAction\":[{\"@type\":\"CommentAction\",\"name\":\"Comment\",\"target\":[\"https:\/\/www.africa-press.net\/cameroun\/politique\/prisonniers-politiques-du-mrc-le-proces-de-lentourloupe#respond\"]}]},{\"@type\":\"WebPage\",\"@id\":\"https:\/\/www.africa-press.net\/cameroun\/politique\/prisonniers-politiques-du-mrc-le-proces-de-lentourloupe\",\"url\":\"https:\/\/www.africa-press.net\/cameroun\/politique\/prisonniers-politiques-du-mrc-le-proces-de-lentourloupe\",\"name\":\"Prisonniers politiques du Mrc : Le proc\u00e8s de l\u2019entourloupe - Cameroun\",\"isPartOf\":{\"@id\":\"https:\/\/www.africa-press.net\/cameroun\/#website\"},\"primaryImageOfPage\":{\"@id\":\"https:\/\/www.africa-press.net\/cameroun\/politique\/prisonniers-politiques-du-mrc-le-proces-de-lentourloupe#primaryimage\"},\"image\":{\"@id\":\"https:\/\/www.africa-press.net\/cameroun\/politique\/prisonniers-politiques-du-mrc-le-proces-de-lentourloupe#primaryimage\"},\"thumbnailUrl\":\"https:\/\/static.africa-press.net\/cameroun\/sites\/57\/2022\/09\/postQueueImg_2-63273e33d6938.jpg\",\"datePublished\":\"2022-09-18T15:24:38+00:00\",\"dateModified\":\"2022-09-18T15:50:48+00:00\",\"author\":{\"@id\":\"https:\/\/www.africa-press.net\/cameroun\/#\/schema\/person\/2b1cf3cd81a31e3cd26889ca66d677f1\"},\"description\":\"La question sur les libert\u00e9s et les droits de l\u2019homme reste donc une probl\u00e9matique cruciale au Cameroun avec le proc\u00e8s o ...\",\"breadcrumb\":{\"@id\":\"https:\/\/www.africa-press.net\/cameroun\/politique\/prisonniers-politiques-du-mrc-le-proces-de-lentourloupe#breadcrumb\"},\"inLanguage\":\"fr-FR\",\"potentialAction\":[{\"@type\":\"ReadAction\",\"target\":[\"https:\/\/www.africa-press.net\/cameroun\/politique\/prisonniers-politiques-du-mrc-le-proces-de-lentourloupe\"]}]},{\"@type\":\"ImageObject\",\"inLanguage\":\"fr-FR\",\"@id\":\"https:\/\/www.africa-press.net\/cameroun\/politique\/prisonniers-politiques-du-mrc-le-proces-de-lentourloupe#primaryimage\",\"url\":\"https:\/\/static.africa-press.net\/cameroun\/sites\/57\/2022\/09\/postQueueImg_2-63273e33d6938.jpg\",\"contentUrl\":\"https:\/\/static.africa-press.net\/cameroun\/sites\/57\/2022\/09\/postQueueImg_2-63273e33d6938.jpg\",\"width\":600,\"height\":450,\"caption\":\"Prisonniers politiques du Mrc : Le proc\u00e8s de l\u2019entourloupe\"},{\"@type\":\"BreadcrumbList\",\"@id\":\"https:\/\/www.africa-press.net\/cameroun\/politique\/prisonniers-politiques-du-mrc-le-proces-de-lentourloupe#breadcrumb\",\"itemListElement\":[{\"@type\":\"ListItem\",\"position\":1,\"name\":\"Accueil\",\"item\":\"https:\/\/www.africa-press.net\/cameroun\/\"},{\"@type\":\"ListItem\",\"position\":2,\"name\":\"Prisonniers politiques du Mrc : Le proc\u00e8s de l\u2019entourloupe\"}]},{\"@type\":\"WebSite\",\"@id\":\"https:\/\/www.africa-press.net\/cameroun\/#website\",\"url\":\"https:\/\/www.africa-press.net\/cameroun\/\",\"name\":\"Cameroun\",\"description\":\"Just another Africa News Agency Sites site\",\"potentialAction\":[{\"@type\":\"SearchAction\",\"target\":{\"@type\":\"EntryPoint\",\"urlTemplate\":\"https:\/\/www.africa-press.net\/cameroun\/?s={search_term_string}\"},\"query-input\":{\"@type\":\"PropertyValueSpecification\",\"valueRequired\":true,\"valueName\":\"search_term_string\"}}],\"inLanguage\":\"fr-FR\"},{\"@type\":\"Person\",\"@id\":\"https:\/\/www.africa-press.net\/cameroun\/#\/schema\/person\/2b1cf3cd81a31e3cd26889ca66d677f1\",\"name\":\"cfeditorfr\"}]}<\/script>\n<!-- \/ Yoast SEO Premium plugin. -->","yoast_head_json":{"title":"Prisonniers politiques du Mrc : Le proc\u00e8s de l\u2019entourloupe - Cameroun","description":"La question sur les libert\u00e9s et les droits de l\u2019homme reste donc une probl\u00e9matique cruciale au Cameroun avec le proc\u00e8s o ...","robots":{"index":"index","follow":"follow","max-snippet":"max-snippet:-1","max-image-preview":"max-image-preview:large","max-video-preview":"max-video-preview:-1"},"canonical":"https:\/\/www.africa-press.net\/cameroun\/politique\/prisonniers-politiques-du-mrc-le-proces-de-lentourloupe","og_locale":"fr_FR","og_type":"article","og_title":"Prisonniers politiques du Mrc : Le proc\u00e8s de l\u2019entourloupe","og_description":"La question sur les libert\u00e9s et les droits de l\u2019homme reste donc une probl\u00e9matique cruciale au Cameroun avec le proc\u00e8s o ...","og_url":"https:\/\/www.africa-press.net\/cameroun\/politique\/prisonniers-politiques-du-mrc-le-proces-de-lentourloupe","og_site_name":"Cameroun","article_published_time":"2022-09-18T15:24:38+00:00","article_modified_time":"2022-09-18T15:50:48+00:00","og_image":[{"width":600,"height":450,"url":"https:\/\/static.africa-press.net\/cameroun\/sites\/57\/2022\/09\/postQueueImg_2-63273e33d6938.jpg","type":"image\/jpeg"}],"author":"cfeditorfr","twitter_card":"summary_large_image","twitter_misc":{"\u00c9crit par":"cfeditorfr","Dur\u00e9e de lecture estim\u00e9e":"2 minutes"},"schema":{"@context":"https:\/\/schema.org","@graph":[{"@type":"Article","@id":"https:\/\/www.africa-press.net\/cameroun\/politique\/prisonniers-politiques-du-mrc-le-proces-de-lentourloupe#article","isPartOf":{"@id":"https:\/\/www.africa-press.net\/cameroun\/politique\/prisonniers-politiques-du-mrc-le-proces-de-lentourloupe"},"author":{"name":"cfeditorfr","@id":"https:\/\/www.africa-press.net\/cameroun\/#\/schema\/person\/2b1cf3cd81a31e3cd26889ca66d677f1"},"headline":"Prisonniers politiques du Mrc : Le proc\u00e8s de l\u2019entourloupe","datePublished":"2022-09-18T15:24:38+00:00","dateModified":"2022-09-18T15:50:48+00:00","mainEntityOfPage":{"@id":"https:\/\/www.africa-press.net\/cameroun\/politique\/prisonniers-politiques-du-mrc-le-proces-de-lentourloupe"},"wordCount":355,"commentCount":0,"image":{"@id":"https:\/\/www.africa-press.net\/cameroun\/politique\/prisonniers-politiques-du-mrc-le-proces-de-lentourloupe#primaryimage"},"thumbnailUrl":"https:\/\/static.africa-press.net\/cameroun\/sites\/57\/2022\/09\/postQueueImg_2-63273e33d6938.jpg","keywords":["Africa Press","Africa Press-Cameroun","Cameroun"],"articleSection":["homepage-french","Politique","Toutes les actualit\u00e9s"],"inLanguage":"fr-FR","potentialAction":[{"@type":"CommentAction","name":"Comment","target":["https:\/\/www.africa-press.net\/cameroun\/politique\/prisonniers-politiques-du-mrc-le-proces-de-lentourloupe#respond"]}]},{"@type":"WebPage","@id":"https:\/\/www.africa-press.net\/cameroun\/politique\/prisonniers-politiques-du-mrc-le-proces-de-lentourloupe","url":"https:\/\/www.africa-press.net\/cameroun\/politique\/prisonniers-politiques-du-mrc-le-proces-de-lentourloupe","name":"Prisonniers politiques du Mrc : Le proc\u00e8s de l\u2019entourloupe - Cameroun","isPartOf":{"@id":"https:\/\/www.africa-press.net\/cameroun\/#website"},"primaryImageOfPage":{"@id":"https:\/\/www.africa-press.net\/cameroun\/politique\/prisonniers-politiques-du-mrc-le-proces-de-lentourloupe#primaryimage"},"image":{"@id":"https:\/\/www.africa-press.net\/cameroun\/politique\/prisonniers-politiques-du-mrc-le-proces-de-lentourloupe#primaryimage"},"thumbnailUrl":"https:\/\/static.africa-press.net\/cameroun\/sites\/57\/2022\/09\/postQueueImg_2-63273e33d6938.jpg","datePublished":"2022-09-18T15:24:38+00:00","dateModified":"2022-09-18T15:50:48+00:00","author":{"@id":"https:\/\/www.africa-press.net\/cameroun\/#\/schema\/person\/2b1cf3cd81a31e3cd26889ca66d677f1"},"description":"La question sur les libert\u00e9s et les droits de l\u2019homme reste donc une probl\u00e9matique cruciale au Cameroun avec le proc\u00e8s o ...","breadcrumb":{"@id":"https:\/\/www.africa-press.net\/cameroun\/politique\/prisonniers-politiques-du-mrc-le-proces-de-lentourloupe#breadcrumb"},"inLanguage":"fr-FR","potentialAction":[{"@type":"ReadAction","target":["https:\/\/www.africa-press.net\/cameroun\/politique\/prisonniers-politiques-du-mrc-le-proces-de-lentourloupe"]}]},{"@type":"ImageObject","inLanguage":"fr-FR","@id":"https:\/\/www.africa-press.net\/cameroun\/politique\/prisonniers-politiques-du-mrc-le-proces-de-lentourloupe#primaryimage","url":"https:\/\/static.africa-press.net\/cameroun\/sites\/57\/2022\/09\/postQueueImg_2-63273e33d6938.jpg","contentUrl":"https:\/\/static.africa-press.net\/cameroun\/sites\/57\/2022\/09\/postQueueImg_2-63273e33d6938.jpg","width":600,"height":450,"caption":"Prisonniers politiques du Mrc : Le proc\u00e8s de l\u2019entourloupe"},{"@type":"BreadcrumbList","@id":"https:\/\/www.africa-press.net\/cameroun\/politique\/prisonniers-politiques-du-mrc-le-proces-de-lentourloupe#breadcrumb","itemListElement":[{"@type":"ListItem","position":1,"name":"Accueil","item":"https:\/\/www.africa-press.net\/cameroun\/"},{"@type":"ListItem","position":2,"name":"Prisonniers politiques du Mrc : Le proc\u00e8s de l\u2019entourloupe"}]},{"@type":"WebSite","@id":"https:\/\/www.africa-press.net\/cameroun\/#website","url":"https:\/\/www.africa-press.net\/cameroun\/","name":"Cameroun","description":"Just another Africa News Agency Sites site","potentialAction":[{"@type":"SearchAction","target":{"@type":"EntryPoint","urlTemplate":"https:\/\/www.africa-press.net\/cameroun\/?s={search_term_string}"},"query-input":{"@type":"PropertyValueSpecification","valueRequired":true,"valueName":"search_term_string"}}],"inLanguage":"fr-FR"},{"@type":"Person","@id":"https:\/\/www.africa-press.net\/cameroun\/#\/schema\/person\/2b1cf3cd81a31e3cd26889ca66d677f1","name":"cfeditorfr"}]}},"_links":{"self":[{"href":"https:\/\/www.africa-press.net\/cameroun\/wp-json\/wp\/v2\/posts\/27750","targetHints":{"allow":["GET"]}}],"collection":[{"href":"https:\/\/www.africa-press.net\/cameroun\/wp-json\/wp\/v2\/posts"}],"about":[{"href":"https:\/\/www.africa-press.net\/cameroun\/wp-json\/wp\/v2\/types\/post"}],"author":[{"embeddable":true,"href":"https:\/\/www.africa-press.net\/cameroun\/wp-json\/wp\/v2\/users\/82"}],"replies":[{"embeddable":true,"href":"https:\/\/www.africa-press.net\/cameroun\/wp-json\/wp\/v2\/comments?post=27750"}],"version-history":[{"count":0,"href":"https:\/\/www.africa-press.net\/cameroun\/wp-json\/wp\/v2\/posts\/27750\/revisions"}],"wp:featuredmedia":[{"embeddable":true,"href":"https:\/\/www.africa-press.net\/cameroun\/wp-json\/wp\/v2\/media\/27749"}],"wp:attachment":[{"href":"https:\/\/www.africa-press.net\/cameroun\/wp-json\/wp\/v2\/media?parent=27750"}],"wp:term":[{"taxonomy":"category","embeddable":true,"href":"https:\/\/www.africa-press.net\/cameroun\/wp-json\/wp\/v2\/categories?post=27750"},{"taxonomy":"post_tag","embeddable":true,"href":"https:\/\/www.africa-press.net\/cameroun\/wp-json\/wp\/v2\/tags?post=27750"}],"curies":[{"name":"wp","href":"https:\/\/api.w.org\/{rel}","templated":true}]}}