{"id":27756,"date":"2022-09-19T16:41:21","date_gmt":"2022-09-19T16:41:21","guid":{"rendered":"https:\/\/www.africa-press.net\/cameroun\/politique\/cameroun-le-centre-pasteur-va-inaugurer-demain-mardi-20-septembre-un-nouveau-centre-de-prelevement-pour-analyse-medicale-a-yaounde"},"modified":"2022-09-19T16:41:21","modified_gmt":"2022-09-19T16:41:21","slug":"cameroun-le-centre-pasteur-va-inaugurer-demain-mardi-20-septembre-un-nouveau-centre-de-prelevement-pour-analyse-medicale-a-yaounde","status":"publish","type":"post","link":"https:\/\/www.africa-press.net\/cameroun\/toutes-les-actualites\/cameroun-le-centre-pasteur-va-inaugurer-demain-mardi-20-septembre-un-nouveau-centre-de-prelevement-pour-analyse-medicale-a-yaounde","title":{"rendered":"Cameroun: Le Centre Pasteur va inaugurer demain mardi 20 septembre, un nouveau centre de pr\u00e9l\u00e8vement pour analyse m\u00e9dicale \u00e0 Yaound\u00e9"},"content":{"rendered":"<p><span style=\"color: #ff6600\"><strong>Africa-Press &#8211; Cameroun. <\/strong><\/span>Le laboratoire m\u00e9dical du Centre Pasteur du Cameroun (CPC) veut renforcer la qualit\u00e9 et l&rsquo;accessibilit\u00e9 de ses services, pour une meilleure prise en charge des usagers camerounais. En effet, le laboratoire va se doter d\u2019une nouvelle infrastructure annexe d\u00e8s demain mardi 20 septembre \u00e0 Yaound\u00e9, au lieudit Ngousso-Rail.<\/p>\n<p>L\u2019ouverture de cette structure annexe du Centre Pasteur du Cameroun vient en effet r\u00e9soudre le probl\u00e8me de longue attente des patients en qu\u00eate des r\u00e9sultats de leur bilan de sant\u00e9, que connait d\u00e9j\u00e0 celui situ\u00e9 \u00e0 proximit\u00e9 de l\u2019h\u00f4pital de Yaound\u00e9.<\/p>\n<p>Le Centre Pasteur du Cameroun est un organisme technique du minist\u00e8re de la Sant\u00e9 publique (Minsante), un \u00e9tablissement public administratif, dot\u00e9 de l\u2019autonomie financi\u00e8re et de la personnalit\u00e9 juridique. Il a \u00e9t\u00e9 cr\u00e9\u00e9 en 1959 \u00e0 Yaound\u00e9 et dispose depuis 1985 d\u2019une annexe \u00e0 Garoua, et depuis 2004 d\u2019une antenne \u00e0 Douala.<\/p>\n<p>L\u2019infrastructure de Ngousso-Rail devrait r\u00e9pondre au mieux aux besoins en expertise scientifique et aux besoins d\u2019intervention du Minsante, en s\u2019appuyant sur la Strat\u00e9gie sectorielle de la sant\u00e9 et le document de r\u00e9duction de la pauvret\u00e9, en s\u2019int\u00e9grant ainsi aux Objectifs du mill\u00e9naire pour le d\u00e9veloppement (OMD) des Nations Unies.<\/p>\n<p>Une des missions prioritaires du CPC est \u00e9galement de former des \u00e9tudiants et des professionnels dans l\u2019optique de mieux prendre en charge les patients. Pour cela, il dispose d&rsquo;une \u00e9cole de formation de techniciens m\u00e9dico-sanitaires dont le cursus est de 3 ans.<\/p>\n<p><b>Jean Daniel Obama<\/b><\/p>\n<p><strong>Pour plus d&rsquo;informations et d&rsquo;analyses sur la <a href=\"https:\/\/www.africa-press.net\/cameroun\">Cameroun<\/a>, suivez <a href=\"https:\/\/www.africa-press.net\/\">Africa-Press<\/a><\/strong><\/p>\n","protected":false},"excerpt":{"rendered":"<p>Africa-Press &#8211; Cameroun. Le laboratoire m\u00e9dical du Centre Pasteur du Cameroun (CPC) veut renforcer la qualit\u00e9 et l&rsquo;accessibilit\u00e9 de ses services, pour une meilleure prise en charge des usagers camerounais. En effet, le laboratoire va se doter d\u2019une nouvelle infrastructure annexe d\u00e8s demain mardi 20 septembre \u00e0 Yaound\u00e9, au lieudit Ngousso-Rail. L\u2019ouverture de cette structure [&hellip;]<\/p>\n","protected":false},"author":82,"featured_media":27755,"comment_status":"open","ping_status":"closed","sticky":false,"template":"","format":"standard","meta":{"footnotes":""},"categories":[21,11,10],"tags":[36,50,49],"class_list":["post-27756","post","type-post","status-publish","format-standard","has-post-thumbnail","hentry","category-communaute","category-homepage-french","category-toutes-les-actualites","tag-africa-press","tag-africa-press-cameroun","tag-cameroun"],"yoast_head":"<!-- This site is optimized with the Yoast SEO Premium plugin v26.1 (Yoast SEO v27.0) - https:\/\/yoast.com\/product\/yoast-seo-premium-wordpress\/ -->\n<title>Cameroun: Le Centre Pasteur va inaugurer demain mardi 20 septembre, un nouveau centre de pr\u00e9l\u00e8vement pour analyse m\u00e9dicale \u00e0 Yaound\u00e9 - Cameroun<\/title>\n<meta name=\"robots\" content=\"index, follow, max-snippet:-1, max-image-preview:large, max-video-preview:-1\" \/>\n<link rel=\"canonical\" href=\"https:\/\/www.africa-press.net\/cameroun\/politique\/cameroun-le-centre-pasteur-va-inaugurer-demain-mardi-20-septembre-un-nouveau-centre-de-prelevement-pour-analyse-medicale-a-yaounde\" \/>\n<meta property=\"og:locale\" content=\"fr_FR\" \/>\n<meta property=\"og:type\" content=\"article\" \/>\n<meta property=\"og:title\" content=\"Cameroun: Le Centre Pasteur va inaugurer demain mardi 20 septembre, un nouveau centre de pr\u00e9l\u00e8vement pour analyse m\u00e9dicale \u00e0 Yaound\u00e9\" \/>\n<meta property=\"og:description\" content=\"Africa-Press &#8211; Cameroun. Le laboratoire m\u00e9dical du Centre Pasteur du Cameroun (CPC) veut renforcer la qualit\u00e9 et l&rsquo;accessibilit\u00e9 de ses services, pour une meilleure prise en charge des usagers camerounais. En effet, le laboratoire va se doter d\u2019une nouvelle infrastructure annexe d\u00e8s demain mardi 20 septembre \u00e0 Yaound\u00e9, au lieudit Ngousso-Rail. L\u2019ouverture de cette structure [&hellip;]\" \/>\n<meta property=\"og:url\" content=\"https:\/\/www.africa-press.net\/cameroun\/politique\/cameroun-le-centre-pasteur-va-inaugurer-demain-mardi-20-septembre-un-nouveau-centre-de-prelevement-pour-analyse-medicale-a-yaounde\" \/>\n<meta property=\"og:site_name\" content=\"Cameroun\" \/>\n<meta property=\"article:published_time\" content=\"2022-09-19T16:41:21+00:00\" \/>\n<meta name=\"author\" content=\"cfeditorfr\" \/>\n<meta name=\"twitter:card\" content=\"summary_large_image\" \/>\n<meta name=\"twitter:label1\" content=\"\u00c9crit par\" \/>\n\t<meta name=\"twitter:data1\" content=\"cfeditorfr\" \/>\n\t<meta name=\"twitter:label2\" content=\"Dur\u00e9e de lecture estim\u00e9e\" \/>\n\t<meta name=\"twitter:data2\" content=\"1 minute\" \/>\n<script type=\"application\/ld+json\" class=\"yoast-schema-graph\">{\"@context\":\"https:\/\/schema.org\",\"@graph\":[{\"@type\":\"Article\",\"@id\":\"https:\/\/www.africa-press.net\/cameroun\/politique\/cameroun-le-centre-pasteur-va-inaugurer-demain-mardi-20-septembre-un-nouveau-centre-de-prelevement-pour-analyse-medicale-a-yaounde#article\",\"isPartOf\":{\"@id\":\"https:\/\/www.africa-press.net\/cameroun\/politique\/cameroun-le-centre-pasteur-va-inaugurer-demain-mardi-20-septembre-un-nouveau-centre-de-prelevement-pour-analyse-medicale-a-yaounde\"},\"author\":{\"name\":\"cfeditorfr\",\"@id\":\"https:\/\/www.africa-press.net\/cameroun\/#\/schema\/person\/2b1cf3cd81a31e3cd26889ca66d677f1\"},\"headline\":\"Cameroun: Le Centre Pasteur va inaugurer demain mardi 20 septembre, un nouveau centre de pr\u00e9l\u00e8vement pour analyse m\u00e9dicale \u00e0 Yaound\u00e9\",\"datePublished\":\"2022-09-19T16:41:21+00:00\",\"mainEntityOfPage\":{\"@id\":\"https:\/\/www.africa-press.net\/cameroun\/politique\/cameroun-le-centre-pasteur-va-inaugurer-demain-mardi-20-septembre-un-nouveau-centre-de-prelevement-pour-analyse-medicale-a-yaounde\"},\"wordCount\":291,\"commentCount\":0,\"image\":{\"@id\":\"https:\/\/www.africa-press.net\/cameroun\/politique\/cameroun-le-centre-pasteur-va-inaugurer-demain-mardi-20-septembre-un-nouveau-centre-de-prelevement-pour-analyse-medicale-a-yaounde#primaryimage\"},\"thumbnailUrl\":\"https:\/\/static.africa-press.net\/cameroun\/sites\/57\/2022\/09\/img-63289b9b88409.jpg\",\"keywords\":[\"Africa Press\",\"Africa Press-Cameroun\",\"Cameroun\"],\"articleSection\":[\"Communaut\u00e9\",\"homepage-french\",\"Toutes les actualit\u00e9s\"],\"inLanguage\":\"fr-FR\",\"potentialAction\":[{\"@type\":\"CommentAction\",\"name\":\"Comment\",\"target\":[\"https:\/\/www.africa-press.net\/cameroun\/politique\/cameroun-le-centre-pasteur-va-inaugurer-demain-mardi-20-septembre-un-nouveau-centre-de-prelevement-pour-analyse-medicale-a-yaounde#respond\"]}]},{\"@type\":\"WebPage\",\"@id\":\"https:\/\/www.africa-press.net\/cameroun\/politique\/cameroun-le-centre-pasteur-va-inaugurer-demain-mardi-20-septembre-un-nouveau-centre-de-prelevement-pour-analyse-medicale-a-yaounde\",\"url\":\"https:\/\/www.africa-press.net\/cameroun\/politique\/cameroun-le-centre-pasteur-va-inaugurer-demain-mardi-20-septembre-un-nouveau-centre-de-prelevement-pour-analyse-medicale-a-yaounde\",\"name\":\"Cameroun: Le Centre Pasteur va inaugurer demain mardi 20 septembre, un nouveau centre de pr\u00e9l\u00e8vement pour analyse m\u00e9dicale \u00e0 Yaound\u00e9 - Cameroun\",\"isPartOf\":{\"@id\":\"https:\/\/www.africa-press.net\/cameroun\/#website\"},\"primaryImageOfPage\":{\"@id\":\"https:\/\/www.africa-press.net\/cameroun\/politique\/cameroun-le-centre-pasteur-va-inaugurer-demain-mardi-20-septembre-un-nouveau-centre-de-prelevement-pour-analyse-medicale-a-yaounde#primaryimage\"},\"image\":{\"@id\":\"https:\/\/www.africa-press.net\/cameroun\/politique\/cameroun-le-centre-pasteur-va-inaugurer-demain-mardi-20-septembre-un-nouveau-centre-de-prelevement-pour-analyse-medicale-a-yaounde#primaryimage\"},\"thumbnailUrl\":\"https:\/\/static.africa-press.net\/cameroun\/sites\/57\/2022\/09\/img-63289b9b88409.jpg\",\"datePublished\":\"2022-09-19T16:41:21+00:00\",\"author\":{\"@id\":\"https:\/\/www.africa-press.net\/cameroun\/#\/schema\/person\/2b1cf3cd81a31e3cd26889ca66d677f1\"},\"breadcrumb\":{\"@id\":\"https:\/\/www.africa-press.net\/cameroun\/politique\/cameroun-le-centre-pasteur-va-inaugurer-demain-mardi-20-septembre-un-nouveau-centre-de-prelevement-pour-analyse-medicale-a-yaounde#breadcrumb\"},\"inLanguage\":\"fr-FR\",\"potentialAction\":[{\"@type\":\"ReadAction\",\"target\":[\"https:\/\/www.africa-press.net\/cameroun\/politique\/cameroun-le-centre-pasteur-va-inaugurer-demain-mardi-20-septembre-un-nouveau-centre-de-prelevement-pour-analyse-medicale-a-yaounde\"]}]},{\"@type\":\"ImageObject\",\"inLanguage\":\"fr-FR\",\"@id\":\"https:\/\/www.africa-press.net\/cameroun\/politique\/cameroun-le-centre-pasteur-va-inaugurer-demain-mardi-20-septembre-un-nouveau-centre-de-prelevement-pour-analyse-medicale-a-yaounde#primaryimage\",\"url\":\"https:\/\/static.africa-press.net\/cameroun\/sites\/57\/2022\/09\/img-63289b9b88409.jpg\",\"contentUrl\":\"https:\/\/static.africa-press.net\/cameroun\/sites\/57\/2022\/09\/img-63289b9b88409.jpg\",\"width\":800,\"height\":600,\"caption\":\"Cameroun: Le Centre Pasteur va inaugurer demain mardi 20 septembre, un nouveau centre de pr\u00e9l\u00e8vement pour analyse m\u00e9dicale \u00e0 Yaound\u00e9\"},{\"@type\":\"BreadcrumbList\",\"@id\":\"https:\/\/www.africa-press.net\/cameroun\/politique\/cameroun-le-centre-pasteur-va-inaugurer-demain-mardi-20-septembre-un-nouveau-centre-de-prelevement-pour-analyse-medicale-a-yaounde#breadcrumb\",\"itemListElement\":[{\"@type\":\"ListItem\",\"position\":1,\"name\":\"Accueil\",\"item\":\"https:\/\/www.africa-press.net\/cameroun\/\"},{\"@type\":\"ListItem\",\"position\":2,\"name\":\"Cameroun: Le Centre Pasteur va inaugurer demain mardi 20 septembre, un nouveau centre de pr\u00e9l\u00e8vement pour analyse m\u00e9dicale \u00e0 Yaound\u00e9\"}]},{\"@type\":\"WebSite\",\"@id\":\"https:\/\/www.africa-press.net\/cameroun\/#website\",\"url\":\"https:\/\/www.africa-press.net\/cameroun\/\",\"name\":\"Cameroun\",\"description\":\"Just another Africa News Agency Sites site\",\"potentialAction\":[{\"@type\":\"SearchAction\",\"target\":{\"@type\":\"EntryPoint\",\"urlTemplate\":\"https:\/\/www.africa-press.net\/cameroun\/?s={search_term_string}\"},\"query-input\":{\"@type\":\"PropertyValueSpecification\",\"valueRequired\":true,\"valueName\":\"search_term_string\"}}],\"inLanguage\":\"fr-FR\"},{\"@type\":\"Person\",\"@id\":\"https:\/\/www.africa-press.net\/cameroun\/#\/schema\/person\/2b1cf3cd81a31e3cd26889ca66d677f1\",\"name\":\"cfeditorfr\"}]}<\/script>\n<!-- \/ Yoast SEO Premium plugin. -->","yoast_head_json":{"title":"Cameroun: Le Centre Pasteur va inaugurer demain mardi 20 septembre, un nouveau centre de pr\u00e9l\u00e8vement pour analyse m\u00e9dicale \u00e0 Yaound\u00e9 - Cameroun","robots":{"index":"index","follow":"follow","max-snippet":"max-snippet:-1","max-image-preview":"max-image-preview:large","max-video-preview":"max-video-preview:-1"},"canonical":"https:\/\/www.africa-press.net\/cameroun\/politique\/cameroun-le-centre-pasteur-va-inaugurer-demain-mardi-20-septembre-un-nouveau-centre-de-prelevement-pour-analyse-medicale-a-yaounde","og_locale":"fr_FR","og_type":"article","og_title":"Cameroun: Le Centre Pasteur va inaugurer demain mardi 20 septembre, un nouveau centre de pr\u00e9l\u00e8vement pour analyse m\u00e9dicale \u00e0 Yaound\u00e9","og_description":"Africa-Press &#8211; Cameroun. Le laboratoire m\u00e9dical du Centre Pasteur du Cameroun (CPC) veut renforcer la qualit\u00e9 et l&rsquo;accessibilit\u00e9 de ses services, pour une meilleure prise en charge des usagers camerounais. En effet, le laboratoire va se doter d\u2019une nouvelle infrastructure annexe d\u00e8s demain mardi 20 septembre \u00e0 Yaound\u00e9, au lieudit Ngousso-Rail. L\u2019ouverture de cette structure [&hellip;]","og_url":"https:\/\/www.africa-press.net\/cameroun\/politique\/cameroun-le-centre-pasteur-va-inaugurer-demain-mardi-20-septembre-un-nouveau-centre-de-prelevement-pour-analyse-medicale-a-yaounde","og_site_name":"Cameroun","article_published_time":"2022-09-19T16:41:21+00:00","author":"cfeditorfr","twitter_card":"summary_large_image","twitter_misc":{"\u00c9crit par":"cfeditorfr","Dur\u00e9e de lecture estim\u00e9e":"1 minute"},"schema":{"@context":"https:\/\/schema.org","@graph":[{"@type":"Article","@id":"https:\/\/www.africa-press.net\/cameroun\/politique\/cameroun-le-centre-pasteur-va-inaugurer-demain-mardi-20-septembre-un-nouveau-centre-de-prelevement-pour-analyse-medicale-a-yaounde#article","isPartOf":{"@id":"https:\/\/www.africa-press.net\/cameroun\/politique\/cameroun-le-centre-pasteur-va-inaugurer-demain-mardi-20-septembre-un-nouveau-centre-de-prelevement-pour-analyse-medicale-a-yaounde"},"author":{"name":"cfeditorfr","@id":"https:\/\/www.africa-press.net\/cameroun\/#\/schema\/person\/2b1cf3cd81a31e3cd26889ca66d677f1"},"headline":"Cameroun: Le Centre Pasteur va inaugurer demain mardi 20 septembre, un nouveau centre de pr\u00e9l\u00e8vement pour analyse m\u00e9dicale \u00e0 Yaound\u00e9","datePublished":"2022-09-19T16:41:21+00:00","mainEntityOfPage":{"@id":"https:\/\/www.africa-press.net\/cameroun\/politique\/cameroun-le-centre-pasteur-va-inaugurer-demain-mardi-20-septembre-un-nouveau-centre-de-prelevement-pour-analyse-medicale-a-yaounde"},"wordCount":291,"commentCount":0,"image":{"@id":"https:\/\/www.africa-press.net\/cameroun\/politique\/cameroun-le-centre-pasteur-va-inaugurer-demain-mardi-20-septembre-un-nouveau-centre-de-prelevement-pour-analyse-medicale-a-yaounde#primaryimage"},"thumbnailUrl":"https:\/\/static.africa-press.net\/cameroun\/sites\/57\/2022\/09\/img-63289b9b88409.jpg","keywords":["Africa Press","Africa Press-Cameroun","Cameroun"],"articleSection":["Communaut\u00e9","homepage-french","Toutes les actualit\u00e9s"],"inLanguage":"fr-FR","potentialAction":[{"@type":"CommentAction","name":"Comment","target":["https:\/\/www.africa-press.net\/cameroun\/politique\/cameroun-le-centre-pasteur-va-inaugurer-demain-mardi-20-septembre-un-nouveau-centre-de-prelevement-pour-analyse-medicale-a-yaounde#respond"]}]},{"@type":"WebPage","@id":"https:\/\/www.africa-press.net\/cameroun\/politique\/cameroun-le-centre-pasteur-va-inaugurer-demain-mardi-20-septembre-un-nouveau-centre-de-prelevement-pour-analyse-medicale-a-yaounde","url":"https:\/\/www.africa-press.net\/cameroun\/politique\/cameroun-le-centre-pasteur-va-inaugurer-demain-mardi-20-septembre-un-nouveau-centre-de-prelevement-pour-analyse-medicale-a-yaounde","name":"Cameroun: Le Centre Pasteur va inaugurer demain mardi 20 septembre, un nouveau centre de pr\u00e9l\u00e8vement pour analyse m\u00e9dicale \u00e0 Yaound\u00e9 - Cameroun","isPartOf":{"@id":"https:\/\/www.africa-press.net\/cameroun\/#website"},"primaryImageOfPage":{"@id":"https:\/\/www.africa-press.net\/cameroun\/politique\/cameroun-le-centre-pasteur-va-inaugurer-demain-mardi-20-septembre-un-nouveau-centre-de-prelevement-pour-analyse-medicale-a-yaounde#primaryimage"},"image":{"@id":"https:\/\/www.africa-press.net\/cameroun\/politique\/cameroun-le-centre-pasteur-va-inaugurer-demain-mardi-20-septembre-un-nouveau-centre-de-prelevement-pour-analyse-medicale-a-yaounde#primaryimage"},"thumbnailUrl":"https:\/\/static.africa-press.net\/cameroun\/sites\/57\/2022\/09\/img-63289b9b88409.jpg","datePublished":"2022-09-19T16:41:21+00:00","author":{"@id":"https:\/\/www.africa-press.net\/cameroun\/#\/schema\/person\/2b1cf3cd81a31e3cd26889ca66d677f1"},"breadcrumb":{"@id":"https:\/\/www.africa-press.net\/cameroun\/politique\/cameroun-le-centre-pasteur-va-inaugurer-demain-mardi-20-septembre-un-nouveau-centre-de-prelevement-pour-analyse-medicale-a-yaounde#breadcrumb"},"inLanguage":"fr-FR","potentialAction":[{"@type":"ReadAction","target":["https:\/\/www.africa-press.net\/cameroun\/politique\/cameroun-le-centre-pasteur-va-inaugurer-demain-mardi-20-septembre-un-nouveau-centre-de-prelevement-pour-analyse-medicale-a-yaounde"]}]},{"@type":"ImageObject","inLanguage":"fr-FR","@id":"https:\/\/www.africa-press.net\/cameroun\/politique\/cameroun-le-centre-pasteur-va-inaugurer-demain-mardi-20-septembre-un-nouveau-centre-de-prelevement-pour-analyse-medicale-a-yaounde#primaryimage","url":"https:\/\/static.africa-press.net\/cameroun\/sites\/57\/2022\/09\/img-63289b9b88409.jpg","contentUrl":"https:\/\/static.africa-press.net\/cameroun\/sites\/57\/2022\/09\/img-63289b9b88409.jpg","width":800,"height":600,"caption":"Cameroun: Le Centre Pasteur va inaugurer demain mardi 20 septembre, un nouveau centre de pr\u00e9l\u00e8vement pour analyse m\u00e9dicale \u00e0 Yaound\u00e9"},{"@type":"BreadcrumbList","@id":"https:\/\/www.africa-press.net\/cameroun\/politique\/cameroun-le-centre-pasteur-va-inaugurer-demain-mardi-20-septembre-un-nouveau-centre-de-prelevement-pour-analyse-medicale-a-yaounde#breadcrumb","itemListElement":[{"@type":"ListItem","position":1,"name":"Accueil","item":"https:\/\/www.africa-press.net\/cameroun\/"},{"@type":"ListItem","position":2,"name":"Cameroun: Le Centre Pasteur va inaugurer demain mardi 20 septembre, un nouveau centre de pr\u00e9l\u00e8vement pour analyse m\u00e9dicale \u00e0 Yaound\u00e9"}]},{"@type":"WebSite","@id":"https:\/\/www.africa-press.net\/cameroun\/#website","url":"https:\/\/www.africa-press.net\/cameroun\/","name":"Cameroun","description":"Just another Africa News Agency Sites site","potentialAction":[{"@type":"SearchAction","target":{"@type":"EntryPoint","urlTemplate":"https:\/\/www.africa-press.net\/cameroun\/?s={search_term_string}"},"query-input":{"@type":"PropertyValueSpecification","valueRequired":true,"valueName":"search_term_string"}}],"inLanguage":"fr-FR"},{"@type":"Person","@id":"https:\/\/www.africa-press.net\/cameroun\/#\/schema\/person\/2b1cf3cd81a31e3cd26889ca66d677f1","name":"cfeditorfr"}]}},"_links":{"self":[{"href":"https:\/\/www.africa-press.net\/cameroun\/wp-json\/wp\/v2\/posts\/27756","targetHints":{"allow":["GET"]}}],"collection":[{"href":"https:\/\/www.africa-press.net\/cameroun\/wp-json\/wp\/v2\/posts"}],"about":[{"href":"https:\/\/www.africa-press.net\/cameroun\/wp-json\/wp\/v2\/types\/post"}],"author":[{"embeddable":true,"href":"https:\/\/www.africa-press.net\/cameroun\/wp-json\/wp\/v2\/users\/82"}],"replies":[{"embeddable":true,"href":"https:\/\/www.africa-press.net\/cameroun\/wp-json\/wp\/v2\/comments?post=27756"}],"version-history":[{"count":0,"href":"https:\/\/www.africa-press.net\/cameroun\/wp-json\/wp\/v2\/posts\/27756\/revisions"}],"wp:featuredmedia":[{"embeddable":true,"href":"https:\/\/www.africa-press.net\/cameroun\/wp-json\/wp\/v2\/media\/27755"}],"wp:attachment":[{"href":"https:\/\/www.africa-press.net\/cameroun\/wp-json\/wp\/v2\/media?parent=27756"}],"wp:term":[{"taxonomy":"category","embeddable":true,"href":"https:\/\/www.africa-press.net\/cameroun\/wp-json\/wp\/v2\/categories?post=27756"},{"taxonomy":"post_tag","embeddable":true,"href":"https:\/\/www.africa-press.net\/cameroun\/wp-json\/wp\/v2\/tags?post=27756"}],"curies":[{"name":"wp","href":"https:\/\/api.w.org\/{rel}","templated":true}]}}