{"id":27773,"date":"2022-09-19T14:33:38","date_gmt":"2022-09-19T14:33:38","guid":{"rendered":"https:\/\/www.africa-press.net\/cameroun\/politique\/necrologie-david-nkoto-emane-ancien-directeur-general-de-camtel-est-mort"},"modified":"2022-09-19T16:49:21","modified_gmt":"2022-09-19T16:49:21","slug":"necrologie-david-nkoto-emane-ancien-directeur-general-de-camtel-est-mort","status":"publish","type":"post","link":"https:\/\/www.africa-press.net\/cameroun\/toutes-les-actualites\/necrologie-david-nkoto-emane-ancien-directeur-general-de-camtel-est-mort","title":{"rendered":"N\u00e9crologie\u00a0: David Nkoto Emane, ancien directeur g\u00e9n\u00e9ral de Camtel est mort"},"content":{"rendered":"<p><span style=\"color: #ff6600\"><strong>Africa-Press &#8211; Cameroun. <\/strong><\/span>L\u2019ancien directeur g\u00e9n\u00e9ral de Camtel est d\u00e9c\u00e9d\u00e9 des suites de maladie ce 17 septembre \u00e0 l\u2019h\u00f4pital de la CNPS \u00e0 Yaound\u00e9.<\/p>\n<p>L\u2019ancien directeur g\u00e9n\u00e9ral de la Cameroon Telecommunications (Camtel) s\u2019est \u00e9teint ce samedi matin \u00e0 l\u2019h\u00f4pital de la Caisse de Yaound\u00e9. Son corps a \u00e9t\u00e9 mis \u00e0 la morgue dans ladite formation hospitali\u00e8re.<\/p>\n<p>Apr\u00e8s avoir pass\u00e9 pr\u00e8s de trois d\u00e9cennies \u00e0 divers postes au sein de l\u2019op\u00e9rateur historique des t\u00e9l\u00e9communications au Cameroun, David Nkoto Emane est remplac\u00e9 au poste de DG le 14 d\u00e9cembre 2018 par Judith Yah Sunday Achidi \u00e0 la suite d\u2019un d\u00e9cret du pr\u00e9sident de la R\u00e9publique Paul Biya.<\/p>\n<p>Nkoto Emane a \u00e9t\u00e9 Directeur g\u00e9n\u00e9ral de <b>Cameroon telecommunications<\/b> (CAMTEL) du 23 f\u00e9vrier 2005 au 14 d\u00e9cembre 2018. Le sexag\u00e9naire a y pass\u00e9 28 ans depuis qu\u2019il a \u00e9t\u00e9 recrut\u00e9 \u00e0 Intecam, l\u2019ancien CAMTEL en 1990 en qualit\u00e9 chef service Informatique. En 2000, il est nomm\u00e9 Directeur Informatique de la Caisse nationale de la pr\u00e9voyance sociale (CNPS).<\/p>\n<p>Le Cameroun lui doit le lancement en 2014 des CT Phone. Autres r\u00e9alisations, quatre c\u00e2bles sous-marins \u00e0 fibre optique. Il s\u2019agit du SAT3, le Wacs, le<b> Nigeria and Cameroon Network Cable System<\/b> et depuis 2018 et le south Atlantic Inter Link. Ce cable de 6000 Km, est le tout premier \u00e0 relier le continent africain \u00e0 l\u2019Am\u00e9rique du Sud.<\/p>\n<p>En r\u00e9serve de la R\u00e9publique depuis quatre ans, le sexag\u00e9naire, originaire de Meyomessala dans la R\u00e9gion du Sud, a eu une fin de vie perturb\u00e9e par des affaires au Tribunal criminel sp\u00e9cial (TCS).<\/p>\n<p>Interdit de quitter le territoire national depuis 2018, l\u2019ancien cadre de France T\u00e9l\u00e9com avait \u00e9t\u00e9 convoqu\u00e9 au Tribunal criminel sp\u00e9cial pour la seconde fois le mercredi 03 avril 2019 pour r\u00e9pondre des soup\u00e7ons de malversations financi\u00e8res entre 2010 et 2015. Le bilan de son magist\u00e8re \u00e0 la t\u00eate de la CAMTEL, pass\u00e9 au peigne fin par les institutions de lutte contre le d\u00e9tournement de fonds publics, \u00e0 l\u2019instar du contr\u00f4le sup\u00e9rieur de l\u2019Etat, avait r\u00e9v\u00e9l\u00e9 plusieurs irr\u00e9gularit\u00e9s dans sa gestion.<\/p>\n<p><strong>Pour plus d&rsquo;informations et d&rsquo;analyses sur la <a href=\"https:\/\/www.africa-press.net\/cameroun\">Cameroun<\/a>, suivez <a href=\"https:\/\/www.africa-press.net\/\">Africa-Press<\/a><\/strong><\/p>\n","protected":false},"excerpt":{"rendered":"<p>Africa-Press &#8211; Cameroun. L\u2019ancien directeur g\u00e9n\u00e9ral de Camtel est d\u00e9c\u00e9d\u00e9 des suites de maladie ce 17 septembre \u00e0 l\u2019h\u00f4pital de la CNPS \u00e0 Yaound\u00e9. L\u2019ancien directeur g\u00e9n\u00e9ral de la Cameroon Telecommunications (Camtel) s\u2019est \u00e9teint ce samedi matin \u00e0 l\u2019h\u00f4pital de la Caisse de Yaound\u00e9. Son corps a \u00e9t\u00e9 mis \u00e0 la morgue dans ladite formation [&hellip;]<\/p>\n","protected":false},"author":82,"featured_media":27772,"comment_status":"open","ping_status":"closed","sticky":false,"template":"","format":"standard","meta":{"footnotes":""},"categories":[21,11,10],"tags":[36,50,49],"class_list":["post-27773","post","type-post","status-publish","format-standard","has-post-thumbnail","hentry","category-communaute","category-homepage-french","category-toutes-les-actualites","tag-africa-press","tag-africa-press-cameroun","tag-cameroun"],"yoast_head":"<!-- This site is optimized with the Yoast SEO Premium plugin v26.1 (Yoast SEO v27.0) - https:\/\/yoast.com\/product\/yoast-seo-premium-wordpress\/ -->\n<title>N\u00e9crologie\u00a0: David Nkoto Emane, ancien directeur g\u00e9n\u00e9ral de Camtel est mort - Cameroun<\/title>\n<meta name=\"description\" content=\"L\u2019ancien directeur g\u00e9n\u00e9ral de Camtel est d\u00e9c\u00e9d\u00e9 des suites de maladie ce 17 septembre \u00e0 l\u2019h\u00f4pital de la CNPS \u00e0 Yaound\u00e9.&lt; ...\" \/>\n<meta name=\"robots\" content=\"index, follow, max-snippet:-1, max-image-preview:large, max-video-preview:-1\" \/>\n<link rel=\"canonical\" href=\"https:\/\/www.africa-press.net\/cameroun\/toutes-les-actualites\/necrologie-david-nkoto-emane-ancien-directeur-general-de-camtel-est-mort\" \/>\n<meta property=\"og:locale\" content=\"fr_FR\" \/>\n<meta property=\"og:type\" content=\"article\" \/>\n<meta property=\"og:title\" content=\"N\u00e9crologie\u00a0: David Nkoto Emane, ancien directeur g\u00e9n\u00e9ral de Camtel est mort\" \/>\n<meta property=\"og:description\" content=\"L\u2019ancien directeur g\u00e9n\u00e9ral de Camtel est d\u00e9c\u00e9d\u00e9 des suites de maladie ce 17 septembre \u00e0 l\u2019h\u00f4pital de la CNPS \u00e0 Yaound\u00e9.&lt; ...\" \/>\n<meta property=\"og:url\" content=\"https:\/\/www.africa-press.net\/cameroun\/toutes-les-actualites\/necrologie-david-nkoto-emane-ancien-directeur-general-de-camtel-est-mort\" \/>\n<meta property=\"og:site_name\" content=\"Cameroun\" \/>\n<meta property=\"article:published_time\" content=\"2022-09-19T14:33:38+00:00\" \/>\n<meta property=\"article:modified_time\" content=\"2022-09-19T16:49:21+00:00\" \/>\n<meta property=\"og:image\" content=\"https:\/\/static.africa-press.net\/cameroun\/sites\/57\/2022\/09\/img-63289d57a1677.jpg\" \/>\n\t<meta property=\"og:image:width\" content=\"720\" \/>\n\t<meta property=\"og:image:height\" content=\"661\" \/>\n\t<meta property=\"og:image:type\" content=\"image\/jpeg\" \/>\n<meta name=\"author\" content=\"cfeditorfr\" \/>\n<meta name=\"twitter:card\" content=\"summary_large_image\" \/>\n<meta name=\"twitter:label1\" content=\"\u00c9crit par\" \/>\n\t<meta name=\"twitter:data1\" content=\"cfeditorfr\" \/>\n\t<meta name=\"twitter:label2\" content=\"Dur\u00e9e de lecture estim\u00e9e\" \/>\n\t<meta name=\"twitter:data2\" content=\"2 minutes\" \/>\n<script type=\"application\/ld+json\" class=\"yoast-schema-graph\">{\"@context\":\"https:\/\/schema.org\",\"@graph\":[{\"@type\":\"Article\",\"@id\":\"https:\/\/www.africa-press.net\/cameroun\/toutes-les-actualites\/necrologie-david-nkoto-emane-ancien-directeur-general-de-camtel-est-mort#article\",\"isPartOf\":{\"@id\":\"https:\/\/www.africa-press.net\/cameroun\/toutes-les-actualites\/necrologie-david-nkoto-emane-ancien-directeur-general-de-camtel-est-mort\"},\"author\":{\"name\":\"cfeditorfr\",\"@id\":\"https:\/\/www.africa-press.net\/cameroun\/#\/schema\/person\/2b1cf3cd81a31e3cd26889ca66d677f1\"},\"headline\":\"N\u00e9crologie\u00a0: David Nkoto Emane, ancien directeur g\u00e9n\u00e9ral de Camtel est mort\",\"datePublished\":\"2022-09-19T14:33:38+00:00\",\"dateModified\":\"2022-09-19T16:49:21+00:00\",\"mainEntityOfPage\":{\"@id\":\"https:\/\/www.africa-press.net\/cameroun\/toutes-les-actualites\/necrologie-david-nkoto-emane-ancien-directeur-general-de-camtel-est-mort\"},\"wordCount\":393,\"commentCount\":0,\"image\":{\"@id\":\"https:\/\/www.africa-press.net\/cameroun\/toutes-les-actualites\/necrologie-david-nkoto-emane-ancien-directeur-general-de-camtel-est-mort#primaryimage\"},\"thumbnailUrl\":\"https:\/\/static.africa-press.net\/cameroun\/sites\/57\/2022\/09\/img-63289d57a1677.jpg\",\"keywords\":[\"Africa Press\",\"Africa Press-Cameroun\",\"Cameroun\"],\"articleSection\":[\"Communaut\u00e9\",\"homepage-french\",\"Toutes les actualit\u00e9s\"],\"inLanguage\":\"fr-FR\",\"potentialAction\":[{\"@type\":\"CommentAction\",\"name\":\"Comment\",\"target\":[\"https:\/\/www.africa-press.net\/cameroun\/toutes-les-actualites\/necrologie-david-nkoto-emane-ancien-directeur-general-de-camtel-est-mort#respond\"]}]},{\"@type\":\"WebPage\",\"@id\":\"https:\/\/www.africa-press.net\/cameroun\/toutes-les-actualites\/necrologie-david-nkoto-emane-ancien-directeur-general-de-camtel-est-mort\",\"url\":\"https:\/\/www.africa-press.net\/cameroun\/toutes-les-actualites\/necrologie-david-nkoto-emane-ancien-directeur-general-de-camtel-est-mort\",\"name\":\"N\u00e9crologie\u00a0: David Nkoto Emane, ancien directeur g\u00e9n\u00e9ral de Camtel est mort - Cameroun\",\"isPartOf\":{\"@id\":\"https:\/\/www.africa-press.net\/cameroun\/#website\"},\"primaryImageOfPage\":{\"@id\":\"https:\/\/www.africa-press.net\/cameroun\/toutes-les-actualites\/necrologie-david-nkoto-emane-ancien-directeur-general-de-camtel-est-mort#primaryimage\"},\"image\":{\"@id\":\"https:\/\/www.africa-press.net\/cameroun\/toutes-les-actualites\/necrologie-david-nkoto-emane-ancien-directeur-general-de-camtel-est-mort#primaryimage\"},\"thumbnailUrl\":\"https:\/\/static.africa-press.net\/cameroun\/sites\/57\/2022\/09\/img-63289d57a1677.jpg\",\"datePublished\":\"2022-09-19T14:33:38+00:00\",\"dateModified\":\"2022-09-19T16:49:21+00:00\",\"author\":{\"@id\":\"https:\/\/www.africa-press.net\/cameroun\/#\/schema\/person\/2b1cf3cd81a31e3cd26889ca66d677f1\"},\"description\":\"L\u2019ancien directeur g\u00e9n\u00e9ral de Camtel est d\u00e9c\u00e9d\u00e9 des suites de maladie ce 17 septembre \u00e0 l\u2019h\u00f4pital de la CNPS \u00e0 Yaound\u00e9.&lt; ...\",\"breadcrumb\":{\"@id\":\"https:\/\/www.africa-press.net\/cameroun\/toutes-les-actualites\/necrologie-david-nkoto-emane-ancien-directeur-general-de-camtel-est-mort#breadcrumb\"},\"inLanguage\":\"fr-FR\",\"potentialAction\":[{\"@type\":\"ReadAction\",\"target\":[\"https:\/\/www.africa-press.net\/cameroun\/toutes-les-actualites\/necrologie-david-nkoto-emane-ancien-directeur-general-de-camtel-est-mort\"]}]},{\"@type\":\"ImageObject\",\"inLanguage\":\"fr-FR\",\"@id\":\"https:\/\/www.africa-press.net\/cameroun\/toutes-les-actualites\/necrologie-david-nkoto-emane-ancien-directeur-general-de-camtel-est-mort#primaryimage\",\"url\":\"https:\/\/static.africa-press.net\/cameroun\/sites\/57\/2022\/09\/img-63289d57a1677.jpg\",\"contentUrl\":\"https:\/\/static.africa-press.net\/cameroun\/sites\/57\/2022\/09\/img-63289d57a1677.jpg\",\"width\":720,\"height\":661,\"caption\":\"N\u00e9crologie\u00a0: David Nkoto Emane, ancien directeur g\u00e9n\u00e9ral de Camtel est mort\"},{\"@type\":\"BreadcrumbList\",\"@id\":\"https:\/\/www.africa-press.net\/cameroun\/toutes-les-actualites\/necrologie-david-nkoto-emane-ancien-directeur-general-de-camtel-est-mort#breadcrumb\",\"itemListElement\":[{\"@type\":\"ListItem\",\"position\":1,\"name\":\"Accueil\",\"item\":\"https:\/\/www.africa-press.net\/cameroun\/\"},{\"@type\":\"ListItem\",\"position\":2,\"name\":\"N\u00e9crologie\u00a0: David Nkoto Emane, ancien directeur g\u00e9n\u00e9ral de Camtel est mort\"}]},{\"@type\":\"WebSite\",\"@id\":\"https:\/\/www.africa-press.net\/cameroun\/#website\",\"url\":\"https:\/\/www.africa-press.net\/cameroun\/\",\"name\":\"Cameroun\",\"description\":\"Just another Africa News Agency Sites site\",\"potentialAction\":[{\"@type\":\"SearchAction\",\"target\":{\"@type\":\"EntryPoint\",\"urlTemplate\":\"https:\/\/www.africa-press.net\/cameroun\/?s={search_term_string}\"},\"query-input\":{\"@type\":\"PropertyValueSpecification\",\"valueRequired\":true,\"valueName\":\"search_term_string\"}}],\"inLanguage\":\"fr-FR\"},{\"@type\":\"Person\",\"@id\":\"https:\/\/www.africa-press.net\/cameroun\/#\/schema\/person\/2b1cf3cd81a31e3cd26889ca66d677f1\",\"name\":\"cfeditorfr\"}]}<\/script>\n<!-- \/ Yoast SEO Premium plugin. -->","yoast_head_json":{"title":"N\u00e9crologie\u00a0: David Nkoto Emane, ancien directeur g\u00e9n\u00e9ral de Camtel est mort - Cameroun","description":"L\u2019ancien directeur g\u00e9n\u00e9ral de Camtel est d\u00e9c\u00e9d\u00e9 des suites de maladie ce 17 septembre \u00e0 l\u2019h\u00f4pital de la CNPS \u00e0 Yaound\u00e9.&lt; ...","robots":{"index":"index","follow":"follow","max-snippet":"max-snippet:-1","max-image-preview":"max-image-preview:large","max-video-preview":"max-video-preview:-1"},"canonical":"https:\/\/www.africa-press.net\/cameroun\/toutes-les-actualites\/necrologie-david-nkoto-emane-ancien-directeur-general-de-camtel-est-mort","og_locale":"fr_FR","og_type":"article","og_title":"N\u00e9crologie\u00a0: David Nkoto Emane, ancien directeur g\u00e9n\u00e9ral de Camtel est mort","og_description":"L\u2019ancien directeur g\u00e9n\u00e9ral de Camtel est d\u00e9c\u00e9d\u00e9 des suites de maladie ce 17 septembre \u00e0 l\u2019h\u00f4pital de la CNPS \u00e0 Yaound\u00e9.&lt; ...","og_url":"https:\/\/www.africa-press.net\/cameroun\/toutes-les-actualites\/necrologie-david-nkoto-emane-ancien-directeur-general-de-camtel-est-mort","og_site_name":"Cameroun","article_published_time":"2022-09-19T14:33:38+00:00","article_modified_time":"2022-09-19T16:49:21+00:00","og_image":[{"width":720,"height":661,"url":"https:\/\/static.africa-press.net\/cameroun\/sites\/57\/2022\/09\/img-63289d57a1677.jpg","type":"image\/jpeg"}],"author":"cfeditorfr","twitter_card":"summary_large_image","twitter_misc":{"\u00c9crit par":"cfeditorfr","Dur\u00e9e de lecture estim\u00e9e":"2 minutes"},"schema":{"@context":"https:\/\/schema.org","@graph":[{"@type":"Article","@id":"https:\/\/www.africa-press.net\/cameroun\/toutes-les-actualites\/necrologie-david-nkoto-emane-ancien-directeur-general-de-camtel-est-mort#article","isPartOf":{"@id":"https:\/\/www.africa-press.net\/cameroun\/toutes-les-actualites\/necrologie-david-nkoto-emane-ancien-directeur-general-de-camtel-est-mort"},"author":{"name":"cfeditorfr","@id":"https:\/\/www.africa-press.net\/cameroun\/#\/schema\/person\/2b1cf3cd81a31e3cd26889ca66d677f1"},"headline":"N\u00e9crologie\u00a0: David Nkoto Emane, ancien directeur g\u00e9n\u00e9ral de Camtel est mort","datePublished":"2022-09-19T14:33:38+00:00","dateModified":"2022-09-19T16:49:21+00:00","mainEntityOfPage":{"@id":"https:\/\/www.africa-press.net\/cameroun\/toutes-les-actualites\/necrologie-david-nkoto-emane-ancien-directeur-general-de-camtel-est-mort"},"wordCount":393,"commentCount":0,"image":{"@id":"https:\/\/www.africa-press.net\/cameroun\/toutes-les-actualites\/necrologie-david-nkoto-emane-ancien-directeur-general-de-camtel-est-mort#primaryimage"},"thumbnailUrl":"https:\/\/static.africa-press.net\/cameroun\/sites\/57\/2022\/09\/img-63289d57a1677.jpg","keywords":["Africa Press","Africa Press-Cameroun","Cameroun"],"articleSection":["Communaut\u00e9","homepage-french","Toutes les actualit\u00e9s"],"inLanguage":"fr-FR","potentialAction":[{"@type":"CommentAction","name":"Comment","target":["https:\/\/www.africa-press.net\/cameroun\/toutes-les-actualites\/necrologie-david-nkoto-emane-ancien-directeur-general-de-camtel-est-mort#respond"]}]},{"@type":"WebPage","@id":"https:\/\/www.africa-press.net\/cameroun\/toutes-les-actualites\/necrologie-david-nkoto-emane-ancien-directeur-general-de-camtel-est-mort","url":"https:\/\/www.africa-press.net\/cameroun\/toutes-les-actualites\/necrologie-david-nkoto-emane-ancien-directeur-general-de-camtel-est-mort","name":"N\u00e9crologie\u00a0: David Nkoto Emane, ancien directeur g\u00e9n\u00e9ral de Camtel est mort - Cameroun","isPartOf":{"@id":"https:\/\/www.africa-press.net\/cameroun\/#website"},"primaryImageOfPage":{"@id":"https:\/\/www.africa-press.net\/cameroun\/toutes-les-actualites\/necrologie-david-nkoto-emane-ancien-directeur-general-de-camtel-est-mort#primaryimage"},"image":{"@id":"https:\/\/www.africa-press.net\/cameroun\/toutes-les-actualites\/necrologie-david-nkoto-emane-ancien-directeur-general-de-camtel-est-mort#primaryimage"},"thumbnailUrl":"https:\/\/static.africa-press.net\/cameroun\/sites\/57\/2022\/09\/img-63289d57a1677.jpg","datePublished":"2022-09-19T14:33:38+00:00","dateModified":"2022-09-19T16:49:21+00:00","author":{"@id":"https:\/\/www.africa-press.net\/cameroun\/#\/schema\/person\/2b1cf3cd81a31e3cd26889ca66d677f1"},"description":"L\u2019ancien directeur g\u00e9n\u00e9ral de Camtel est d\u00e9c\u00e9d\u00e9 des suites de maladie ce 17 septembre \u00e0 l\u2019h\u00f4pital de la CNPS \u00e0 Yaound\u00e9.&lt; ...","breadcrumb":{"@id":"https:\/\/www.africa-press.net\/cameroun\/toutes-les-actualites\/necrologie-david-nkoto-emane-ancien-directeur-general-de-camtel-est-mort#breadcrumb"},"inLanguage":"fr-FR","potentialAction":[{"@type":"ReadAction","target":["https:\/\/www.africa-press.net\/cameroun\/toutes-les-actualites\/necrologie-david-nkoto-emane-ancien-directeur-general-de-camtel-est-mort"]}]},{"@type":"ImageObject","inLanguage":"fr-FR","@id":"https:\/\/www.africa-press.net\/cameroun\/toutes-les-actualites\/necrologie-david-nkoto-emane-ancien-directeur-general-de-camtel-est-mort#primaryimage","url":"https:\/\/static.africa-press.net\/cameroun\/sites\/57\/2022\/09\/img-63289d57a1677.jpg","contentUrl":"https:\/\/static.africa-press.net\/cameroun\/sites\/57\/2022\/09\/img-63289d57a1677.jpg","width":720,"height":661,"caption":"N\u00e9crologie\u00a0: David Nkoto Emane, ancien directeur g\u00e9n\u00e9ral de Camtel est mort"},{"@type":"BreadcrumbList","@id":"https:\/\/www.africa-press.net\/cameroun\/toutes-les-actualites\/necrologie-david-nkoto-emane-ancien-directeur-general-de-camtel-est-mort#breadcrumb","itemListElement":[{"@type":"ListItem","position":1,"name":"Accueil","item":"https:\/\/www.africa-press.net\/cameroun\/"},{"@type":"ListItem","position":2,"name":"N\u00e9crologie\u00a0: David Nkoto Emane, ancien directeur g\u00e9n\u00e9ral de Camtel est mort"}]},{"@type":"WebSite","@id":"https:\/\/www.africa-press.net\/cameroun\/#website","url":"https:\/\/www.africa-press.net\/cameroun\/","name":"Cameroun","description":"Just another Africa News Agency Sites site","potentialAction":[{"@type":"SearchAction","target":{"@type":"EntryPoint","urlTemplate":"https:\/\/www.africa-press.net\/cameroun\/?s={search_term_string}"},"query-input":{"@type":"PropertyValueSpecification","valueRequired":true,"valueName":"search_term_string"}}],"inLanguage":"fr-FR"},{"@type":"Person","@id":"https:\/\/www.africa-press.net\/cameroun\/#\/schema\/person\/2b1cf3cd81a31e3cd26889ca66d677f1","name":"cfeditorfr"}]}},"_links":{"self":[{"href":"https:\/\/www.africa-press.net\/cameroun\/wp-json\/wp\/v2\/posts\/27773","targetHints":{"allow":["GET"]}}],"collection":[{"href":"https:\/\/www.africa-press.net\/cameroun\/wp-json\/wp\/v2\/posts"}],"about":[{"href":"https:\/\/www.africa-press.net\/cameroun\/wp-json\/wp\/v2\/types\/post"}],"author":[{"embeddable":true,"href":"https:\/\/www.africa-press.net\/cameroun\/wp-json\/wp\/v2\/users\/82"}],"replies":[{"embeddable":true,"href":"https:\/\/www.africa-press.net\/cameroun\/wp-json\/wp\/v2\/comments?post=27773"}],"version-history":[{"count":0,"href":"https:\/\/www.africa-press.net\/cameroun\/wp-json\/wp\/v2\/posts\/27773\/revisions"}],"wp:featuredmedia":[{"embeddable":true,"href":"https:\/\/www.africa-press.net\/cameroun\/wp-json\/wp\/v2\/media\/27772"}],"wp:attachment":[{"href":"https:\/\/www.africa-press.net\/cameroun\/wp-json\/wp\/v2\/media?parent=27773"}],"wp:term":[{"taxonomy":"category","embeddable":true,"href":"https:\/\/www.africa-press.net\/cameroun\/wp-json\/wp\/v2\/categories?post=27773"},{"taxonomy":"post_tag","embeddable":true,"href":"https:\/\/www.africa-press.net\/cameroun\/wp-json\/wp\/v2\/tags?post=27773"}],"curies":[{"name":"wp","href":"https:\/\/api.w.org\/{rel}","templated":true}]}}