{"id":27776,"date":"2022-09-19T14:43:38","date_gmt":"2022-09-19T14:43:38","guid":{"rendered":"https:\/\/www.africa-press.net\/cameroun\/politique\/cameroun-les-etablissements-prives-scolaires-vont-payer-les-taxes"},"modified":"2022-09-19T16:50:17","modified_gmt":"2022-09-19T16:50:17","slug":"cameroun-les-etablissements-prives-scolaires-vont-payer-les-taxes","status":"publish","type":"post","link":"https:\/\/www.africa-press.net\/cameroun\/toutes-les-actualites\/cameroun-les-etablissements-prives-scolaires-vont-payer-les-taxes","title":{"rendered":"Cameroun\u00a0: les \u00e9tablissements priv\u00e9s scolaires vont payer les taxes"},"content":{"rendered":"<p><span style=\"color: #ff6600\"><strong>Africa-Press &#8211; Cameroun. <\/strong><\/span>L\u2019information ressort d\u2019un communiqu\u00e9 dat\u00e9 du 14 septembre 2022 et sign\u00e9 par le centre r\u00e9gional des imp\u00f4ts de la r\u00e9gion du Centre.<\/p>\n<p>Vente des uniformes, transport, cantine et autres, le fisc taxe d\u00e9sormais les \u00e9tablissements scolaires priv\u00e9s au Cameroun. Il faut dire que, ces activit\u00e9s commerciales auxquelles se livrent de plus en plus les \u00e9tablissements scolaires mettent en difficult\u00e9s le business de la rentr\u00e9e scolaire pour le petit commerce. Couturiers, libraires, taximen etc se plaignent de la baisse des recettes pendant la rentr\u00e9e scolaire \u00e0 cause des \u00e9coles qui offrent ces services.<\/p>\n<p>Selon le chef du centre r\u00e9gional des imp\u00f4ts de la r\u00e9gion du Centre, Rose-Claire Armelle Marline Fosso, cette taxation se conforme \u00e0 l\u2019application d\u2019une disposition de la loi de finances pour l\u2019exercice 2022. Laquelle soumet \u00e0 la TVA les op\u00e9rations commerciales r\u00e9alis\u00e9es par les \u00e9tablissements susvis\u00e9s, conform\u00e9ment aux dispositions l\u00e9gales de l\u2019article 120 du Code g\u00e9n\u00e9ral des imp\u00f4ts.<\/p>\n<p>Un article qui dispose que, \u00ab\u2009<b>\u00e0 partir du 1er janvier 2022, la dispense de TVA sur les activit\u00e9s commerciales des \u00e9tablissements scolaires priv\u00e9s (vente d\u2019uniformes, de manuels scolaires, cantine, transport, etc.) \u2026 est supprim\u00e9e. La TVA sur les op\u00e9rations en cause est effectivement factur\u00e9e, collect\u00e9e et revers\u00e9e par les \u00e9tablissements compte non tenu de leur r\u00e9gime d\u2019imposition<\/b>\u2009\u00bb.<\/p>\n<p>C\u2019est dans cette optique que la responsable invite les promoteurs des \u00e9tablissements concern\u00e9s par cette disposition l\u00e9gale relevant de sa circonscription, \u00e0 se rapprocher de leur centre des imp\u00f4ts de rattachement en vue de se mettre en conformit\u00e9 avec les dispositions nouvelles de la loi de finances 2022.<\/p>\n<p>Pour atteindre ses objectifs de 2\u2009184,8 milliards de FCFA au cours de l\u2019exercice 2022, la direction g\u00e9n\u00e9rale des Imp\u00f4ts (DGI) projette de r\u00e9aliser des recettes fiscales non-p\u00e9troli\u00e8res de 1\u2009047,5 milliards de FCFA au deuxi\u00e8me semestre.<\/p>\n<p><strong>Pour plus d&rsquo;informations et d&rsquo;analyses sur la <a href=\"https:\/\/www.africa-press.net\/cameroun\">Cameroun<\/a>, suivez <a href=\"https:\/\/www.africa-press.net\/\">Africa-Press<\/a><\/strong><\/p>\n","protected":false},"excerpt":{"rendered":"<p>Africa-Press &#8211; Cameroun. L\u2019information ressort d\u2019un communiqu\u00e9 dat\u00e9 du 14 septembre 2022 et sign\u00e9 par le centre r\u00e9gional des imp\u00f4ts de la r\u00e9gion du Centre. Vente des uniformes, transport, cantine et autres, le fisc taxe d\u00e9sormais les \u00e9tablissements scolaires priv\u00e9s au Cameroun. Il faut dire que, ces activit\u00e9s commerciales auxquelles se livrent de plus en [&hellip;]<\/p>\n","protected":false},"author":82,"featured_media":27775,"comment_status":"open","ping_status":"closed","sticky":false,"template":"","format":"standard","meta":{"footnotes":""},"categories":[21,11,10],"tags":[36,50,49],"class_list":["post-27776","post","type-post","status-publish","format-standard","has-post-thumbnail","hentry","category-communaute","category-homepage-french","category-toutes-les-actualites","tag-africa-press","tag-africa-press-cameroun","tag-cameroun"],"yoast_head":"<!-- This site is optimized with the Yoast SEO Premium plugin v26.1 (Yoast SEO v27.0) - https:\/\/yoast.com\/product\/yoast-seo-premium-wordpress\/ -->\n<title>Cameroun\u00a0: les \u00e9tablissements priv\u00e9s scolaires vont payer les taxes - Cameroun<\/title>\n<meta name=\"description\" content=\"L\u2019information ressort d\u2019un communiqu\u00e9 dat\u00e9 du 14 septembre 2022 et sign\u00e9 par le centre r\u00e9gional des imp\u00f4ts de la r\u00e9gion ...\" \/>\n<meta name=\"robots\" content=\"index, follow, max-snippet:-1, max-image-preview:large, max-video-preview:-1\" \/>\n<link rel=\"canonical\" href=\"https:\/\/www.africa-press.net\/cameroun\/toutes-les-actualites\/cameroun-les-etablissements-prives-scolaires-vont-payer-les-taxes\" \/>\n<meta property=\"og:locale\" content=\"fr_FR\" \/>\n<meta property=\"og:type\" content=\"article\" \/>\n<meta property=\"og:title\" content=\"Cameroun\u00a0: les \u00e9tablissements priv\u00e9s scolaires vont payer les taxes\" \/>\n<meta property=\"og:description\" content=\"L\u2019information ressort d\u2019un communiqu\u00e9 dat\u00e9 du 14 septembre 2022 et sign\u00e9 par le centre r\u00e9gional des imp\u00f4ts de la r\u00e9gion ...\" \/>\n<meta property=\"og:url\" content=\"https:\/\/www.africa-press.net\/cameroun\/toutes-les-actualites\/cameroun-les-etablissements-prives-scolaires-vont-payer-les-taxes\" \/>\n<meta property=\"og:site_name\" content=\"Cameroun\" \/>\n<meta property=\"article:published_time\" content=\"2022-09-19T14:43:38+00:00\" \/>\n<meta property=\"article:modified_time\" content=\"2022-09-19T16:50:17+00:00\" \/>\n<meta property=\"og:image\" content=\"https:\/\/static.africa-press.net\/cameroun\/sites\/57\/2022\/09\/img-63289d953fdcf.jpg\" \/>\n\t<meta property=\"og:image:width\" content=\"720\" \/>\n\t<meta property=\"og:image:height\" content=\"516\" \/>\n\t<meta property=\"og:image:type\" content=\"image\/jpeg\" \/>\n<meta name=\"author\" content=\"cfeditorfr\" \/>\n<meta name=\"twitter:card\" content=\"summary_large_image\" \/>\n<meta name=\"twitter:label1\" content=\"\u00c9crit par\" \/>\n\t<meta name=\"twitter:data1\" content=\"cfeditorfr\" \/>\n\t<meta name=\"twitter:label2\" content=\"Dur\u00e9e de lecture estim\u00e9e\" \/>\n\t<meta name=\"twitter:data2\" content=\"2 minutes\" \/>\n<script type=\"application\/ld+json\" class=\"yoast-schema-graph\">{\"@context\":\"https:\/\/schema.org\",\"@graph\":[{\"@type\":\"Article\",\"@id\":\"https:\/\/www.africa-press.net\/cameroun\/toutes-les-actualites\/cameroun-les-etablissements-prives-scolaires-vont-payer-les-taxes#article\",\"isPartOf\":{\"@id\":\"https:\/\/www.africa-press.net\/cameroun\/toutes-les-actualites\/cameroun-les-etablissements-prives-scolaires-vont-payer-les-taxes\"},\"author\":{\"name\":\"cfeditorfr\",\"@id\":\"https:\/\/www.africa-press.net\/cameroun\/#\/schema\/person\/2b1cf3cd81a31e3cd26889ca66d677f1\"},\"headline\":\"Cameroun\u00a0: les \u00e9tablissements priv\u00e9s scolaires vont payer les taxes\",\"datePublished\":\"2022-09-19T14:43:38+00:00\",\"dateModified\":\"2022-09-19T16:50:17+00:00\",\"mainEntityOfPage\":{\"@id\":\"https:\/\/www.africa-press.net\/cameroun\/toutes-les-actualites\/cameroun-les-etablissements-prives-scolaires-vont-payer-les-taxes\"},\"wordCount\":349,\"commentCount\":0,\"image\":{\"@id\":\"https:\/\/www.africa-press.net\/cameroun\/toutes-les-actualites\/cameroun-les-etablissements-prives-scolaires-vont-payer-les-taxes#primaryimage\"},\"thumbnailUrl\":\"https:\/\/static.africa-press.net\/cameroun\/sites\/57\/2022\/09\/img-63289d953fdcf.jpg\",\"keywords\":[\"Africa Press\",\"Africa Press-Cameroun\",\"Cameroun\"],\"articleSection\":[\"Communaut\u00e9\",\"homepage-french\",\"Toutes les actualit\u00e9s\"],\"inLanguage\":\"fr-FR\",\"potentialAction\":[{\"@type\":\"CommentAction\",\"name\":\"Comment\",\"target\":[\"https:\/\/www.africa-press.net\/cameroun\/toutes-les-actualites\/cameroun-les-etablissements-prives-scolaires-vont-payer-les-taxes#respond\"]}]},{\"@type\":\"WebPage\",\"@id\":\"https:\/\/www.africa-press.net\/cameroun\/toutes-les-actualites\/cameroun-les-etablissements-prives-scolaires-vont-payer-les-taxes\",\"url\":\"https:\/\/www.africa-press.net\/cameroun\/toutes-les-actualites\/cameroun-les-etablissements-prives-scolaires-vont-payer-les-taxes\",\"name\":\"Cameroun\u00a0: les \u00e9tablissements priv\u00e9s scolaires vont payer les taxes - Cameroun\",\"isPartOf\":{\"@id\":\"https:\/\/www.africa-press.net\/cameroun\/#website\"},\"primaryImageOfPage\":{\"@id\":\"https:\/\/www.africa-press.net\/cameroun\/toutes-les-actualites\/cameroun-les-etablissements-prives-scolaires-vont-payer-les-taxes#primaryimage\"},\"image\":{\"@id\":\"https:\/\/www.africa-press.net\/cameroun\/toutes-les-actualites\/cameroun-les-etablissements-prives-scolaires-vont-payer-les-taxes#primaryimage\"},\"thumbnailUrl\":\"https:\/\/static.africa-press.net\/cameroun\/sites\/57\/2022\/09\/img-63289d953fdcf.jpg\",\"datePublished\":\"2022-09-19T14:43:38+00:00\",\"dateModified\":\"2022-09-19T16:50:17+00:00\",\"author\":{\"@id\":\"https:\/\/www.africa-press.net\/cameroun\/#\/schema\/person\/2b1cf3cd81a31e3cd26889ca66d677f1\"},\"description\":\"L\u2019information ressort d\u2019un communiqu\u00e9 dat\u00e9 du 14 septembre 2022 et sign\u00e9 par le centre r\u00e9gional des imp\u00f4ts de la r\u00e9gion ...\",\"breadcrumb\":{\"@id\":\"https:\/\/www.africa-press.net\/cameroun\/toutes-les-actualites\/cameroun-les-etablissements-prives-scolaires-vont-payer-les-taxes#breadcrumb\"},\"inLanguage\":\"fr-FR\",\"potentialAction\":[{\"@type\":\"ReadAction\",\"target\":[\"https:\/\/www.africa-press.net\/cameroun\/toutes-les-actualites\/cameroun-les-etablissements-prives-scolaires-vont-payer-les-taxes\"]}]},{\"@type\":\"ImageObject\",\"inLanguage\":\"fr-FR\",\"@id\":\"https:\/\/www.africa-press.net\/cameroun\/toutes-les-actualites\/cameroun-les-etablissements-prives-scolaires-vont-payer-les-taxes#primaryimage\",\"url\":\"https:\/\/static.africa-press.net\/cameroun\/sites\/57\/2022\/09\/img-63289d953fdcf.jpg\",\"contentUrl\":\"https:\/\/static.africa-press.net\/cameroun\/sites\/57\/2022\/09\/img-63289d953fdcf.jpg\",\"width\":720,\"height\":516,\"caption\":\"Cameroun\u00a0: les \u00e9tablissements priv\u00e9s scolaires vont payer les taxes\"},{\"@type\":\"BreadcrumbList\",\"@id\":\"https:\/\/www.africa-press.net\/cameroun\/toutes-les-actualites\/cameroun-les-etablissements-prives-scolaires-vont-payer-les-taxes#breadcrumb\",\"itemListElement\":[{\"@type\":\"ListItem\",\"position\":1,\"name\":\"Accueil\",\"item\":\"https:\/\/www.africa-press.net\/cameroun\/\"},{\"@type\":\"ListItem\",\"position\":2,\"name\":\"Cameroun\u00a0: les \u00e9tablissements priv\u00e9s scolaires vont payer les taxes\"}]},{\"@type\":\"WebSite\",\"@id\":\"https:\/\/www.africa-press.net\/cameroun\/#website\",\"url\":\"https:\/\/www.africa-press.net\/cameroun\/\",\"name\":\"Cameroun\",\"description\":\"Just another Africa News Agency Sites site\",\"potentialAction\":[{\"@type\":\"SearchAction\",\"target\":{\"@type\":\"EntryPoint\",\"urlTemplate\":\"https:\/\/www.africa-press.net\/cameroun\/?s={search_term_string}\"},\"query-input\":{\"@type\":\"PropertyValueSpecification\",\"valueRequired\":true,\"valueName\":\"search_term_string\"}}],\"inLanguage\":\"fr-FR\"},{\"@type\":\"Person\",\"@id\":\"https:\/\/www.africa-press.net\/cameroun\/#\/schema\/person\/2b1cf3cd81a31e3cd26889ca66d677f1\",\"name\":\"cfeditorfr\"}]}<\/script>\n<!-- \/ Yoast SEO Premium plugin. -->","yoast_head_json":{"title":"Cameroun\u00a0: les \u00e9tablissements priv\u00e9s scolaires vont payer les taxes - Cameroun","description":"L\u2019information ressort d\u2019un communiqu\u00e9 dat\u00e9 du 14 septembre 2022 et sign\u00e9 par le centre r\u00e9gional des imp\u00f4ts de la r\u00e9gion ...","robots":{"index":"index","follow":"follow","max-snippet":"max-snippet:-1","max-image-preview":"max-image-preview:large","max-video-preview":"max-video-preview:-1"},"canonical":"https:\/\/www.africa-press.net\/cameroun\/toutes-les-actualites\/cameroun-les-etablissements-prives-scolaires-vont-payer-les-taxes","og_locale":"fr_FR","og_type":"article","og_title":"Cameroun\u00a0: les \u00e9tablissements priv\u00e9s scolaires vont payer les taxes","og_description":"L\u2019information ressort d\u2019un communiqu\u00e9 dat\u00e9 du 14 septembre 2022 et sign\u00e9 par le centre r\u00e9gional des imp\u00f4ts de la r\u00e9gion ...","og_url":"https:\/\/www.africa-press.net\/cameroun\/toutes-les-actualites\/cameroun-les-etablissements-prives-scolaires-vont-payer-les-taxes","og_site_name":"Cameroun","article_published_time":"2022-09-19T14:43:38+00:00","article_modified_time":"2022-09-19T16:50:17+00:00","og_image":[{"width":720,"height":516,"url":"https:\/\/static.africa-press.net\/cameroun\/sites\/57\/2022\/09\/img-63289d953fdcf.jpg","type":"image\/jpeg"}],"author":"cfeditorfr","twitter_card":"summary_large_image","twitter_misc":{"\u00c9crit par":"cfeditorfr","Dur\u00e9e de lecture estim\u00e9e":"2 minutes"},"schema":{"@context":"https:\/\/schema.org","@graph":[{"@type":"Article","@id":"https:\/\/www.africa-press.net\/cameroun\/toutes-les-actualites\/cameroun-les-etablissements-prives-scolaires-vont-payer-les-taxes#article","isPartOf":{"@id":"https:\/\/www.africa-press.net\/cameroun\/toutes-les-actualites\/cameroun-les-etablissements-prives-scolaires-vont-payer-les-taxes"},"author":{"name":"cfeditorfr","@id":"https:\/\/www.africa-press.net\/cameroun\/#\/schema\/person\/2b1cf3cd81a31e3cd26889ca66d677f1"},"headline":"Cameroun\u00a0: les \u00e9tablissements priv\u00e9s scolaires vont payer les taxes","datePublished":"2022-09-19T14:43:38+00:00","dateModified":"2022-09-19T16:50:17+00:00","mainEntityOfPage":{"@id":"https:\/\/www.africa-press.net\/cameroun\/toutes-les-actualites\/cameroun-les-etablissements-prives-scolaires-vont-payer-les-taxes"},"wordCount":349,"commentCount":0,"image":{"@id":"https:\/\/www.africa-press.net\/cameroun\/toutes-les-actualites\/cameroun-les-etablissements-prives-scolaires-vont-payer-les-taxes#primaryimage"},"thumbnailUrl":"https:\/\/static.africa-press.net\/cameroun\/sites\/57\/2022\/09\/img-63289d953fdcf.jpg","keywords":["Africa Press","Africa Press-Cameroun","Cameroun"],"articleSection":["Communaut\u00e9","homepage-french","Toutes les actualit\u00e9s"],"inLanguage":"fr-FR","potentialAction":[{"@type":"CommentAction","name":"Comment","target":["https:\/\/www.africa-press.net\/cameroun\/toutes-les-actualites\/cameroun-les-etablissements-prives-scolaires-vont-payer-les-taxes#respond"]}]},{"@type":"WebPage","@id":"https:\/\/www.africa-press.net\/cameroun\/toutes-les-actualites\/cameroun-les-etablissements-prives-scolaires-vont-payer-les-taxes","url":"https:\/\/www.africa-press.net\/cameroun\/toutes-les-actualites\/cameroun-les-etablissements-prives-scolaires-vont-payer-les-taxes","name":"Cameroun\u00a0: les \u00e9tablissements priv\u00e9s scolaires vont payer les taxes - Cameroun","isPartOf":{"@id":"https:\/\/www.africa-press.net\/cameroun\/#website"},"primaryImageOfPage":{"@id":"https:\/\/www.africa-press.net\/cameroun\/toutes-les-actualites\/cameroun-les-etablissements-prives-scolaires-vont-payer-les-taxes#primaryimage"},"image":{"@id":"https:\/\/www.africa-press.net\/cameroun\/toutes-les-actualites\/cameroun-les-etablissements-prives-scolaires-vont-payer-les-taxes#primaryimage"},"thumbnailUrl":"https:\/\/static.africa-press.net\/cameroun\/sites\/57\/2022\/09\/img-63289d953fdcf.jpg","datePublished":"2022-09-19T14:43:38+00:00","dateModified":"2022-09-19T16:50:17+00:00","author":{"@id":"https:\/\/www.africa-press.net\/cameroun\/#\/schema\/person\/2b1cf3cd81a31e3cd26889ca66d677f1"},"description":"L\u2019information ressort d\u2019un communiqu\u00e9 dat\u00e9 du 14 septembre 2022 et sign\u00e9 par le centre r\u00e9gional des imp\u00f4ts de la r\u00e9gion ...","breadcrumb":{"@id":"https:\/\/www.africa-press.net\/cameroun\/toutes-les-actualites\/cameroun-les-etablissements-prives-scolaires-vont-payer-les-taxes#breadcrumb"},"inLanguage":"fr-FR","potentialAction":[{"@type":"ReadAction","target":["https:\/\/www.africa-press.net\/cameroun\/toutes-les-actualites\/cameroun-les-etablissements-prives-scolaires-vont-payer-les-taxes"]}]},{"@type":"ImageObject","inLanguage":"fr-FR","@id":"https:\/\/www.africa-press.net\/cameroun\/toutes-les-actualites\/cameroun-les-etablissements-prives-scolaires-vont-payer-les-taxes#primaryimage","url":"https:\/\/static.africa-press.net\/cameroun\/sites\/57\/2022\/09\/img-63289d953fdcf.jpg","contentUrl":"https:\/\/static.africa-press.net\/cameroun\/sites\/57\/2022\/09\/img-63289d953fdcf.jpg","width":720,"height":516,"caption":"Cameroun\u00a0: les \u00e9tablissements priv\u00e9s scolaires vont payer les taxes"},{"@type":"BreadcrumbList","@id":"https:\/\/www.africa-press.net\/cameroun\/toutes-les-actualites\/cameroun-les-etablissements-prives-scolaires-vont-payer-les-taxes#breadcrumb","itemListElement":[{"@type":"ListItem","position":1,"name":"Accueil","item":"https:\/\/www.africa-press.net\/cameroun\/"},{"@type":"ListItem","position":2,"name":"Cameroun\u00a0: les \u00e9tablissements priv\u00e9s scolaires vont payer les taxes"}]},{"@type":"WebSite","@id":"https:\/\/www.africa-press.net\/cameroun\/#website","url":"https:\/\/www.africa-press.net\/cameroun\/","name":"Cameroun","description":"Just another Africa News Agency Sites site","potentialAction":[{"@type":"SearchAction","target":{"@type":"EntryPoint","urlTemplate":"https:\/\/www.africa-press.net\/cameroun\/?s={search_term_string}"},"query-input":{"@type":"PropertyValueSpecification","valueRequired":true,"valueName":"search_term_string"}}],"inLanguage":"fr-FR"},{"@type":"Person","@id":"https:\/\/www.africa-press.net\/cameroun\/#\/schema\/person\/2b1cf3cd81a31e3cd26889ca66d677f1","name":"cfeditorfr"}]}},"_links":{"self":[{"href":"https:\/\/www.africa-press.net\/cameroun\/wp-json\/wp\/v2\/posts\/27776","targetHints":{"allow":["GET"]}}],"collection":[{"href":"https:\/\/www.africa-press.net\/cameroun\/wp-json\/wp\/v2\/posts"}],"about":[{"href":"https:\/\/www.africa-press.net\/cameroun\/wp-json\/wp\/v2\/types\/post"}],"author":[{"embeddable":true,"href":"https:\/\/www.africa-press.net\/cameroun\/wp-json\/wp\/v2\/users\/82"}],"replies":[{"embeddable":true,"href":"https:\/\/www.africa-press.net\/cameroun\/wp-json\/wp\/v2\/comments?post=27776"}],"version-history":[{"count":0,"href":"https:\/\/www.africa-press.net\/cameroun\/wp-json\/wp\/v2\/posts\/27776\/revisions"}],"wp:featuredmedia":[{"embeddable":true,"href":"https:\/\/www.africa-press.net\/cameroun\/wp-json\/wp\/v2\/media\/27775"}],"wp:attachment":[{"href":"https:\/\/www.africa-press.net\/cameroun\/wp-json\/wp\/v2\/media?parent=27776"}],"wp:term":[{"taxonomy":"category","embeddable":true,"href":"https:\/\/www.africa-press.net\/cameroun\/wp-json\/wp\/v2\/categories?post=27776"},{"taxonomy":"post_tag","embeddable":true,"href":"https:\/\/www.africa-press.net\/cameroun\/wp-json\/wp\/v2\/tags?post=27776"}],"curies":[{"name":"wp","href":"https:\/\/api.w.org\/{rel}","templated":true}]}}