{"id":27782,"date":"2022-09-19T14:57:37","date_gmt":"2022-09-19T14:57:37","guid":{"rendered":"https:\/\/www.africa-press.net\/cameroun\/politique\/cyclisme-grand-prix-chantal-biya-cinq-villes-retenues-pour-accueillir-la-competition"},"modified":"2022-09-19T16:52:15","modified_gmt":"2022-09-19T16:52:15","slug":"cyclisme-grand-prix-chantal-biya-cinq-villes-retenues-pour-accueillir-la-competition","status":"publish","type":"post","link":"https:\/\/www.africa-press.net\/cameroun\/sports\/cyclisme-grand-prix-chantal-biya-cinq-villes-retenues-pour-accueillir-la-competition","title":{"rendered":"Cyclisme-Grand prix Chantal Biya : cinq villes retenues pour accueillir la comp\u00e9tition"},"content":{"rendered":"<p><span style=\"color: #ff6600\"><strong>Africa-Press &#8211; Cameroun. <\/strong><\/span>La comp\u00e9tition cr\u00e9\u00e9e en 2001 a \u00e9t\u00e9 officiellement pr\u00e9sent\u00e9e lors d\u2019une c\u00e9r\u00e9monie pr\u00e9sid\u00e9e par le ministre charg\u00e9 des sports, Pr Narcisse Mouelle Kombi le 14 septembre 2022.<\/p>\n<p>Le Grand prix cycliste international Chantal Biya aura finalement lieu. M\u00eame si son organisation a \u00e9t\u00e9 secou\u00e9e par des contraintes budg\u00e9taires, le comit\u00e9 d\u2019organisation a su se r\u00e9ajuster pour gagner le pari de l\u2019organisation. Ceci leur a valu les f\u00e9licitations du ministre des Sports et de l\u2019\u00e9ducation physique, Pr Narcisse Mouelle Kombi.<\/p>\n<p>Il leur a fait savoir cela le 14 septembre dernier lors de la pr\u00e9sentation officielle de la comp\u00e9tition. Le tour cycliste, rendu \u00e0 sa 22e \u00e9dition cette ann\u00e9e connait certaines innovations comme le laisse entendre le comit\u00e9 d\u2019organisation.<\/p>\n<p>Pour une premi\u00e8re fois, son coup d\u2019envoi sera donn\u00e9 dans la ville de Garoua dans la r\u00e9gion du Nord-Cameroun. Ce sera le 2 octobre prochain et les cyclistes vont pour cette premi\u00e8re journ\u00e9e couvrir une distance de 99.2km.<\/p>\n<p>Le tour va reprendre le 5 octobre avec un parcours quittant de Yaound\u00e9 passant par Ngoumou pour se terminer \u00e0 Ngomedzap. Puis, la troisi\u00e8me \u00e9tape sera constitu\u00e9e de Yaound\u00e9-Ebolowa Nkolandom pour la journ\u00e9e du 6 octobre.<\/p>\n<p>Quant \u00e0 la journ\u00e9e du 7 octobre consacr\u00e9e \u00e0 la quatri\u00e8me \u00e9tape, les athl\u00e8tes vont p\u00e9daler sur le trajet Ebolowa-Mengong-Sangm\u00e9lima.<\/p>\n<p>Pour la prochaine journ\u00e9e, ce sont les villes de Sangmelima-Mkwang-Zoetele-Meyomessala qui vont constituer la cinqui\u00e8me \u00e9tape. Et l\u2019\u00e9tape finale pr\u00e9vue pour le 8 octobre 2022 sera du c\u00f4t\u00e9 de la place de f\u00eate de Meyomessala pour boucler une comp\u00e9tition qui aura au total couvert 601 km.<\/p>\n<p><strong>Pour plus d&rsquo;informations et d&rsquo;analyses sur la <a href=\"https:\/\/www.africa-press.net\/cameroun\">Cameroun<\/a>, suivez <a href=\"https:\/\/www.africa-press.net\/\">Africa-Press<\/a><\/strong><\/p>\n","protected":false},"excerpt":{"rendered":"<p>Africa-Press &#8211; Cameroun. La comp\u00e9tition cr\u00e9\u00e9e en 2001 a \u00e9t\u00e9 officiellement pr\u00e9sent\u00e9e lors d\u2019une c\u00e9r\u00e9monie pr\u00e9sid\u00e9e par le ministre charg\u00e9 des sports, Pr Narcisse Mouelle Kombi le 14 septembre 2022. Le Grand prix cycliste international Chantal Biya aura finalement lieu. M\u00eame si son organisation a \u00e9t\u00e9 secou\u00e9e par des contraintes budg\u00e9taires, le comit\u00e9 d\u2019organisation a [&hellip;]<\/p>\n","protected":false},"author":82,"featured_media":27781,"comment_status":"open","ping_status":"closed","sticky":false,"template":"","format":"standard","meta":{"footnotes":""},"categories":[11,6,10],"tags":[36,50,49],"class_list":["post-27782","post","type-post","status-publish","format-standard","has-post-thumbnail","hentry","category-homepage-french","category-sports","category-toutes-les-actualites","tag-africa-press","tag-africa-press-cameroun","tag-cameroun"],"yoast_head":"<!-- This site is optimized with the Yoast SEO Premium plugin v26.1 (Yoast SEO v27.0) - https:\/\/yoast.com\/product\/yoast-seo-premium-wordpress\/ -->\n<title>Cyclisme-Grand prix Chantal Biya : cinq villes retenues pour accueillir la comp\u00e9tition - Cameroun<\/title>\n<meta name=\"description\" content=\"La comp\u00e9tition cr\u00e9\u00e9e en 2001 a \u00e9t\u00e9 officiellement pr\u00e9sent\u00e9e lors d\u2019une c\u00e9r\u00e9monie pr\u00e9sid\u00e9e par le ministre charg\u00e9 des spo ...\" \/>\n<meta name=\"robots\" content=\"index, follow, max-snippet:-1, max-image-preview:large, max-video-preview:-1\" \/>\n<link rel=\"canonical\" href=\"https:\/\/www.africa-press.net\/cameroun\/sports\/cyclisme-grand-prix-chantal-biya-cinq-villes-retenues-pour-accueillir-la-competition\" \/>\n<meta property=\"og:locale\" content=\"fr_FR\" \/>\n<meta property=\"og:type\" content=\"article\" \/>\n<meta property=\"og:title\" content=\"Cyclisme-Grand prix Chantal Biya : cinq villes retenues pour accueillir la comp\u00e9tition\" \/>\n<meta property=\"og:description\" content=\"La comp\u00e9tition cr\u00e9\u00e9e en 2001 a \u00e9t\u00e9 officiellement pr\u00e9sent\u00e9e lors d\u2019une c\u00e9r\u00e9monie pr\u00e9sid\u00e9e par le ministre charg\u00e9 des spo ...\" \/>\n<meta property=\"og:url\" content=\"https:\/\/www.africa-press.net\/cameroun\/sports\/cyclisme-grand-prix-chantal-biya-cinq-villes-retenues-pour-accueillir-la-competition\" \/>\n<meta property=\"og:site_name\" content=\"Cameroun\" \/>\n<meta property=\"article:published_time\" content=\"2022-09-19T14:57:37+00:00\" \/>\n<meta property=\"article:modified_time\" content=\"2022-09-19T16:52:15+00:00\" \/>\n<meta property=\"og:image\" content=\"https:\/\/static.africa-press.net\/cameroun\/sites\/57\/2022\/09\/img-63289e0abafd5.jpg\" \/>\n\t<meta property=\"og:image:width\" content=\"750\" \/>\n\t<meta property=\"og:image:height\" content=\"416\" \/>\n\t<meta property=\"og:image:type\" content=\"image\/jpeg\" \/>\n<meta name=\"author\" content=\"cfeditorfr\" \/>\n<meta name=\"twitter:card\" content=\"summary_large_image\" \/>\n<meta name=\"twitter:label1\" content=\"\u00c9crit par\" \/>\n\t<meta name=\"twitter:data1\" content=\"cfeditorfr\" \/>\n\t<meta name=\"twitter:label2\" content=\"Dur\u00e9e de lecture estim\u00e9e\" \/>\n\t<meta name=\"twitter:data2\" content=\"2 minutes\" \/>\n<script type=\"application\/ld+json\" class=\"yoast-schema-graph\">{\"@context\":\"https:\/\/schema.org\",\"@graph\":[{\"@type\":\"Article\",\"@id\":\"https:\/\/www.africa-press.net\/cameroun\/sports\/cyclisme-grand-prix-chantal-biya-cinq-villes-retenues-pour-accueillir-la-competition#article\",\"isPartOf\":{\"@id\":\"https:\/\/www.africa-press.net\/cameroun\/sports\/cyclisme-grand-prix-chantal-biya-cinq-villes-retenues-pour-accueillir-la-competition\"},\"author\":{\"name\":\"cfeditorfr\",\"@id\":\"https:\/\/www.africa-press.net\/cameroun\/#\/schema\/person\/2b1cf3cd81a31e3cd26889ca66d677f1\"},\"headline\":\"Cyclisme-Grand prix Chantal Biya : cinq villes retenues pour accueillir la comp\u00e9tition\",\"datePublished\":\"2022-09-19T14:57:37+00:00\",\"dateModified\":\"2022-09-19T16:52:15+00:00\",\"mainEntityOfPage\":{\"@id\":\"https:\/\/www.africa-press.net\/cameroun\/sports\/cyclisme-grand-prix-chantal-biya-cinq-villes-retenues-pour-accueillir-la-competition\"},\"wordCount\":312,\"commentCount\":0,\"image\":{\"@id\":\"https:\/\/www.africa-press.net\/cameroun\/sports\/cyclisme-grand-prix-chantal-biya-cinq-villes-retenues-pour-accueillir-la-competition#primaryimage\"},\"thumbnailUrl\":\"https:\/\/static.africa-press.net\/cameroun\/sites\/57\/2022\/09\/img-63289e0abafd5.jpg\",\"keywords\":[\"Africa Press\",\"Africa Press-Cameroun\",\"Cameroun\"],\"articleSection\":[\"homepage-french\",\"Sports\",\"Toutes les actualit\u00e9s\"],\"inLanguage\":\"fr-FR\",\"potentialAction\":[{\"@type\":\"CommentAction\",\"name\":\"Comment\",\"target\":[\"https:\/\/www.africa-press.net\/cameroun\/sports\/cyclisme-grand-prix-chantal-biya-cinq-villes-retenues-pour-accueillir-la-competition#respond\"]}]},{\"@type\":\"WebPage\",\"@id\":\"https:\/\/www.africa-press.net\/cameroun\/sports\/cyclisme-grand-prix-chantal-biya-cinq-villes-retenues-pour-accueillir-la-competition\",\"url\":\"https:\/\/www.africa-press.net\/cameroun\/sports\/cyclisme-grand-prix-chantal-biya-cinq-villes-retenues-pour-accueillir-la-competition\",\"name\":\"Cyclisme-Grand prix Chantal Biya : cinq villes retenues pour accueillir la comp\u00e9tition - Cameroun\",\"isPartOf\":{\"@id\":\"https:\/\/www.africa-press.net\/cameroun\/#website\"},\"primaryImageOfPage\":{\"@id\":\"https:\/\/www.africa-press.net\/cameroun\/sports\/cyclisme-grand-prix-chantal-biya-cinq-villes-retenues-pour-accueillir-la-competition#primaryimage\"},\"image\":{\"@id\":\"https:\/\/www.africa-press.net\/cameroun\/sports\/cyclisme-grand-prix-chantal-biya-cinq-villes-retenues-pour-accueillir-la-competition#primaryimage\"},\"thumbnailUrl\":\"https:\/\/static.africa-press.net\/cameroun\/sites\/57\/2022\/09\/img-63289e0abafd5.jpg\",\"datePublished\":\"2022-09-19T14:57:37+00:00\",\"dateModified\":\"2022-09-19T16:52:15+00:00\",\"author\":{\"@id\":\"https:\/\/www.africa-press.net\/cameroun\/#\/schema\/person\/2b1cf3cd81a31e3cd26889ca66d677f1\"},\"description\":\"La comp\u00e9tition cr\u00e9\u00e9e en 2001 a \u00e9t\u00e9 officiellement pr\u00e9sent\u00e9e lors d\u2019une c\u00e9r\u00e9monie pr\u00e9sid\u00e9e par le ministre charg\u00e9 des spo ...\",\"breadcrumb\":{\"@id\":\"https:\/\/www.africa-press.net\/cameroun\/sports\/cyclisme-grand-prix-chantal-biya-cinq-villes-retenues-pour-accueillir-la-competition#breadcrumb\"},\"inLanguage\":\"fr-FR\",\"potentialAction\":[{\"@type\":\"ReadAction\",\"target\":[\"https:\/\/www.africa-press.net\/cameroun\/sports\/cyclisme-grand-prix-chantal-biya-cinq-villes-retenues-pour-accueillir-la-competition\"]}]},{\"@type\":\"ImageObject\",\"inLanguage\":\"fr-FR\",\"@id\":\"https:\/\/www.africa-press.net\/cameroun\/sports\/cyclisme-grand-prix-chantal-biya-cinq-villes-retenues-pour-accueillir-la-competition#primaryimage\",\"url\":\"https:\/\/static.africa-press.net\/cameroun\/sites\/57\/2022\/09\/img-63289e0abafd5.jpg\",\"contentUrl\":\"https:\/\/static.africa-press.net\/cameroun\/sites\/57\/2022\/09\/img-63289e0abafd5.jpg\",\"width\":750,\"height\":416,\"caption\":\"Cyclisme-Grand prix Chantal Biya : cinq villes retenues pour accueillir la comp\u00e9tition\"},{\"@type\":\"BreadcrumbList\",\"@id\":\"https:\/\/www.africa-press.net\/cameroun\/sports\/cyclisme-grand-prix-chantal-biya-cinq-villes-retenues-pour-accueillir-la-competition#breadcrumb\",\"itemListElement\":[{\"@type\":\"ListItem\",\"position\":1,\"name\":\"Accueil\",\"item\":\"https:\/\/www.africa-press.net\/cameroun\/\"},{\"@type\":\"ListItem\",\"position\":2,\"name\":\"Cyclisme-Grand prix Chantal Biya : cinq villes retenues pour accueillir la comp\u00e9tition\"}]},{\"@type\":\"WebSite\",\"@id\":\"https:\/\/www.africa-press.net\/cameroun\/#website\",\"url\":\"https:\/\/www.africa-press.net\/cameroun\/\",\"name\":\"Cameroun\",\"description\":\"Just another Africa News Agency Sites site\",\"potentialAction\":[{\"@type\":\"SearchAction\",\"target\":{\"@type\":\"EntryPoint\",\"urlTemplate\":\"https:\/\/www.africa-press.net\/cameroun\/?s={search_term_string}\"},\"query-input\":{\"@type\":\"PropertyValueSpecification\",\"valueRequired\":true,\"valueName\":\"search_term_string\"}}],\"inLanguage\":\"fr-FR\"},{\"@type\":\"Person\",\"@id\":\"https:\/\/www.africa-press.net\/cameroun\/#\/schema\/person\/2b1cf3cd81a31e3cd26889ca66d677f1\",\"name\":\"cfeditorfr\"}]}<\/script>\n<!-- \/ Yoast SEO Premium plugin. -->","yoast_head_json":{"title":"Cyclisme-Grand prix Chantal Biya : cinq villes retenues pour accueillir la comp\u00e9tition - Cameroun","description":"La comp\u00e9tition cr\u00e9\u00e9e en 2001 a \u00e9t\u00e9 officiellement pr\u00e9sent\u00e9e lors d\u2019une c\u00e9r\u00e9monie pr\u00e9sid\u00e9e par le ministre charg\u00e9 des spo ...","robots":{"index":"index","follow":"follow","max-snippet":"max-snippet:-1","max-image-preview":"max-image-preview:large","max-video-preview":"max-video-preview:-1"},"canonical":"https:\/\/www.africa-press.net\/cameroun\/sports\/cyclisme-grand-prix-chantal-biya-cinq-villes-retenues-pour-accueillir-la-competition","og_locale":"fr_FR","og_type":"article","og_title":"Cyclisme-Grand prix Chantal Biya : cinq villes retenues pour accueillir la comp\u00e9tition","og_description":"La comp\u00e9tition cr\u00e9\u00e9e en 2001 a \u00e9t\u00e9 officiellement pr\u00e9sent\u00e9e lors d\u2019une c\u00e9r\u00e9monie pr\u00e9sid\u00e9e par le ministre charg\u00e9 des spo ...","og_url":"https:\/\/www.africa-press.net\/cameroun\/sports\/cyclisme-grand-prix-chantal-biya-cinq-villes-retenues-pour-accueillir-la-competition","og_site_name":"Cameroun","article_published_time":"2022-09-19T14:57:37+00:00","article_modified_time":"2022-09-19T16:52:15+00:00","og_image":[{"width":750,"height":416,"url":"https:\/\/static.africa-press.net\/cameroun\/sites\/57\/2022\/09\/img-63289e0abafd5.jpg","type":"image\/jpeg"}],"author":"cfeditorfr","twitter_card":"summary_large_image","twitter_misc":{"\u00c9crit par":"cfeditorfr","Dur\u00e9e de lecture estim\u00e9e":"2 minutes"},"schema":{"@context":"https:\/\/schema.org","@graph":[{"@type":"Article","@id":"https:\/\/www.africa-press.net\/cameroun\/sports\/cyclisme-grand-prix-chantal-biya-cinq-villes-retenues-pour-accueillir-la-competition#article","isPartOf":{"@id":"https:\/\/www.africa-press.net\/cameroun\/sports\/cyclisme-grand-prix-chantal-biya-cinq-villes-retenues-pour-accueillir-la-competition"},"author":{"name":"cfeditorfr","@id":"https:\/\/www.africa-press.net\/cameroun\/#\/schema\/person\/2b1cf3cd81a31e3cd26889ca66d677f1"},"headline":"Cyclisme-Grand prix Chantal Biya : cinq villes retenues pour accueillir la comp\u00e9tition","datePublished":"2022-09-19T14:57:37+00:00","dateModified":"2022-09-19T16:52:15+00:00","mainEntityOfPage":{"@id":"https:\/\/www.africa-press.net\/cameroun\/sports\/cyclisme-grand-prix-chantal-biya-cinq-villes-retenues-pour-accueillir-la-competition"},"wordCount":312,"commentCount":0,"image":{"@id":"https:\/\/www.africa-press.net\/cameroun\/sports\/cyclisme-grand-prix-chantal-biya-cinq-villes-retenues-pour-accueillir-la-competition#primaryimage"},"thumbnailUrl":"https:\/\/static.africa-press.net\/cameroun\/sites\/57\/2022\/09\/img-63289e0abafd5.jpg","keywords":["Africa Press","Africa Press-Cameroun","Cameroun"],"articleSection":["homepage-french","Sports","Toutes les actualit\u00e9s"],"inLanguage":"fr-FR","potentialAction":[{"@type":"CommentAction","name":"Comment","target":["https:\/\/www.africa-press.net\/cameroun\/sports\/cyclisme-grand-prix-chantal-biya-cinq-villes-retenues-pour-accueillir-la-competition#respond"]}]},{"@type":"WebPage","@id":"https:\/\/www.africa-press.net\/cameroun\/sports\/cyclisme-grand-prix-chantal-biya-cinq-villes-retenues-pour-accueillir-la-competition","url":"https:\/\/www.africa-press.net\/cameroun\/sports\/cyclisme-grand-prix-chantal-biya-cinq-villes-retenues-pour-accueillir-la-competition","name":"Cyclisme-Grand prix Chantal Biya : cinq villes retenues pour accueillir la comp\u00e9tition - Cameroun","isPartOf":{"@id":"https:\/\/www.africa-press.net\/cameroun\/#website"},"primaryImageOfPage":{"@id":"https:\/\/www.africa-press.net\/cameroun\/sports\/cyclisme-grand-prix-chantal-biya-cinq-villes-retenues-pour-accueillir-la-competition#primaryimage"},"image":{"@id":"https:\/\/www.africa-press.net\/cameroun\/sports\/cyclisme-grand-prix-chantal-biya-cinq-villes-retenues-pour-accueillir-la-competition#primaryimage"},"thumbnailUrl":"https:\/\/static.africa-press.net\/cameroun\/sites\/57\/2022\/09\/img-63289e0abafd5.jpg","datePublished":"2022-09-19T14:57:37+00:00","dateModified":"2022-09-19T16:52:15+00:00","author":{"@id":"https:\/\/www.africa-press.net\/cameroun\/#\/schema\/person\/2b1cf3cd81a31e3cd26889ca66d677f1"},"description":"La comp\u00e9tition cr\u00e9\u00e9e en 2001 a \u00e9t\u00e9 officiellement pr\u00e9sent\u00e9e lors d\u2019une c\u00e9r\u00e9monie pr\u00e9sid\u00e9e par le ministre charg\u00e9 des spo ...","breadcrumb":{"@id":"https:\/\/www.africa-press.net\/cameroun\/sports\/cyclisme-grand-prix-chantal-biya-cinq-villes-retenues-pour-accueillir-la-competition#breadcrumb"},"inLanguage":"fr-FR","potentialAction":[{"@type":"ReadAction","target":["https:\/\/www.africa-press.net\/cameroun\/sports\/cyclisme-grand-prix-chantal-biya-cinq-villes-retenues-pour-accueillir-la-competition"]}]},{"@type":"ImageObject","inLanguage":"fr-FR","@id":"https:\/\/www.africa-press.net\/cameroun\/sports\/cyclisme-grand-prix-chantal-biya-cinq-villes-retenues-pour-accueillir-la-competition#primaryimage","url":"https:\/\/static.africa-press.net\/cameroun\/sites\/57\/2022\/09\/img-63289e0abafd5.jpg","contentUrl":"https:\/\/static.africa-press.net\/cameroun\/sites\/57\/2022\/09\/img-63289e0abafd5.jpg","width":750,"height":416,"caption":"Cyclisme-Grand prix Chantal Biya : cinq villes retenues pour accueillir la comp\u00e9tition"},{"@type":"BreadcrumbList","@id":"https:\/\/www.africa-press.net\/cameroun\/sports\/cyclisme-grand-prix-chantal-biya-cinq-villes-retenues-pour-accueillir-la-competition#breadcrumb","itemListElement":[{"@type":"ListItem","position":1,"name":"Accueil","item":"https:\/\/www.africa-press.net\/cameroun\/"},{"@type":"ListItem","position":2,"name":"Cyclisme-Grand prix Chantal Biya : cinq villes retenues pour accueillir la comp\u00e9tition"}]},{"@type":"WebSite","@id":"https:\/\/www.africa-press.net\/cameroun\/#website","url":"https:\/\/www.africa-press.net\/cameroun\/","name":"Cameroun","description":"Just another Africa News Agency Sites site","potentialAction":[{"@type":"SearchAction","target":{"@type":"EntryPoint","urlTemplate":"https:\/\/www.africa-press.net\/cameroun\/?s={search_term_string}"},"query-input":{"@type":"PropertyValueSpecification","valueRequired":true,"valueName":"search_term_string"}}],"inLanguage":"fr-FR"},{"@type":"Person","@id":"https:\/\/www.africa-press.net\/cameroun\/#\/schema\/person\/2b1cf3cd81a31e3cd26889ca66d677f1","name":"cfeditorfr"}]}},"_links":{"self":[{"href":"https:\/\/www.africa-press.net\/cameroun\/wp-json\/wp\/v2\/posts\/27782","targetHints":{"allow":["GET"]}}],"collection":[{"href":"https:\/\/www.africa-press.net\/cameroun\/wp-json\/wp\/v2\/posts"}],"about":[{"href":"https:\/\/www.africa-press.net\/cameroun\/wp-json\/wp\/v2\/types\/post"}],"author":[{"embeddable":true,"href":"https:\/\/www.africa-press.net\/cameroun\/wp-json\/wp\/v2\/users\/82"}],"replies":[{"embeddable":true,"href":"https:\/\/www.africa-press.net\/cameroun\/wp-json\/wp\/v2\/comments?post=27782"}],"version-history":[{"count":0,"href":"https:\/\/www.africa-press.net\/cameroun\/wp-json\/wp\/v2\/posts\/27782\/revisions"}],"wp:featuredmedia":[{"embeddable":true,"href":"https:\/\/www.africa-press.net\/cameroun\/wp-json\/wp\/v2\/media\/27781"}],"wp:attachment":[{"href":"https:\/\/www.africa-press.net\/cameroun\/wp-json\/wp\/v2\/media?parent=27782"}],"wp:term":[{"taxonomy":"category","embeddable":true,"href":"https:\/\/www.africa-press.net\/cameroun\/wp-json\/wp\/v2\/categories?post=27782"},{"taxonomy":"post_tag","embeddable":true,"href":"https:\/\/www.africa-press.net\/cameroun\/wp-json\/wp\/v2\/tags?post=27782"}],"curies":[{"name":"wp","href":"https:\/\/api.w.org\/{rel}","templated":true}]}}