{"id":27785,"date":"2022-09-19T15:03:34","date_gmt":"2022-09-19T15:03:34","guid":{"rendered":"https:\/\/www.africa-press.net\/cameroun\/politique\/cameroun-linondation-envahit-des-quartiers-a-douala"},"modified":"2022-09-19T16:53:15","modified_gmt":"2022-09-19T16:53:15","slug":"cameroun-linondation-envahit-des-quartiers-a-douala","status":"publish","type":"post","link":"https:\/\/www.africa-press.net\/cameroun\/toutes-les-actualites\/cameroun-linondation-envahit-des-quartiers-a-douala","title":{"rendered":"Cameroun : l\u2019inondation envahit des quartiers \u00e0 Douala"},"content":{"rendered":"<p><span style=\"color: #ff6600\"><strong>Africa-Press &#8211; Cameroun. <\/strong><\/span><b>Les pluies qui s\u2019abattent sans arr\u00eat sur la capitale \u00e9conomique depuis le d\u00e9but du week-end dernier entrainent des inondations dans certains quartiers.<\/b><\/p>\n<p>Les pluies sont de retour \u00e0 Douala depuis quelque temps. De fortes pr\u00e9cipitations s\u2019encha\u00eenent et les eaux remontent \u00e0 la surface et mena\u00e7ant d\u2019engloutir les habitations dans certains quartiers. \u00ab <b>C\u2019est tr\u00e8s grave, il pleut des cordes depuis hier \u00bb. \u00ab J\u2019ai accompagn\u00e9 les enfants \u00e0 l\u2019\u00e9cole ce matin sous la pluie \u00bb. \u00ab C\u2019est une surprise, il fait frais dans mon quartier, il peut depuis vendredi sans arr\u00eat \u00bb. \u00ab Ndokpassi est dans l\u2019eau<\/b> \u00bb. Ce sont quelques r\u00e9actions des habitants de la capitale \u00e9conomique du pays interrog\u00e9s cette fin de matin\u00e9e.<\/p>\n<p>Selon eux, les d\u00e9placements sont devenus difficiles dans la ville en raison des pluies. Elles ont aggrav\u00e9 la situation l\u00e0 o\u00f9 les rues sont en mauvais \u00e9tat. \u00ab <b>Le tron\u00e7on PK 14-Ndokotti est en tr\u00e8s mauvais \u00e9tat. Il y des marres d\u2019eau en chemin et les taxis ont de la m\u00eame \u00e0 \u00e9voluer. Avec ces pluies diluviennes, nous sommes comme coinc\u00e9s <\/b>\u00bb. Du coup, les tarifs de transport ont grimp\u00e9s parce que les taxis et mototaxis disent qu\u2019ils \u00ab se noyer l\u00e0-bas \u00bb, r\u00e9v\u00e8le un habitant.<\/p>\n<p>\u00ab <b>En temps normal, \u00e0 cause de de la d\u00e9gradation de la rue, de PK-14 \u00e0 PK 12 c\u2019est 200 FCFA et PK-Ndokotti c\u2019est 500 FCFA pour une distance d\u2019environ 7km. Mais en raison des pluies, le nombre de marres d\u2019eau augmente, le volume d\u2019eau aussi. Le taxi exige 700 FCFA. Les motos taxis demandent au moins 1 000 FCFA<\/b> \u00bb, lance une habitante, qui pr\u00e9cise \u00eatre \u00e0 Sitabac PK 13 sur le chemin de Ndokotti, recouverte de manteau, les bottes aux pieds.<\/p>\n<p>La situation est plus grave dans d\u2019autres parties de la ville. Au quartier Ndogpassi, un lanceur d\u2019alerte a partag\u00e9 sur les r\u00e9seaux sociaux ce lundi, une vid\u00e9o d\u2019une vingtaine de minutes. Intitul\u00e9e \u00ab <b>le d\u00e9luge emporte le quartier Ndogpassi \u00e0 Douala <\/b>\u00bb. Elle montre certains endroits du quartier o\u00f9 les rues et b\u00e2tisses sont immerg\u00e9es dans l\u2019eau, alors que la pluie continue de tomber. Le niveau d\u2019eau risque ainsi de monter davantage si le ciel ne se montre pas cl\u00e9ment.<\/p>\n<div style=\"width: 640px;\" class=\"wp-video\"><!--[if lt IE 9]><script>document.createElement('video');<\/script><![endif]-->\n<video class=\"wp-video-shortcode\" id=\"video-27785-1\" width=\"640\" height=\"360\" preload=\"metadata\" controls=\"controls\"><source type=\"video\/mp4\" src=\"https:\/\/www.journalducameroun.com\/wp-content\/uploads\/2022\/09\/INONDATIONS-A-DOUALA-ZUI-MANTO.mp4?_=1\" \/><a href=\"https:\/\/www.journalducameroun.com\/wp-content\/uploads\/2022\/09\/INONDATIONS-A-DOUALA-ZUI-MANTO.mp4\">https:\/\/www.journalducameroun.com\/wp-content\/uploads\/2022\/09\/INONDATIONS-A-DOUALA-ZUI-MANTO.mp4<\/a><\/video><\/div>\n<p><strong>Pour plus d&rsquo;informations et d&rsquo;analyses sur la <a href=\"https:\/\/www.africa-press.net\/cameroun\">Cameroun<\/a>, suivez <a href=\"https:\/\/www.africa-press.net\/\">Africa-Press<\/a><\/strong><\/p>\n","protected":false},"excerpt":{"rendered":"<p>Africa-Press &#8211; Cameroun. Les pluies qui s\u2019abattent sans arr\u00eat sur la capitale \u00e9conomique depuis le d\u00e9but du week-end dernier entrainent des inondations dans certains quartiers. Les pluies sont de retour \u00e0 Douala depuis quelque temps. De fortes pr\u00e9cipitations s\u2019encha\u00eenent et les eaux remontent \u00e0 la surface et mena\u00e7ant d\u2019engloutir les habitations dans certains quartiers. \u00ab [&hellip;]<\/p>\n","protected":false},"author":82,"featured_media":27784,"comment_status":"open","ping_status":"closed","sticky":false,"template":"","format":"standard","meta":{"footnotes":""},"categories":[21,11,10],"tags":[36,50,49],"class_list":["post-27785","post","type-post","status-publish","format-standard","has-post-thumbnail","hentry","category-communaute","category-homepage-french","category-toutes-les-actualites","tag-africa-press","tag-africa-press-cameroun","tag-cameroun"],"yoast_head":"<!-- This site is optimized with the Yoast SEO Premium plugin v26.1 (Yoast SEO v27.0) - https:\/\/yoast.com\/product\/yoast-seo-premium-wordpress\/ -->\n<title>Cameroun : l\u2019inondation envahit des quartiers \u00e0 Douala - Cameroun<\/title>\n<meta name=\"description\" content=\"Les pluies qui s\u2019abattent sans arr\u00eat sur la capitale \u00e9conomique depuis le d\u00e9but du week-end dernier entrainent des in ...\" \/>\n<meta name=\"robots\" content=\"index, follow, max-snippet:-1, max-image-preview:large, max-video-preview:-1\" \/>\n<link rel=\"canonical\" href=\"https:\/\/www.africa-press.net\/cameroun\/toutes-les-actualites\/cameroun-linondation-envahit-des-quartiers-a-douala\" \/>\n<meta property=\"og:locale\" content=\"fr_FR\" \/>\n<meta property=\"og:type\" content=\"article\" \/>\n<meta property=\"og:title\" content=\"Cameroun : l\u2019inondation envahit des quartiers \u00e0 Douala\" \/>\n<meta property=\"og:description\" content=\"Les pluies qui s\u2019abattent sans arr\u00eat sur la capitale \u00e9conomique depuis le d\u00e9but du week-end dernier entrainent des in ...\" \/>\n<meta property=\"og:url\" content=\"https:\/\/www.africa-press.net\/cameroun\/toutes-les-actualites\/cameroun-linondation-envahit-des-quartiers-a-douala\" \/>\n<meta property=\"og:site_name\" content=\"Cameroun\" \/>\n<meta property=\"article:published_time\" content=\"2022-09-19T15:03:34+00:00\" \/>\n<meta property=\"article:modified_time\" content=\"2022-09-19T16:53:15+00:00\" \/>\n<meta property=\"og:image\" content=\"https:\/\/static.africa-press.net\/cameroun\/sites\/57\/2022\/09\/img-63289e44d99e6.jpg\" \/>\n\t<meta property=\"og:image:width\" content=\"960\" \/>\n\t<meta property=\"og:image:height\" content=\"720\" \/>\n\t<meta property=\"og:image:type\" content=\"image\/jpeg\" \/>\n<meta name=\"author\" content=\"cfeditorfr\" \/>\n<meta name=\"twitter:card\" content=\"summary_large_image\" \/>\n<meta name=\"twitter:label1\" content=\"\u00c9crit par\" \/>\n\t<meta name=\"twitter:data1\" content=\"cfeditorfr\" \/>\n\t<meta name=\"twitter:label2\" content=\"Dur\u00e9e de lecture estim\u00e9e\" \/>\n\t<meta name=\"twitter:data2\" content=\"2 minutes\" \/>\n<script type=\"application\/ld+json\" class=\"yoast-schema-graph\">{\"@context\":\"https:\/\/schema.org\",\"@graph\":[{\"@type\":\"Article\",\"@id\":\"https:\/\/www.africa-press.net\/cameroun\/toutes-les-actualites\/cameroun-linondation-envahit-des-quartiers-a-douala#article\",\"isPartOf\":{\"@id\":\"https:\/\/www.africa-press.net\/cameroun\/toutes-les-actualites\/cameroun-linondation-envahit-des-quartiers-a-douala\"},\"author\":{\"name\":\"cfeditorfr\",\"@id\":\"https:\/\/www.africa-press.net\/cameroun\/#\/schema\/person\/2b1cf3cd81a31e3cd26889ca66d677f1\"},\"headline\":\"Cameroun : l\u2019inondation envahit des quartiers \u00e0 Douala\",\"datePublished\":\"2022-09-19T15:03:34+00:00\",\"dateModified\":\"2022-09-19T16:53:15+00:00\",\"mainEntityOfPage\":{\"@id\":\"https:\/\/www.africa-press.net\/cameroun\/toutes-les-actualites\/cameroun-linondation-envahit-des-quartiers-a-douala\"},\"wordCount\":411,\"commentCount\":0,\"image\":{\"@id\":\"https:\/\/www.africa-press.net\/cameroun\/toutes-les-actualites\/cameroun-linondation-envahit-des-quartiers-a-douala#primaryimage\"},\"thumbnailUrl\":\"https:\/\/static.africa-press.net\/cameroun\/sites\/57\/2022\/09\/img-63289e44d99e6.jpg\",\"keywords\":[\"Africa Press\",\"Africa Press-Cameroun\",\"Cameroun\"],\"articleSection\":[\"Communaut\u00e9\",\"homepage-french\",\"Toutes les actualit\u00e9s\"],\"inLanguage\":\"fr-FR\",\"potentialAction\":[{\"@type\":\"CommentAction\",\"name\":\"Comment\",\"target\":[\"https:\/\/www.africa-press.net\/cameroun\/toutes-les-actualites\/cameroun-linondation-envahit-des-quartiers-a-douala#respond\"]}]},{\"@type\":\"WebPage\",\"@id\":\"https:\/\/www.africa-press.net\/cameroun\/toutes-les-actualites\/cameroun-linondation-envahit-des-quartiers-a-douala\",\"url\":\"https:\/\/www.africa-press.net\/cameroun\/toutes-les-actualites\/cameroun-linondation-envahit-des-quartiers-a-douala\",\"name\":\"Cameroun : l\u2019inondation envahit des quartiers \u00e0 Douala - Cameroun\",\"isPartOf\":{\"@id\":\"https:\/\/www.africa-press.net\/cameroun\/#website\"},\"primaryImageOfPage\":{\"@id\":\"https:\/\/www.africa-press.net\/cameroun\/toutes-les-actualites\/cameroun-linondation-envahit-des-quartiers-a-douala#primaryimage\"},\"image\":{\"@id\":\"https:\/\/www.africa-press.net\/cameroun\/toutes-les-actualites\/cameroun-linondation-envahit-des-quartiers-a-douala#primaryimage\"},\"thumbnailUrl\":\"https:\/\/static.africa-press.net\/cameroun\/sites\/57\/2022\/09\/img-63289e44d99e6.jpg\",\"datePublished\":\"2022-09-19T15:03:34+00:00\",\"dateModified\":\"2022-09-19T16:53:15+00:00\",\"author\":{\"@id\":\"https:\/\/www.africa-press.net\/cameroun\/#\/schema\/person\/2b1cf3cd81a31e3cd26889ca66d677f1\"},\"description\":\"Les pluies qui s\u2019abattent sans arr\u00eat sur la capitale \u00e9conomique depuis le d\u00e9but du week-end dernier entrainent des in ...\",\"breadcrumb\":{\"@id\":\"https:\/\/www.africa-press.net\/cameroun\/toutes-les-actualites\/cameroun-linondation-envahit-des-quartiers-a-douala#breadcrumb\"},\"inLanguage\":\"fr-FR\",\"potentialAction\":[{\"@type\":\"ReadAction\",\"target\":[\"https:\/\/www.africa-press.net\/cameroun\/toutes-les-actualites\/cameroun-linondation-envahit-des-quartiers-a-douala\"]}]},{\"@type\":\"ImageObject\",\"inLanguage\":\"fr-FR\",\"@id\":\"https:\/\/www.africa-press.net\/cameroun\/toutes-les-actualites\/cameroun-linondation-envahit-des-quartiers-a-douala#primaryimage\",\"url\":\"https:\/\/static.africa-press.net\/cameroun\/sites\/57\/2022\/09\/img-63289e44d99e6.jpg\",\"contentUrl\":\"https:\/\/static.africa-press.net\/cameroun\/sites\/57\/2022\/09\/img-63289e44d99e6.jpg\",\"width\":960,\"height\":720,\"caption\":\"Cameroun : l\u2019inondation envahit des quartiers \u00e0 Douala\"},{\"@type\":\"BreadcrumbList\",\"@id\":\"https:\/\/www.africa-press.net\/cameroun\/toutes-les-actualites\/cameroun-linondation-envahit-des-quartiers-a-douala#breadcrumb\",\"itemListElement\":[{\"@type\":\"ListItem\",\"position\":1,\"name\":\"Accueil\",\"item\":\"https:\/\/www.africa-press.net\/cameroun\/\"},{\"@type\":\"ListItem\",\"position\":2,\"name\":\"Cameroun : l\u2019inondation envahit des quartiers \u00e0 Douala\"}]},{\"@type\":\"WebSite\",\"@id\":\"https:\/\/www.africa-press.net\/cameroun\/#website\",\"url\":\"https:\/\/www.africa-press.net\/cameroun\/\",\"name\":\"Cameroun\",\"description\":\"Just another Africa News Agency Sites site\",\"potentialAction\":[{\"@type\":\"SearchAction\",\"target\":{\"@type\":\"EntryPoint\",\"urlTemplate\":\"https:\/\/www.africa-press.net\/cameroun\/?s={search_term_string}\"},\"query-input\":{\"@type\":\"PropertyValueSpecification\",\"valueRequired\":true,\"valueName\":\"search_term_string\"}}],\"inLanguage\":\"fr-FR\"},{\"@type\":\"Person\",\"@id\":\"https:\/\/www.africa-press.net\/cameroun\/#\/schema\/person\/2b1cf3cd81a31e3cd26889ca66d677f1\",\"name\":\"cfeditorfr\"}]}<\/script>\n<!-- \/ Yoast SEO Premium plugin. -->","yoast_head_json":{"title":"Cameroun : l\u2019inondation envahit des quartiers \u00e0 Douala - Cameroun","description":"Les pluies qui s\u2019abattent sans arr\u00eat sur la capitale \u00e9conomique depuis le d\u00e9but du week-end dernier entrainent des in ...","robots":{"index":"index","follow":"follow","max-snippet":"max-snippet:-1","max-image-preview":"max-image-preview:large","max-video-preview":"max-video-preview:-1"},"canonical":"https:\/\/www.africa-press.net\/cameroun\/toutes-les-actualites\/cameroun-linondation-envahit-des-quartiers-a-douala","og_locale":"fr_FR","og_type":"article","og_title":"Cameroun : l\u2019inondation envahit des quartiers \u00e0 Douala","og_description":"Les pluies qui s\u2019abattent sans arr\u00eat sur la capitale \u00e9conomique depuis le d\u00e9but du week-end dernier entrainent des in ...","og_url":"https:\/\/www.africa-press.net\/cameroun\/toutes-les-actualites\/cameroun-linondation-envahit-des-quartiers-a-douala","og_site_name":"Cameroun","article_published_time":"2022-09-19T15:03:34+00:00","article_modified_time":"2022-09-19T16:53:15+00:00","og_image":[{"width":960,"height":720,"url":"https:\/\/static.africa-press.net\/cameroun\/sites\/57\/2022\/09\/img-63289e44d99e6.jpg","type":"image\/jpeg"}],"author":"cfeditorfr","twitter_card":"summary_large_image","twitter_misc":{"\u00c9crit par":"cfeditorfr","Dur\u00e9e de lecture estim\u00e9e":"2 minutes"},"schema":{"@context":"https:\/\/schema.org","@graph":[{"@type":"Article","@id":"https:\/\/www.africa-press.net\/cameroun\/toutes-les-actualites\/cameroun-linondation-envahit-des-quartiers-a-douala#article","isPartOf":{"@id":"https:\/\/www.africa-press.net\/cameroun\/toutes-les-actualites\/cameroun-linondation-envahit-des-quartiers-a-douala"},"author":{"name":"cfeditorfr","@id":"https:\/\/www.africa-press.net\/cameroun\/#\/schema\/person\/2b1cf3cd81a31e3cd26889ca66d677f1"},"headline":"Cameroun : l\u2019inondation envahit des quartiers \u00e0 Douala","datePublished":"2022-09-19T15:03:34+00:00","dateModified":"2022-09-19T16:53:15+00:00","mainEntityOfPage":{"@id":"https:\/\/www.africa-press.net\/cameroun\/toutes-les-actualites\/cameroun-linondation-envahit-des-quartiers-a-douala"},"wordCount":411,"commentCount":0,"image":{"@id":"https:\/\/www.africa-press.net\/cameroun\/toutes-les-actualites\/cameroun-linondation-envahit-des-quartiers-a-douala#primaryimage"},"thumbnailUrl":"https:\/\/static.africa-press.net\/cameroun\/sites\/57\/2022\/09\/img-63289e44d99e6.jpg","keywords":["Africa Press","Africa Press-Cameroun","Cameroun"],"articleSection":["Communaut\u00e9","homepage-french","Toutes les actualit\u00e9s"],"inLanguage":"fr-FR","potentialAction":[{"@type":"CommentAction","name":"Comment","target":["https:\/\/www.africa-press.net\/cameroun\/toutes-les-actualites\/cameroun-linondation-envahit-des-quartiers-a-douala#respond"]}]},{"@type":"WebPage","@id":"https:\/\/www.africa-press.net\/cameroun\/toutes-les-actualites\/cameroun-linondation-envahit-des-quartiers-a-douala","url":"https:\/\/www.africa-press.net\/cameroun\/toutes-les-actualites\/cameroun-linondation-envahit-des-quartiers-a-douala","name":"Cameroun : l\u2019inondation envahit des quartiers \u00e0 Douala - Cameroun","isPartOf":{"@id":"https:\/\/www.africa-press.net\/cameroun\/#website"},"primaryImageOfPage":{"@id":"https:\/\/www.africa-press.net\/cameroun\/toutes-les-actualites\/cameroun-linondation-envahit-des-quartiers-a-douala#primaryimage"},"image":{"@id":"https:\/\/www.africa-press.net\/cameroun\/toutes-les-actualites\/cameroun-linondation-envahit-des-quartiers-a-douala#primaryimage"},"thumbnailUrl":"https:\/\/static.africa-press.net\/cameroun\/sites\/57\/2022\/09\/img-63289e44d99e6.jpg","datePublished":"2022-09-19T15:03:34+00:00","dateModified":"2022-09-19T16:53:15+00:00","author":{"@id":"https:\/\/www.africa-press.net\/cameroun\/#\/schema\/person\/2b1cf3cd81a31e3cd26889ca66d677f1"},"description":"Les pluies qui s\u2019abattent sans arr\u00eat sur la capitale \u00e9conomique depuis le d\u00e9but du week-end dernier entrainent des in ...","breadcrumb":{"@id":"https:\/\/www.africa-press.net\/cameroun\/toutes-les-actualites\/cameroun-linondation-envahit-des-quartiers-a-douala#breadcrumb"},"inLanguage":"fr-FR","potentialAction":[{"@type":"ReadAction","target":["https:\/\/www.africa-press.net\/cameroun\/toutes-les-actualites\/cameroun-linondation-envahit-des-quartiers-a-douala"]}]},{"@type":"ImageObject","inLanguage":"fr-FR","@id":"https:\/\/www.africa-press.net\/cameroun\/toutes-les-actualites\/cameroun-linondation-envahit-des-quartiers-a-douala#primaryimage","url":"https:\/\/static.africa-press.net\/cameroun\/sites\/57\/2022\/09\/img-63289e44d99e6.jpg","contentUrl":"https:\/\/static.africa-press.net\/cameroun\/sites\/57\/2022\/09\/img-63289e44d99e6.jpg","width":960,"height":720,"caption":"Cameroun : l\u2019inondation envahit des quartiers \u00e0 Douala"},{"@type":"BreadcrumbList","@id":"https:\/\/www.africa-press.net\/cameroun\/toutes-les-actualites\/cameroun-linondation-envahit-des-quartiers-a-douala#breadcrumb","itemListElement":[{"@type":"ListItem","position":1,"name":"Accueil","item":"https:\/\/www.africa-press.net\/cameroun\/"},{"@type":"ListItem","position":2,"name":"Cameroun : l\u2019inondation envahit des quartiers \u00e0 Douala"}]},{"@type":"WebSite","@id":"https:\/\/www.africa-press.net\/cameroun\/#website","url":"https:\/\/www.africa-press.net\/cameroun\/","name":"Cameroun","description":"Just another Africa News Agency Sites site","potentialAction":[{"@type":"SearchAction","target":{"@type":"EntryPoint","urlTemplate":"https:\/\/www.africa-press.net\/cameroun\/?s={search_term_string}"},"query-input":{"@type":"PropertyValueSpecification","valueRequired":true,"valueName":"search_term_string"}}],"inLanguage":"fr-FR"},{"@type":"Person","@id":"https:\/\/www.africa-press.net\/cameroun\/#\/schema\/person\/2b1cf3cd81a31e3cd26889ca66d677f1","name":"cfeditorfr"}]}},"_links":{"self":[{"href":"https:\/\/www.africa-press.net\/cameroun\/wp-json\/wp\/v2\/posts\/27785","targetHints":{"allow":["GET"]}}],"collection":[{"href":"https:\/\/www.africa-press.net\/cameroun\/wp-json\/wp\/v2\/posts"}],"about":[{"href":"https:\/\/www.africa-press.net\/cameroun\/wp-json\/wp\/v2\/types\/post"}],"author":[{"embeddable":true,"href":"https:\/\/www.africa-press.net\/cameroun\/wp-json\/wp\/v2\/users\/82"}],"replies":[{"embeddable":true,"href":"https:\/\/www.africa-press.net\/cameroun\/wp-json\/wp\/v2\/comments?post=27785"}],"version-history":[{"count":0,"href":"https:\/\/www.africa-press.net\/cameroun\/wp-json\/wp\/v2\/posts\/27785\/revisions"}],"wp:featuredmedia":[{"embeddable":true,"href":"https:\/\/www.africa-press.net\/cameroun\/wp-json\/wp\/v2\/media\/27784"}],"wp:attachment":[{"href":"https:\/\/www.africa-press.net\/cameroun\/wp-json\/wp\/v2\/media?parent=27785"}],"wp:term":[{"taxonomy":"category","embeddable":true,"href":"https:\/\/www.africa-press.net\/cameroun\/wp-json\/wp\/v2\/categories?post=27785"},{"taxonomy":"post_tag","embeddable":true,"href":"https:\/\/www.africa-press.net\/cameroun\/wp-json\/wp\/v2\/tags?post=27785"}],"curies":[{"name":"wp","href":"https:\/\/api.w.org\/{rel}","templated":true}]}}