{"id":27791,"date":"2022-09-19T15:19:34","date_gmt":"2022-09-19T15:19:34","guid":{"rendered":"https:\/\/www.africa-press.net\/cameroun\/politique\/cameroun-crise-anglophone-enlevement-de-cinq-pretres-une-religieuse-et-deux-fideles"},"modified":"2022-09-19T16:55:14","modified_gmt":"2022-09-19T16:55:14","slug":"cameroun-crise-anglophone-enlevement-de-cinq-pretres-une-religieuse-et-deux-fideles","status":"publish","type":"post","link":"https:\/\/www.africa-press.net\/cameroun\/toutes-les-actualites\/cameroun-crise-anglophone-enlevement-de-cinq-pretres-une-religieuse-et-deux-fideles","title":{"rendered":"Cameroun-crise anglophone : enl\u00e8vement de cinq pr\u00eatres, une religieuse et deux fid\u00e8les"},"content":{"rendered":"<p><span style=\"color: #ff6600\"><strong>Africa-Press &#8211; Cameroun. <\/strong><\/span><b>La d\u00e9claration est de monseigneur Andrew Nkea, archev\u00eaque m\u00e9tropolitain de Bamenda et pr\u00e9sident de la Conf\u00e9rence \u00e9piscopale nationale du Cameroun.<\/b><\/p>\n<p>Huit chr\u00e9tiens sont entre les mains les ravisseurs depuis quelques jours dans la r\u00e9gion du Sud-Ouest. Il s\u2019agit de cinq pr\u00eatres, une religieuse et deux la\u00efcs, tous de la paroisse saint Mery de Nchang, situ\u00e9e dans l\u2019arrondissement de Mamf\u00e9, d\u00e9partement de la Manyu. L\u2019enl\u00e8vement a \u00e9t\u00e9 perp\u00e9tr\u00e9 le vendredi 16 septembre 2022. L\u2019\u00e9glise catholique romaine a fait l\u2019annonce dimanche 18 septembre 2022.<\/p>\n<p>Selon la Conf\u00e9rence \u00e9piscopale nationale, \u00ab <b>l\u2019\u00e9glise saint Mery de Nchang a \u00e9t\u00e9 incendi\u00e9e par des inconnus et cinq pr\u00eatres, une religieuse et deux fid\u00e8les ont \u00e9t\u00e9 kidnapp\u00e9s<\/b> \u00bb. Dans cette d\u00e9claration sign\u00e9e de Mgr Andrew Nkea, aucun d\u00e9tail n\u2019apparait concernant les circonstances encore moins les ravisseurs. L\u2019\u00e9glise pr\u00e9cise tout de m\u00eame que c\u2019est la premi\u00e8re fois qu\u2019un enl\u00e8vement d\u2019une telle gravit\u00e9 survient en son sein dans le cadre de la crise anglophone qui a d\u00e9clench\u00e9 en 2016. Aussi, elle indique que les ravisseurs n\u2019ont donn\u00e9 aucune raison justifiant leur acte.<\/p>\n<p>Cependant, depuis l\u2019enlisement de la crise s\u00e9curitaire, les \u00e9tablissements scolaires, les autorit\u00e9s administratives ainsi que les \u00e9glises sont vis\u00e9s par les combattants s\u00e9paratistes. Ceux-ci ont intim\u00e9 l\u2019ordre de fermer les \u00e9tablissements scolaires dans les deux r\u00e9gions depuis au moins cinq ans. Ils ont proc\u00e9d\u00e9 \u00e0 l\u2019enl\u00e8vement des \u00e9l\u00e8ves, enseignants, personnel des services administratifs de l\u2019Etat, quand ils n\u2019ont pas assassin\u00e9 ces derniers. Pour le cas des enl\u00e8vements, ils demandent la ran\u00e7on en contrepartie de la lib\u00e9ration des otages.<\/p>\n<p>Pour l\u2019\u00e9glise catholique, cet enl\u00e8vement est la premi\u00e8re d\u2019une telle envergure survenu en son sein. Le 29 ao\u00fbt 2021, Mgr Julius Agbortoko vicaire g\u00e9n\u00e9ral du dioc\u00e8se de Mamf\u00e9 est enlev\u00e9 par des hommes arm\u00e9s. Le 05 novembre 2020, les s\u00e9paratiste kidnappent le cardinal Christian Tumi de regrett\u00e9 m\u00e9moire aux alentours de 18h. La sc\u00e8ne se d\u00e9roule \u00e0 Baba sur la route reliant Bamenda \u00e0 Koumbo dans la r\u00e9gion du Nord-Ouest. Ils lui rendent la libert\u00e9 le vendredi 6 novembre de la m\u00eame ann\u00e9e.<\/p>\n<p><strong>Pour plus d&rsquo;informations et d&rsquo;analyses sur la <a href=\"https:\/\/www.africa-press.net\/cameroun\">Cameroun<\/a>, suivez <a href=\"https:\/\/www.africa-press.net\/\">Africa-Press<\/a><\/strong><\/p>\n","protected":false},"excerpt":{"rendered":"<p>Africa-Press &#8211; Cameroun. La d\u00e9claration est de monseigneur Andrew Nkea, archev\u00eaque m\u00e9tropolitain de Bamenda et pr\u00e9sident de la Conf\u00e9rence \u00e9piscopale nationale du Cameroun. Huit chr\u00e9tiens sont entre les mains les ravisseurs depuis quelques jours dans la r\u00e9gion du Sud-Ouest. Il s\u2019agit de cinq pr\u00eatres, une religieuse et deux la\u00efcs, tous de la paroisse saint Mery [&hellip;]<\/p>\n","protected":false},"author":82,"featured_media":27790,"comment_status":"open","ping_status":"closed","sticky":false,"template":"","format":"standard","meta":{"footnotes":""},"categories":[21,11,10],"tags":[36,50,49],"class_list":["post-27791","post","type-post","status-publish","format-standard","has-post-thumbnail","hentry","category-communaute","category-homepage-french","category-toutes-les-actualites","tag-africa-press","tag-africa-press-cameroun","tag-cameroun"],"yoast_head":"<!-- This site is optimized with the Yoast SEO Premium plugin v26.1 (Yoast SEO v27.0) - https:\/\/yoast.com\/product\/yoast-seo-premium-wordpress\/ -->\n<title>Cameroun-crise anglophone : enl\u00e8vement de cinq pr\u00eatres, une religieuse et deux fid\u00e8les - Cameroun<\/title>\n<meta name=\"description\" content=\"La d\u00e9claration est de monseigneur Andrew Nkea, archev\u00eaque m\u00e9tropolitain de Bamenda et pr\u00e9sident de la Conf\u00e9rence \u00e9pis ...\" \/>\n<meta name=\"robots\" content=\"index, follow, max-snippet:-1, max-image-preview:large, max-video-preview:-1\" \/>\n<link rel=\"canonical\" href=\"https:\/\/www.africa-press.net\/cameroun\/toutes-les-actualites\/cameroun-crise-anglophone-enlevement-de-cinq-pretres-une-religieuse-et-deux-fideles\" \/>\n<meta property=\"og:locale\" content=\"fr_FR\" \/>\n<meta property=\"og:type\" content=\"article\" \/>\n<meta property=\"og:title\" content=\"Cameroun-crise anglophone : enl\u00e8vement de cinq pr\u00eatres, une religieuse et deux fid\u00e8les\" \/>\n<meta property=\"og:description\" content=\"La d\u00e9claration est de monseigneur Andrew Nkea, archev\u00eaque m\u00e9tropolitain de Bamenda et pr\u00e9sident de la Conf\u00e9rence \u00e9pis ...\" \/>\n<meta property=\"og:url\" content=\"https:\/\/www.africa-press.net\/cameroun\/toutes-les-actualites\/cameroun-crise-anglophone-enlevement-de-cinq-pretres-une-religieuse-et-deux-fideles\" \/>\n<meta property=\"og:site_name\" content=\"Cameroun\" \/>\n<meta property=\"article:published_time\" content=\"2022-09-19T15:19:34+00:00\" \/>\n<meta property=\"article:modified_time\" content=\"2022-09-19T16:55:14+00:00\" \/>\n<meta property=\"og:image\" content=\"https:\/\/static.africa-press.net\/cameroun\/sites\/57\/2022\/09\/img-63289ebbccc39.jpg\" \/>\n\t<meta property=\"og:image:width\" content=\"720\" \/>\n\t<meta property=\"og:image:height\" content=\"440\" \/>\n\t<meta property=\"og:image:type\" content=\"image\/jpeg\" \/>\n<meta name=\"author\" content=\"cfeditorfr\" \/>\n<meta name=\"twitter:card\" content=\"summary_large_image\" \/>\n<meta name=\"twitter:label1\" content=\"\u00c9crit par\" \/>\n\t<meta name=\"twitter:data1\" content=\"cfeditorfr\" \/>\n\t<meta name=\"twitter:label2\" content=\"Dur\u00e9e de lecture estim\u00e9e\" \/>\n\t<meta name=\"twitter:data2\" content=\"2 minutes\" \/>\n<script type=\"application\/ld+json\" class=\"yoast-schema-graph\">{\"@context\":\"https:\/\/schema.org\",\"@graph\":[{\"@type\":\"Article\",\"@id\":\"https:\/\/www.africa-press.net\/cameroun\/toutes-les-actualites\/cameroun-crise-anglophone-enlevement-de-cinq-pretres-une-religieuse-et-deux-fideles#article\",\"isPartOf\":{\"@id\":\"https:\/\/www.africa-press.net\/cameroun\/toutes-les-actualites\/cameroun-crise-anglophone-enlevement-de-cinq-pretres-une-religieuse-et-deux-fideles\"},\"author\":{\"name\":\"cfeditorfr\",\"@id\":\"https:\/\/www.africa-press.net\/cameroun\/#\/schema\/person\/2b1cf3cd81a31e3cd26889ca66d677f1\"},\"headline\":\"Cameroun-crise anglophone : enl\u00e8vement de cinq pr\u00eatres, une religieuse et deux fid\u00e8les\",\"datePublished\":\"2022-09-19T15:19:34+00:00\",\"dateModified\":\"2022-09-19T16:55:14+00:00\",\"mainEntityOfPage\":{\"@id\":\"https:\/\/www.africa-press.net\/cameroun\/toutes-les-actualites\/cameroun-crise-anglophone-enlevement-de-cinq-pretres-une-religieuse-et-deux-fideles\"},\"wordCount\":418,\"commentCount\":0,\"image\":{\"@id\":\"https:\/\/www.africa-press.net\/cameroun\/toutes-les-actualites\/cameroun-crise-anglophone-enlevement-de-cinq-pretres-une-religieuse-et-deux-fideles#primaryimage\"},\"thumbnailUrl\":\"https:\/\/static.africa-press.net\/cameroun\/sites\/57\/2022\/09\/img-63289ebbccc39.jpg\",\"keywords\":[\"Africa Press\",\"Africa Press-Cameroun\",\"Cameroun\"],\"articleSection\":[\"Communaut\u00e9\",\"homepage-french\",\"Toutes les actualit\u00e9s\"],\"inLanguage\":\"fr-FR\",\"potentialAction\":[{\"@type\":\"CommentAction\",\"name\":\"Comment\",\"target\":[\"https:\/\/www.africa-press.net\/cameroun\/toutes-les-actualites\/cameroun-crise-anglophone-enlevement-de-cinq-pretres-une-religieuse-et-deux-fideles#respond\"]}]},{\"@type\":\"WebPage\",\"@id\":\"https:\/\/www.africa-press.net\/cameroun\/toutes-les-actualites\/cameroun-crise-anglophone-enlevement-de-cinq-pretres-une-religieuse-et-deux-fideles\",\"url\":\"https:\/\/www.africa-press.net\/cameroun\/toutes-les-actualites\/cameroun-crise-anglophone-enlevement-de-cinq-pretres-une-religieuse-et-deux-fideles\",\"name\":\"Cameroun-crise anglophone : enl\u00e8vement de cinq pr\u00eatres, une religieuse et deux fid\u00e8les - Cameroun\",\"isPartOf\":{\"@id\":\"https:\/\/www.africa-press.net\/cameroun\/#website\"},\"primaryImageOfPage\":{\"@id\":\"https:\/\/www.africa-press.net\/cameroun\/toutes-les-actualites\/cameroun-crise-anglophone-enlevement-de-cinq-pretres-une-religieuse-et-deux-fideles#primaryimage\"},\"image\":{\"@id\":\"https:\/\/www.africa-press.net\/cameroun\/toutes-les-actualites\/cameroun-crise-anglophone-enlevement-de-cinq-pretres-une-religieuse-et-deux-fideles#primaryimage\"},\"thumbnailUrl\":\"https:\/\/static.africa-press.net\/cameroun\/sites\/57\/2022\/09\/img-63289ebbccc39.jpg\",\"datePublished\":\"2022-09-19T15:19:34+00:00\",\"dateModified\":\"2022-09-19T16:55:14+00:00\",\"author\":{\"@id\":\"https:\/\/www.africa-press.net\/cameroun\/#\/schema\/person\/2b1cf3cd81a31e3cd26889ca66d677f1\"},\"description\":\"La d\u00e9claration est de monseigneur Andrew Nkea, archev\u00eaque m\u00e9tropolitain de Bamenda et pr\u00e9sident de la Conf\u00e9rence \u00e9pis ...\",\"breadcrumb\":{\"@id\":\"https:\/\/www.africa-press.net\/cameroun\/toutes-les-actualites\/cameroun-crise-anglophone-enlevement-de-cinq-pretres-une-religieuse-et-deux-fideles#breadcrumb\"},\"inLanguage\":\"fr-FR\",\"potentialAction\":[{\"@type\":\"ReadAction\",\"target\":[\"https:\/\/www.africa-press.net\/cameroun\/toutes-les-actualites\/cameroun-crise-anglophone-enlevement-de-cinq-pretres-une-religieuse-et-deux-fideles\"]}]},{\"@type\":\"ImageObject\",\"inLanguage\":\"fr-FR\",\"@id\":\"https:\/\/www.africa-press.net\/cameroun\/toutes-les-actualites\/cameroun-crise-anglophone-enlevement-de-cinq-pretres-une-religieuse-et-deux-fideles#primaryimage\",\"url\":\"https:\/\/static.africa-press.net\/cameroun\/sites\/57\/2022\/09\/img-63289ebbccc39.jpg\",\"contentUrl\":\"https:\/\/static.africa-press.net\/cameroun\/sites\/57\/2022\/09\/img-63289ebbccc39.jpg\",\"width\":720,\"height\":440,\"caption\":\"Cameroun-crise anglophone : enl\u00e8vement de cinq pr\u00eatres, une religieuse et deux fid\u00e8les\"},{\"@type\":\"BreadcrumbList\",\"@id\":\"https:\/\/www.africa-press.net\/cameroun\/toutes-les-actualites\/cameroun-crise-anglophone-enlevement-de-cinq-pretres-une-religieuse-et-deux-fideles#breadcrumb\",\"itemListElement\":[{\"@type\":\"ListItem\",\"position\":1,\"name\":\"Accueil\",\"item\":\"https:\/\/www.africa-press.net\/cameroun\/\"},{\"@type\":\"ListItem\",\"position\":2,\"name\":\"Cameroun-crise anglophone : enl\u00e8vement de cinq pr\u00eatres, une religieuse et deux fid\u00e8les\"}]},{\"@type\":\"WebSite\",\"@id\":\"https:\/\/www.africa-press.net\/cameroun\/#website\",\"url\":\"https:\/\/www.africa-press.net\/cameroun\/\",\"name\":\"Cameroun\",\"description\":\"Just another Africa News Agency Sites site\",\"potentialAction\":[{\"@type\":\"SearchAction\",\"target\":{\"@type\":\"EntryPoint\",\"urlTemplate\":\"https:\/\/www.africa-press.net\/cameroun\/?s={search_term_string}\"},\"query-input\":{\"@type\":\"PropertyValueSpecification\",\"valueRequired\":true,\"valueName\":\"search_term_string\"}}],\"inLanguage\":\"fr-FR\"},{\"@type\":\"Person\",\"@id\":\"https:\/\/www.africa-press.net\/cameroun\/#\/schema\/person\/2b1cf3cd81a31e3cd26889ca66d677f1\",\"name\":\"cfeditorfr\"}]}<\/script>\n<!-- \/ Yoast SEO Premium plugin. -->","yoast_head_json":{"title":"Cameroun-crise anglophone : enl\u00e8vement de cinq pr\u00eatres, une religieuse et deux fid\u00e8les - Cameroun","description":"La d\u00e9claration est de monseigneur Andrew Nkea, archev\u00eaque m\u00e9tropolitain de Bamenda et pr\u00e9sident de la Conf\u00e9rence \u00e9pis ...","robots":{"index":"index","follow":"follow","max-snippet":"max-snippet:-1","max-image-preview":"max-image-preview:large","max-video-preview":"max-video-preview:-1"},"canonical":"https:\/\/www.africa-press.net\/cameroun\/toutes-les-actualites\/cameroun-crise-anglophone-enlevement-de-cinq-pretres-une-religieuse-et-deux-fideles","og_locale":"fr_FR","og_type":"article","og_title":"Cameroun-crise anglophone : enl\u00e8vement de cinq pr\u00eatres, une religieuse et deux fid\u00e8les","og_description":"La d\u00e9claration est de monseigneur Andrew Nkea, archev\u00eaque m\u00e9tropolitain de Bamenda et pr\u00e9sident de la Conf\u00e9rence \u00e9pis ...","og_url":"https:\/\/www.africa-press.net\/cameroun\/toutes-les-actualites\/cameroun-crise-anglophone-enlevement-de-cinq-pretres-une-religieuse-et-deux-fideles","og_site_name":"Cameroun","article_published_time":"2022-09-19T15:19:34+00:00","article_modified_time":"2022-09-19T16:55:14+00:00","og_image":[{"width":720,"height":440,"url":"https:\/\/static.africa-press.net\/cameroun\/sites\/57\/2022\/09\/img-63289ebbccc39.jpg","type":"image\/jpeg"}],"author":"cfeditorfr","twitter_card":"summary_large_image","twitter_misc":{"\u00c9crit par":"cfeditorfr","Dur\u00e9e de lecture estim\u00e9e":"2 minutes"},"schema":{"@context":"https:\/\/schema.org","@graph":[{"@type":"Article","@id":"https:\/\/www.africa-press.net\/cameroun\/toutes-les-actualites\/cameroun-crise-anglophone-enlevement-de-cinq-pretres-une-religieuse-et-deux-fideles#article","isPartOf":{"@id":"https:\/\/www.africa-press.net\/cameroun\/toutes-les-actualites\/cameroun-crise-anglophone-enlevement-de-cinq-pretres-une-religieuse-et-deux-fideles"},"author":{"name":"cfeditorfr","@id":"https:\/\/www.africa-press.net\/cameroun\/#\/schema\/person\/2b1cf3cd81a31e3cd26889ca66d677f1"},"headline":"Cameroun-crise anglophone : enl\u00e8vement de cinq pr\u00eatres, une religieuse et deux fid\u00e8les","datePublished":"2022-09-19T15:19:34+00:00","dateModified":"2022-09-19T16:55:14+00:00","mainEntityOfPage":{"@id":"https:\/\/www.africa-press.net\/cameroun\/toutes-les-actualites\/cameroun-crise-anglophone-enlevement-de-cinq-pretres-une-religieuse-et-deux-fideles"},"wordCount":418,"commentCount":0,"image":{"@id":"https:\/\/www.africa-press.net\/cameroun\/toutes-les-actualites\/cameroun-crise-anglophone-enlevement-de-cinq-pretres-une-religieuse-et-deux-fideles#primaryimage"},"thumbnailUrl":"https:\/\/static.africa-press.net\/cameroun\/sites\/57\/2022\/09\/img-63289ebbccc39.jpg","keywords":["Africa Press","Africa Press-Cameroun","Cameroun"],"articleSection":["Communaut\u00e9","homepage-french","Toutes les actualit\u00e9s"],"inLanguage":"fr-FR","potentialAction":[{"@type":"CommentAction","name":"Comment","target":["https:\/\/www.africa-press.net\/cameroun\/toutes-les-actualites\/cameroun-crise-anglophone-enlevement-de-cinq-pretres-une-religieuse-et-deux-fideles#respond"]}]},{"@type":"WebPage","@id":"https:\/\/www.africa-press.net\/cameroun\/toutes-les-actualites\/cameroun-crise-anglophone-enlevement-de-cinq-pretres-une-religieuse-et-deux-fideles","url":"https:\/\/www.africa-press.net\/cameroun\/toutes-les-actualites\/cameroun-crise-anglophone-enlevement-de-cinq-pretres-une-religieuse-et-deux-fideles","name":"Cameroun-crise anglophone : enl\u00e8vement de cinq pr\u00eatres, une religieuse et deux fid\u00e8les - Cameroun","isPartOf":{"@id":"https:\/\/www.africa-press.net\/cameroun\/#website"},"primaryImageOfPage":{"@id":"https:\/\/www.africa-press.net\/cameroun\/toutes-les-actualites\/cameroun-crise-anglophone-enlevement-de-cinq-pretres-une-religieuse-et-deux-fideles#primaryimage"},"image":{"@id":"https:\/\/www.africa-press.net\/cameroun\/toutes-les-actualites\/cameroun-crise-anglophone-enlevement-de-cinq-pretres-une-religieuse-et-deux-fideles#primaryimage"},"thumbnailUrl":"https:\/\/static.africa-press.net\/cameroun\/sites\/57\/2022\/09\/img-63289ebbccc39.jpg","datePublished":"2022-09-19T15:19:34+00:00","dateModified":"2022-09-19T16:55:14+00:00","author":{"@id":"https:\/\/www.africa-press.net\/cameroun\/#\/schema\/person\/2b1cf3cd81a31e3cd26889ca66d677f1"},"description":"La d\u00e9claration est de monseigneur Andrew Nkea, archev\u00eaque m\u00e9tropolitain de Bamenda et pr\u00e9sident de la Conf\u00e9rence \u00e9pis ...","breadcrumb":{"@id":"https:\/\/www.africa-press.net\/cameroun\/toutes-les-actualites\/cameroun-crise-anglophone-enlevement-de-cinq-pretres-une-religieuse-et-deux-fideles#breadcrumb"},"inLanguage":"fr-FR","potentialAction":[{"@type":"ReadAction","target":["https:\/\/www.africa-press.net\/cameroun\/toutes-les-actualites\/cameroun-crise-anglophone-enlevement-de-cinq-pretres-une-religieuse-et-deux-fideles"]}]},{"@type":"ImageObject","inLanguage":"fr-FR","@id":"https:\/\/www.africa-press.net\/cameroun\/toutes-les-actualites\/cameroun-crise-anglophone-enlevement-de-cinq-pretres-une-religieuse-et-deux-fideles#primaryimage","url":"https:\/\/static.africa-press.net\/cameroun\/sites\/57\/2022\/09\/img-63289ebbccc39.jpg","contentUrl":"https:\/\/static.africa-press.net\/cameroun\/sites\/57\/2022\/09\/img-63289ebbccc39.jpg","width":720,"height":440,"caption":"Cameroun-crise anglophone : enl\u00e8vement de cinq pr\u00eatres, une religieuse et deux fid\u00e8les"},{"@type":"BreadcrumbList","@id":"https:\/\/www.africa-press.net\/cameroun\/toutes-les-actualites\/cameroun-crise-anglophone-enlevement-de-cinq-pretres-une-religieuse-et-deux-fideles#breadcrumb","itemListElement":[{"@type":"ListItem","position":1,"name":"Accueil","item":"https:\/\/www.africa-press.net\/cameroun\/"},{"@type":"ListItem","position":2,"name":"Cameroun-crise anglophone : enl\u00e8vement de cinq pr\u00eatres, une religieuse et deux fid\u00e8les"}]},{"@type":"WebSite","@id":"https:\/\/www.africa-press.net\/cameroun\/#website","url":"https:\/\/www.africa-press.net\/cameroun\/","name":"Cameroun","description":"Just another Africa News Agency Sites site","potentialAction":[{"@type":"SearchAction","target":{"@type":"EntryPoint","urlTemplate":"https:\/\/www.africa-press.net\/cameroun\/?s={search_term_string}"},"query-input":{"@type":"PropertyValueSpecification","valueRequired":true,"valueName":"search_term_string"}}],"inLanguage":"fr-FR"},{"@type":"Person","@id":"https:\/\/www.africa-press.net\/cameroun\/#\/schema\/person\/2b1cf3cd81a31e3cd26889ca66d677f1","name":"cfeditorfr"}]}},"_links":{"self":[{"href":"https:\/\/www.africa-press.net\/cameroun\/wp-json\/wp\/v2\/posts\/27791","targetHints":{"allow":["GET"]}}],"collection":[{"href":"https:\/\/www.africa-press.net\/cameroun\/wp-json\/wp\/v2\/posts"}],"about":[{"href":"https:\/\/www.africa-press.net\/cameroun\/wp-json\/wp\/v2\/types\/post"}],"author":[{"embeddable":true,"href":"https:\/\/www.africa-press.net\/cameroun\/wp-json\/wp\/v2\/users\/82"}],"replies":[{"embeddable":true,"href":"https:\/\/www.africa-press.net\/cameroun\/wp-json\/wp\/v2\/comments?post=27791"}],"version-history":[{"count":0,"href":"https:\/\/www.africa-press.net\/cameroun\/wp-json\/wp\/v2\/posts\/27791\/revisions"}],"wp:featuredmedia":[{"embeddable":true,"href":"https:\/\/www.africa-press.net\/cameroun\/wp-json\/wp\/v2\/media\/27790"}],"wp:attachment":[{"href":"https:\/\/www.africa-press.net\/cameroun\/wp-json\/wp\/v2\/media?parent=27791"}],"wp:term":[{"taxonomy":"category","embeddable":true,"href":"https:\/\/www.africa-press.net\/cameroun\/wp-json\/wp\/v2\/categories?post=27791"},{"taxonomy":"post_tag","embeddable":true,"href":"https:\/\/www.africa-press.net\/cameroun\/wp-json\/wp\/v2\/tags?post=27791"}],"curies":[{"name":"wp","href":"https:\/\/api.w.org\/{rel}","templated":true}]}}