{"id":27820,"date":"2022-09-20T16:06:40","date_gmt":"2022-09-20T16:06:40","guid":{"rendered":"https:\/\/www.africa-press.net\/cameroun\/politique\/cameroun-le-gouvernement-et-la-banque-africaine-de-developpement-signent-deux-accords-de-pret-ce-mardi-20-septembre-2022-a-yaounde"},"modified":"2022-09-20T18:54:53","modified_gmt":"2022-09-20T18:54:53","slug":"cameroun-le-gouvernement-et-la-banque-africaine-de-developpement-signent-deux-accords-de-pret-ce-mardi-20-septembre-2022-a-yaounde","status":"publish","type":"post","link":"https:\/\/www.africa-press.net\/cameroun\/economie\/cameroun-le-gouvernement-et-la-banque-africaine-de-developpement-signent-deux-accords-de-pret-ce-mardi-20-septembre-2022-a-yaounde","title":{"rendered":"Cameroun: Le Gouvernement et la Banque Africaine de D\u00e9veloppement signent deux accords de pr\u00eat ce mardi 20 septembre 2022 \u00e0 Yaound\u00e9"},"content":{"rendered":"<p><span style=\"color: #ff6600\"><strong>Africa-Press &#8211; Cameroun. <\/strong><\/span>Alamine Ousmane Mey, ministre de l\u2019Economie, de la planification et de l\u2019am\u00e9nagement du territoire (Minepat), et Serge Marie N&rsquo;Guessan, directeur g\u00e9n\u00e9ral de la Banque africaine de d\u00e9veloppement (BAD), pour la r\u00e9gion Afrique Centrale, proc\u00e8dent ce mardi 20 septembre \u00e0 Yaound\u00e9, \u00e0 la signature de deux accords de pr\u00eat.<\/p>\n<p>Le premier accord est destin\u00e9 au financement du projet d\u2019am\u00e9nagement et de d\u00e9senclavement des routes de la zone industrielle et portuaire de Kribi (r\u00e9gion du Sud). Le deuxi\u00e8me accord est adoss\u00e9 au financement du projet compl\u00e9mentaire d\u2019assainissement pluvial durable de la ville de Yaound\u00e9.<\/p>\n<p>Le projet d\u2019am\u00e9nagement des routes de d\u00e9senclavement de la zone industrielle et portuaire de Kribi (PARZIK) comprend notamment : les travaux routiers de r\u00e9habilitation et de mise \u00e0 niveau de 110 km du tron\u00e7on Ed\u00e9a \u2013Kribi et l\u2019am\u00e9nagement de 39 km du tron\u00e7on Lolab\u00e9 \u2013Campo\u2013pont transfrontalier avec la Guin\u00e9e Equatoriale sur le fleuve Ntem dont la phase projet de construction devrait \u00eatre pr\u00e9sent\u00e9e au Conseil d\u2019administration de la Banque en 2023.<\/p>\n<p>Il y a \u00e9galement une importante composante d\u00e9di\u00e9e aux activit\u00e9s socio-\u00e9conomiques \u00e0 m\u00eame d\u2019en amplifier l\u2019impact socio-\u00e9conomique, de r\u00e9duire les poches de fragilit\u00e9 et les d\u00e9s\u00e9quilibres du genre dans sa zone d\u2019influence, outre des mesures connexes de facilitation de la mobilit\u00e9 et de s\u00e9curisation destin\u00e9es \u00e0 att\u00e9nuer l\u2019impact n\u00e9gatif de l\u2019augmentation du trafic dans et autour du complexe ainsi que le transit dans les localit\u00e9s de la zone.<\/p>\n<p>Le co\u00fbt de la r\u00e9habilitation de la section de route Ed\u00e9a-Kribi s\u2019\u00e9l\u00e8ve \u00e0 99 milliards FCFA et le co\u00fbt d\u2019am\u00e9nagement de la route Lolab\u00e9 \u2013 Campo est estim\u00e9 \u00e0 49,08 milliards FCFA pour la variante avec impacts significatifs sur l\u2019environnement, et 45,64 milliards FCFA pour la variante avec impacts mod\u00e9r\u00e9s.<\/p>\n<p><b>PCADY<\/b><\/p>\n<p>Le Projet compl\u00e9mentaire d\u2019assainissement pluvial durable de la Ville de Yaound\u00e9 (PCADY) s\u2019inscrit dans la continuit\u00e9 des objectifs vis\u00e9s par les phases 1 et 2 du Projet d\u2019assainissement de Yaound\u00e9 (PADY), tout en apportant les ajustements n\u00e9cessaires pour accro\u00eetre les r\u00e9sultats escompt\u00e9s.<\/p>\n<p>En effet, la construction de 17 km de canaux sur les cours d\u2019eau qui drainent la ville de Yaound\u00e9 lors de la premi\u00e8re et de la deuxi\u00e8me phase du projet a contribu\u00e9 \u00e0 r\u00e9duire de mani\u00e8re significative la fr\u00e9quence et les effets des inondations dans une partie de la ville.<\/p>\n<p>Ce projet a contribu\u00e9 \u00e0 am\u00e9liorer l\u2019adaptation de la ville de Yaound\u00e9 au changement climatique. Cependant, des pluies exceptionnelles, enregistr\u00e9es en 2018 et ayant provoqu\u00e9es de nouvelles inondations, ont permis d\u2019identifier des actions compl\u00e9mentaires aux phases 1 et 2. C\u2019est ainsi qu\u2019une \u00e9tude r\u00e9alis\u00e9e dans la deuxi\u00e8me phase du projet a montr\u00e9 la n\u00e9cessit\u00e9 de r\u00e9aliser de nouveaux ouvrages afin de r\u00e9duire significativement la fr\u00e9quence des inondations dans la ville dans un contexte de changement climatique.<\/p>\n<p><b>Jean Daniel Obama<\/b><\/p>\n<p><strong>Pour plus d&rsquo;informations et d&rsquo;analyses sur la <a href=\"https:\/\/www.africa-press.net\/cameroun\">Cameroun<\/a>, suivez <a href=\"https:\/\/www.africa-press.net\/\">Africa-Press<\/a><\/strong><\/p>\n","protected":false},"excerpt":{"rendered":"<p>Africa-Press &#8211; Cameroun. Alamine Ousmane Mey, ministre de l\u2019Economie, de la planification et de l\u2019am\u00e9nagement du territoire (Minepat), et Serge Marie N&rsquo;Guessan, directeur g\u00e9n\u00e9ral de la Banque africaine de d\u00e9veloppement (BAD), pour la r\u00e9gion Afrique Centrale, proc\u00e8dent ce mardi 20 septembre \u00e0 Yaound\u00e9, \u00e0 la signature de deux accords de pr\u00eat. Le premier accord est [&hellip;]<\/p>\n","protected":false},"author":82,"featured_media":27819,"comment_status":"open","ping_status":"closed","sticky":false,"template":"","format":"standard","meta":{"footnotes":""},"categories":[3,11,10],"tags":[36,50,49],"class_list":["post-27820","post","type-post","status-publish","format-standard","has-post-thumbnail","hentry","category-economie","category-homepage-french","category-toutes-les-actualites","tag-africa-press","tag-africa-press-cameroun","tag-cameroun"],"yoast_head":"<!-- This site is optimized with the Yoast SEO Premium plugin v26.1 (Yoast SEO v27.0) - https:\/\/yoast.com\/product\/yoast-seo-premium-wordpress\/ -->\n<title>Cameroun: Le Gouvernement et la Banque Africaine de D\u00e9veloppement signent deux accords de pr\u00eat ce mardi 20 septembre 2022 \u00e0 Yaound\u00e9 - Cameroun<\/title>\n<meta name=\"description\" content=\"Alamine Ousmane Mey, ministre de l\u2019Economie, de la planification et de l\u2019am\u00e9nagement du territoire (Minepat), et Serge M ...\" \/>\n<meta name=\"robots\" content=\"index, follow, max-snippet:-1, max-image-preview:large, max-video-preview:-1\" \/>\n<link rel=\"canonical\" href=\"https:\/\/www.africa-press.net\/cameroun\/economie\/cameroun-le-gouvernement-et-la-banque-africaine-de-developpement-signent-deux-accords-de-pret-ce-mardi-20-septembre-2022-a-yaounde\" \/>\n<meta property=\"og:locale\" content=\"fr_FR\" \/>\n<meta property=\"og:type\" content=\"article\" \/>\n<meta property=\"og:title\" content=\"Cameroun: Le Gouvernement et la Banque Africaine de D\u00e9veloppement signent deux accords de pr\u00eat ce mardi 20 septembre 2022 \u00e0 Yaound\u00e9\" \/>\n<meta property=\"og:description\" content=\"Alamine Ousmane Mey, ministre de l\u2019Economie, de la planification et de l\u2019am\u00e9nagement du territoire (Minepat), et Serge M ...\" \/>\n<meta property=\"og:url\" content=\"https:\/\/www.africa-press.net\/cameroun\/economie\/cameroun-le-gouvernement-et-la-banque-africaine-de-developpement-signent-deux-accords-de-pret-ce-mardi-20-septembre-2022-a-yaounde\" \/>\n<meta property=\"og:site_name\" content=\"Cameroun\" \/>\n<meta property=\"article:published_time\" content=\"2022-09-20T16:06:40+00:00\" \/>\n<meta property=\"article:modified_time\" content=\"2022-09-20T18:54:53+00:00\" \/>\n<meta property=\"og:image\" content=\"https:\/\/static.africa-press.net\/cameroun\/sites\/57\/2022\/09\/img-632a0c68def15.jpg\" \/>\n\t<meta property=\"og:image:width\" content=\"800\" \/>\n\t<meta property=\"og:image:height\" content=\"537\" \/>\n\t<meta property=\"og:image:type\" content=\"image\/jpeg\" \/>\n<meta name=\"author\" content=\"cfeditorfr\" \/>\n<meta name=\"twitter:card\" content=\"summary_large_image\" \/>\n<meta name=\"twitter:label1\" content=\"\u00c9crit par\" \/>\n\t<meta name=\"twitter:data1\" content=\"cfeditorfr\" \/>\n\t<meta name=\"twitter:label2\" content=\"Dur\u00e9e de lecture estim\u00e9e\" \/>\n\t<meta name=\"twitter:data2\" content=\"3 minutes\" \/>\n<script type=\"application\/ld+json\" class=\"yoast-schema-graph\">{\"@context\":\"https:\/\/schema.org\",\"@graph\":[{\"@type\":\"Article\",\"@id\":\"https:\/\/www.africa-press.net\/cameroun\/economie\/cameroun-le-gouvernement-et-la-banque-africaine-de-developpement-signent-deux-accords-de-pret-ce-mardi-20-septembre-2022-a-yaounde#article\",\"isPartOf\":{\"@id\":\"https:\/\/www.africa-press.net\/cameroun\/economie\/cameroun-le-gouvernement-et-la-banque-africaine-de-developpement-signent-deux-accords-de-pret-ce-mardi-20-septembre-2022-a-yaounde\"},\"author\":{\"name\":\"cfeditorfr\",\"@id\":\"https:\/\/www.africa-press.net\/cameroun\/#\/schema\/person\/2b1cf3cd81a31e3cd26889ca66d677f1\"},\"headline\":\"Cameroun: Le Gouvernement et la Banque Africaine de D\u00e9veloppement signent deux accords de pr\u00eat ce mardi 20 septembre 2022 \u00e0 Yaound\u00e9\",\"datePublished\":\"2022-09-20T16:06:40+00:00\",\"dateModified\":\"2022-09-20T18:54:53+00:00\",\"mainEntityOfPage\":{\"@id\":\"https:\/\/www.africa-press.net\/cameroun\/economie\/cameroun-le-gouvernement-et-la-banque-africaine-de-developpement-signent-deux-accords-de-pret-ce-mardi-20-septembre-2022-a-yaounde\"},\"wordCount\":555,\"commentCount\":0,\"image\":{\"@id\":\"https:\/\/www.africa-press.net\/cameroun\/economie\/cameroun-le-gouvernement-et-la-banque-africaine-de-developpement-signent-deux-accords-de-pret-ce-mardi-20-septembre-2022-a-yaounde#primaryimage\"},\"thumbnailUrl\":\"https:\/\/static.africa-press.net\/cameroun\/sites\/57\/2022\/09\/img-632a0c68def15.jpg\",\"keywords\":[\"Africa Press\",\"Africa Press-Cameroun\",\"Cameroun\"],\"articleSection\":[\"\u00c9conomie\",\"homepage-french\",\"Toutes les actualit\u00e9s\"],\"inLanguage\":\"fr-FR\",\"potentialAction\":[{\"@type\":\"CommentAction\",\"name\":\"Comment\",\"target\":[\"https:\/\/www.africa-press.net\/cameroun\/economie\/cameroun-le-gouvernement-et-la-banque-africaine-de-developpement-signent-deux-accords-de-pret-ce-mardi-20-septembre-2022-a-yaounde#respond\"]}]},{\"@type\":\"WebPage\",\"@id\":\"https:\/\/www.africa-press.net\/cameroun\/economie\/cameroun-le-gouvernement-et-la-banque-africaine-de-developpement-signent-deux-accords-de-pret-ce-mardi-20-septembre-2022-a-yaounde\",\"url\":\"https:\/\/www.africa-press.net\/cameroun\/economie\/cameroun-le-gouvernement-et-la-banque-africaine-de-developpement-signent-deux-accords-de-pret-ce-mardi-20-septembre-2022-a-yaounde\",\"name\":\"Cameroun: Le Gouvernement et la Banque Africaine de D\u00e9veloppement signent deux accords de pr\u00eat ce mardi 20 septembre 2022 \u00e0 Yaound\u00e9 - Cameroun\",\"isPartOf\":{\"@id\":\"https:\/\/www.africa-press.net\/cameroun\/#website\"},\"primaryImageOfPage\":{\"@id\":\"https:\/\/www.africa-press.net\/cameroun\/economie\/cameroun-le-gouvernement-et-la-banque-africaine-de-developpement-signent-deux-accords-de-pret-ce-mardi-20-septembre-2022-a-yaounde#primaryimage\"},\"image\":{\"@id\":\"https:\/\/www.africa-press.net\/cameroun\/economie\/cameroun-le-gouvernement-et-la-banque-africaine-de-developpement-signent-deux-accords-de-pret-ce-mardi-20-septembre-2022-a-yaounde#primaryimage\"},\"thumbnailUrl\":\"https:\/\/static.africa-press.net\/cameroun\/sites\/57\/2022\/09\/img-632a0c68def15.jpg\",\"datePublished\":\"2022-09-20T16:06:40+00:00\",\"dateModified\":\"2022-09-20T18:54:53+00:00\",\"author\":{\"@id\":\"https:\/\/www.africa-press.net\/cameroun\/#\/schema\/person\/2b1cf3cd81a31e3cd26889ca66d677f1\"},\"description\":\"Alamine Ousmane Mey, ministre de l\u2019Economie, de la planification et de l\u2019am\u00e9nagement du territoire (Minepat), et Serge M ...\",\"breadcrumb\":{\"@id\":\"https:\/\/www.africa-press.net\/cameroun\/economie\/cameroun-le-gouvernement-et-la-banque-africaine-de-developpement-signent-deux-accords-de-pret-ce-mardi-20-septembre-2022-a-yaounde#breadcrumb\"},\"inLanguage\":\"fr-FR\",\"potentialAction\":[{\"@type\":\"ReadAction\",\"target\":[\"https:\/\/www.africa-press.net\/cameroun\/economie\/cameroun-le-gouvernement-et-la-banque-africaine-de-developpement-signent-deux-accords-de-pret-ce-mardi-20-septembre-2022-a-yaounde\"]}]},{\"@type\":\"ImageObject\",\"inLanguage\":\"fr-FR\",\"@id\":\"https:\/\/www.africa-press.net\/cameroun\/economie\/cameroun-le-gouvernement-et-la-banque-africaine-de-developpement-signent-deux-accords-de-pret-ce-mardi-20-septembre-2022-a-yaounde#primaryimage\",\"url\":\"https:\/\/static.africa-press.net\/cameroun\/sites\/57\/2022\/09\/img-632a0c68def15.jpg\",\"contentUrl\":\"https:\/\/static.africa-press.net\/cameroun\/sites\/57\/2022\/09\/img-632a0c68def15.jpg\",\"width\":800,\"height\":537,\"caption\":\"Cameroun: Le Gouvernement et la Banque Africaine de D\u00e9veloppement signent deux accords de pr\u00eat ce mardi 20 septembre 2022 \u00e0 Yaound\u00e9\"},{\"@type\":\"BreadcrumbList\",\"@id\":\"https:\/\/www.africa-press.net\/cameroun\/economie\/cameroun-le-gouvernement-et-la-banque-africaine-de-developpement-signent-deux-accords-de-pret-ce-mardi-20-septembre-2022-a-yaounde#breadcrumb\",\"itemListElement\":[{\"@type\":\"ListItem\",\"position\":1,\"name\":\"Accueil\",\"item\":\"https:\/\/www.africa-press.net\/cameroun\/\"},{\"@type\":\"ListItem\",\"position\":2,\"name\":\"Cameroun: Le Gouvernement et la Banque Africaine de D\u00e9veloppement signent deux accords de pr\u00eat ce mardi 20 septembre 2022 \u00e0 Yaound\u00e9\"}]},{\"@type\":\"WebSite\",\"@id\":\"https:\/\/www.africa-press.net\/cameroun\/#website\",\"url\":\"https:\/\/www.africa-press.net\/cameroun\/\",\"name\":\"Cameroun\",\"description\":\"Just another Africa News Agency Sites site\",\"potentialAction\":[{\"@type\":\"SearchAction\",\"target\":{\"@type\":\"EntryPoint\",\"urlTemplate\":\"https:\/\/www.africa-press.net\/cameroun\/?s={search_term_string}\"},\"query-input\":{\"@type\":\"PropertyValueSpecification\",\"valueRequired\":true,\"valueName\":\"search_term_string\"}}],\"inLanguage\":\"fr-FR\"},{\"@type\":\"Person\",\"@id\":\"https:\/\/www.africa-press.net\/cameroun\/#\/schema\/person\/2b1cf3cd81a31e3cd26889ca66d677f1\",\"name\":\"cfeditorfr\"}]}<\/script>\n<!-- \/ Yoast SEO Premium plugin. -->","yoast_head_json":{"title":"Cameroun: Le Gouvernement et la Banque Africaine de D\u00e9veloppement signent deux accords de pr\u00eat ce mardi 20 septembre 2022 \u00e0 Yaound\u00e9 - Cameroun","description":"Alamine Ousmane Mey, ministre de l\u2019Economie, de la planification et de l\u2019am\u00e9nagement du territoire (Minepat), et Serge M ...","robots":{"index":"index","follow":"follow","max-snippet":"max-snippet:-1","max-image-preview":"max-image-preview:large","max-video-preview":"max-video-preview:-1"},"canonical":"https:\/\/www.africa-press.net\/cameroun\/economie\/cameroun-le-gouvernement-et-la-banque-africaine-de-developpement-signent-deux-accords-de-pret-ce-mardi-20-septembre-2022-a-yaounde","og_locale":"fr_FR","og_type":"article","og_title":"Cameroun: Le Gouvernement et la Banque Africaine de D\u00e9veloppement signent deux accords de pr\u00eat ce mardi 20 septembre 2022 \u00e0 Yaound\u00e9","og_description":"Alamine Ousmane Mey, ministre de l\u2019Economie, de la planification et de l\u2019am\u00e9nagement du territoire (Minepat), et Serge M ...","og_url":"https:\/\/www.africa-press.net\/cameroun\/economie\/cameroun-le-gouvernement-et-la-banque-africaine-de-developpement-signent-deux-accords-de-pret-ce-mardi-20-septembre-2022-a-yaounde","og_site_name":"Cameroun","article_published_time":"2022-09-20T16:06:40+00:00","article_modified_time":"2022-09-20T18:54:53+00:00","og_image":[{"width":800,"height":537,"url":"https:\/\/static.africa-press.net\/cameroun\/sites\/57\/2022\/09\/img-632a0c68def15.jpg","type":"image\/jpeg"}],"author":"cfeditorfr","twitter_card":"summary_large_image","twitter_misc":{"\u00c9crit par":"cfeditorfr","Dur\u00e9e de lecture estim\u00e9e":"3 minutes"},"schema":{"@context":"https:\/\/schema.org","@graph":[{"@type":"Article","@id":"https:\/\/www.africa-press.net\/cameroun\/economie\/cameroun-le-gouvernement-et-la-banque-africaine-de-developpement-signent-deux-accords-de-pret-ce-mardi-20-septembre-2022-a-yaounde#article","isPartOf":{"@id":"https:\/\/www.africa-press.net\/cameroun\/economie\/cameroun-le-gouvernement-et-la-banque-africaine-de-developpement-signent-deux-accords-de-pret-ce-mardi-20-septembre-2022-a-yaounde"},"author":{"name":"cfeditorfr","@id":"https:\/\/www.africa-press.net\/cameroun\/#\/schema\/person\/2b1cf3cd81a31e3cd26889ca66d677f1"},"headline":"Cameroun: Le Gouvernement et la Banque Africaine de D\u00e9veloppement signent deux accords de pr\u00eat ce mardi 20 septembre 2022 \u00e0 Yaound\u00e9","datePublished":"2022-09-20T16:06:40+00:00","dateModified":"2022-09-20T18:54:53+00:00","mainEntityOfPage":{"@id":"https:\/\/www.africa-press.net\/cameroun\/economie\/cameroun-le-gouvernement-et-la-banque-africaine-de-developpement-signent-deux-accords-de-pret-ce-mardi-20-septembre-2022-a-yaounde"},"wordCount":555,"commentCount":0,"image":{"@id":"https:\/\/www.africa-press.net\/cameroun\/economie\/cameroun-le-gouvernement-et-la-banque-africaine-de-developpement-signent-deux-accords-de-pret-ce-mardi-20-septembre-2022-a-yaounde#primaryimage"},"thumbnailUrl":"https:\/\/static.africa-press.net\/cameroun\/sites\/57\/2022\/09\/img-632a0c68def15.jpg","keywords":["Africa Press","Africa Press-Cameroun","Cameroun"],"articleSection":["\u00c9conomie","homepage-french","Toutes les actualit\u00e9s"],"inLanguage":"fr-FR","potentialAction":[{"@type":"CommentAction","name":"Comment","target":["https:\/\/www.africa-press.net\/cameroun\/economie\/cameroun-le-gouvernement-et-la-banque-africaine-de-developpement-signent-deux-accords-de-pret-ce-mardi-20-septembre-2022-a-yaounde#respond"]}]},{"@type":"WebPage","@id":"https:\/\/www.africa-press.net\/cameroun\/economie\/cameroun-le-gouvernement-et-la-banque-africaine-de-developpement-signent-deux-accords-de-pret-ce-mardi-20-septembre-2022-a-yaounde","url":"https:\/\/www.africa-press.net\/cameroun\/economie\/cameroun-le-gouvernement-et-la-banque-africaine-de-developpement-signent-deux-accords-de-pret-ce-mardi-20-septembre-2022-a-yaounde","name":"Cameroun: Le Gouvernement et la Banque Africaine de D\u00e9veloppement signent deux accords de pr\u00eat ce mardi 20 septembre 2022 \u00e0 Yaound\u00e9 - Cameroun","isPartOf":{"@id":"https:\/\/www.africa-press.net\/cameroun\/#website"},"primaryImageOfPage":{"@id":"https:\/\/www.africa-press.net\/cameroun\/economie\/cameroun-le-gouvernement-et-la-banque-africaine-de-developpement-signent-deux-accords-de-pret-ce-mardi-20-septembre-2022-a-yaounde#primaryimage"},"image":{"@id":"https:\/\/www.africa-press.net\/cameroun\/economie\/cameroun-le-gouvernement-et-la-banque-africaine-de-developpement-signent-deux-accords-de-pret-ce-mardi-20-septembre-2022-a-yaounde#primaryimage"},"thumbnailUrl":"https:\/\/static.africa-press.net\/cameroun\/sites\/57\/2022\/09\/img-632a0c68def15.jpg","datePublished":"2022-09-20T16:06:40+00:00","dateModified":"2022-09-20T18:54:53+00:00","author":{"@id":"https:\/\/www.africa-press.net\/cameroun\/#\/schema\/person\/2b1cf3cd81a31e3cd26889ca66d677f1"},"description":"Alamine Ousmane Mey, ministre de l\u2019Economie, de la planification et de l\u2019am\u00e9nagement du territoire (Minepat), et Serge M ...","breadcrumb":{"@id":"https:\/\/www.africa-press.net\/cameroun\/economie\/cameroun-le-gouvernement-et-la-banque-africaine-de-developpement-signent-deux-accords-de-pret-ce-mardi-20-septembre-2022-a-yaounde#breadcrumb"},"inLanguage":"fr-FR","potentialAction":[{"@type":"ReadAction","target":["https:\/\/www.africa-press.net\/cameroun\/economie\/cameroun-le-gouvernement-et-la-banque-africaine-de-developpement-signent-deux-accords-de-pret-ce-mardi-20-septembre-2022-a-yaounde"]}]},{"@type":"ImageObject","inLanguage":"fr-FR","@id":"https:\/\/www.africa-press.net\/cameroun\/economie\/cameroun-le-gouvernement-et-la-banque-africaine-de-developpement-signent-deux-accords-de-pret-ce-mardi-20-septembre-2022-a-yaounde#primaryimage","url":"https:\/\/static.africa-press.net\/cameroun\/sites\/57\/2022\/09\/img-632a0c68def15.jpg","contentUrl":"https:\/\/static.africa-press.net\/cameroun\/sites\/57\/2022\/09\/img-632a0c68def15.jpg","width":800,"height":537,"caption":"Cameroun: Le Gouvernement et la Banque Africaine de D\u00e9veloppement signent deux accords de pr\u00eat ce mardi 20 septembre 2022 \u00e0 Yaound\u00e9"},{"@type":"BreadcrumbList","@id":"https:\/\/www.africa-press.net\/cameroun\/economie\/cameroun-le-gouvernement-et-la-banque-africaine-de-developpement-signent-deux-accords-de-pret-ce-mardi-20-septembre-2022-a-yaounde#breadcrumb","itemListElement":[{"@type":"ListItem","position":1,"name":"Accueil","item":"https:\/\/www.africa-press.net\/cameroun\/"},{"@type":"ListItem","position":2,"name":"Cameroun: Le Gouvernement et la Banque Africaine de D\u00e9veloppement signent deux accords de pr\u00eat ce mardi 20 septembre 2022 \u00e0 Yaound\u00e9"}]},{"@type":"WebSite","@id":"https:\/\/www.africa-press.net\/cameroun\/#website","url":"https:\/\/www.africa-press.net\/cameroun\/","name":"Cameroun","description":"Just another Africa News Agency Sites site","potentialAction":[{"@type":"SearchAction","target":{"@type":"EntryPoint","urlTemplate":"https:\/\/www.africa-press.net\/cameroun\/?s={search_term_string}"},"query-input":{"@type":"PropertyValueSpecification","valueRequired":true,"valueName":"search_term_string"}}],"inLanguage":"fr-FR"},{"@type":"Person","@id":"https:\/\/www.africa-press.net\/cameroun\/#\/schema\/person\/2b1cf3cd81a31e3cd26889ca66d677f1","name":"cfeditorfr"}]}},"_links":{"self":[{"href":"https:\/\/www.africa-press.net\/cameroun\/wp-json\/wp\/v2\/posts\/27820","targetHints":{"allow":["GET"]}}],"collection":[{"href":"https:\/\/www.africa-press.net\/cameroun\/wp-json\/wp\/v2\/posts"}],"about":[{"href":"https:\/\/www.africa-press.net\/cameroun\/wp-json\/wp\/v2\/types\/post"}],"author":[{"embeddable":true,"href":"https:\/\/www.africa-press.net\/cameroun\/wp-json\/wp\/v2\/users\/82"}],"replies":[{"embeddable":true,"href":"https:\/\/www.africa-press.net\/cameroun\/wp-json\/wp\/v2\/comments?post=27820"}],"version-history":[{"count":0,"href":"https:\/\/www.africa-press.net\/cameroun\/wp-json\/wp\/v2\/posts\/27820\/revisions"}],"wp:featuredmedia":[{"embeddable":true,"href":"https:\/\/www.africa-press.net\/cameroun\/wp-json\/wp\/v2\/media\/27819"}],"wp:attachment":[{"href":"https:\/\/www.africa-press.net\/cameroun\/wp-json\/wp\/v2\/media?parent=27820"}],"wp:term":[{"taxonomy":"category","embeddable":true,"href":"https:\/\/www.africa-press.net\/cameroun\/wp-json\/wp\/v2\/categories?post=27820"},{"taxonomy":"post_tag","embeddable":true,"href":"https:\/\/www.africa-press.net\/cameroun\/wp-json\/wp\/v2\/tags?post=27820"}],"curies":[{"name":"wp","href":"https:\/\/api.w.org\/{rel}","templated":true}]}}