{"id":27823,"date":"2022-09-20T16:12:20","date_gmt":"2022-09-20T16:12:20","guid":{"rendered":"https:\/\/www.africa-press.net\/cameroun\/politique\/cooperation-militaire-le-ministre-de-la-defense-joseph-beti-assomo-recu-en-audience-par-le-president-equato-guineen-teodoro-obiang-nguema-mbazogo"},"modified":"2022-09-20T18:55:36","modified_gmt":"2022-09-20T18:55:36","slug":"cooperation-militaire-le-ministre-de-la-defense-joseph-beti-assomo-recu-en-audience-par-le-president-equato-guineen-teodoro-obiang-nguema-mbazogo","status":"publish","type":"post","link":"https:\/\/www.africa-press.net\/cameroun\/politique\/cooperation-militaire-le-ministre-de-la-defense-joseph-beti-assomo-recu-en-audience-par-le-president-equato-guineen-teodoro-obiang-nguema-mbazogo","title":{"rendered":"Coop\u00e9ration militaire: Le ministre de la D\u00e9fense Joseph Beti Assomo, re\u00e7u en audience par le pr\u00e9sident \u00e9quato-guin\u00e9en, Teodoro Obiang Nguema Mbazogo"},"content":{"rendered":"<p><span style=\"color: #ff6600\"><strong>Africa-Press &#8211; Cameroun. <\/strong><\/span>Le ministre de la D\u00e9fense, Joseph Beti Assomo, a \u00e9t\u00e9 re\u00e7u en audience le lundi 19 septembre 2022 par le pr\u00e9sident de la Guin\u00e9e Equatoriale, Teodoro Obiang Nguema, envoy\u00e9 par le chef de l\u2019Etat camerounais Paul Biya. Les deux hommes ont discut\u00e9 des questions relatives \u00e0 la s\u00e9curit\u00e9 aux fronti\u00e8res des deux pays, a-t-on appris du compte rendu fait par le ministre de la D\u00e9fense au poste national de la <b>Cameroon Radio Television<\/b> (CRTV) ce mardi 20 septembre 2022.<\/p>\n<p><b>\u00ab L\u2019entretien portait sur les questions d\u2019int\u00e9r\u00eat commun. Le pr\u00e9sident Paul Biya est en ce moment le pr\u00e9sident en exercice de la Conf\u00e9rence des chefs d\u2019Etat de la CEMAC. Le Cameroun vit \u00e9galement une situation s\u00e9curitaire particuli\u00e8re depuis quelques ann\u00e9es, et les probl\u00e8mes s\u00e9curitaires aujourd\u2019hui sont internationaux. Ils sont transfrontaliers, de sorte que ce qui arrive chez l\u2019un peut arriver chez l\u2019autre. Tout est li\u00e9, quand on prend en compte les enjeux g\u00e9opolitiques, les enjeux \u00e9conomiques de l\u2019heure<\/b> \u00bb, a confi\u00e9 Joseph Beti Assomo.<\/p>\n<p>Au cours de cette audience, le ministre camerounais \u00e9tait assist\u00e9 de plusieurs g\u00e9n\u00e9raux, notamment le Chef d\u2019Etat-major Ren\u00e9 Claude Meka et des officiers sup\u00e9rieurs de l\u2019arm\u00e9e camerounaise, tandis que le pr\u00e9sident Obiang Ngguema se faisait accompagner par son ministre des Affaires \u00e9trang\u00e8res et de la Coop\u00e9ration, Sime\u00f3n Oyono Esono Angue, du vice-ministre de la D\u00e9fense nationale, C\u00e1ndido Ncogo Engono Nchama, ainsi que d&rsquo;autres autorit\u00e9s du minist\u00e8re de la D\u00e9fense et de l&rsquo;ambassadeur extraordinaire et pl\u00e9nipotentiaire de la R\u00e9publique de Guin\u00e9e Equatoriale au Cameroun, Armando Cote Echuaca.<\/p>\n<p><strong>Pour plus d&rsquo;informations et d&rsquo;analyses sur la <a href=\"https:\/\/www.africa-press.net\/cameroun\">Cameroun<\/a>, suivez <a href=\"https:\/\/www.africa-press.net\/\">Africa-Press<\/a><\/strong><\/p>\n","protected":false},"excerpt":{"rendered":"<p>Africa-Press &#8211; Cameroun. Le ministre de la D\u00e9fense, Joseph Beti Assomo, a \u00e9t\u00e9 re\u00e7u en audience le lundi 19 septembre 2022 par le pr\u00e9sident de la Guin\u00e9e Equatoriale, Teodoro Obiang Nguema, envoy\u00e9 par le chef de l\u2019Etat camerounais Paul Biya. Les deux hommes ont discut\u00e9 des questions relatives \u00e0 la s\u00e9curit\u00e9 aux fronti\u00e8res des deux [&hellip;]<\/p>\n","protected":false},"author":82,"featured_media":27822,"comment_status":"open","ping_status":"closed","sticky":false,"template":"","format":"standard","meta":{"footnotes":""},"categories":[11,2,10],"tags":[36,50,49],"class_list":["post-27823","post","type-post","status-publish","format-standard","has-post-thumbnail","hentry","category-homepage-french","category-politique","category-toutes-les-actualites","tag-africa-press","tag-africa-press-cameroun","tag-cameroun"],"yoast_head":"<!-- This site is optimized with the Yoast SEO Premium plugin v26.1 (Yoast SEO v27.0) - https:\/\/yoast.com\/product\/yoast-seo-premium-wordpress\/ -->\n<title>Coop\u00e9ration militaire: Le ministre de la D\u00e9fense Joseph Beti Assomo, re\u00e7u en audience par le pr\u00e9sident \u00e9quato-guin\u00e9en, Teodoro Obiang Nguema Mbazogo - Cameroun<\/title>\n<meta name=\"description\" content=\"Le ministre de la D\u00e9fense, Joseph Beti Assomo, a \u00e9t\u00e9 re\u00e7u en audience le lundi 19 septembre 2022 par le pr\u00e9sident de la ...\" \/>\n<meta name=\"robots\" content=\"index, follow, max-snippet:-1, max-image-preview:large, max-video-preview:-1\" \/>\n<link rel=\"canonical\" href=\"https:\/\/www.africa-press.net\/cameroun\/politique\/cooperation-militaire-le-ministre-de-la-defense-joseph-beti-assomo-recu-en-audience-par-le-president-equato-guineen-teodoro-obiang-nguema-mbazogo\" \/>\n<meta property=\"og:locale\" content=\"fr_FR\" \/>\n<meta property=\"og:type\" content=\"article\" \/>\n<meta property=\"og:title\" content=\"Coop\u00e9ration militaire: Le ministre de la D\u00e9fense Joseph Beti Assomo, re\u00e7u en audience par le pr\u00e9sident \u00e9quato-guin\u00e9en, Teodoro Obiang Nguema Mbazogo\" \/>\n<meta property=\"og:description\" content=\"Le ministre de la D\u00e9fense, Joseph Beti Assomo, a \u00e9t\u00e9 re\u00e7u en audience le lundi 19 septembre 2022 par le pr\u00e9sident de la ...\" \/>\n<meta property=\"og:url\" content=\"https:\/\/www.africa-press.net\/cameroun\/politique\/cooperation-militaire-le-ministre-de-la-defense-joseph-beti-assomo-recu-en-audience-par-le-president-equato-guineen-teodoro-obiang-nguema-mbazogo\" \/>\n<meta property=\"og:site_name\" content=\"Cameroun\" \/>\n<meta property=\"article:published_time\" content=\"2022-09-20T16:12:20+00:00\" \/>\n<meta property=\"article:modified_time\" content=\"2022-09-20T18:55:36+00:00\" \/>\n<meta property=\"og:image\" content=\"https:\/\/static.africa-press.net\/cameroun\/sites\/57\/2022\/09\/img-632a0c8e01ef9.jpg\" \/>\n\t<meta property=\"og:image:width\" content=\"800\" \/>\n\t<meta property=\"og:image:height\" content=\"524\" \/>\n\t<meta property=\"og:image:type\" content=\"image\/jpeg\" \/>\n<meta name=\"author\" content=\"cfeditorfr\" \/>\n<meta name=\"twitter:card\" content=\"summary_large_image\" \/>\n<meta name=\"twitter:label1\" content=\"\u00c9crit par\" \/>\n\t<meta name=\"twitter:data1\" content=\"cfeditorfr\" \/>\n\t<meta name=\"twitter:label2\" content=\"Dur\u00e9e de lecture estim\u00e9e\" \/>\n\t<meta name=\"twitter:data2\" content=\"2 minutes\" \/>\n<script type=\"application\/ld+json\" class=\"yoast-schema-graph\">{\"@context\":\"https:\/\/schema.org\",\"@graph\":[{\"@type\":\"Article\",\"@id\":\"https:\/\/www.africa-press.net\/cameroun\/politique\/cooperation-militaire-le-ministre-de-la-defense-joseph-beti-assomo-recu-en-audience-par-le-president-equato-guineen-teodoro-obiang-nguema-mbazogo#article\",\"isPartOf\":{\"@id\":\"https:\/\/www.africa-press.net\/cameroun\/politique\/cooperation-militaire-le-ministre-de-la-defense-joseph-beti-assomo-recu-en-audience-par-le-president-equato-guineen-teodoro-obiang-nguema-mbazogo\"},\"author\":{\"name\":\"cfeditorfr\",\"@id\":\"https:\/\/www.africa-press.net\/cameroun\/#\/schema\/person\/2b1cf3cd81a31e3cd26889ca66d677f1\"},\"headline\":\"Coop\u00e9ration militaire: Le ministre de la D\u00e9fense Joseph Beti Assomo, re\u00e7u en audience par le pr\u00e9sident \u00e9quato-guin\u00e9en, Teodoro Obiang Nguema Mbazogo\",\"datePublished\":\"2022-09-20T16:12:20+00:00\",\"dateModified\":\"2022-09-20T18:55:36+00:00\",\"mainEntityOfPage\":{\"@id\":\"https:\/\/www.africa-press.net\/cameroun\/politique\/cooperation-militaire-le-ministre-de-la-defense-joseph-beti-assomo-recu-en-audience-par-le-president-equato-guineen-teodoro-obiang-nguema-mbazogo\"},\"wordCount\":329,\"commentCount\":0,\"image\":{\"@id\":\"https:\/\/www.africa-press.net\/cameroun\/politique\/cooperation-militaire-le-ministre-de-la-defense-joseph-beti-assomo-recu-en-audience-par-le-president-equato-guineen-teodoro-obiang-nguema-mbazogo#primaryimage\"},\"thumbnailUrl\":\"https:\/\/static.africa-press.net\/cameroun\/sites\/57\/2022\/09\/img-632a0c8e01ef9.jpg\",\"keywords\":[\"Africa Press\",\"Africa Press-Cameroun\",\"Cameroun\"],\"articleSection\":[\"homepage-french\",\"Politique\",\"Toutes les actualit\u00e9s\"],\"inLanguage\":\"fr-FR\",\"potentialAction\":[{\"@type\":\"CommentAction\",\"name\":\"Comment\",\"target\":[\"https:\/\/www.africa-press.net\/cameroun\/politique\/cooperation-militaire-le-ministre-de-la-defense-joseph-beti-assomo-recu-en-audience-par-le-president-equato-guineen-teodoro-obiang-nguema-mbazogo#respond\"]}]},{\"@type\":\"WebPage\",\"@id\":\"https:\/\/www.africa-press.net\/cameroun\/politique\/cooperation-militaire-le-ministre-de-la-defense-joseph-beti-assomo-recu-en-audience-par-le-president-equato-guineen-teodoro-obiang-nguema-mbazogo\",\"url\":\"https:\/\/www.africa-press.net\/cameroun\/politique\/cooperation-militaire-le-ministre-de-la-defense-joseph-beti-assomo-recu-en-audience-par-le-president-equato-guineen-teodoro-obiang-nguema-mbazogo\",\"name\":\"Coop\u00e9ration militaire: Le ministre de la D\u00e9fense Joseph Beti Assomo, re\u00e7u en audience par le pr\u00e9sident \u00e9quato-guin\u00e9en, Teodoro Obiang Nguema Mbazogo - Cameroun\",\"isPartOf\":{\"@id\":\"https:\/\/www.africa-press.net\/cameroun\/#website\"},\"primaryImageOfPage\":{\"@id\":\"https:\/\/www.africa-press.net\/cameroun\/politique\/cooperation-militaire-le-ministre-de-la-defense-joseph-beti-assomo-recu-en-audience-par-le-president-equato-guineen-teodoro-obiang-nguema-mbazogo#primaryimage\"},\"image\":{\"@id\":\"https:\/\/www.africa-press.net\/cameroun\/politique\/cooperation-militaire-le-ministre-de-la-defense-joseph-beti-assomo-recu-en-audience-par-le-president-equato-guineen-teodoro-obiang-nguema-mbazogo#primaryimage\"},\"thumbnailUrl\":\"https:\/\/static.africa-press.net\/cameroun\/sites\/57\/2022\/09\/img-632a0c8e01ef9.jpg\",\"datePublished\":\"2022-09-20T16:12:20+00:00\",\"dateModified\":\"2022-09-20T18:55:36+00:00\",\"author\":{\"@id\":\"https:\/\/www.africa-press.net\/cameroun\/#\/schema\/person\/2b1cf3cd81a31e3cd26889ca66d677f1\"},\"description\":\"Le ministre de la D\u00e9fense, Joseph Beti Assomo, a \u00e9t\u00e9 re\u00e7u en audience le lundi 19 septembre 2022 par le pr\u00e9sident de la ...\",\"breadcrumb\":{\"@id\":\"https:\/\/www.africa-press.net\/cameroun\/politique\/cooperation-militaire-le-ministre-de-la-defense-joseph-beti-assomo-recu-en-audience-par-le-president-equato-guineen-teodoro-obiang-nguema-mbazogo#breadcrumb\"},\"inLanguage\":\"fr-FR\",\"potentialAction\":[{\"@type\":\"ReadAction\",\"target\":[\"https:\/\/www.africa-press.net\/cameroun\/politique\/cooperation-militaire-le-ministre-de-la-defense-joseph-beti-assomo-recu-en-audience-par-le-president-equato-guineen-teodoro-obiang-nguema-mbazogo\"]}]},{\"@type\":\"ImageObject\",\"inLanguage\":\"fr-FR\",\"@id\":\"https:\/\/www.africa-press.net\/cameroun\/politique\/cooperation-militaire-le-ministre-de-la-defense-joseph-beti-assomo-recu-en-audience-par-le-president-equato-guineen-teodoro-obiang-nguema-mbazogo#primaryimage\",\"url\":\"https:\/\/static.africa-press.net\/cameroun\/sites\/57\/2022\/09\/img-632a0c8e01ef9.jpg\",\"contentUrl\":\"https:\/\/static.africa-press.net\/cameroun\/sites\/57\/2022\/09\/img-632a0c8e01ef9.jpg\",\"width\":800,\"height\":524,\"caption\":\"Coop\u00e9ration militaire: Le ministre de la D\u00e9fense Joseph Beti Assomo, re\u00e7u en audience par le pr\u00e9sident \u00e9quato-guin\u00e9en, Teodoro Obiang Nguema Mbazogo\"},{\"@type\":\"BreadcrumbList\",\"@id\":\"https:\/\/www.africa-press.net\/cameroun\/politique\/cooperation-militaire-le-ministre-de-la-defense-joseph-beti-assomo-recu-en-audience-par-le-president-equato-guineen-teodoro-obiang-nguema-mbazogo#breadcrumb\",\"itemListElement\":[{\"@type\":\"ListItem\",\"position\":1,\"name\":\"Accueil\",\"item\":\"https:\/\/www.africa-press.net\/cameroun\/\"},{\"@type\":\"ListItem\",\"position\":2,\"name\":\"Coop\u00e9ration militaire: Le ministre de la D\u00e9fense Joseph Beti Assomo, re\u00e7u en audience par le pr\u00e9sident \u00e9quato-guin\u00e9en, Teodoro Obiang Nguema Mbazogo\"}]},{\"@type\":\"WebSite\",\"@id\":\"https:\/\/www.africa-press.net\/cameroun\/#website\",\"url\":\"https:\/\/www.africa-press.net\/cameroun\/\",\"name\":\"Cameroun\",\"description\":\"Just another Africa News Agency Sites site\",\"potentialAction\":[{\"@type\":\"SearchAction\",\"target\":{\"@type\":\"EntryPoint\",\"urlTemplate\":\"https:\/\/www.africa-press.net\/cameroun\/?s={search_term_string}\"},\"query-input\":{\"@type\":\"PropertyValueSpecification\",\"valueRequired\":true,\"valueName\":\"search_term_string\"}}],\"inLanguage\":\"fr-FR\"},{\"@type\":\"Person\",\"@id\":\"https:\/\/www.africa-press.net\/cameroun\/#\/schema\/person\/2b1cf3cd81a31e3cd26889ca66d677f1\",\"name\":\"cfeditorfr\"}]}<\/script>\n<!-- \/ Yoast SEO Premium plugin. -->","yoast_head_json":{"title":"Coop\u00e9ration militaire: Le ministre de la D\u00e9fense Joseph Beti Assomo, re\u00e7u en audience par le pr\u00e9sident \u00e9quato-guin\u00e9en, Teodoro Obiang Nguema Mbazogo - Cameroun","description":"Le ministre de la D\u00e9fense, Joseph Beti Assomo, a \u00e9t\u00e9 re\u00e7u en audience le lundi 19 septembre 2022 par le pr\u00e9sident de la ...","robots":{"index":"index","follow":"follow","max-snippet":"max-snippet:-1","max-image-preview":"max-image-preview:large","max-video-preview":"max-video-preview:-1"},"canonical":"https:\/\/www.africa-press.net\/cameroun\/politique\/cooperation-militaire-le-ministre-de-la-defense-joseph-beti-assomo-recu-en-audience-par-le-president-equato-guineen-teodoro-obiang-nguema-mbazogo","og_locale":"fr_FR","og_type":"article","og_title":"Coop\u00e9ration militaire: Le ministre de la D\u00e9fense Joseph Beti Assomo, re\u00e7u en audience par le pr\u00e9sident \u00e9quato-guin\u00e9en, Teodoro Obiang Nguema Mbazogo","og_description":"Le ministre de la D\u00e9fense, Joseph Beti Assomo, a \u00e9t\u00e9 re\u00e7u en audience le lundi 19 septembre 2022 par le pr\u00e9sident de la ...","og_url":"https:\/\/www.africa-press.net\/cameroun\/politique\/cooperation-militaire-le-ministre-de-la-defense-joseph-beti-assomo-recu-en-audience-par-le-president-equato-guineen-teodoro-obiang-nguema-mbazogo","og_site_name":"Cameroun","article_published_time":"2022-09-20T16:12:20+00:00","article_modified_time":"2022-09-20T18:55:36+00:00","og_image":[{"width":800,"height":524,"url":"https:\/\/static.africa-press.net\/cameroun\/sites\/57\/2022\/09\/img-632a0c8e01ef9.jpg","type":"image\/jpeg"}],"author":"cfeditorfr","twitter_card":"summary_large_image","twitter_misc":{"\u00c9crit par":"cfeditorfr","Dur\u00e9e de lecture estim\u00e9e":"2 minutes"},"schema":{"@context":"https:\/\/schema.org","@graph":[{"@type":"Article","@id":"https:\/\/www.africa-press.net\/cameroun\/politique\/cooperation-militaire-le-ministre-de-la-defense-joseph-beti-assomo-recu-en-audience-par-le-president-equato-guineen-teodoro-obiang-nguema-mbazogo#article","isPartOf":{"@id":"https:\/\/www.africa-press.net\/cameroun\/politique\/cooperation-militaire-le-ministre-de-la-defense-joseph-beti-assomo-recu-en-audience-par-le-president-equato-guineen-teodoro-obiang-nguema-mbazogo"},"author":{"name":"cfeditorfr","@id":"https:\/\/www.africa-press.net\/cameroun\/#\/schema\/person\/2b1cf3cd81a31e3cd26889ca66d677f1"},"headline":"Coop\u00e9ration militaire: Le ministre de la D\u00e9fense Joseph Beti Assomo, re\u00e7u en audience par le pr\u00e9sident \u00e9quato-guin\u00e9en, Teodoro Obiang Nguema Mbazogo","datePublished":"2022-09-20T16:12:20+00:00","dateModified":"2022-09-20T18:55:36+00:00","mainEntityOfPage":{"@id":"https:\/\/www.africa-press.net\/cameroun\/politique\/cooperation-militaire-le-ministre-de-la-defense-joseph-beti-assomo-recu-en-audience-par-le-president-equato-guineen-teodoro-obiang-nguema-mbazogo"},"wordCount":329,"commentCount":0,"image":{"@id":"https:\/\/www.africa-press.net\/cameroun\/politique\/cooperation-militaire-le-ministre-de-la-defense-joseph-beti-assomo-recu-en-audience-par-le-president-equato-guineen-teodoro-obiang-nguema-mbazogo#primaryimage"},"thumbnailUrl":"https:\/\/static.africa-press.net\/cameroun\/sites\/57\/2022\/09\/img-632a0c8e01ef9.jpg","keywords":["Africa Press","Africa Press-Cameroun","Cameroun"],"articleSection":["homepage-french","Politique","Toutes les actualit\u00e9s"],"inLanguage":"fr-FR","potentialAction":[{"@type":"CommentAction","name":"Comment","target":["https:\/\/www.africa-press.net\/cameroun\/politique\/cooperation-militaire-le-ministre-de-la-defense-joseph-beti-assomo-recu-en-audience-par-le-president-equato-guineen-teodoro-obiang-nguema-mbazogo#respond"]}]},{"@type":"WebPage","@id":"https:\/\/www.africa-press.net\/cameroun\/politique\/cooperation-militaire-le-ministre-de-la-defense-joseph-beti-assomo-recu-en-audience-par-le-president-equato-guineen-teodoro-obiang-nguema-mbazogo","url":"https:\/\/www.africa-press.net\/cameroun\/politique\/cooperation-militaire-le-ministre-de-la-defense-joseph-beti-assomo-recu-en-audience-par-le-president-equato-guineen-teodoro-obiang-nguema-mbazogo","name":"Coop\u00e9ration militaire: Le ministre de la D\u00e9fense Joseph Beti Assomo, re\u00e7u en audience par le pr\u00e9sident \u00e9quato-guin\u00e9en, Teodoro Obiang Nguema Mbazogo - Cameroun","isPartOf":{"@id":"https:\/\/www.africa-press.net\/cameroun\/#website"},"primaryImageOfPage":{"@id":"https:\/\/www.africa-press.net\/cameroun\/politique\/cooperation-militaire-le-ministre-de-la-defense-joseph-beti-assomo-recu-en-audience-par-le-president-equato-guineen-teodoro-obiang-nguema-mbazogo#primaryimage"},"image":{"@id":"https:\/\/www.africa-press.net\/cameroun\/politique\/cooperation-militaire-le-ministre-de-la-defense-joseph-beti-assomo-recu-en-audience-par-le-president-equato-guineen-teodoro-obiang-nguema-mbazogo#primaryimage"},"thumbnailUrl":"https:\/\/static.africa-press.net\/cameroun\/sites\/57\/2022\/09\/img-632a0c8e01ef9.jpg","datePublished":"2022-09-20T16:12:20+00:00","dateModified":"2022-09-20T18:55:36+00:00","author":{"@id":"https:\/\/www.africa-press.net\/cameroun\/#\/schema\/person\/2b1cf3cd81a31e3cd26889ca66d677f1"},"description":"Le ministre de la D\u00e9fense, Joseph Beti Assomo, a \u00e9t\u00e9 re\u00e7u en audience le lundi 19 septembre 2022 par le pr\u00e9sident de la ...","breadcrumb":{"@id":"https:\/\/www.africa-press.net\/cameroun\/politique\/cooperation-militaire-le-ministre-de-la-defense-joseph-beti-assomo-recu-en-audience-par-le-president-equato-guineen-teodoro-obiang-nguema-mbazogo#breadcrumb"},"inLanguage":"fr-FR","potentialAction":[{"@type":"ReadAction","target":["https:\/\/www.africa-press.net\/cameroun\/politique\/cooperation-militaire-le-ministre-de-la-defense-joseph-beti-assomo-recu-en-audience-par-le-president-equato-guineen-teodoro-obiang-nguema-mbazogo"]}]},{"@type":"ImageObject","inLanguage":"fr-FR","@id":"https:\/\/www.africa-press.net\/cameroun\/politique\/cooperation-militaire-le-ministre-de-la-defense-joseph-beti-assomo-recu-en-audience-par-le-president-equato-guineen-teodoro-obiang-nguema-mbazogo#primaryimage","url":"https:\/\/static.africa-press.net\/cameroun\/sites\/57\/2022\/09\/img-632a0c8e01ef9.jpg","contentUrl":"https:\/\/static.africa-press.net\/cameroun\/sites\/57\/2022\/09\/img-632a0c8e01ef9.jpg","width":800,"height":524,"caption":"Coop\u00e9ration militaire: Le ministre de la D\u00e9fense Joseph Beti Assomo, re\u00e7u en audience par le pr\u00e9sident \u00e9quato-guin\u00e9en, Teodoro Obiang Nguema Mbazogo"},{"@type":"BreadcrumbList","@id":"https:\/\/www.africa-press.net\/cameroun\/politique\/cooperation-militaire-le-ministre-de-la-defense-joseph-beti-assomo-recu-en-audience-par-le-president-equato-guineen-teodoro-obiang-nguema-mbazogo#breadcrumb","itemListElement":[{"@type":"ListItem","position":1,"name":"Accueil","item":"https:\/\/www.africa-press.net\/cameroun\/"},{"@type":"ListItem","position":2,"name":"Coop\u00e9ration militaire: Le ministre de la D\u00e9fense Joseph Beti Assomo, re\u00e7u en audience par le pr\u00e9sident \u00e9quato-guin\u00e9en, Teodoro Obiang Nguema Mbazogo"}]},{"@type":"WebSite","@id":"https:\/\/www.africa-press.net\/cameroun\/#website","url":"https:\/\/www.africa-press.net\/cameroun\/","name":"Cameroun","description":"Just another Africa News Agency Sites site","potentialAction":[{"@type":"SearchAction","target":{"@type":"EntryPoint","urlTemplate":"https:\/\/www.africa-press.net\/cameroun\/?s={search_term_string}"},"query-input":{"@type":"PropertyValueSpecification","valueRequired":true,"valueName":"search_term_string"}}],"inLanguage":"fr-FR"},{"@type":"Person","@id":"https:\/\/www.africa-press.net\/cameroun\/#\/schema\/person\/2b1cf3cd81a31e3cd26889ca66d677f1","name":"cfeditorfr"}]}},"_links":{"self":[{"href":"https:\/\/www.africa-press.net\/cameroun\/wp-json\/wp\/v2\/posts\/27823","targetHints":{"allow":["GET"]}}],"collection":[{"href":"https:\/\/www.africa-press.net\/cameroun\/wp-json\/wp\/v2\/posts"}],"about":[{"href":"https:\/\/www.africa-press.net\/cameroun\/wp-json\/wp\/v2\/types\/post"}],"author":[{"embeddable":true,"href":"https:\/\/www.africa-press.net\/cameroun\/wp-json\/wp\/v2\/users\/82"}],"replies":[{"embeddable":true,"href":"https:\/\/www.africa-press.net\/cameroun\/wp-json\/wp\/v2\/comments?post=27823"}],"version-history":[{"count":0,"href":"https:\/\/www.africa-press.net\/cameroun\/wp-json\/wp\/v2\/posts\/27823\/revisions"}],"wp:featuredmedia":[{"embeddable":true,"href":"https:\/\/www.africa-press.net\/cameroun\/wp-json\/wp\/v2\/media\/27822"}],"wp:attachment":[{"href":"https:\/\/www.africa-press.net\/cameroun\/wp-json\/wp\/v2\/media?parent=27823"}],"wp:term":[{"taxonomy":"category","embeddable":true,"href":"https:\/\/www.africa-press.net\/cameroun\/wp-json\/wp\/v2\/categories?post=27823"},{"taxonomy":"post_tag","embeddable":true,"href":"https:\/\/www.africa-press.net\/cameroun\/wp-json\/wp\/v2\/tags?post=27823"}],"curies":[{"name":"wp","href":"https:\/\/api.w.org\/{rel}","templated":true}]}}