{"id":27835,"date":"2022-09-20T16:44:29","date_gmt":"2022-09-20T16:44:29","guid":{"rendered":"https:\/\/www.africa-press.net\/cameroun\/politique\/cameroun-bernard-tchoutang-nomme-superviseur-des-seances-de-sport-a-la-fecafoot"},"modified":"2022-09-20T20:02:58","modified_gmt":"2022-09-20T20:02:58","slug":"cameroun-bernard-tchoutang-nomme-superviseur-des-seances-de-sport-a-la-fecafoot","status":"publish","type":"post","link":"https:\/\/www.africa-press.net\/cameroun\/sports\/cameroun-bernard-tchoutang-nomme-superviseur-des-seances-de-sport-a-la-fecafoot","title":{"rendered":"Cameroun: Bernard Tchoutang nomm\u00e9 superviseur des s\u00e9ances de Sport \u00e0 la Fecafoot"},"content":{"rendered":"<p><span style=\"color: #ff6600\"><strong>Africa-Press &#8211; Cameroun. <\/strong><\/span>\u00c0 partir du 20 septembre 2022, le personnel de la Fecafoot va avoir d\u00e9sormais \u00e0 des s\u00e9ances hebdomadaires de sport qui se d\u00e9rouleront deux fois par semaine sous la supervision de Bernard Tchoutang, ancien lion indomptable du Cameroun. Les s\u00e9ances de sport auront lieu les mardis et les jeudis entre 17h30 et 19h.<\/p>\n<p>D\u2019apr\u00e8s la circulaire, cette initiative vise entre autres bienfaits pour le personnel de la f\u00e9d\u00e9ration, l\u2019am\u00e9lioration de la sant\u00e9 physique et mentale; le renforcement de l\u2019esprit d\u2019\u00e9quipe ; l\u2019am\u00e9lioration du climat social entre les employ\u00e9s ; la hausse de la productivit\u00e9 et l\u2019am\u00e9lioration du bien-\u00eatre.<\/p>\n<p>La circulaire pr\u00e9cise \u00e9galement que c\u2019est une activit\u00e9 obligatoire pour le personnel de la Fecafoot.<\/p>\n<p><strong>Pour plus d&rsquo;informations et d&rsquo;analyses sur la <a href=\"https:\/\/www.africa-press.net\/cameroun\">Cameroun<\/a>, suivez <a href=\"https:\/\/www.africa-press.net\/\">Africa-Press<\/a><\/strong><\/p>\n","protected":false},"excerpt":{"rendered":"<p>Africa-Press &#8211; Cameroun. \u00c0 partir du 20 septembre 2022, le personnel de la Fecafoot va avoir d\u00e9sormais \u00e0 des s\u00e9ances hebdomadaires de sport qui se d\u00e9rouleront deux fois par semaine sous la supervision de Bernard Tchoutang, ancien lion indomptable du Cameroun. Les s\u00e9ances de sport auront lieu les mardis et les jeudis entre 17h30 et [&hellip;]<\/p>\n","protected":false},"author":82,"featured_media":27834,"comment_status":"open","ping_status":"closed","sticky":false,"template":"","format":"standard","meta":{"footnotes":""},"categories":[11,6,10],"tags":[36,50,49],"class_list":["post-27835","post","type-post","status-publish","format-standard","has-post-thumbnail","hentry","category-homepage-french","category-sports","category-toutes-les-actualites","tag-africa-press","tag-africa-press-cameroun","tag-cameroun"],"yoast_head":"<!-- This site is optimized with the Yoast SEO Premium plugin v26.1 (Yoast SEO v27.0) - https:\/\/yoast.com\/product\/yoast-seo-premium-wordpress\/ -->\n<title>Cameroun: Bernard Tchoutang nomm\u00e9 superviseur des s\u00e9ances de Sport \u00e0 la Fecafoot - Cameroun<\/title>\n<meta name=\"description\" content=\"\u00c0 partir du 20 septembre 2022, le personnel de la Fecafoot va avoir d\u00e9sormais \u00e0 des s\u00e9ances hebdomadaires de sport qui s ...\" \/>\n<meta name=\"robots\" content=\"index, follow, max-snippet:-1, max-image-preview:large, max-video-preview:-1\" \/>\n<link rel=\"canonical\" href=\"https:\/\/www.africa-press.net\/cameroun\/sports\/cameroun-bernard-tchoutang-nomme-superviseur-des-seances-de-sport-a-la-fecafoot\" \/>\n<meta property=\"og:locale\" content=\"fr_FR\" \/>\n<meta property=\"og:type\" content=\"article\" \/>\n<meta property=\"og:title\" content=\"Cameroun: Bernard Tchoutang nomm\u00e9 superviseur des s\u00e9ances de Sport \u00e0 la Fecafoot\" \/>\n<meta property=\"og:description\" content=\"\u00c0 partir du 20 septembre 2022, le personnel de la Fecafoot va avoir d\u00e9sormais \u00e0 des s\u00e9ances hebdomadaires de sport qui s ...\" \/>\n<meta property=\"og:url\" content=\"https:\/\/www.africa-press.net\/cameroun\/sports\/cameroun-bernard-tchoutang-nomme-superviseur-des-seances-de-sport-a-la-fecafoot\" \/>\n<meta property=\"og:site_name\" content=\"Cameroun\" \/>\n<meta property=\"article:published_time\" content=\"2022-09-20T16:44:29+00:00\" \/>\n<meta property=\"article:modified_time\" content=\"2022-09-20T20:02:58+00:00\" \/>\n<meta property=\"og:image\" content=\"https:\/\/static.africa-press.net\/cameroun\/sites\/57\/2022\/09\/img-632a0d4d04f21.jpg\" \/>\n\t<meta property=\"og:image:width\" content=\"800\" \/>\n\t<meta property=\"og:image:height\" content=\"458\" \/>\n\t<meta property=\"og:image:type\" content=\"image\/jpeg\" \/>\n<meta name=\"author\" content=\"cfeditorfr\" \/>\n<meta name=\"twitter:card\" content=\"summary_large_image\" \/>\n<meta name=\"twitter:label1\" content=\"\u00c9crit par\" \/>\n\t<meta name=\"twitter:data1\" content=\"cfeditorfr\" \/>\n\t<meta name=\"twitter:label2\" content=\"Dur\u00e9e de lecture estim\u00e9e\" \/>\n\t<meta name=\"twitter:data2\" content=\"1 minute\" \/>\n<script type=\"application\/ld+json\" class=\"yoast-schema-graph\">{\"@context\":\"https:\/\/schema.org\",\"@graph\":[{\"@type\":\"Article\",\"@id\":\"https:\/\/www.africa-press.net\/cameroun\/sports\/cameroun-bernard-tchoutang-nomme-superviseur-des-seances-de-sport-a-la-fecafoot#article\",\"isPartOf\":{\"@id\":\"https:\/\/www.africa-press.net\/cameroun\/sports\/cameroun-bernard-tchoutang-nomme-superviseur-des-seances-de-sport-a-la-fecafoot\"},\"author\":{\"name\":\"cfeditorfr\",\"@id\":\"https:\/\/www.africa-press.net\/cameroun\/#\/schema\/person\/2b1cf3cd81a31e3cd26889ca66d677f1\"},\"headline\":\"Cameroun: Bernard Tchoutang nomm\u00e9 superviseur des s\u00e9ances de Sport \u00e0 la Fecafoot\",\"datePublished\":\"2022-09-20T16:44:29+00:00\",\"dateModified\":\"2022-09-20T20:02:58+00:00\",\"mainEntityOfPage\":{\"@id\":\"https:\/\/www.africa-press.net\/cameroun\/sports\/cameroun-bernard-tchoutang-nomme-superviseur-des-seances-de-sport-a-la-fecafoot\"},\"wordCount\":154,\"commentCount\":0,\"image\":{\"@id\":\"https:\/\/www.africa-press.net\/cameroun\/sports\/cameroun-bernard-tchoutang-nomme-superviseur-des-seances-de-sport-a-la-fecafoot#primaryimage\"},\"thumbnailUrl\":\"https:\/\/static.africa-press.net\/cameroun\/sites\/57\/2022\/09\/img-632a0d4d04f21.jpg\",\"keywords\":[\"Africa Press\",\"Africa Press-Cameroun\",\"Cameroun\"],\"articleSection\":[\"homepage-french\",\"Sports\",\"Toutes les actualit\u00e9s\"],\"inLanguage\":\"fr-FR\",\"potentialAction\":[{\"@type\":\"CommentAction\",\"name\":\"Comment\",\"target\":[\"https:\/\/www.africa-press.net\/cameroun\/sports\/cameroun-bernard-tchoutang-nomme-superviseur-des-seances-de-sport-a-la-fecafoot#respond\"]}]},{\"@type\":\"WebPage\",\"@id\":\"https:\/\/www.africa-press.net\/cameroun\/sports\/cameroun-bernard-tchoutang-nomme-superviseur-des-seances-de-sport-a-la-fecafoot\",\"url\":\"https:\/\/www.africa-press.net\/cameroun\/sports\/cameroun-bernard-tchoutang-nomme-superviseur-des-seances-de-sport-a-la-fecafoot\",\"name\":\"Cameroun: Bernard Tchoutang nomm\u00e9 superviseur des s\u00e9ances de Sport \u00e0 la Fecafoot - Cameroun\",\"isPartOf\":{\"@id\":\"https:\/\/www.africa-press.net\/cameroun\/#website\"},\"primaryImageOfPage\":{\"@id\":\"https:\/\/www.africa-press.net\/cameroun\/sports\/cameroun-bernard-tchoutang-nomme-superviseur-des-seances-de-sport-a-la-fecafoot#primaryimage\"},\"image\":{\"@id\":\"https:\/\/www.africa-press.net\/cameroun\/sports\/cameroun-bernard-tchoutang-nomme-superviseur-des-seances-de-sport-a-la-fecafoot#primaryimage\"},\"thumbnailUrl\":\"https:\/\/static.africa-press.net\/cameroun\/sites\/57\/2022\/09\/img-632a0d4d04f21.jpg\",\"datePublished\":\"2022-09-20T16:44:29+00:00\",\"dateModified\":\"2022-09-20T20:02:58+00:00\",\"author\":{\"@id\":\"https:\/\/www.africa-press.net\/cameroun\/#\/schema\/person\/2b1cf3cd81a31e3cd26889ca66d677f1\"},\"description\":\"\u00c0 partir du 20 septembre 2022, le personnel de la Fecafoot va avoir d\u00e9sormais \u00e0 des s\u00e9ances hebdomadaires de sport qui s ...\",\"breadcrumb\":{\"@id\":\"https:\/\/www.africa-press.net\/cameroun\/sports\/cameroun-bernard-tchoutang-nomme-superviseur-des-seances-de-sport-a-la-fecafoot#breadcrumb\"},\"inLanguage\":\"fr-FR\",\"potentialAction\":[{\"@type\":\"ReadAction\",\"target\":[\"https:\/\/www.africa-press.net\/cameroun\/sports\/cameroun-bernard-tchoutang-nomme-superviseur-des-seances-de-sport-a-la-fecafoot\"]}]},{\"@type\":\"ImageObject\",\"inLanguage\":\"fr-FR\",\"@id\":\"https:\/\/www.africa-press.net\/cameroun\/sports\/cameroun-bernard-tchoutang-nomme-superviseur-des-seances-de-sport-a-la-fecafoot#primaryimage\",\"url\":\"https:\/\/static.africa-press.net\/cameroun\/sites\/57\/2022\/09\/img-632a0d4d04f21.jpg\",\"contentUrl\":\"https:\/\/static.africa-press.net\/cameroun\/sites\/57\/2022\/09\/img-632a0d4d04f21.jpg\",\"width\":800,\"height\":458,\"caption\":\"Cameroun: Bernard Tchoutang nomm\u00e9 superviseur des s\u00e9ances de Sport \u00e0 la Fecafoot\"},{\"@type\":\"BreadcrumbList\",\"@id\":\"https:\/\/www.africa-press.net\/cameroun\/sports\/cameroun-bernard-tchoutang-nomme-superviseur-des-seances-de-sport-a-la-fecafoot#breadcrumb\",\"itemListElement\":[{\"@type\":\"ListItem\",\"position\":1,\"name\":\"Accueil\",\"item\":\"https:\/\/www.africa-press.net\/cameroun\/\"},{\"@type\":\"ListItem\",\"position\":2,\"name\":\"Cameroun: Bernard Tchoutang nomm\u00e9 superviseur des s\u00e9ances de Sport \u00e0 la Fecafoot\"}]},{\"@type\":\"WebSite\",\"@id\":\"https:\/\/www.africa-press.net\/cameroun\/#website\",\"url\":\"https:\/\/www.africa-press.net\/cameroun\/\",\"name\":\"Cameroun\",\"description\":\"Just another Africa News Agency Sites site\",\"potentialAction\":[{\"@type\":\"SearchAction\",\"target\":{\"@type\":\"EntryPoint\",\"urlTemplate\":\"https:\/\/www.africa-press.net\/cameroun\/?s={search_term_string}\"},\"query-input\":{\"@type\":\"PropertyValueSpecification\",\"valueRequired\":true,\"valueName\":\"search_term_string\"}}],\"inLanguage\":\"fr-FR\"},{\"@type\":\"Person\",\"@id\":\"https:\/\/www.africa-press.net\/cameroun\/#\/schema\/person\/2b1cf3cd81a31e3cd26889ca66d677f1\",\"name\":\"cfeditorfr\"}]}<\/script>\n<!-- \/ Yoast SEO Premium plugin. -->","yoast_head_json":{"title":"Cameroun: Bernard Tchoutang nomm\u00e9 superviseur des s\u00e9ances de Sport \u00e0 la Fecafoot - Cameroun","description":"\u00c0 partir du 20 septembre 2022, le personnel de la Fecafoot va avoir d\u00e9sormais \u00e0 des s\u00e9ances hebdomadaires de sport qui s ...","robots":{"index":"index","follow":"follow","max-snippet":"max-snippet:-1","max-image-preview":"max-image-preview:large","max-video-preview":"max-video-preview:-1"},"canonical":"https:\/\/www.africa-press.net\/cameroun\/sports\/cameroun-bernard-tchoutang-nomme-superviseur-des-seances-de-sport-a-la-fecafoot","og_locale":"fr_FR","og_type":"article","og_title":"Cameroun: Bernard Tchoutang nomm\u00e9 superviseur des s\u00e9ances de Sport \u00e0 la Fecafoot","og_description":"\u00c0 partir du 20 septembre 2022, le personnel de la Fecafoot va avoir d\u00e9sormais \u00e0 des s\u00e9ances hebdomadaires de sport qui s ...","og_url":"https:\/\/www.africa-press.net\/cameroun\/sports\/cameroun-bernard-tchoutang-nomme-superviseur-des-seances-de-sport-a-la-fecafoot","og_site_name":"Cameroun","article_published_time":"2022-09-20T16:44:29+00:00","article_modified_time":"2022-09-20T20:02:58+00:00","og_image":[{"width":800,"height":458,"url":"https:\/\/static.africa-press.net\/cameroun\/sites\/57\/2022\/09\/img-632a0d4d04f21.jpg","type":"image\/jpeg"}],"author":"cfeditorfr","twitter_card":"summary_large_image","twitter_misc":{"\u00c9crit par":"cfeditorfr","Dur\u00e9e de lecture estim\u00e9e":"1 minute"},"schema":{"@context":"https:\/\/schema.org","@graph":[{"@type":"Article","@id":"https:\/\/www.africa-press.net\/cameroun\/sports\/cameroun-bernard-tchoutang-nomme-superviseur-des-seances-de-sport-a-la-fecafoot#article","isPartOf":{"@id":"https:\/\/www.africa-press.net\/cameroun\/sports\/cameroun-bernard-tchoutang-nomme-superviseur-des-seances-de-sport-a-la-fecafoot"},"author":{"name":"cfeditorfr","@id":"https:\/\/www.africa-press.net\/cameroun\/#\/schema\/person\/2b1cf3cd81a31e3cd26889ca66d677f1"},"headline":"Cameroun: Bernard Tchoutang nomm\u00e9 superviseur des s\u00e9ances de Sport \u00e0 la Fecafoot","datePublished":"2022-09-20T16:44:29+00:00","dateModified":"2022-09-20T20:02:58+00:00","mainEntityOfPage":{"@id":"https:\/\/www.africa-press.net\/cameroun\/sports\/cameroun-bernard-tchoutang-nomme-superviseur-des-seances-de-sport-a-la-fecafoot"},"wordCount":154,"commentCount":0,"image":{"@id":"https:\/\/www.africa-press.net\/cameroun\/sports\/cameroun-bernard-tchoutang-nomme-superviseur-des-seances-de-sport-a-la-fecafoot#primaryimage"},"thumbnailUrl":"https:\/\/static.africa-press.net\/cameroun\/sites\/57\/2022\/09\/img-632a0d4d04f21.jpg","keywords":["Africa Press","Africa Press-Cameroun","Cameroun"],"articleSection":["homepage-french","Sports","Toutes les actualit\u00e9s"],"inLanguage":"fr-FR","potentialAction":[{"@type":"CommentAction","name":"Comment","target":["https:\/\/www.africa-press.net\/cameroun\/sports\/cameroun-bernard-tchoutang-nomme-superviseur-des-seances-de-sport-a-la-fecafoot#respond"]}]},{"@type":"WebPage","@id":"https:\/\/www.africa-press.net\/cameroun\/sports\/cameroun-bernard-tchoutang-nomme-superviseur-des-seances-de-sport-a-la-fecafoot","url":"https:\/\/www.africa-press.net\/cameroun\/sports\/cameroun-bernard-tchoutang-nomme-superviseur-des-seances-de-sport-a-la-fecafoot","name":"Cameroun: Bernard Tchoutang nomm\u00e9 superviseur des s\u00e9ances de Sport \u00e0 la Fecafoot - Cameroun","isPartOf":{"@id":"https:\/\/www.africa-press.net\/cameroun\/#website"},"primaryImageOfPage":{"@id":"https:\/\/www.africa-press.net\/cameroun\/sports\/cameroun-bernard-tchoutang-nomme-superviseur-des-seances-de-sport-a-la-fecafoot#primaryimage"},"image":{"@id":"https:\/\/www.africa-press.net\/cameroun\/sports\/cameroun-bernard-tchoutang-nomme-superviseur-des-seances-de-sport-a-la-fecafoot#primaryimage"},"thumbnailUrl":"https:\/\/static.africa-press.net\/cameroun\/sites\/57\/2022\/09\/img-632a0d4d04f21.jpg","datePublished":"2022-09-20T16:44:29+00:00","dateModified":"2022-09-20T20:02:58+00:00","author":{"@id":"https:\/\/www.africa-press.net\/cameroun\/#\/schema\/person\/2b1cf3cd81a31e3cd26889ca66d677f1"},"description":"\u00c0 partir du 20 septembre 2022, le personnel de la Fecafoot va avoir d\u00e9sormais \u00e0 des s\u00e9ances hebdomadaires de sport qui s ...","breadcrumb":{"@id":"https:\/\/www.africa-press.net\/cameroun\/sports\/cameroun-bernard-tchoutang-nomme-superviseur-des-seances-de-sport-a-la-fecafoot#breadcrumb"},"inLanguage":"fr-FR","potentialAction":[{"@type":"ReadAction","target":["https:\/\/www.africa-press.net\/cameroun\/sports\/cameroun-bernard-tchoutang-nomme-superviseur-des-seances-de-sport-a-la-fecafoot"]}]},{"@type":"ImageObject","inLanguage":"fr-FR","@id":"https:\/\/www.africa-press.net\/cameroun\/sports\/cameroun-bernard-tchoutang-nomme-superviseur-des-seances-de-sport-a-la-fecafoot#primaryimage","url":"https:\/\/static.africa-press.net\/cameroun\/sites\/57\/2022\/09\/img-632a0d4d04f21.jpg","contentUrl":"https:\/\/static.africa-press.net\/cameroun\/sites\/57\/2022\/09\/img-632a0d4d04f21.jpg","width":800,"height":458,"caption":"Cameroun: Bernard Tchoutang nomm\u00e9 superviseur des s\u00e9ances de Sport \u00e0 la Fecafoot"},{"@type":"BreadcrumbList","@id":"https:\/\/www.africa-press.net\/cameroun\/sports\/cameroun-bernard-tchoutang-nomme-superviseur-des-seances-de-sport-a-la-fecafoot#breadcrumb","itemListElement":[{"@type":"ListItem","position":1,"name":"Accueil","item":"https:\/\/www.africa-press.net\/cameroun\/"},{"@type":"ListItem","position":2,"name":"Cameroun: Bernard Tchoutang nomm\u00e9 superviseur des s\u00e9ances de Sport \u00e0 la Fecafoot"}]},{"@type":"WebSite","@id":"https:\/\/www.africa-press.net\/cameroun\/#website","url":"https:\/\/www.africa-press.net\/cameroun\/","name":"Cameroun","description":"Just another Africa News Agency Sites site","potentialAction":[{"@type":"SearchAction","target":{"@type":"EntryPoint","urlTemplate":"https:\/\/www.africa-press.net\/cameroun\/?s={search_term_string}"},"query-input":{"@type":"PropertyValueSpecification","valueRequired":true,"valueName":"search_term_string"}}],"inLanguage":"fr-FR"},{"@type":"Person","@id":"https:\/\/www.africa-press.net\/cameroun\/#\/schema\/person\/2b1cf3cd81a31e3cd26889ca66d677f1","name":"cfeditorfr"}]}},"_links":{"self":[{"href":"https:\/\/www.africa-press.net\/cameroun\/wp-json\/wp\/v2\/posts\/27835","targetHints":{"allow":["GET"]}}],"collection":[{"href":"https:\/\/www.africa-press.net\/cameroun\/wp-json\/wp\/v2\/posts"}],"about":[{"href":"https:\/\/www.africa-press.net\/cameroun\/wp-json\/wp\/v2\/types\/post"}],"author":[{"embeddable":true,"href":"https:\/\/www.africa-press.net\/cameroun\/wp-json\/wp\/v2\/users\/82"}],"replies":[{"embeddable":true,"href":"https:\/\/www.africa-press.net\/cameroun\/wp-json\/wp\/v2\/comments?post=27835"}],"version-history":[{"count":0,"href":"https:\/\/www.africa-press.net\/cameroun\/wp-json\/wp\/v2\/posts\/27835\/revisions"}],"wp:featuredmedia":[{"embeddable":true,"href":"https:\/\/www.africa-press.net\/cameroun\/wp-json\/wp\/v2\/media\/27834"}],"wp:attachment":[{"href":"https:\/\/www.africa-press.net\/cameroun\/wp-json\/wp\/v2\/media?parent=27835"}],"wp:term":[{"taxonomy":"category","embeddable":true,"href":"https:\/\/www.africa-press.net\/cameroun\/wp-json\/wp\/v2\/categories?post=27835"},{"taxonomy":"post_tag","embeddable":true,"href":"https:\/\/www.africa-press.net\/cameroun\/wp-json\/wp\/v2\/tags?post=27835"}],"curies":[{"name":"wp","href":"https:\/\/api.w.org\/{rel}","templated":true}]}}